{"id":11542,"date":"2021-01-06T10:45:33","date_gmt":"2021-01-06T09:45:33","guid":{"rendered":"https:\/\/lepotentiel.bj\/?p=11542"},"modified":"2021-01-06T10:45:33","modified_gmt":"2021-01-06T09:45:33","slug":"demarrage-des-championnats-de-football-les-clubs-de-l1-l2-et-l3-sactivent","status":"publish","type":"post","link":"https:\/\/lepotentiel.bj\/?p=11542","title":{"rendered":"D\u00e9marrage  des championnats de football : Les clubs de L1, L2 et L3 s&rsquo;activent"},"content":{"rendered":"\n<p>Le gouvernement  b\u00e9ninois  a  officiellement  autoris\u00e9  la reprise  des activit\u00e9s  sportives  et culturelles  sur l&rsquo;ensemble  du territoire  national. Dans la foul\u00e9e, les dirigeants  de la f\u00e9d\u00e9ration  b\u00e9ninoise  de football  (FBF)  en lien avec les dirigeants  de clubs ont d\u00e9cid\u00e9  de lancer  la nouvelle  saison au B\u00e9nin. <\/p>\n\n\n\n<p>Selon des informations relay\u00e9es par le site BjFoot.com,  la prochaine  saison footballistique  est pr\u00e9vue  pour \u00eatre  lanc\u00e9e  au B\u00e9nin  le 30 janvier  prochain. Et d&rsquo;ailleurs, la saison  2020-2021 a  \u00e9t\u00e9  ouverte il y a  quelques  jours  par la Super coupe remport\u00e9e par Esae de Cotonou  face \u00e0 Buffles du Borgou. , le championnat national va reprendre le 30 janvier 2021. Mais en a attendant que le calendrier  et le format   du championnat  ne soient  d\u00e9voil\u00e9s, les diff\u00e9rents clubs paufinent  leurs pr\u00e9parations  \u00e0  travers  des matchs  amicaux avec  des formations  d&rsquo;ici  ou d&rsquo;ailleurs. Rappelons que la derni\u00e8re  sportive  au B\u00e9nin  comme ailleurs  dans le monde avait \u00e9t\u00e9  suspendue  \u00e0  cause de la propagation  du virus  corona qui continue  de faire ravage  dans le monde. <\/p>\n","protected":false},"excerpt":{"rendered":"<p>Le gouvernement b\u00e9ninois a officiellement autoris\u00e9 la reprise des activit\u00e9s sportives et culturelles sur l&rsquo;ensemble du territoire national. Dans la foul\u00e9e, les dirigeants de la f\u00e9d\u00e9ration b\u00e9ninoise de football (FBF) en lien avec les dirigeants de clubs ont d\u00e9cid\u00e9 de lancer la nouvelle saison au B\u00e9nin. Selon des informations relay\u00e9es par le site BjFoot.com, la [&hellip;]<\/p>\n","protected":false},"author":1,"featured_media":11543,"comment_status":"open","ping_status":"open","sticky":false,"template":"","format":"standard","meta":{"footnotes":""},"categories":[34,11],"tags":[186,1756,2119],"class_list":["post-11542","post","type-post","status-publish","format-standard","has-post-thumbnail","hentry","category-actualite","category-bs-sports","tag-fbf","tag-federation-beninoise-de-football","tag-gouvernement-beninois"],"yoast_head":"<!-- This site is optimized with the Yoast SEO plugin v28.2 - https:\/\/yoast.com\/product\/yoast-seo-wordpress\/ -->\n<title>D\u00e9marrage des championnats de football : Les clubs de L1, L2 et L3 s&#039;activent - Le Potentiel<\/title>\n<meta name=\"robots\" content=\"index, follow, max-snippet:-1, max-image-preview:large, max-video-preview:-1\" \/>\n<link rel=\"canonical\" href=\"https:\/\/lepotentiel.bj\/?p=11542\" \/>\n<meta property=\"og:locale\" content=\"fr_FR\" \/>\n<meta property=\"og:type\" content=\"article\" \/>\n<meta property=\"og:title\" content=\"D\u00e9marrage des championnats de football : Les clubs de L1, L2 et L3 s&#039;activent - Le Potentiel\" \/>\n<meta property=\"og:description\" content=\"Le gouvernement b\u00e9ninois a officiellement autoris\u00e9 la reprise des activit\u00e9s sportives et culturelles sur l&rsquo;ensemble du territoire national. Dans la foul\u00e9e, les dirigeants de la f\u00e9d\u00e9ration b\u00e9ninoise de football (FBF) en lien avec les dirigeants de clubs ont d\u00e9cid\u00e9 de lancer la nouvelle saison au B\u00e9nin. Selon des informations relay\u00e9es par le site BjFoot.com, la [&hellip;]\" \/>\n<meta property=\"og:url\" content=\"https:\/\/lepotentiel.bj\/?p=11542\" \/>\n<meta property=\"og:site_name\" content=\"Le Potentiel\" \/>\n<meta property=\"article:published_time\" content=\"2021-01-06T09:45:33+00:00\" \/>\n<meta name=\"author\" content=\"abiolos\" \/>\n<meta name=\"twitter:card\" content=\"summary_large_image\" \/>\n<meta name=\"twitter:label1\" content=\"\u00c9crit par\" \/>\n\t<meta name=\"twitter:data1\" content=\"abiolos\" \/>\n\t<meta name=\"twitter:label2\" content=\"Dur\u00e9e de lecture estim\u00e9e\" \/>\n\t<meta name=\"twitter:data2\" content=\"1 minute\" \/>\n<script type=\"application\/ld+json\" class=\"yoast-schema-graph\">{\"@context\":\"https:\\\/\\\/schema.org\",\"@graph\":[{\"@type\":\"Article\",\"@id\":\"https:\\\/\\\/lepotentiel.bj\\\/?p=11542#article\",\"isPartOf\":{\"@id\":\"https:\\\/\\\/lepotentiel.bj\\\/?p=11542\"},\"author\":{\"name\":\"abiolos\",\"@id\":\"https:\\\/\\\/lepotentiel.bj\\\/#\\\/schema\\\/person\\\/be28cc6627953a4c37d8ff6f77ab1931\"},\"headline\":\"D\u00e9marrage des championnats de football : Les clubs de L1, L2 et L3 s&rsquo;activent\",\"datePublished\":\"2021-01-06T09:45:33+00:00\",\"mainEntityOfPage\":{\"@id\":\"https:\\\/\\\/lepotentiel.bj\\\/?p=11542\"},\"wordCount\":196,\"commentCount\":0,\"publisher\":{\"@id\":\"https:\\\/\\\/lepotentiel.bj\\\/#organization\"},\"image\":{\"@id\":\"https:\\\/\\\/lepotentiel.bj\\\/?p=11542#primaryimage\"},\"thumbnailUrl\":\"\",\"keywords\":[\"FBF\",\"F\u00e9d\u00e9ration B\u00e9ninoise de Football\",\"Gouvernement b\u00e9ninois\"],\"articleSection\":[\"Actualit\u00e9\",\"Sports\"],\"inLanguage\":\"fr-FR\",\"potentialAction\":[{\"@type\":\"CommentAction\",\"name\":\"Comment\",\"target\":[\"https:\\\/\\\/lepotentiel.bj\\\/?p=11542#respond\"]}]},{\"@type\":\"WebPage\",\"@id\":\"https:\\\/\\\/lepotentiel.bj\\\/?p=11542\",\"url\":\"https:\\\/\\\/lepotentiel.bj\\\/?p=11542\",\"name\":\"D\u00e9marrage des championnats de football : Les clubs de L1, L2 et L3 s'activent - Le Potentiel\",\"isPartOf\":{\"@id\":\"https:\\\/\\\/lepotentiel.bj\\\/#website\"},\"primaryImageOfPage\":{\"@id\":\"https:\\\/\\\/lepotentiel.bj\\\/?p=11542#primaryimage\"},\"image\":{\"@id\":\"https:\\\/\\\/lepotentiel.bj\\\/?p=11542#primaryimage\"},\"thumbnailUrl\":\"\",\"datePublished\":\"2021-01-06T09:45:33+00:00\",\"breadcrumb\":{\"@id\":\"https:\\\/\\\/lepotentiel.bj\\\/?p=11542#breadcrumb\"},\"inLanguage\":\"fr-FR\",\"potentialAction\":[{\"@type\":\"ReadAction\",\"target\":[\"https:\\\/\\\/lepotentiel.bj\\\/?p=11542\"]}]},{\"@type\":\"ImageObject\",\"inLanguage\":\"fr-FR\",\"@id\":\"https:\\\/\\\/lepotentiel.bj\\\/?p=11542#primaryimage\",\"url\":\"\",\"contentUrl\":\"\"},{\"@type\":\"BreadcrumbList\",\"@id\":\"https:\\\/\\\/lepotentiel.bj\\\/?p=11542#breadcrumb\",\"itemListElement\":[{\"@type\":\"ListItem\",\"position\":1,\"name\":\"Accueil\",\"item\":\"https:\\\/\\\/lepotentiel.bj\\\/\"},{\"@type\":\"ListItem\",\"position\":2,\"name\":\"D\u00e9marrage des championnats de football : Les clubs de L1, L2 et L3 s&rsquo;activent\"}]},{\"@type\":\"WebSite\",\"@id\":\"https:\\\/\\\/lepotentiel.bj\\\/#website\",\"url\":\"https:\\\/\\\/lepotentiel.bj\\\/\",\"name\":\"Le Potentiel\",\"description\":\"Le Potentiel, au service de l\u2019information, nous sommes les fantassins du droit de savoir\",\"publisher\":{\"@id\":\"https:\\\/\\\/lepotentiel.bj\\\/#organization\"},\"potentialAction\":[{\"@type\":\"SearchAction\",\"target\":{\"@type\":\"EntryPoint\",\"urlTemplate\":\"https:\\\/\\\/lepotentiel.bj\\\/?s={search_term_string}\"},\"query-input\":{\"@type\":\"PropertyValueSpecification\",\"valueRequired\":true,\"valueName\":\"search_term_string\"}}],\"inLanguage\":\"fr-FR\"},{\"@type\":\"Organization\",\"@id\":\"https:\\\/\\\/lepotentiel.bj\\\/#organization\",\"name\":\"Le Potentiel\",\"url\":\"https:\\\/\\\/lepotentiel.bj\\\/\",\"logo\":{\"@type\":\"ImageObject\",\"inLanguage\":\"fr-FR\",\"@id\":\"https:\\\/\\\/lepotentiel.bj\\\/#\\\/schema\\\/logo\\\/image\\\/\",\"url\":\"https:\\\/\\\/lepotentiel.bj\\\/wp-content\\\/uploads\\\/2023\\\/12\\\/logo-pot.jpg\",\"contentUrl\":\"https:\\\/\\\/lepotentiel.bj\\\/wp-content\\\/uploads\\\/2023\\\/12\\\/logo-pot.jpg\",\"width\":562,\"height\":84,\"caption\":\"Le Potentiel\"},\"image\":{\"@id\":\"https:\\\/\\\/lepotentiel.bj\\\/#\\\/schema\\\/logo\\\/image\\\/\"}},{\"@type\":\"Person\",\"@id\":\"https:\\\/\\\/lepotentiel.bj\\\/#\\\/schema\\\/person\\\/be28cc6627953a4c37d8ff6f77ab1931\",\"name\":\"abiolos\",\"image\":{\"@type\":\"ImageObject\",\"inLanguage\":\"fr-FR\",\"@id\":\"https:\\\/\\\/secure.gravatar.com\\\/avatar\\\/dd78717a6cfbb73688d69970c97df05428635483c0454a4a72cdc52053a50029?s=96&d=mm&r=g\",\"url\":\"https:\\\/\\\/secure.gravatar.com\\\/avatar\\\/dd78717a6cfbb73688d69970c97df05428635483c0454a4a72cdc52053a50029?s=96&d=mm&r=g\",\"contentUrl\":\"https:\\\/\\\/secure.gravatar.com\\\/avatar\\\/dd78717a6cfbb73688d69970c97df05428635483c0454a4a72cdc52053a50029?s=96&d=mm&r=g\",\"caption\":\"abiolos\"},\"url\":\"https:\\\/\\\/lepotentiel.bj\\\/?author=1\"}]}<\/script>\n<!-- \/ Yoast SEO plugin. -->","yoast_head_json":{"title":"D\u00e9marrage des championnats de football : Les clubs de L1, L2 et L3 s'activent - Le Potentiel","robots":{"index":"index","follow":"follow","max-snippet":"max-snippet:-1","max-image-preview":"max-image-preview:large","max-video-preview":"max-video-preview:-1"},"canonical":"https:\/\/lepotentiel.bj\/?p=11542","og_locale":"fr_FR","og_type":"article","og_title":"D\u00e9marrage des championnats de football : Les clubs de L1, L2 et L3 s'activent - Le Potentiel","og_description":"Le gouvernement b\u00e9ninois a officiellement autoris\u00e9 la reprise des activit\u00e9s sportives et culturelles sur l&rsquo;ensemble du territoire national. Dans la foul\u00e9e, les dirigeants de la f\u00e9d\u00e9ration b\u00e9ninoise de football (FBF) en lien avec les dirigeants de clubs ont d\u00e9cid\u00e9 de lancer la nouvelle saison au B\u00e9nin. Selon des informations relay\u00e9es par le site BjFoot.com, la [&hellip;]","og_url":"https:\/\/lepotentiel.bj\/?p=11542","og_site_name":"Le Potentiel","article_published_time":"2021-01-06T09:45:33+00:00","author":"abiolos","twitter_card":"summary_large_image","twitter_misc":{"\u00c9crit par":"abiolos","Dur\u00e9e de lecture estim\u00e9e":"1 minute"},"schema":{"@context":"https:\/\/schema.org","@graph":[{"@type":"Article","@id":"https:\/\/lepotentiel.bj\/?p=11542#article","isPartOf":{"@id":"https:\/\/lepotentiel.bj\/?p=11542"},"author":{"name":"abiolos","@id":"https:\/\/lepotentiel.bj\/#\/schema\/person\/be28cc6627953a4c37d8ff6f77ab1931"},"headline":"D\u00e9marrage des championnats de football : Les clubs de L1, L2 et L3 s&rsquo;activent","datePublished":"2021-01-06T09:45:33+00:00","mainEntityOfPage":{"@id":"https:\/\/lepotentiel.bj\/?p=11542"},"wordCount":196,"commentCount":0,"publisher":{"@id":"https:\/\/lepotentiel.bj\/#organization"},"image":{"@id":"https:\/\/lepotentiel.bj\/?p=11542#primaryimage"},"thumbnailUrl":"","keywords":["FBF","F\u00e9d\u00e9ration B\u00e9ninoise de Football","Gouvernement b\u00e9ninois"],"articleSection":["Actualit\u00e9","Sports"],"inLanguage":"fr-FR","potentialAction":[{"@type":"CommentAction","name":"Comment","target":["https:\/\/lepotentiel.bj\/?p=11542#respond"]}]},{"@type":"WebPage","@id":"https:\/\/lepotentiel.bj\/?p=11542","url":"https:\/\/lepotentiel.bj\/?p=11542","name":"D\u00e9marrage des championnats de football : Les clubs de L1, L2 et L3 s'activent - Le Potentiel","isPartOf":{"@id":"https:\/\/lepotentiel.bj\/#website"},"primaryImageOfPage":{"@id":"https:\/\/lepotentiel.bj\/?p=11542#primaryimage"},"image":{"@id":"https:\/\/lepotentiel.bj\/?p=11542#primaryimage"},"thumbnailUrl":"","datePublished":"2021-01-06T09:45:33+00:00","breadcrumb":{"@id":"https:\/\/lepotentiel.bj\/?p=11542#breadcrumb"},"inLanguage":"fr-FR","potentialAction":[{"@type":"ReadAction","target":["https:\/\/lepotentiel.bj\/?p=11542"]}]},{"@type":"ImageObject","inLanguage":"fr-FR","@id":"https:\/\/lepotentiel.bj\/?p=11542#primaryimage","url":"","contentUrl":""},{"@type":"BreadcrumbList","@id":"https:\/\/lepotentiel.bj\/?p=11542#breadcrumb","itemListElement":[{"@type":"ListItem","position":1,"name":"Accueil","item":"https:\/\/lepotentiel.bj\/"},{"@type":"ListItem","position":2,"name":"D\u00e9marrage des championnats de football : Les clubs de L1, L2 et L3 s&rsquo;activent"}]},{"@type":"WebSite","@id":"https:\/\/lepotentiel.bj\/#website","url":"https:\/\/lepotentiel.bj\/","name":"Le Potentiel","description":"Le Potentiel, au service de l\u2019information, nous sommes les fantassins du droit de savoir","publisher":{"@id":"https:\/\/lepotentiel.bj\/#organization"},"potentialAction":[{"@type":"SearchAction","target":{"@type":"EntryPoint","urlTemplate":"https:\/\/lepotentiel.bj\/?s={search_term_string}"},"query-input":{"@type":"PropertyValueSpecification","valueRequired":true,"valueName":"search_term_string"}}],"inLanguage":"fr-FR"},{"@type":"Organization","@id":"https:\/\/lepotentiel.bj\/#organization","name":"Le Potentiel","url":"https:\/\/lepotentiel.bj\/","logo":{"@type":"ImageObject","inLanguage":"fr-FR","@id":"https:\/\/lepotentiel.bj\/#\/schema\/logo\/image\/","url":"https:\/\/lepotentiel.bj\/wp-content\/uploads\/2023\/12\/logo-pot.jpg","contentUrl":"https:\/\/lepotentiel.bj\/wp-content\/uploads\/2023\/12\/logo-pot.jpg","width":562,"height":84,"caption":"Le Potentiel"},"image":{"@id":"https:\/\/lepotentiel.bj\/#\/schema\/logo\/image\/"}},{"@type":"Person","@id":"https:\/\/lepotentiel.bj\/#\/schema\/person\/be28cc6627953a4c37d8ff6f77ab1931","name":"abiolos","image":{"@type":"ImageObject","inLanguage":"fr-FR","@id":"https:\/\/secure.gravatar.com\/avatar\/dd78717a6cfbb73688d69970c97df05428635483c0454a4a72cdc52053a50029?s=96&d=mm&r=g","url":"https:\/\/secure.gravatar.com\/avatar\/dd78717a6cfbb73688d69970c97df05428635483c0454a4a72cdc52053a50029?s=96&d=mm&r=g","contentUrl":"https:\/\/secure.gravatar.com\/avatar\/dd78717a6cfbb73688d69970c97df05428635483c0454a4a72cdc52053a50029?s=96&d=mm&r=g","caption":"abiolos"},"url":"https:\/\/lepotentiel.bj\/?author=1"}]}},"_links":{"self":[{"href":"https:\/\/lepotentiel.bj\/index.php?rest_route=\/wp\/v2\/posts\/11542","targetHints":{"allow":["GET"]}}],"collection":[{"href":"https:\/\/lepotentiel.bj\/index.php?rest_route=\/wp\/v2\/posts"}],"about":[{"href":"https:\/\/lepotentiel.bj\/index.php?rest_route=\/wp\/v2\/types\/post"}],"author":[{"embeddable":true,"href":"https:\/\/lepotentiel.bj\/index.php?rest_route=\/wp\/v2\/users\/1"}],"replies":[{"embeddable":true,"href":"https:\/\/lepotentiel.bj\/index.php?rest_route=%2Fwp%2Fv2%2Fcomments&post=11542"}],"version-history":[{"count":0,"href":"https:\/\/lepotentiel.bj\/index.php?rest_route=\/wp\/v2\/posts\/11542\/revisions"}],"wp:featuredmedia":[{"embeddable":true,"href":"https:\/\/lepotentiel.bj\/index.php?rest_route=\/"}],"wp:attachment":[{"href":"https:\/\/lepotentiel.bj\/index.php?rest_route=%2Fwp%2Fv2%2Fmedia&parent=11542"}],"wp:term":[{"taxonomy":"category","embeddable":true,"href":"https:\/\/lepotentiel.bj\/index.php?rest_route=%2Fwp%2Fv2%2Fcategories&post=11542"},{"taxonomy":"post_tag","embeddable":true,"href":"https:\/\/lepotentiel.bj\/index.php?rest_route=%2Fwp%2Fv2%2Ftags&post=11542"}],"curies":[{"name":"wp","href":"https:\/\/api.w.org\/{rel}","templated":true}]}}