{"id":13513,"date":"2021-02-12T09:13:23","date_gmt":"2021-02-12T08:13:23","guid":{"rendered":"https:\/\/lepotentiel.bj\/?p=13513"},"modified":"2021-02-12T09:13:23","modified_gmt":"2021-02-12T08:13:23","slug":"presidentielle-2021-irene-agossa-une-candidature-sous-le-signe-de-letonnement","status":"publish","type":"post","link":"https:\/\/lepotentiel.bj\/?p=13513","title":{"rendered":"Pr\u00e9sidentielle 2021: Ir\u00e9n\u00e9 Agossa, une candidature sous le signe de l&rsquo;\u00e9tonnement"},"content":{"rendered":"\n<p><strong><em>Telle une proph\u00e9tie des temps anciens, la candidature du duo Kohou\u00e9 Corentin-Ir\u00e9n\u00e9 Agossa s&rsquo;\u00e9loigne de plus en plus de l&rsquo;imaginaire pour se concr\u00e9tiser. Elle  s&rsquo;accroche au bon bout de l&rsquo;histoire politique et \u00e9lectorale qui s&rsquo;\u00e9crit en ce moment au B\u00e9nin. <\/em><\/strong><\/p>\n\n\n\n<p>De sources bien introduites \u00e0 la Commission \u00c9lectorale Nationale Autonome (Cena), le duo Kohou\u00e9-Agossa devrait passer sans coup f\u00e9rir l&rsquo;\u00e9tape de la validation de leurs dossiers de candidature \u00e0 l&rsquo;\u00e9lection pr\u00e9sidentielle du 11 avril 2021. Alors qu&rsquo;une certaine partie de l&rsquo;opposition \u00e0 laquelle appartient le \u00a0\u00bbduo de l&rsquo;\u00e9tonnement\u00a0\u00bb s&rsquo;arcboute sur de vaines critiques, Ir\u00e9n\u00e9 Agossa d\u00e9friche le terrain sur la base d&rsquo;une communication mesur\u00e9e. Plus il parle et plus, les magmas d&rsquo;ombre se brisent et c\u00e8dent la place \u00e0 la lumi\u00e8re. Dans notre qu\u00eate de l&rsquo;information, notre \u00e9quipe de r\u00e9daction a joint ce jeudi 11 f\u00e9vrier 2021, le colistier du candidat Corentin Kohou\u00e9. Un \u00a0\u00bb\u00e9tonnement\u00a0\u00bb, c&rsquo;est sous ce vocable que Ir\u00e9n\u00e9 Agossa place sa candidature aux c\u00f4t\u00e9s de Corentin Kohou\u00e9 avec qui il est en duo.  \u00a0\u00bbLes gens ne savent pas que c&rsquo;est une mission divine (&#8230;)\u00a0\u00bb, lance-t-il au t\u00e9l\u00e9phone en cet apr\u00e8s-midi du jeudi. Selon le candidat colistier de Corentin Kohou\u00e9, l&rsquo;effectivit\u00e9 de sa candidature rel\u00e8ve de l&rsquo;\u00e9tonnement, car au d\u00e9part l&rsquo;incr\u00e9dulit\u00e9 avait pris le pas sur la foi en sa parole. On se rappelle, Ir\u00e9n\u00e9 Agossa avait annonc\u00e9 tr\u00e8s t\u00f4t sa candidature. S&rsquo;\u00e9loignant des postures rigoristes anti- observance des lois en vigueur, Ir\u00e9n\u00e9 Agossa avait toujours dit qu&rsquo;il fallait que l&rsquo;opposition se batte pour prendre part au scrutin pr\u00e9sidentiel sur la base des lois actuelles, quitte \u00e0 provoquer l&rsquo;alternance et r\u00e9viser les textes. L\u00e0-dessus, Ir\u00e9n\u00e9 Agossa n&rsquo;a jamais affich\u00e9 une aversion pour la qu\u00eate des 16 parrainages n\u00e9cessaires pour valider son ticket pr\u00e9sidentiel. \u00c0 l&rsquo;arriv\u00e9e, selon les informations, le duo Kohou\u00e9-Agossa aurait r\u00e9ussi \u00e0 obtenir 20 parrainages. Ceci est un \u00e9tonnement pour plus d&rsquo;un. Mais pour le candidat colistier Ir\u00e9n\u00e9 Agossa, l&rsquo;obtention de ces parrainages est une source de raffermissement de sa foi \u00e0 l&rsquo;\u00catre Supr\u00eame cr\u00e9ateur du monde. Face \u00e0 la foi, Ir\u00e9n\u00e9 Agossa sait et se pr\u00e9pare \u00e0 contenir l&rsquo;explosion d&rsquo;un sentiment de m\u00e9fiance, de haine et par moment d&rsquo;h\u00e9sitation de la part de ses camarades politiques. Mais selon lui, ceux qui seront m\u00e9fiants, haineux et m\u00eame h\u00e9sitants seront \u00e9blouis par la lumi\u00e8re qui va jaillir de l&rsquo;\u00e9tonnement. Duo de candidats  et symbole de l&rsquo;espoir, du salut, Kohou\u00e9-Agossa transmettent une lumi\u00e8re sont l&rsquo;\u00e9clat va vite contraindre les \u00a0\u00bbennemis\u00a0\u00bb \u00e0 s&rsquo;engloutir dans un flot de t\u00e9n\u00e8bres. Pour avoir r\u00e9ussi \u00e0 d\u00e9crocher les parrainages, Ir\u00e9n\u00e9 Agossa est-il le candidat du pouvoir ? Au cours de notre entretien t\u00e9l\u00e9phonique amical, le candidat colistier Ir\u00e9n\u00e9 Agossa n&rsquo;a pas \u00e9lud\u00e9 la question. Selon lui, s&rsquo;il arrivait que le Pr\u00e9sident Patrice Talon apporte une caution de quelque nature que ce soit \u00e0 son duo, alors il (Ir\u00e9n\u00e9 Agossa) aura \u00e9t\u00e9 le choix divin et le choix de l&rsquo;esprit. Il ne s&rsquo;agirait donc plus d&rsquo;une volont\u00e9 personnelle de briguer la Magistrature supr\u00eame, mais d&rsquo;une \u0153uvre divine, selon l&rsquo;ancien Conseiller \u00e0 la Haac et ex-directeur g\u00e9n\u00e9ral de la Sonacop. \u00a0\u00bbNous ne sommes pas le chemin, mais nous connaissons le chemin\u00a0\u00bb, a d\u00e9clar\u00e9 sous un ton d&rsquo;assurance Ir\u00e9n\u00e9 Agossa faisant allusion \u00e0 son duo (Kohou\u00e9-Agossa) pour conclure les \u00e9changes amicaux.<\/p>\n","protected":false},"excerpt":{"rendered":"<p>Telle une proph\u00e9tie des temps anciens, la candidature du duo Kohou\u00e9 Corentin-Ir\u00e9n\u00e9 Agossa s&rsquo;\u00e9loigne de plus en plus de l&rsquo;imaginaire pour se concr\u00e9tiser. Elle s&rsquo;accroche au bon bout de l&rsquo;histoire politique et \u00e9lectorale qui s&rsquo;\u00e9crit en ce moment au B\u00e9nin. De sources bien introduites \u00e0 la Commission \u00c9lectorale Nationale Autonome (Cena), le duo Kohou\u00e9-Agossa devrait [&hellip;]<\/p>\n","protected":false},"author":1,"featured_media":9635,"comment_status":"open","ping_status":"open","sticky":false,"template":"","format":"standard","meta":{"footnotes":""},"categories":[34,41],"tags":[10151,10281,10081],"class_list":["post-13513","post","type-post","status-publish","format-standard","has-post-thumbnail","hentry","category-actualite","category-politique","tag-irenee-agossa-les-democrates","tag-kohoue-corentin-les-democrates","tag-presidentielle-2021-benin"],"yoast_head":"<!-- This site is optimized with the Yoast SEO plugin v28.2 - https:\/\/yoast.com\/product\/yoast-seo-wordpress\/ -->\n<title>Pr\u00e9sidentielle 2021: Ir\u00e9n\u00e9 Agossa, une candidature sous le signe de l&#039;\u00e9tonnement - Le Potentiel<\/title>\n<meta name=\"robots\" content=\"index, follow, max-snippet:-1, max-image-preview:large, max-video-preview:-1\" \/>\n<link rel=\"canonical\" href=\"https:\/\/lepotentiel.bj\/?p=13513\" \/>\n<meta property=\"og:locale\" content=\"fr_FR\" \/>\n<meta property=\"og:type\" content=\"article\" \/>\n<meta property=\"og:title\" content=\"Pr\u00e9sidentielle 2021: Ir\u00e9n\u00e9 Agossa, une candidature sous le signe de l&#039;\u00e9tonnement - Le Potentiel\" \/>\n<meta property=\"og:description\" content=\"Telle une proph\u00e9tie des temps anciens, la candidature du duo Kohou\u00e9 Corentin-Ir\u00e9n\u00e9 Agossa s&rsquo;\u00e9loigne de plus en plus de l&rsquo;imaginaire pour se concr\u00e9tiser. Elle s&rsquo;accroche au bon bout de l&rsquo;histoire politique et \u00e9lectorale qui s&rsquo;\u00e9crit en ce moment au B\u00e9nin. De sources bien introduites \u00e0 la Commission \u00c9lectorale Nationale Autonome (Cena), le duo Kohou\u00e9-Agossa devrait [&hellip;]\" \/>\n<meta property=\"og:url\" content=\"https:\/\/lepotentiel.bj\/?p=13513\" \/>\n<meta property=\"og:site_name\" content=\"Le Potentiel\" \/>\n<meta property=\"article:published_time\" content=\"2021-02-12T08:13:23+00:00\" \/>\n<meta name=\"author\" content=\"abiolos\" \/>\n<meta name=\"twitter:card\" content=\"summary_large_image\" \/>\n<meta name=\"twitter:label1\" content=\"\u00c9crit par\" \/>\n\t<meta name=\"twitter:data1\" content=\"abiolos\" \/>\n\t<meta name=\"twitter:label2\" content=\"Dur\u00e9e de lecture estim\u00e9e\" \/>\n\t<meta name=\"twitter:data2\" content=\"3 minutes\" \/>\n<script type=\"application\/ld+json\" class=\"yoast-schema-graph\">{\"@context\":\"https:\\\/\\\/schema.org\",\"@graph\":[{\"@type\":\"Article\",\"@id\":\"https:\\\/\\\/lepotentiel.bj\\\/?p=13513#article\",\"isPartOf\":{\"@id\":\"https:\\\/\\\/lepotentiel.bj\\\/?p=13513\"},\"author\":{\"name\":\"abiolos\",\"@id\":\"https:\\\/\\\/lepotentiel.bj\\\/#\\\/schema\\\/person\\\/be28cc6627953a4c37d8ff6f77ab1931\"},\"headline\":\"Pr\u00e9sidentielle 2021: Ir\u00e9n\u00e9 Agossa, une candidature sous le signe de l&rsquo;\u00e9tonnement\",\"datePublished\":\"2021-02-12T08:13:23+00:00\",\"mainEntityOfPage\":{\"@id\":\"https:\\\/\\\/lepotentiel.bj\\\/?p=13513\"},\"wordCount\":603,\"commentCount\":0,\"publisher\":{\"@id\":\"https:\\\/\\\/lepotentiel.bj\\\/#organization\"},\"image\":{\"@id\":\"https:\\\/\\\/lepotentiel.bj\\\/?p=13513#primaryimage\"},\"thumbnailUrl\":\"\",\"keywords\":[\"Ir\u00e9n\u00e9e Agossa Les D\u00e9mocrates\",\"Kohou\u00e9 Corentin Les D\u00e9mocrates\",\"Pr\u00e9sidentielle 2021 B\u00e9nin\"],\"articleSection\":[\"Actualit\u00e9\",\"Politique\"],\"inLanguage\":\"fr-FR\",\"potentialAction\":[{\"@type\":\"CommentAction\",\"name\":\"Comment\",\"target\":[\"https:\\\/\\\/lepotentiel.bj\\\/?p=13513#respond\"]}]},{\"@type\":\"WebPage\",\"@id\":\"https:\\\/\\\/lepotentiel.bj\\\/?p=13513\",\"url\":\"https:\\\/\\\/lepotentiel.bj\\\/?p=13513\",\"name\":\"Pr\u00e9sidentielle 2021: Ir\u00e9n\u00e9 Agossa, une candidature sous le signe de l'\u00e9tonnement - Le Potentiel\",\"isPartOf\":{\"@id\":\"https:\\\/\\\/lepotentiel.bj\\\/#website\"},\"primaryImageOfPage\":{\"@id\":\"https:\\\/\\\/lepotentiel.bj\\\/?p=13513#primaryimage\"},\"image\":{\"@id\":\"https:\\\/\\\/lepotentiel.bj\\\/?p=13513#primaryimage\"},\"thumbnailUrl\":\"\",\"datePublished\":\"2021-02-12T08:13:23+00:00\",\"breadcrumb\":{\"@id\":\"https:\\\/\\\/lepotentiel.bj\\\/?p=13513#breadcrumb\"},\"inLanguage\":\"fr-FR\",\"potentialAction\":[{\"@type\":\"ReadAction\",\"target\":[\"https:\\\/\\\/lepotentiel.bj\\\/?p=13513\"]}]},{\"@type\":\"ImageObject\",\"inLanguage\":\"fr-FR\",\"@id\":\"https:\\\/\\\/lepotentiel.bj\\\/?p=13513#primaryimage\",\"url\":\"\",\"contentUrl\":\"\"},{\"@type\":\"BreadcrumbList\",\"@id\":\"https:\\\/\\\/lepotentiel.bj\\\/?p=13513#breadcrumb\",\"itemListElement\":[{\"@type\":\"ListItem\",\"position\":1,\"name\":\"Accueil\",\"item\":\"https:\\\/\\\/lepotentiel.bj\\\/\"},{\"@type\":\"ListItem\",\"position\":2,\"name\":\"Pr\u00e9sidentielle 2021: Ir\u00e9n\u00e9 Agossa, une candidature sous le signe de l&rsquo;\u00e9tonnement\"}]},{\"@type\":\"WebSite\",\"@id\":\"https:\\\/\\\/lepotentiel.bj\\\/#website\",\"url\":\"https:\\\/\\\/lepotentiel.bj\\\/\",\"name\":\"Le Potentiel\",\"description\":\"Le Potentiel, au service de l\u2019information, nous sommes les fantassins du droit de savoir\",\"publisher\":{\"@id\":\"https:\\\/\\\/lepotentiel.bj\\\/#organization\"},\"potentialAction\":[{\"@type\":\"SearchAction\",\"target\":{\"@type\":\"EntryPoint\",\"urlTemplate\":\"https:\\\/\\\/lepotentiel.bj\\\/?s={search_term_string}\"},\"query-input\":{\"@type\":\"PropertyValueSpecification\",\"valueRequired\":true,\"valueName\":\"search_term_string\"}}],\"inLanguage\":\"fr-FR\"},{\"@type\":\"Organization\",\"@id\":\"https:\\\/\\\/lepotentiel.bj\\\/#organization\",\"name\":\"Le Potentiel\",\"url\":\"https:\\\/\\\/lepotentiel.bj\\\/\",\"logo\":{\"@type\":\"ImageObject\",\"inLanguage\":\"fr-FR\",\"@id\":\"https:\\\/\\\/lepotentiel.bj\\\/#\\\/schema\\\/logo\\\/image\\\/\",\"url\":\"https:\\\/\\\/lepotentiel.bj\\\/wp-content\\\/uploads\\\/2023\\\/12\\\/logo-pot.jpg\",\"contentUrl\":\"https:\\\/\\\/lepotentiel.bj\\\/wp-content\\\/uploads\\\/2023\\\/12\\\/logo-pot.jpg\",\"width\":562,\"height\":84,\"caption\":\"Le Potentiel\"},\"image\":{\"@id\":\"https:\\\/\\\/lepotentiel.bj\\\/#\\\/schema\\\/logo\\\/image\\\/\"}},{\"@type\":\"Person\",\"@id\":\"https:\\\/\\\/lepotentiel.bj\\\/#\\\/schema\\\/person\\\/be28cc6627953a4c37d8ff6f77ab1931\",\"name\":\"abiolos\",\"image\":{\"@type\":\"ImageObject\",\"inLanguage\":\"fr-FR\",\"@id\":\"https:\\\/\\\/secure.gravatar.com\\\/avatar\\\/dd78717a6cfbb73688d69970c97df05428635483c0454a4a72cdc52053a50029?s=96&d=mm&r=g\",\"url\":\"https:\\\/\\\/secure.gravatar.com\\\/avatar\\\/dd78717a6cfbb73688d69970c97df05428635483c0454a4a72cdc52053a50029?s=96&d=mm&r=g\",\"contentUrl\":\"https:\\\/\\\/secure.gravatar.com\\\/avatar\\\/dd78717a6cfbb73688d69970c97df05428635483c0454a4a72cdc52053a50029?s=96&d=mm&r=g\",\"caption\":\"abiolos\"},\"url\":\"https:\\\/\\\/lepotentiel.bj\\\/?author=1\"}]}<\/script>\n<!-- \/ Yoast SEO plugin. -->","yoast_head_json":{"title":"Pr\u00e9sidentielle 2021: Ir\u00e9n\u00e9 Agossa, une candidature sous le signe de l'\u00e9tonnement - Le Potentiel","robots":{"index":"index","follow":"follow","max-snippet":"max-snippet:-1","max-image-preview":"max-image-preview:large","max-video-preview":"max-video-preview:-1"},"canonical":"https:\/\/lepotentiel.bj\/?p=13513","og_locale":"fr_FR","og_type":"article","og_title":"Pr\u00e9sidentielle 2021: Ir\u00e9n\u00e9 Agossa, une candidature sous le signe de l'\u00e9tonnement - Le Potentiel","og_description":"Telle une proph\u00e9tie des temps anciens, la candidature du duo Kohou\u00e9 Corentin-Ir\u00e9n\u00e9 Agossa s&rsquo;\u00e9loigne de plus en plus de l&rsquo;imaginaire pour se concr\u00e9tiser. Elle s&rsquo;accroche au bon bout de l&rsquo;histoire politique et \u00e9lectorale qui s&rsquo;\u00e9crit en ce moment au B\u00e9nin. De sources bien introduites \u00e0 la Commission \u00c9lectorale Nationale Autonome (Cena), le duo Kohou\u00e9-Agossa devrait [&hellip;]","og_url":"https:\/\/lepotentiel.bj\/?p=13513","og_site_name":"Le Potentiel","article_published_time":"2021-02-12T08:13:23+00:00","author":"abiolos","twitter_card":"summary_large_image","twitter_misc":{"\u00c9crit par":"abiolos","Dur\u00e9e de lecture estim\u00e9e":"3 minutes"},"schema":{"@context":"https:\/\/schema.org","@graph":[{"@type":"Article","@id":"https:\/\/lepotentiel.bj\/?p=13513#article","isPartOf":{"@id":"https:\/\/lepotentiel.bj\/?p=13513"},"author":{"name":"abiolos","@id":"https:\/\/lepotentiel.bj\/#\/schema\/person\/be28cc6627953a4c37d8ff6f77ab1931"},"headline":"Pr\u00e9sidentielle 2021: Ir\u00e9n\u00e9 Agossa, une candidature sous le signe de l&rsquo;\u00e9tonnement","datePublished":"2021-02-12T08:13:23+00:00","mainEntityOfPage":{"@id":"https:\/\/lepotentiel.bj\/?p=13513"},"wordCount":603,"commentCount":0,"publisher":{"@id":"https:\/\/lepotentiel.bj\/#organization"},"image":{"@id":"https:\/\/lepotentiel.bj\/?p=13513#primaryimage"},"thumbnailUrl":"","keywords":["Ir\u00e9n\u00e9e Agossa Les D\u00e9mocrates","Kohou\u00e9 Corentin Les D\u00e9mocrates","Pr\u00e9sidentielle 2021 B\u00e9nin"],"articleSection":["Actualit\u00e9","Politique"],"inLanguage":"fr-FR","potentialAction":[{"@type":"CommentAction","name":"Comment","target":["https:\/\/lepotentiel.bj\/?p=13513#respond"]}]},{"@type":"WebPage","@id":"https:\/\/lepotentiel.bj\/?p=13513","url":"https:\/\/lepotentiel.bj\/?p=13513","name":"Pr\u00e9sidentielle 2021: Ir\u00e9n\u00e9 Agossa, une candidature sous le signe de l'\u00e9tonnement - Le Potentiel","isPartOf":{"@id":"https:\/\/lepotentiel.bj\/#website"},"primaryImageOfPage":{"@id":"https:\/\/lepotentiel.bj\/?p=13513#primaryimage"},"image":{"@id":"https:\/\/lepotentiel.bj\/?p=13513#primaryimage"},"thumbnailUrl":"","datePublished":"2021-02-12T08:13:23+00:00","breadcrumb":{"@id":"https:\/\/lepotentiel.bj\/?p=13513#breadcrumb"},"inLanguage":"fr-FR","potentialAction":[{"@type":"ReadAction","target":["https:\/\/lepotentiel.bj\/?p=13513"]}]},{"@type":"ImageObject","inLanguage":"fr-FR","@id":"https:\/\/lepotentiel.bj\/?p=13513#primaryimage","url":"","contentUrl":""},{"@type":"BreadcrumbList","@id":"https:\/\/lepotentiel.bj\/?p=13513#breadcrumb","itemListElement":[{"@type":"ListItem","position":1,"name":"Accueil","item":"https:\/\/lepotentiel.bj\/"},{"@type":"ListItem","position":2,"name":"Pr\u00e9sidentielle 2021: Ir\u00e9n\u00e9 Agossa, une candidature sous le signe de l&rsquo;\u00e9tonnement"}]},{"@type":"WebSite","@id":"https:\/\/lepotentiel.bj\/#website","url":"https:\/\/lepotentiel.bj\/","name":"Le Potentiel","description":"Le Potentiel, au service de l\u2019information, nous sommes les fantassins du droit de savoir","publisher":{"@id":"https:\/\/lepotentiel.bj\/#organization"},"potentialAction":[{"@type":"SearchAction","target":{"@type":"EntryPoint","urlTemplate":"https:\/\/lepotentiel.bj\/?s={search_term_string}"},"query-input":{"@type":"PropertyValueSpecification","valueRequired":true,"valueName":"search_term_string"}}],"inLanguage":"fr-FR"},{"@type":"Organization","@id":"https:\/\/lepotentiel.bj\/#organization","name":"Le Potentiel","url":"https:\/\/lepotentiel.bj\/","logo":{"@type":"ImageObject","inLanguage":"fr-FR","@id":"https:\/\/lepotentiel.bj\/#\/schema\/logo\/image\/","url":"https:\/\/lepotentiel.bj\/wp-content\/uploads\/2023\/12\/logo-pot.jpg","contentUrl":"https:\/\/lepotentiel.bj\/wp-content\/uploads\/2023\/12\/logo-pot.jpg","width":562,"height":84,"caption":"Le Potentiel"},"image":{"@id":"https:\/\/lepotentiel.bj\/#\/schema\/logo\/image\/"}},{"@type":"Person","@id":"https:\/\/lepotentiel.bj\/#\/schema\/person\/be28cc6627953a4c37d8ff6f77ab1931","name":"abiolos","image":{"@type":"ImageObject","inLanguage":"fr-FR","@id":"https:\/\/secure.gravatar.com\/avatar\/dd78717a6cfbb73688d69970c97df05428635483c0454a4a72cdc52053a50029?s=96&d=mm&r=g","url":"https:\/\/secure.gravatar.com\/avatar\/dd78717a6cfbb73688d69970c97df05428635483c0454a4a72cdc52053a50029?s=96&d=mm&r=g","contentUrl":"https:\/\/secure.gravatar.com\/avatar\/dd78717a6cfbb73688d69970c97df05428635483c0454a4a72cdc52053a50029?s=96&d=mm&r=g","caption":"abiolos"},"url":"https:\/\/lepotentiel.bj\/?author=1"}]}},"_links":{"self":[{"href":"https:\/\/lepotentiel.bj\/index.php?rest_route=\/wp\/v2\/posts\/13513","targetHints":{"allow":["GET"]}}],"collection":[{"href":"https:\/\/lepotentiel.bj\/index.php?rest_route=\/wp\/v2\/posts"}],"about":[{"href":"https:\/\/lepotentiel.bj\/index.php?rest_route=\/wp\/v2\/types\/post"}],"author":[{"embeddable":true,"href":"https:\/\/lepotentiel.bj\/index.php?rest_route=\/wp\/v2\/users\/1"}],"replies":[{"embeddable":true,"href":"https:\/\/lepotentiel.bj\/index.php?rest_route=%2Fwp%2Fv2%2Fcomments&post=13513"}],"version-history":[{"count":0,"href":"https:\/\/lepotentiel.bj\/index.php?rest_route=\/wp\/v2\/posts\/13513\/revisions"}],"wp:featuredmedia":[{"embeddable":true,"href":"https:\/\/lepotentiel.bj\/index.php?rest_route=\/"}],"wp:attachment":[{"href":"https:\/\/lepotentiel.bj\/index.php?rest_route=%2Fwp%2Fv2%2Fmedia&parent=13513"}],"wp:term":[{"taxonomy":"category","embeddable":true,"href":"https:\/\/lepotentiel.bj\/index.php?rest_route=%2Fwp%2Fv2%2Fcategories&post=13513"},{"taxonomy":"post_tag","embeddable":true,"href":"https:\/\/lepotentiel.bj\/index.php?rest_route=%2Fwp%2Fv2%2Ftags&post=13513"}],"curies":[{"name":"wp","href":"https:\/\/api.w.org\/{rel}","templated":true}]}}