{"id":18811,"date":"2021-07-29T01:23:31","date_gmt":"2021-07-29T00:23:31","guid":{"rendered":"https:\/\/lepotentiel.bj\/?p=18811"},"modified":"2021-07-29T01:23:31","modified_gmt":"2021-07-29T00:23:31","slug":"le-virus-de-lhepatite-un-tueur-silencieux-a-combattre","status":"publish","type":"post","link":"https:\/\/lepotentiel.bj\/?p=18811","title":{"rendered":"Le virus de l&rsquo;h\u00e9patite : un \u00ab\u00a0tueur silencieux\u00a0\u00bb \u00e0 combattre"},"content":{"rendered":"\n<p><strong><em>La journ\u00e9e mondiale de lutte contre les h\u00e9patites est c\u00e9l\u00e9br\u00e9e le 28 juillet de chaque ann\u00e9e pour mieux faire connaitre la maladie et sensibiliser les populations sur les causes, les manifestations et les traitements possibles. Cette ann\u00e9e, le th\u00e8me retenu par l\u2019Organisation Mondiale de la Sant\u00e9 est \u00ab L\u2019h\u00e9patite ne peut plus attendre \u00bb. Dans le cadre de cette c\u00e9l\u00e9bration, la r\u00e9daction de votre journal s\u2019est rapproch\u00e9e du Docteur Kinkp\u00e9 Elis\u00e9e Sessi, m\u00e9decin g\u00e9n\u00e9raliste en service \u00e0 l\u2019h\u00f4pital de zone de Savalou.<\/em><\/strong><\/p>\n\n\n\n<p>Le Potentiel : Qu\u2019est-ce qu\u2019une h\u00e9patite ?<\/p>\n\n\n\n<p>Docteur Kinkp\u00e9 \u00c9lis\u00e9e : L\u2019h\u00e9patite se d\u00e9finit comme \u00e9tant une inflammation des cellules du foie. Cette atteinte peut \u00eatre due \u00e0 l\u2019action des virus, des bact\u00e9ries, des parasites ou des toxiques. Elle peut \u00eatre aigu\u00eb avec une inflammation \u00e9voluant depuis moins de 6 mois et l\u2019h\u00e9patite chronique avec une inflammation \u00e9voluant depuis plus de 6 mois.<\/p>\n\n\n\n<p>Quels sont les diff\u00e9rents types d\u2019h\u00e9patites ?<br>On distingue les h\u00e9patites virales A, B, C, D et E. Dans l\u2019ensemble de ces maladies, les h\u00e9patites virales B et C constituent un probl\u00e8me de sant\u00e9 publique. Selon l\u2019Oms, 240 millions de personnes dans le monde sont atteintes d\u2019h\u00e9patite B chronique et 71 millions de l\u2019h\u00e9patite C chronique.<\/p>\n\n\n\n<p>Quelles sont les formes graves de l\u2019h\u00e9patite ?<\/p>\n\n\n\n<p>Les h\u00e9patites B, C et B+D sont responsables de l\u2019\u00e9volution vers la forme chronique avec des complications graves comme la cirrhose et le cancer, voire la mort.<\/p>\n\n\n\n<p>Comment se propage l\u2019h\u00e9patite virale ?<\/p>\n\n\n\n<p>La propagation de l\u2019h\u00e9patite virale B peut se faire par : transmission de la m\u00e8re \u00e0 l\u2019enfant ; exposition \u00e0 du sang ou des liquides organiques ; par contact avec des personnes infect\u00e9es au sein de la famille (partage de brosses \u00e0 dents, de rasoirs ou de couverts infest\u00e9s par le virus) ; le partage d\u2019aiguilles \u00e0 des fins m\u00e9dicales ou pour l\u2019injection des drogues.<br>La propagation de l\u2019h\u00e9patite virale C, quant \u00e0 elle, peut se faire par : transmission de la m\u00e8re \u00e0 l\u2019enfant ; pratiques d\u2019injection dangereuse lors des soins de sant\u00e9 ; le partage d\u2019aiguilles \u00e0 des fins m\u00e9dicales ou pour l\u2019injection des drogues ; tatouage avec du mat\u00e9riel non st\u00e9rilis\u00e9.<\/p>\n\n\n\n<p>Quelles sont les facteurs ne pr\u00e9sentant pas de risque de propagation du virus ?<br>L\u2019h\u00e9patite virale ne se propage pas : en touchant ; en allaitant ; en embrassant ; en tenant la main, en toussant ou en \u00e9ternuant.<\/p>\n\n\n\n<p>Quelles sont les manifestations de la maladie ?<\/p>\n\n\n\n<p>De nombreuses personnes ne pr\u00e9sentent aucun sympt\u00f4me pendant l\u2019infection aigu\u00eb. Certaines d\u00e9veloppent une maladie aigu\u00eb avec des sympt\u00f4mes pr\u00e9sents pendant plusieurs semaines (douleur abdominale, fatigue extr\u00eame, jaunissement des yeux et de la peau c\u2019est-\u00e0-dire la jaunisse, naus\u00e9e et vomissement). Quant \u00e0 l\u2019h\u00e9patite chronique, les sympt\u00f4mes sont souvent inexistants. Le malade est souvent vu dans certains cas au stade de complication avec des signes de gravit\u00e9 comme ascite et l\u2019Omi.<\/p>\n\n\n\n<p>Un traitement est-il disponible ?<\/p>\n\n\n\n<p>Oui, un traitement m\u00e9dicamenteux existe et est disponible pour l\u2019h\u00e9patite virale B et C associ\u00e9 \u00e0 des mesures hygi\u00e9no-di\u00e9t\u00e9tiques.<\/p>\n\n\n\n<p>Quelle est l\u2019issue du traitement ?<\/p>\n\n\n\n<p>Le traitement de l\u2019h\u00e9patite C peut \u00eatre simple que la prise d\u2019un comprim\u00e9 par jour et permettre d\u2019obtenir la gu\u00e9rison en 8 \u00e0 24 semaines ou plus. Le traitement de l\u2019h\u00e9patite C conduit donc \u00e0 la gu\u00e9rison.<br>Le traitement peut \u00eatre aussi simple qu\u2019un comprim\u00e9 par jour pour l\u2019h\u00e9patite virale B avec une suppression de fa\u00e7on permanente de la charge virale. Ce traitement est \u00e0 prendre continuellement sur de longues ann\u00e9es.<\/p>\n\n\n\n<p>Existe-t-il un moyen de pr\u00e9vention ?<\/p>\n\n\n\n<p>Contrairement \u00e0 l\u2019h\u00e9patite B et \u00e0 l\u2019h\u00e9patite A, il n\u2019y a pas de vaccin pour pr\u00e9venir l\u2019infection par le virus de l\u2019h\u00e9patite C (l\u2019\u00e9viction des gestes \u00e0 risques constitue donc le moyen principal pour la pr\u00e9vention de l\u2019h\u00e9patite C). L\u2019Oms reconnait que la meilleure strat\u00e9gie pour pr\u00e9venir la transmission de l\u2019h\u00e9patite B de la m\u00e8re \u00e0 l\u2019enfant est d\u2019administrer la premi\u00e8re dose de vaccin contre l\u2019h\u00e9patite B le plus t\u00f4t possible apr\u00e8s la naissance, de pr\u00e9f\u00e9rence dans les 24 heures.<\/p>\n\n\n\n<p>Quels sont les conseils que vous aimeriez donner aux lecteurs ?<\/p>\n\n\n\n<p>Les conseils que je peux donner pour une bonne pr\u00e9vention du virus de l\u2019h\u00e9patite sont entre autres : faire le d\u00e9pistage de l\u2019h\u00e9patite virale B et C ainsi que pour toute sa famille ; se faire vacciner pour la pr\u00e9vention contre l\u2019h\u00e9patite B si d\u00e9pistage n\u00e9gatif ; s\u2019adresser aux services de sant\u00e9 pendant la grossesse ; \u00e9viter les gestes \u00e0 risque.<\/p>\n\n\n\n<p>Quelles sont vos recommandations pour les personnes atteintes de l\u2019h\u00e9patite ?<\/p>\n\n\n\n<p>Je recommande de : se rapprocher du centre de sant\u00e9 le plus proche pour une consultation m\u00e9dicale ou sp\u00e9cialis\u00e9e pour une prise en charge adapt\u00e9e ; \u00e9viter l\u2019utilisation de m\u00e9dicament nuisible pour le foie ainsi que les mixtures qui peuvent aggraver les l\u00e9sions du foie ; amener l\u2019entourage \u00e0 faire le d\u00e9pistage puis la vaccination si l\u2019indication se pose par le professionnel de la sant\u00e9.<\/p>\n\n\n\n<p class=\"has-text-align-right\"><strong>Justelaine Akefouin (Stg)<\/strong><\/p>\n","protected":false},"excerpt":{"rendered":"<p>La journ\u00e9e mondiale de lutte contre les h\u00e9patites est c\u00e9l\u00e9br\u00e9e le 28 juillet de chaque ann\u00e9e pour mieux faire connaitre la maladie et sensibiliser les populations sur les causes, les manifestations et les traitements possibles. Cette ann\u00e9e, le th\u00e8me retenu par l\u2019Organisation Mondiale de la Sant\u00e9 est \u00ab L\u2019h\u00e9patite ne peut plus attendre \u00bb. Dans [&hellip;]<\/p>\n","protected":false},"author":1,"featured_media":18812,"comment_status":"open","ping_status":"open","sticky":false,"template":"","format":"standard","meta":{"footnotes":""},"categories":[34,38],"tags":[13277,13278,13279],"class_list":["post-18811","post","type-post","status-publish","format-standard","has-post-thumbnail","hentry","category-actualite","category-sante","tag-dossier-hepatite","tag-hepatite","tag-journee-mondiale-de-lhepatite-benin"],"yoast_head":"<!-- This site is optimized with the Yoast SEO plugin v28.2 - https:\/\/yoast.com\/product\/yoast-seo-wordpress\/ -->\n<title>Le virus de l&#039;h\u00e9patite : un &quot;tueur silencieux&quot; \u00e0 combattre - Le Potentiel<\/title>\n<meta name=\"robots\" content=\"index, follow, max-snippet:-1, max-image-preview:large, max-video-preview:-1\" \/>\n<link rel=\"canonical\" href=\"https:\/\/lepotentiel.bj\/?p=18811\" \/>\n<meta property=\"og:locale\" content=\"fr_FR\" \/>\n<meta property=\"og:type\" content=\"article\" \/>\n<meta property=\"og:title\" content=\"Le virus de l&#039;h\u00e9patite : un &quot;tueur silencieux&quot; \u00e0 combattre - Le Potentiel\" \/>\n<meta property=\"og:description\" content=\"La journ\u00e9e mondiale de lutte contre les h\u00e9patites est c\u00e9l\u00e9br\u00e9e le 28 juillet de chaque ann\u00e9e pour mieux faire connaitre la maladie et sensibiliser les populations sur les causes, les manifestations et les traitements possibles. Cette ann\u00e9e, le th\u00e8me retenu par l\u2019Organisation Mondiale de la Sant\u00e9 est \u00ab L\u2019h\u00e9patite ne peut plus attendre \u00bb. Dans [&hellip;]\" \/>\n<meta property=\"og:url\" content=\"https:\/\/lepotentiel.bj\/?p=18811\" \/>\n<meta property=\"og:site_name\" content=\"Le Potentiel\" \/>\n<meta property=\"article:published_time\" content=\"2021-07-29T00:23:31+00:00\" \/>\n<meta name=\"author\" content=\"abiolos\" \/>\n<meta name=\"twitter:card\" content=\"summary_large_image\" \/>\n<meta name=\"twitter:label1\" content=\"\u00c9crit par\" \/>\n\t<meta name=\"twitter:data1\" content=\"abiolos\" \/>\n\t<meta name=\"twitter:label2\" content=\"Dur\u00e9e de lecture estim\u00e9e\" \/>\n\t<meta name=\"twitter:data2\" content=\"5 minutes\" \/>\n<script type=\"application\/ld+json\" class=\"yoast-schema-graph\">{\"@context\":\"https:\\\/\\\/schema.org\",\"@graph\":[{\"@type\":\"Article\",\"@id\":\"https:\\\/\\\/lepotentiel.bj\\\/?p=18811#article\",\"isPartOf\":{\"@id\":\"https:\\\/\\\/lepotentiel.bj\\\/?p=18811\"},\"author\":{\"name\":\"abiolos\",\"@id\":\"https:\\\/\\\/lepotentiel.bj\\\/#\\\/schema\\\/person\\\/be28cc6627953a4c37d8ff6f77ab1931\"},\"headline\":\"Le virus de l&rsquo;h\u00e9patite : un \u00ab\u00a0tueur silencieux\u00a0\u00bb \u00e0 combattre\",\"datePublished\":\"2021-07-29T00:23:31+00:00\",\"mainEntityOfPage\":{\"@id\":\"https:\\\/\\\/lepotentiel.bj\\\/?p=18811\"},\"wordCount\":918,\"commentCount\":0,\"publisher\":{\"@id\":\"https:\\\/\\\/lepotentiel.bj\\\/#organization\"},\"image\":{\"@id\":\"https:\\\/\\\/lepotentiel.bj\\\/?p=18811#primaryimage\"},\"thumbnailUrl\":\"\",\"keywords\":[\"Dossier h\u00e9patite\",\"H\u00e9patite\",\"Journ\u00e9e mondiale de l&#039;h\u00e9patite B\u00e9nin\"],\"articleSection\":[\"Actualit\u00e9\",\"Sant\u00e9\"],\"inLanguage\":\"fr-FR\",\"potentialAction\":[{\"@type\":\"CommentAction\",\"name\":\"Comment\",\"target\":[\"https:\\\/\\\/lepotentiel.bj\\\/?p=18811#respond\"]}]},{\"@type\":\"WebPage\",\"@id\":\"https:\\\/\\\/lepotentiel.bj\\\/?p=18811\",\"url\":\"https:\\\/\\\/lepotentiel.bj\\\/?p=18811\",\"name\":\"Le virus de l'h\u00e9patite : un \\\"tueur silencieux\\\" \u00e0 combattre - Le Potentiel\",\"isPartOf\":{\"@id\":\"https:\\\/\\\/lepotentiel.bj\\\/#website\"},\"primaryImageOfPage\":{\"@id\":\"https:\\\/\\\/lepotentiel.bj\\\/?p=18811#primaryimage\"},\"image\":{\"@id\":\"https:\\\/\\\/lepotentiel.bj\\\/?p=18811#primaryimage\"},\"thumbnailUrl\":\"\",\"datePublished\":\"2021-07-29T00:23:31+00:00\",\"breadcrumb\":{\"@id\":\"https:\\\/\\\/lepotentiel.bj\\\/?p=18811#breadcrumb\"},\"inLanguage\":\"fr-FR\",\"potentialAction\":[{\"@type\":\"ReadAction\",\"target\":[\"https:\\\/\\\/lepotentiel.bj\\\/?p=18811\"]}]},{\"@type\":\"ImageObject\",\"inLanguage\":\"fr-FR\",\"@id\":\"https:\\\/\\\/lepotentiel.bj\\\/?p=18811#primaryimage\",\"url\":\"\",\"contentUrl\":\"\"},{\"@type\":\"BreadcrumbList\",\"@id\":\"https:\\\/\\\/lepotentiel.bj\\\/?p=18811#breadcrumb\",\"itemListElement\":[{\"@type\":\"ListItem\",\"position\":1,\"name\":\"Accueil\",\"item\":\"https:\\\/\\\/lepotentiel.bj\\\/\"},{\"@type\":\"ListItem\",\"position\":2,\"name\":\"Le virus de l&rsquo;h\u00e9patite : un \u00ab\u00a0tueur silencieux\u00a0\u00bb \u00e0 combattre\"}]},{\"@type\":\"WebSite\",\"@id\":\"https:\\\/\\\/lepotentiel.bj\\\/#website\",\"url\":\"https:\\\/\\\/lepotentiel.bj\\\/\",\"name\":\"Le Potentiel\",\"description\":\"Le Potentiel, au service de l\u2019information, nous sommes les fantassins du droit de savoir\",\"publisher\":{\"@id\":\"https:\\\/\\\/lepotentiel.bj\\\/#organization\"},\"potentialAction\":[{\"@type\":\"SearchAction\",\"target\":{\"@type\":\"EntryPoint\",\"urlTemplate\":\"https:\\\/\\\/lepotentiel.bj\\\/?s={search_term_string}\"},\"query-input\":{\"@type\":\"PropertyValueSpecification\",\"valueRequired\":true,\"valueName\":\"search_term_string\"}}],\"inLanguage\":\"fr-FR\"},{\"@type\":\"Organization\",\"@id\":\"https:\\\/\\\/lepotentiel.bj\\\/#organization\",\"name\":\"Le Potentiel\",\"url\":\"https:\\\/\\\/lepotentiel.bj\\\/\",\"logo\":{\"@type\":\"ImageObject\",\"inLanguage\":\"fr-FR\",\"@id\":\"https:\\\/\\\/lepotentiel.bj\\\/#\\\/schema\\\/logo\\\/image\\\/\",\"url\":\"https:\\\/\\\/lepotentiel.bj\\\/wp-content\\\/uploads\\\/2023\\\/12\\\/logo-pot.jpg\",\"contentUrl\":\"https:\\\/\\\/lepotentiel.bj\\\/wp-content\\\/uploads\\\/2023\\\/12\\\/logo-pot.jpg\",\"width\":562,\"height\":84,\"caption\":\"Le Potentiel\"},\"image\":{\"@id\":\"https:\\\/\\\/lepotentiel.bj\\\/#\\\/schema\\\/logo\\\/image\\\/\"}},{\"@type\":\"Person\",\"@id\":\"https:\\\/\\\/lepotentiel.bj\\\/#\\\/schema\\\/person\\\/be28cc6627953a4c37d8ff6f77ab1931\",\"name\":\"abiolos\",\"image\":{\"@type\":\"ImageObject\",\"inLanguage\":\"fr-FR\",\"@id\":\"https:\\\/\\\/secure.gravatar.com\\\/avatar\\\/dd78717a6cfbb73688d69970c97df05428635483c0454a4a72cdc52053a50029?s=96&d=mm&r=g\",\"url\":\"https:\\\/\\\/secure.gravatar.com\\\/avatar\\\/dd78717a6cfbb73688d69970c97df05428635483c0454a4a72cdc52053a50029?s=96&d=mm&r=g\",\"contentUrl\":\"https:\\\/\\\/secure.gravatar.com\\\/avatar\\\/dd78717a6cfbb73688d69970c97df05428635483c0454a4a72cdc52053a50029?s=96&d=mm&r=g\",\"caption\":\"abiolos\"},\"url\":\"https:\\\/\\\/lepotentiel.bj\\\/?author=1\"}]}<\/script>\n<!-- \/ Yoast SEO plugin. -->","yoast_head_json":{"title":"Le virus de l'h\u00e9patite : un \"tueur silencieux\" \u00e0 combattre - Le Potentiel","robots":{"index":"index","follow":"follow","max-snippet":"max-snippet:-1","max-image-preview":"max-image-preview:large","max-video-preview":"max-video-preview:-1"},"canonical":"https:\/\/lepotentiel.bj\/?p=18811","og_locale":"fr_FR","og_type":"article","og_title":"Le virus de l'h\u00e9patite : un \"tueur silencieux\" \u00e0 combattre - Le Potentiel","og_description":"La journ\u00e9e mondiale de lutte contre les h\u00e9patites est c\u00e9l\u00e9br\u00e9e le 28 juillet de chaque ann\u00e9e pour mieux faire connaitre la maladie et sensibiliser les populations sur les causes, les manifestations et les traitements possibles. Cette ann\u00e9e, le th\u00e8me retenu par l\u2019Organisation Mondiale de la Sant\u00e9 est \u00ab L\u2019h\u00e9patite ne peut plus attendre \u00bb. Dans [&hellip;]","og_url":"https:\/\/lepotentiel.bj\/?p=18811","og_site_name":"Le Potentiel","article_published_time":"2021-07-29T00:23:31+00:00","author":"abiolos","twitter_card":"summary_large_image","twitter_misc":{"\u00c9crit par":"abiolos","Dur\u00e9e de lecture estim\u00e9e":"5 minutes"},"schema":{"@context":"https:\/\/schema.org","@graph":[{"@type":"Article","@id":"https:\/\/lepotentiel.bj\/?p=18811#article","isPartOf":{"@id":"https:\/\/lepotentiel.bj\/?p=18811"},"author":{"name":"abiolos","@id":"https:\/\/lepotentiel.bj\/#\/schema\/person\/be28cc6627953a4c37d8ff6f77ab1931"},"headline":"Le virus de l&rsquo;h\u00e9patite : un \u00ab\u00a0tueur silencieux\u00a0\u00bb \u00e0 combattre","datePublished":"2021-07-29T00:23:31+00:00","mainEntityOfPage":{"@id":"https:\/\/lepotentiel.bj\/?p=18811"},"wordCount":918,"commentCount":0,"publisher":{"@id":"https:\/\/lepotentiel.bj\/#organization"},"image":{"@id":"https:\/\/lepotentiel.bj\/?p=18811#primaryimage"},"thumbnailUrl":"","keywords":["Dossier h\u00e9patite","H\u00e9patite","Journ\u00e9e mondiale de l&#039;h\u00e9patite B\u00e9nin"],"articleSection":["Actualit\u00e9","Sant\u00e9"],"inLanguage":"fr-FR","potentialAction":[{"@type":"CommentAction","name":"Comment","target":["https:\/\/lepotentiel.bj\/?p=18811#respond"]}]},{"@type":"WebPage","@id":"https:\/\/lepotentiel.bj\/?p=18811","url":"https:\/\/lepotentiel.bj\/?p=18811","name":"Le virus de l'h\u00e9patite : un \"tueur silencieux\" \u00e0 combattre - Le Potentiel","isPartOf":{"@id":"https:\/\/lepotentiel.bj\/#website"},"primaryImageOfPage":{"@id":"https:\/\/lepotentiel.bj\/?p=18811#primaryimage"},"image":{"@id":"https:\/\/lepotentiel.bj\/?p=18811#primaryimage"},"thumbnailUrl":"","datePublished":"2021-07-29T00:23:31+00:00","breadcrumb":{"@id":"https:\/\/lepotentiel.bj\/?p=18811#breadcrumb"},"inLanguage":"fr-FR","potentialAction":[{"@type":"ReadAction","target":["https:\/\/lepotentiel.bj\/?p=18811"]}]},{"@type":"ImageObject","inLanguage":"fr-FR","@id":"https:\/\/lepotentiel.bj\/?p=18811#primaryimage","url":"","contentUrl":""},{"@type":"BreadcrumbList","@id":"https:\/\/lepotentiel.bj\/?p=18811#breadcrumb","itemListElement":[{"@type":"ListItem","position":1,"name":"Accueil","item":"https:\/\/lepotentiel.bj\/"},{"@type":"ListItem","position":2,"name":"Le virus de l&rsquo;h\u00e9patite : un \u00ab\u00a0tueur silencieux\u00a0\u00bb \u00e0 combattre"}]},{"@type":"WebSite","@id":"https:\/\/lepotentiel.bj\/#website","url":"https:\/\/lepotentiel.bj\/","name":"Le Potentiel","description":"Le Potentiel, au service de l\u2019information, nous sommes les fantassins du droit de savoir","publisher":{"@id":"https:\/\/lepotentiel.bj\/#organization"},"potentialAction":[{"@type":"SearchAction","target":{"@type":"EntryPoint","urlTemplate":"https:\/\/lepotentiel.bj\/?s={search_term_string}"},"query-input":{"@type":"PropertyValueSpecification","valueRequired":true,"valueName":"search_term_string"}}],"inLanguage":"fr-FR"},{"@type":"Organization","@id":"https:\/\/lepotentiel.bj\/#organization","name":"Le Potentiel","url":"https:\/\/lepotentiel.bj\/","logo":{"@type":"ImageObject","inLanguage":"fr-FR","@id":"https:\/\/lepotentiel.bj\/#\/schema\/logo\/image\/","url":"https:\/\/lepotentiel.bj\/wp-content\/uploads\/2023\/12\/logo-pot.jpg","contentUrl":"https:\/\/lepotentiel.bj\/wp-content\/uploads\/2023\/12\/logo-pot.jpg","width":562,"height":84,"caption":"Le Potentiel"},"image":{"@id":"https:\/\/lepotentiel.bj\/#\/schema\/logo\/image\/"}},{"@type":"Person","@id":"https:\/\/lepotentiel.bj\/#\/schema\/person\/be28cc6627953a4c37d8ff6f77ab1931","name":"abiolos","image":{"@type":"ImageObject","inLanguage":"fr-FR","@id":"https:\/\/secure.gravatar.com\/avatar\/dd78717a6cfbb73688d69970c97df05428635483c0454a4a72cdc52053a50029?s=96&d=mm&r=g","url":"https:\/\/secure.gravatar.com\/avatar\/dd78717a6cfbb73688d69970c97df05428635483c0454a4a72cdc52053a50029?s=96&d=mm&r=g","contentUrl":"https:\/\/secure.gravatar.com\/avatar\/dd78717a6cfbb73688d69970c97df05428635483c0454a4a72cdc52053a50029?s=96&d=mm&r=g","caption":"abiolos"},"url":"https:\/\/lepotentiel.bj\/?author=1"}]}},"_links":{"self":[{"href":"https:\/\/lepotentiel.bj\/index.php?rest_route=\/wp\/v2\/posts\/18811","targetHints":{"allow":["GET"]}}],"collection":[{"href":"https:\/\/lepotentiel.bj\/index.php?rest_route=\/wp\/v2\/posts"}],"about":[{"href":"https:\/\/lepotentiel.bj\/index.php?rest_route=\/wp\/v2\/types\/post"}],"author":[{"embeddable":true,"href":"https:\/\/lepotentiel.bj\/index.php?rest_route=\/wp\/v2\/users\/1"}],"replies":[{"embeddable":true,"href":"https:\/\/lepotentiel.bj\/index.php?rest_route=%2Fwp%2Fv2%2Fcomments&post=18811"}],"version-history":[{"count":0,"href":"https:\/\/lepotentiel.bj\/index.php?rest_route=\/wp\/v2\/posts\/18811\/revisions"}],"wp:featuredmedia":[{"embeddable":true,"href":"https:\/\/lepotentiel.bj\/index.php?rest_route=\/"}],"wp:attachment":[{"href":"https:\/\/lepotentiel.bj\/index.php?rest_route=%2Fwp%2Fv2%2Fmedia&parent=18811"}],"wp:term":[{"taxonomy":"category","embeddable":true,"href":"https:\/\/lepotentiel.bj\/index.php?rest_route=%2Fwp%2Fv2%2Fcategories&post=18811"},{"taxonomy":"post_tag","embeddable":true,"href":"https:\/\/lepotentiel.bj\/index.php?rest_route=%2Fwp%2Fv2%2Ftags&post=18811"}],"curies":[{"name":"wp","href":"https:\/\/api.w.org\/{rel}","templated":true}]}}