{"id":19047,"date":"2021-08-09T22:02:17","date_gmt":"2021-08-09T21:02:17","guid":{"rendered":"https:\/\/lepotentiel.bj\/?p=19047"},"modified":"2021-08-09T22:02:17","modified_gmt":"2021-08-09T21:02:17","slug":"criet-le-proces-de-hountondji-et-tamegnon-renvoye-au-25-octobre","status":"publish","type":"post","link":"https:\/\/lepotentiel.bj\/?p=19047","title":{"rendered":"Criet : le proc\u00e8s de Hountondji et Tam\u00e8gnon renvoy\u00e9 au 25 octobre"},"content":{"rendered":"\n<p>Le proc\u00e8s de Alexandre Hountondji et Joseph Tam\u00e9gnon s\u2019est ouvert ce lundi 09 ao\u00fbt 2021 \u00e0 la Cour de R\u00e9pression des Infractions Economique et du Terrorisme (Criet). Les deux opposants sont poursuivis par la justice \u00e0 la suite des manifestations survenus la veille des \u00e9lections pr\u00e9sidentiels derniers. Des violences qui ont donn\u00e9 naissance dans plusieurs villes du B\u00e9nin, \u00e0 des actes de vandalisme et de r\u00e9sistance \u00e0 l\u2019arm\u00e9. <\/p>\n\n\n\n<p>En effet le Mouvement de l\u2019opposition radicale qu\u2019ils dirigent, est n\u00e9 dans le cadre des \u00e9lections pr\u00e9sidentielles et s\u2019opposait notamment \u00e0 la prorogation d\u2019environ 45 jours, du 1er mandat du chef de l\u2019Etat Patrice Talon. L\u2019audience qui a d\u00e9marr\u00e9 \u00e0 10h33, a \u00e9t\u00e9 renvoy\u00e9e par la cour au 25 octobre 2021.<\/p>\n\n\n\n<p>Pour rappel, Alexandre Hountondji et Joseph Tam\u00e9gnon furent respectivement ministre et directeur g\u00e9n\u00e9ral de la Soci\u00e9t\u00e9 de Gestion des March\u00e9s Autonomes (Sogema) sous la pr\u00e9sidence de l\u2019ex pr\u00e9sident de la r\u00e9publique, Thomas Boni Yayi.<\/p>\n\n\n\n<p class=\"has-text-align-right\"><strong>Justelaine Akefouin (Stg)<\/strong><\/p>\n","protected":false},"excerpt":{"rendered":"<p>Le proc\u00e8s de Alexandre Hountondji et Joseph Tam\u00e9gnon s\u2019est ouvert ce lundi 09 ao\u00fbt 2021 \u00e0 la Cour de R\u00e9pression des Infractions Economique et du Terrorisme (Criet). Les deux opposants sont poursuivis par la justice \u00e0 la suite des manifestations survenus la veille des \u00e9lections pr\u00e9sidentiels derniers. Des violences qui ont donn\u00e9 naissance dans plusieurs [&hellip;]<\/p>\n","protected":false},"author":1,"featured_media":19048,"comment_status":"open","ping_status":"open","sticky":false,"template":"","format":"standard","meta":{"footnotes":""},"categories":[1358],"tags":[13410],"class_list":["post-19047","post","type-post","status-publish","format-standard","has-post-thumbnail","hentry","category-justice","tag-criet-proces-alexandre-hountondji-et-joseph-tamegnon"],"yoast_head":"<!-- This site is optimized with the Yoast SEO plugin v28.2 - https:\/\/yoast.com\/product\/yoast-seo-wordpress\/ -->\n<title>Criet : le proc\u00e8s de Hountondji et Tam\u00e8gnon renvoy\u00e9 au 25 octobre - Le Potentiel<\/title>\n<meta name=\"robots\" content=\"index, follow, max-snippet:-1, max-image-preview:large, max-video-preview:-1\" \/>\n<link rel=\"canonical\" href=\"https:\/\/lepotentiel.bj\/?p=19047\" \/>\n<meta property=\"og:locale\" content=\"fr_FR\" \/>\n<meta property=\"og:type\" content=\"article\" \/>\n<meta property=\"og:title\" content=\"Criet : le proc\u00e8s de Hountondji et Tam\u00e8gnon renvoy\u00e9 au 25 octobre - Le Potentiel\" \/>\n<meta property=\"og:description\" content=\"Le proc\u00e8s de Alexandre Hountondji et Joseph Tam\u00e9gnon s\u2019est ouvert ce lundi 09 ao\u00fbt 2021 \u00e0 la Cour de R\u00e9pression des Infractions Economique et du Terrorisme (Criet). Les deux opposants sont poursuivis par la justice \u00e0 la suite des manifestations survenus la veille des \u00e9lections pr\u00e9sidentiels derniers. Des violences qui ont donn\u00e9 naissance dans plusieurs [&hellip;]\" \/>\n<meta property=\"og:url\" content=\"https:\/\/lepotentiel.bj\/?p=19047\" \/>\n<meta property=\"og:site_name\" content=\"Le Potentiel\" \/>\n<meta property=\"article:published_time\" content=\"2021-08-09T21:02:17+00:00\" \/>\n<meta name=\"author\" content=\"abiolos\" \/>\n<meta name=\"twitter:card\" content=\"summary_large_image\" \/>\n<meta name=\"twitter:label1\" content=\"\u00c9crit par\" \/>\n\t<meta name=\"twitter:data1\" content=\"abiolos\" \/>\n\t<meta name=\"twitter:label2\" content=\"Dur\u00e9e de lecture estim\u00e9e\" \/>\n\t<meta name=\"twitter:data2\" content=\"1 minute\" \/>\n<script type=\"application\/ld+json\" class=\"yoast-schema-graph\">{\"@context\":\"https:\\\/\\\/schema.org\",\"@graph\":[{\"@type\":\"Article\",\"@id\":\"https:\\\/\\\/lepotentiel.bj\\\/?p=19047#article\",\"isPartOf\":{\"@id\":\"https:\\\/\\\/lepotentiel.bj\\\/?p=19047\"},\"author\":{\"name\":\"abiolos\",\"@id\":\"https:\\\/\\\/lepotentiel.bj\\\/#\\\/schema\\\/person\\\/be28cc6627953a4c37d8ff6f77ab1931\"},\"headline\":\"Criet : le proc\u00e8s de Hountondji et Tam\u00e8gnon renvoy\u00e9 au 25 octobre\",\"datePublished\":\"2021-08-09T21:02:17+00:00\",\"mainEntityOfPage\":{\"@id\":\"https:\\\/\\\/lepotentiel.bj\\\/?p=19047\"},\"wordCount\":184,\"commentCount\":0,\"publisher\":{\"@id\":\"https:\\\/\\\/lepotentiel.bj\\\/#organization\"},\"image\":{\"@id\":\"https:\\\/\\\/lepotentiel.bj\\\/?p=19047#primaryimage\"},\"thumbnailUrl\":\"\",\"keywords\":[\"Criet proc\u00e8s Alexandre Hountondji et Joseph Tam\u00e9gnon\"],\"articleSection\":[\"Justice\"],\"inLanguage\":\"fr-FR\",\"potentialAction\":[{\"@type\":\"CommentAction\",\"name\":\"Comment\",\"target\":[\"https:\\\/\\\/lepotentiel.bj\\\/?p=19047#respond\"]}]},{\"@type\":\"WebPage\",\"@id\":\"https:\\\/\\\/lepotentiel.bj\\\/?p=19047\",\"url\":\"https:\\\/\\\/lepotentiel.bj\\\/?p=19047\",\"name\":\"Criet : le proc\u00e8s de Hountondji et Tam\u00e8gnon renvoy\u00e9 au 25 octobre - Le Potentiel\",\"isPartOf\":{\"@id\":\"https:\\\/\\\/lepotentiel.bj\\\/#website\"},\"primaryImageOfPage\":{\"@id\":\"https:\\\/\\\/lepotentiel.bj\\\/?p=19047#primaryimage\"},\"image\":{\"@id\":\"https:\\\/\\\/lepotentiel.bj\\\/?p=19047#primaryimage\"},\"thumbnailUrl\":\"\",\"datePublished\":\"2021-08-09T21:02:17+00:00\",\"breadcrumb\":{\"@id\":\"https:\\\/\\\/lepotentiel.bj\\\/?p=19047#breadcrumb\"},\"inLanguage\":\"fr-FR\",\"potentialAction\":[{\"@type\":\"ReadAction\",\"target\":[\"https:\\\/\\\/lepotentiel.bj\\\/?p=19047\"]}]},{\"@type\":\"ImageObject\",\"inLanguage\":\"fr-FR\",\"@id\":\"https:\\\/\\\/lepotentiel.bj\\\/?p=19047#primaryimage\",\"url\":\"\",\"contentUrl\":\"\"},{\"@type\":\"BreadcrumbList\",\"@id\":\"https:\\\/\\\/lepotentiel.bj\\\/?p=19047#breadcrumb\",\"itemListElement\":[{\"@type\":\"ListItem\",\"position\":1,\"name\":\"Accueil\",\"item\":\"https:\\\/\\\/lepotentiel.bj\\\/\"},{\"@type\":\"ListItem\",\"position\":2,\"name\":\"Criet : le proc\u00e8s de Hountondji et Tam\u00e8gnon renvoy\u00e9 au 25 octobre\"}]},{\"@type\":\"WebSite\",\"@id\":\"https:\\\/\\\/lepotentiel.bj\\\/#website\",\"url\":\"https:\\\/\\\/lepotentiel.bj\\\/\",\"name\":\"Le Potentiel\",\"description\":\"Le Potentiel, au service de l\u2019information, nous sommes les fantassins du droit de savoir\",\"publisher\":{\"@id\":\"https:\\\/\\\/lepotentiel.bj\\\/#organization\"},\"potentialAction\":[{\"@type\":\"SearchAction\",\"target\":{\"@type\":\"EntryPoint\",\"urlTemplate\":\"https:\\\/\\\/lepotentiel.bj\\\/?s={search_term_string}\"},\"query-input\":{\"@type\":\"PropertyValueSpecification\",\"valueRequired\":true,\"valueName\":\"search_term_string\"}}],\"inLanguage\":\"fr-FR\"},{\"@type\":\"Organization\",\"@id\":\"https:\\\/\\\/lepotentiel.bj\\\/#organization\",\"name\":\"Le Potentiel\",\"url\":\"https:\\\/\\\/lepotentiel.bj\\\/\",\"logo\":{\"@type\":\"ImageObject\",\"inLanguage\":\"fr-FR\",\"@id\":\"https:\\\/\\\/lepotentiel.bj\\\/#\\\/schema\\\/logo\\\/image\\\/\",\"url\":\"https:\\\/\\\/lepotentiel.bj\\\/wp-content\\\/uploads\\\/2023\\\/12\\\/logo-pot.jpg\",\"contentUrl\":\"https:\\\/\\\/lepotentiel.bj\\\/wp-content\\\/uploads\\\/2023\\\/12\\\/logo-pot.jpg\",\"width\":562,\"height\":84,\"caption\":\"Le Potentiel\"},\"image\":{\"@id\":\"https:\\\/\\\/lepotentiel.bj\\\/#\\\/schema\\\/logo\\\/image\\\/\"}},{\"@type\":\"Person\",\"@id\":\"https:\\\/\\\/lepotentiel.bj\\\/#\\\/schema\\\/person\\\/be28cc6627953a4c37d8ff6f77ab1931\",\"name\":\"abiolos\",\"image\":{\"@type\":\"ImageObject\",\"inLanguage\":\"fr-FR\",\"@id\":\"https:\\\/\\\/secure.gravatar.com\\\/avatar\\\/dd78717a6cfbb73688d69970c97df05428635483c0454a4a72cdc52053a50029?s=96&d=mm&r=g\",\"url\":\"https:\\\/\\\/secure.gravatar.com\\\/avatar\\\/dd78717a6cfbb73688d69970c97df05428635483c0454a4a72cdc52053a50029?s=96&d=mm&r=g\",\"contentUrl\":\"https:\\\/\\\/secure.gravatar.com\\\/avatar\\\/dd78717a6cfbb73688d69970c97df05428635483c0454a4a72cdc52053a50029?s=96&d=mm&r=g\",\"caption\":\"abiolos\"},\"url\":\"https:\\\/\\\/lepotentiel.bj\\\/?author=1\"}]}<\/script>\n<!-- \/ Yoast SEO plugin. -->","yoast_head_json":{"title":"Criet : le proc\u00e8s de Hountondji et Tam\u00e8gnon renvoy\u00e9 au 25 octobre - Le Potentiel","robots":{"index":"index","follow":"follow","max-snippet":"max-snippet:-1","max-image-preview":"max-image-preview:large","max-video-preview":"max-video-preview:-1"},"canonical":"https:\/\/lepotentiel.bj\/?p=19047","og_locale":"fr_FR","og_type":"article","og_title":"Criet : le proc\u00e8s de Hountondji et Tam\u00e8gnon renvoy\u00e9 au 25 octobre - Le Potentiel","og_description":"Le proc\u00e8s de Alexandre Hountondji et Joseph Tam\u00e9gnon s\u2019est ouvert ce lundi 09 ao\u00fbt 2021 \u00e0 la Cour de R\u00e9pression des Infractions Economique et du Terrorisme (Criet). Les deux opposants sont poursuivis par la justice \u00e0 la suite des manifestations survenus la veille des \u00e9lections pr\u00e9sidentiels derniers. Des violences qui ont donn\u00e9 naissance dans plusieurs [&hellip;]","og_url":"https:\/\/lepotentiel.bj\/?p=19047","og_site_name":"Le Potentiel","article_published_time":"2021-08-09T21:02:17+00:00","author":"abiolos","twitter_card":"summary_large_image","twitter_misc":{"\u00c9crit par":"abiolos","Dur\u00e9e de lecture estim\u00e9e":"1 minute"},"schema":{"@context":"https:\/\/schema.org","@graph":[{"@type":"Article","@id":"https:\/\/lepotentiel.bj\/?p=19047#article","isPartOf":{"@id":"https:\/\/lepotentiel.bj\/?p=19047"},"author":{"name":"abiolos","@id":"https:\/\/lepotentiel.bj\/#\/schema\/person\/be28cc6627953a4c37d8ff6f77ab1931"},"headline":"Criet : le proc\u00e8s de Hountondji et Tam\u00e8gnon renvoy\u00e9 au 25 octobre","datePublished":"2021-08-09T21:02:17+00:00","mainEntityOfPage":{"@id":"https:\/\/lepotentiel.bj\/?p=19047"},"wordCount":184,"commentCount":0,"publisher":{"@id":"https:\/\/lepotentiel.bj\/#organization"},"image":{"@id":"https:\/\/lepotentiel.bj\/?p=19047#primaryimage"},"thumbnailUrl":"","keywords":["Criet proc\u00e8s Alexandre Hountondji et Joseph Tam\u00e9gnon"],"articleSection":["Justice"],"inLanguage":"fr-FR","potentialAction":[{"@type":"CommentAction","name":"Comment","target":["https:\/\/lepotentiel.bj\/?p=19047#respond"]}]},{"@type":"WebPage","@id":"https:\/\/lepotentiel.bj\/?p=19047","url":"https:\/\/lepotentiel.bj\/?p=19047","name":"Criet : le proc\u00e8s de Hountondji et Tam\u00e8gnon renvoy\u00e9 au 25 octobre - Le Potentiel","isPartOf":{"@id":"https:\/\/lepotentiel.bj\/#website"},"primaryImageOfPage":{"@id":"https:\/\/lepotentiel.bj\/?p=19047#primaryimage"},"image":{"@id":"https:\/\/lepotentiel.bj\/?p=19047#primaryimage"},"thumbnailUrl":"","datePublished":"2021-08-09T21:02:17+00:00","breadcrumb":{"@id":"https:\/\/lepotentiel.bj\/?p=19047#breadcrumb"},"inLanguage":"fr-FR","potentialAction":[{"@type":"ReadAction","target":["https:\/\/lepotentiel.bj\/?p=19047"]}]},{"@type":"ImageObject","inLanguage":"fr-FR","@id":"https:\/\/lepotentiel.bj\/?p=19047#primaryimage","url":"","contentUrl":""},{"@type":"BreadcrumbList","@id":"https:\/\/lepotentiel.bj\/?p=19047#breadcrumb","itemListElement":[{"@type":"ListItem","position":1,"name":"Accueil","item":"https:\/\/lepotentiel.bj\/"},{"@type":"ListItem","position":2,"name":"Criet : le proc\u00e8s de Hountondji et Tam\u00e8gnon renvoy\u00e9 au 25 octobre"}]},{"@type":"WebSite","@id":"https:\/\/lepotentiel.bj\/#website","url":"https:\/\/lepotentiel.bj\/","name":"Le Potentiel","description":"Le Potentiel, au service de l\u2019information, nous sommes les fantassins du droit de savoir","publisher":{"@id":"https:\/\/lepotentiel.bj\/#organization"},"potentialAction":[{"@type":"SearchAction","target":{"@type":"EntryPoint","urlTemplate":"https:\/\/lepotentiel.bj\/?s={search_term_string}"},"query-input":{"@type":"PropertyValueSpecification","valueRequired":true,"valueName":"search_term_string"}}],"inLanguage":"fr-FR"},{"@type":"Organization","@id":"https:\/\/lepotentiel.bj\/#organization","name":"Le Potentiel","url":"https:\/\/lepotentiel.bj\/","logo":{"@type":"ImageObject","inLanguage":"fr-FR","@id":"https:\/\/lepotentiel.bj\/#\/schema\/logo\/image\/","url":"https:\/\/lepotentiel.bj\/wp-content\/uploads\/2023\/12\/logo-pot.jpg","contentUrl":"https:\/\/lepotentiel.bj\/wp-content\/uploads\/2023\/12\/logo-pot.jpg","width":562,"height":84,"caption":"Le Potentiel"},"image":{"@id":"https:\/\/lepotentiel.bj\/#\/schema\/logo\/image\/"}},{"@type":"Person","@id":"https:\/\/lepotentiel.bj\/#\/schema\/person\/be28cc6627953a4c37d8ff6f77ab1931","name":"abiolos","image":{"@type":"ImageObject","inLanguage":"fr-FR","@id":"https:\/\/secure.gravatar.com\/avatar\/dd78717a6cfbb73688d69970c97df05428635483c0454a4a72cdc52053a50029?s=96&d=mm&r=g","url":"https:\/\/secure.gravatar.com\/avatar\/dd78717a6cfbb73688d69970c97df05428635483c0454a4a72cdc52053a50029?s=96&d=mm&r=g","contentUrl":"https:\/\/secure.gravatar.com\/avatar\/dd78717a6cfbb73688d69970c97df05428635483c0454a4a72cdc52053a50029?s=96&d=mm&r=g","caption":"abiolos"},"url":"https:\/\/lepotentiel.bj\/?author=1"}]}},"_links":{"self":[{"href":"https:\/\/lepotentiel.bj\/index.php?rest_route=\/wp\/v2\/posts\/19047","targetHints":{"allow":["GET"]}}],"collection":[{"href":"https:\/\/lepotentiel.bj\/index.php?rest_route=\/wp\/v2\/posts"}],"about":[{"href":"https:\/\/lepotentiel.bj\/index.php?rest_route=\/wp\/v2\/types\/post"}],"author":[{"embeddable":true,"href":"https:\/\/lepotentiel.bj\/index.php?rest_route=\/wp\/v2\/users\/1"}],"replies":[{"embeddable":true,"href":"https:\/\/lepotentiel.bj\/index.php?rest_route=%2Fwp%2Fv2%2Fcomments&post=19047"}],"version-history":[{"count":0,"href":"https:\/\/lepotentiel.bj\/index.php?rest_route=\/wp\/v2\/posts\/19047\/revisions"}],"wp:featuredmedia":[{"embeddable":true,"href":"https:\/\/lepotentiel.bj\/index.php?rest_route=\/"}],"wp:attachment":[{"href":"https:\/\/lepotentiel.bj\/index.php?rest_route=%2Fwp%2Fv2%2Fmedia&parent=19047"}],"wp:term":[{"taxonomy":"category","embeddable":true,"href":"https:\/\/lepotentiel.bj\/index.php?rest_route=%2Fwp%2Fv2%2Fcategories&post=19047"},{"taxonomy":"post_tag","embeddable":true,"href":"https:\/\/lepotentiel.bj\/index.php?rest_route=%2Fwp%2Fv2%2Ftags&post=19047"}],"curies":[{"name":"wp","href":"https:\/\/api.w.org\/{rel}","templated":true}]}}