{"id":19057,"date":"2021-08-10T11:39:05","date_gmt":"2021-08-10T10:39:05","guid":{"rendered":"https:\/\/lepotentiel.bj\/?p=19057"},"modified":"2021-08-10T11:39:05","modified_gmt":"2021-08-10T10:39:05","slug":"affaire-bastonnade-6-ministres-ont-plaide-coupables-la-raison-du-renvoi-du-proces-connue","status":"publish","type":"post","link":"https:\/\/lepotentiel.bj\/?p=19057","title":{"rendered":"Affaire \u00ab\u00a0bastonnade\u00a0\u00bb : 6 ministres ont plaid\u00e9 coupables, la raison du renvoi du proc\u00e8s connue"},"content":{"rendered":"\n<p><strong><em>L&#8217;empereur mondial Owolob\u00e8 et ses huit (8) ministres ne sont plus situ\u00e9s sur leur sort dans le dossier de flagrant d\u00e9lit relatif \u00e0 l&rsquo;affaire \u00ab\u00a0bastonnade d&rsquo;un jeune homme au palais royal de la confr\u00e9rie Ogboni\u00a0\u00bb. Le dossier est renvoy\u00e9 au 7 septembre prochain.<\/em><\/strong><\/p>\n\n\n\n<p>Au tribunal de premi\u00e8re instance de premi\u00e8re classe ce 10 ao\u00fbt 2021, l&rsquo;audience a d\u00e9marr\u00e9 \u00e0 9h39 minutes. Les neuf (9) accus\u00e9s \u00e9taient tous pr\u00e9sents sauf la victime qui est toujours aux soins intensifs. Sur les 9 pr\u00e9venus, 6 ont reconnu les faits et plaid\u00e9 coupables. L&#8217;empereur mondial et deux (2) des ministres n&rsquo;ont pas reconnu les faits.<\/p>\n\n\n\n<p>D&rsquo;apr\u00e8s nos recoupements, le renvoi du proc\u00e8s se justifie par l&rsquo;absence de la victime. Ce qui ne pourra pas favoriser la contradiction dans le dossier.<\/p>\n","protected":false},"excerpt":{"rendered":"<p>L&#8217;empereur mondial Owolob\u00e8 et ses huit (8) ministres ne sont plus situ\u00e9s sur leur sort dans le dossier de flagrant d\u00e9lit relatif \u00e0 l&rsquo;affaire \u00ab\u00a0bastonnade d&rsquo;un jeune homme au palais royal de la confr\u00e9rie Ogboni\u00a0\u00bb. Le dossier est renvoy\u00e9 au 7 septembre prochain. Au tribunal de premi\u00e8re instance de premi\u00e8re classe ce 10 ao\u00fbt 2021, [&hellip;]<\/p>\n","protected":false},"author":1,"featured_media":5476,"comment_status":"open","ping_status":"open","sticky":false,"template":"","format":"standard","meta":{"footnotes":""},"categories":[1358],"tags":[13412],"class_list":["post-19057","post","type-post","status-publish","format-standard","has-post-thumbnail","hentry","category-justice","tag-affaire-bastonnade-2"],"yoast_head":"<!-- This site is optimized with the Yoast SEO plugin v28.2 - https:\/\/yoast.com\/product\/yoast-seo-wordpress\/ -->\n<title>Affaire &quot;bastonnade&quot; : 6 ministres ont plaid\u00e9 coupables, la raison du renvoi du proc\u00e8s connue - Le Potentiel<\/title>\n<meta name=\"robots\" content=\"index, follow, max-snippet:-1, max-image-preview:large, max-video-preview:-1\" \/>\n<link rel=\"canonical\" href=\"https:\/\/lepotentiel.bj\/?p=19057\" \/>\n<meta property=\"og:locale\" content=\"fr_FR\" \/>\n<meta property=\"og:type\" content=\"article\" \/>\n<meta property=\"og:title\" content=\"Affaire &quot;bastonnade&quot; : 6 ministres ont plaid\u00e9 coupables, la raison du renvoi du proc\u00e8s connue - Le Potentiel\" \/>\n<meta property=\"og:description\" content=\"L&#8217;empereur mondial Owolob\u00e8 et ses huit (8) ministres ne sont plus situ\u00e9s sur leur sort dans le dossier de flagrant d\u00e9lit relatif \u00e0 l&rsquo;affaire \u00ab\u00a0bastonnade d&rsquo;un jeune homme au palais royal de la confr\u00e9rie Ogboni\u00a0\u00bb. Le dossier est renvoy\u00e9 au 7 septembre prochain. Au tribunal de premi\u00e8re instance de premi\u00e8re classe ce 10 ao\u00fbt 2021, [&hellip;]\" \/>\n<meta property=\"og:url\" content=\"https:\/\/lepotentiel.bj\/?p=19057\" \/>\n<meta property=\"og:site_name\" content=\"Le Potentiel\" \/>\n<meta property=\"article:published_time\" content=\"2021-08-10T10:39:05+00:00\" \/>\n<meta name=\"author\" content=\"abiolos\" \/>\n<meta name=\"twitter:card\" content=\"summary_large_image\" \/>\n<meta name=\"twitter:label1\" content=\"\u00c9crit par\" \/>\n\t<meta name=\"twitter:data1\" content=\"abiolos\" \/>\n\t<meta name=\"twitter:label2\" content=\"Dur\u00e9e de lecture estim\u00e9e\" \/>\n\t<meta name=\"twitter:data2\" content=\"1 minute\" \/>\n<script type=\"application\/ld+json\" class=\"yoast-schema-graph\">{\"@context\":\"https:\\\/\\\/schema.org\",\"@graph\":[{\"@type\":\"Article\",\"@id\":\"https:\\\/\\\/lepotentiel.bj\\\/?p=19057#article\",\"isPartOf\":{\"@id\":\"https:\\\/\\\/lepotentiel.bj\\\/?p=19057\"},\"author\":{\"name\":\"abiolos\",\"@id\":\"https:\\\/\\\/lepotentiel.bj\\\/#\\\/schema\\\/person\\\/be28cc6627953a4c37d8ff6f77ab1931\"},\"headline\":\"Affaire \u00ab\u00a0bastonnade\u00a0\u00bb : 6 ministres ont plaid\u00e9 coupables, la raison du renvoi du proc\u00e8s connue\",\"datePublished\":\"2021-08-10T10:39:05+00:00\",\"mainEntityOfPage\":{\"@id\":\"https:\\\/\\\/lepotentiel.bj\\\/?p=19057\"},\"wordCount\":142,\"commentCount\":0,\"publisher\":{\"@id\":\"https:\\\/\\\/lepotentiel.bj\\\/#organization\"},\"image\":{\"@id\":\"https:\\\/\\\/lepotentiel.bj\\\/?p=19057#primaryimage\"},\"thumbnailUrl\":\"\",\"keywords\":[\"Affaire bastonnade\"],\"articleSection\":[\"Justice\"],\"inLanguage\":\"fr-FR\",\"potentialAction\":[{\"@type\":\"CommentAction\",\"name\":\"Comment\",\"target\":[\"https:\\\/\\\/lepotentiel.bj\\\/?p=19057#respond\"]}]},{\"@type\":\"WebPage\",\"@id\":\"https:\\\/\\\/lepotentiel.bj\\\/?p=19057\",\"url\":\"https:\\\/\\\/lepotentiel.bj\\\/?p=19057\",\"name\":\"Affaire \\\"bastonnade\\\" : 6 ministres ont plaid\u00e9 coupables, la raison du renvoi du proc\u00e8s connue - Le Potentiel\",\"isPartOf\":{\"@id\":\"https:\\\/\\\/lepotentiel.bj\\\/#website\"},\"primaryImageOfPage\":{\"@id\":\"https:\\\/\\\/lepotentiel.bj\\\/?p=19057#primaryimage\"},\"image\":{\"@id\":\"https:\\\/\\\/lepotentiel.bj\\\/?p=19057#primaryimage\"},\"thumbnailUrl\":\"\",\"datePublished\":\"2021-08-10T10:39:05+00:00\",\"breadcrumb\":{\"@id\":\"https:\\\/\\\/lepotentiel.bj\\\/?p=19057#breadcrumb\"},\"inLanguage\":\"fr-FR\",\"potentialAction\":[{\"@type\":\"ReadAction\",\"target\":[\"https:\\\/\\\/lepotentiel.bj\\\/?p=19057\"]}]},{\"@type\":\"ImageObject\",\"inLanguage\":\"fr-FR\",\"@id\":\"https:\\\/\\\/lepotentiel.bj\\\/?p=19057#primaryimage\",\"url\":\"\",\"contentUrl\":\"\"},{\"@type\":\"BreadcrumbList\",\"@id\":\"https:\\\/\\\/lepotentiel.bj\\\/?p=19057#breadcrumb\",\"itemListElement\":[{\"@type\":\"ListItem\",\"position\":1,\"name\":\"Accueil\",\"item\":\"https:\\\/\\\/lepotentiel.bj\\\/\"},{\"@type\":\"ListItem\",\"position\":2,\"name\":\"Affaire \u00ab\u00a0bastonnade\u00a0\u00bb : 6 ministres ont plaid\u00e9 coupables, la raison du renvoi du proc\u00e8s connue\"}]},{\"@type\":\"WebSite\",\"@id\":\"https:\\\/\\\/lepotentiel.bj\\\/#website\",\"url\":\"https:\\\/\\\/lepotentiel.bj\\\/\",\"name\":\"Le Potentiel\",\"description\":\"Le Potentiel, au service de l\u2019information, nous sommes les fantassins du droit de savoir\",\"publisher\":{\"@id\":\"https:\\\/\\\/lepotentiel.bj\\\/#organization\"},\"potentialAction\":[{\"@type\":\"SearchAction\",\"target\":{\"@type\":\"EntryPoint\",\"urlTemplate\":\"https:\\\/\\\/lepotentiel.bj\\\/?s={search_term_string}\"},\"query-input\":{\"@type\":\"PropertyValueSpecification\",\"valueRequired\":true,\"valueName\":\"search_term_string\"}}],\"inLanguage\":\"fr-FR\"},{\"@type\":\"Organization\",\"@id\":\"https:\\\/\\\/lepotentiel.bj\\\/#organization\",\"name\":\"Le Potentiel\",\"url\":\"https:\\\/\\\/lepotentiel.bj\\\/\",\"logo\":{\"@type\":\"ImageObject\",\"inLanguage\":\"fr-FR\",\"@id\":\"https:\\\/\\\/lepotentiel.bj\\\/#\\\/schema\\\/logo\\\/image\\\/\",\"url\":\"https:\\\/\\\/lepotentiel.bj\\\/wp-content\\\/uploads\\\/2023\\\/12\\\/logo-pot.jpg\",\"contentUrl\":\"https:\\\/\\\/lepotentiel.bj\\\/wp-content\\\/uploads\\\/2023\\\/12\\\/logo-pot.jpg\",\"width\":562,\"height\":84,\"caption\":\"Le Potentiel\"},\"image\":{\"@id\":\"https:\\\/\\\/lepotentiel.bj\\\/#\\\/schema\\\/logo\\\/image\\\/\"}},{\"@type\":\"Person\",\"@id\":\"https:\\\/\\\/lepotentiel.bj\\\/#\\\/schema\\\/person\\\/be28cc6627953a4c37d8ff6f77ab1931\",\"name\":\"abiolos\",\"image\":{\"@type\":\"ImageObject\",\"inLanguage\":\"fr-FR\",\"@id\":\"https:\\\/\\\/secure.gravatar.com\\\/avatar\\\/dd78717a6cfbb73688d69970c97df05428635483c0454a4a72cdc52053a50029?s=96&d=mm&r=g\",\"url\":\"https:\\\/\\\/secure.gravatar.com\\\/avatar\\\/dd78717a6cfbb73688d69970c97df05428635483c0454a4a72cdc52053a50029?s=96&d=mm&r=g\",\"contentUrl\":\"https:\\\/\\\/secure.gravatar.com\\\/avatar\\\/dd78717a6cfbb73688d69970c97df05428635483c0454a4a72cdc52053a50029?s=96&d=mm&r=g\",\"caption\":\"abiolos\"},\"url\":\"https:\\\/\\\/lepotentiel.bj\\\/?author=1\"}]}<\/script>\n<!-- \/ Yoast SEO plugin. -->","yoast_head_json":{"title":"Affaire \"bastonnade\" : 6 ministres ont plaid\u00e9 coupables, la raison du renvoi du proc\u00e8s connue - Le Potentiel","robots":{"index":"index","follow":"follow","max-snippet":"max-snippet:-1","max-image-preview":"max-image-preview:large","max-video-preview":"max-video-preview:-1"},"canonical":"https:\/\/lepotentiel.bj\/?p=19057","og_locale":"fr_FR","og_type":"article","og_title":"Affaire \"bastonnade\" : 6 ministres ont plaid\u00e9 coupables, la raison du renvoi du proc\u00e8s connue - Le Potentiel","og_description":"L&#8217;empereur mondial Owolob\u00e8 et ses huit (8) ministres ne sont plus situ\u00e9s sur leur sort dans le dossier de flagrant d\u00e9lit relatif \u00e0 l&rsquo;affaire \u00ab\u00a0bastonnade d&rsquo;un jeune homme au palais royal de la confr\u00e9rie Ogboni\u00a0\u00bb. Le dossier est renvoy\u00e9 au 7 septembre prochain. Au tribunal de premi\u00e8re instance de premi\u00e8re classe ce 10 ao\u00fbt 2021, [&hellip;]","og_url":"https:\/\/lepotentiel.bj\/?p=19057","og_site_name":"Le Potentiel","article_published_time":"2021-08-10T10:39:05+00:00","author":"abiolos","twitter_card":"summary_large_image","twitter_misc":{"\u00c9crit par":"abiolos","Dur\u00e9e de lecture estim\u00e9e":"1 minute"},"schema":{"@context":"https:\/\/schema.org","@graph":[{"@type":"Article","@id":"https:\/\/lepotentiel.bj\/?p=19057#article","isPartOf":{"@id":"https:\/\/lepotentiel.bj\/?p=19057"},"author":{"name":"abiolos","@id":"https:\/\/lepotentiel.bj\/#\/schema\/person\/be28cc6627953a4c37d8ff6f77ab1931"},"headline":"Affaire \u00ab\u00a0bastonnade\u00a0\u00bb : 6 ministres ont plaid\u00e9 coupables, la raison du renvoi du proc\u00e8s connue","datePublished":"2021-08-10T10:39:05+00:00","mainEntityOfPage":{"@id":"https:\/\/lepotentiel.bj\/?p=19057"},"wordCount":142,"commentCount":0,"publisher":{"@id":"https:\/\/lepotentiel.bj\/#organization"},"image":{"@id":"https:\/\/lepotentiel.bj\/?p=19057#primaryimage"},"thumbnailUrl":"","keywords":["Affaire bastonnade"],"articleSection":["Justice"],"inLanguage":"fr-FR","potentialAction":[{"@type":"CommentAction","name":"Comment","target":["https:\/\/lepotentiel.bj\/?p=19057#respond"]}]},{"@type":"WebPage","@id":"https:\/\/lepotentiel.bj\/?p=19057","url":"https:\/\/lepotentiel.bj\/?p=19057","name":"Affaire \"bastonnade\" : 6 ministres ont plaid\u00e9 coupables, la raison du renvoi du proc\u00e8s connue - Le Potentiel","isPartOf":{"@id":"https:\/\/lepotentiel.bj\/#website"},"primaryImageOfPage":{"@id":"https:\/\/lepotentiel.bj\/?p=19057#primaryimage"},"image":{"@id":"https:\/\/lepotentiel.bj\/?p=19057#primaryimage"},"thumbnailUrl":"","datePublished":"2021-08-10T10:39:05+00:00","breadcrumb":{"@id":"https:\/\/lepotentiel.bj\/?p=19057#breadcrumb"},"inLanguage":"fr-FR","potentialAction":[{"@type":"ReadAction","target":["https:\/\/lepotentiel.bj\/?p=19057"]}]},{"@type":"ImageObject","inLanguage":"fr-FR","@id":"https:\/\/lepotentiel.bj\/?p=19057#primaryimage","url":"","contentUrl":""},{"@type":"BreadcrumbList","@id":"https:\/\/lepotentiel.bj\/?p=19057#breadcrumb","itemListElement":[{"@type":"ListItem","position":1,"name":"Accueil","item":"https:\/\/lepotentiel.bj\/"},{"@type":"ListItem","position":2,"name":"Affaire \u00ab\u00a0bastonnade\u00a0\u00bb : 6 ministres ont plaid\u00e9 coupables, la raison du renvoi du proc\u00e8s connue"}]},{"@type":"WebSite","@id":"https:\/\/lepotentiel.bj\/#website","url":"https:\/\/lepotentiel.bj\/","name":"Le Potentiel","description":"Le Potentiel, au service de l\u2019information, nous sommes les fantassins du droit de savoir","publisher":{"@id":"https:\/\/lepotentiel.bj\/#organization"},"potentialAction":[{"@type":"SearchAction","target":{"@type":"EntryPoint","urlTemplate":"https:\/\/lepotentiel.bj\/?s={search_term_string}"},"query-input":{"@type":"PropertyValueSpecification","valueRequired":true,"valueName":"search_term_string"}}],"inLanguage":"fr-FR"},{"@type":"Organization","@id":"https:\/\/lepotentiel.bj\/#organization","name":"Le Potentiel","url":"https:\/\/lepotentiel.bj\/","logo":{"@type":"ImageObject","inLanguage":"fr-FR","@id":"https:\/\/lepotentiel.bj\/#\/schema\/logo\/image\/","url":"https:\/\/lepotentiel.bj\/wp-content\/uploads\/2023\/12\/logo-pot.jpg","contentUrl":"https:\/\/lepotentiel.bj\/wp-content\/uploads\/2023\/12\/logo-pot.jpg","width":562,"height":84,"caption":"Le Potentiel"},"image":{"@id":"https:\/\/lepotentiel.bj\/#\/schema\/logo\/image\/"}},{"@type":"Person","@id":"https:\/\/lepotentiel.bj\/#\/schema\/person\/be28cc6627953a4c37d8ff6f77ab1931","name":"abiolos","image":{"@type":"ImageObject","inLanguage":"fr-FR","@id":"https:\/\/secure.gravatar.com\/avatar\/dd78717a6cfbb73688d69970c97df05428635483c0454a4a72cdc52053a50029?s=96&d=mm&r=g","url":"https:\/\/secure.gravatar.com\/avatar\/dd78717a6cfbb73688d69970c97df05428635483c0454a4a72cdc52053a50029?s=96&d=mm&r=g","contentUrl":"https:\/\/secure.gravatar.com\/avatar\/dd78717a6cfbb73688d69970c97df05428635483c0454a4a72cdc52053a50029?s=96&d=mm&r=g","caption":"abiolos"},"url":"https:\/\/lepotentiel.bj\/?author=1"}]}},"_links":{"self":[{"href":"https:\/\/lepotentiel.bj\/index.php?rest_route=\/wp\/v2\/posts\/19057","targetHints":{"allow":["GET"]}}],"collection":[{"href":"https:\/\/lepotentiel.bj\/index.php?rest_route=\/wp\/v2\/posts"}],"about":[{"href":"https:\/\/lepotentiel.bj\/index.php?rest_route=\/wp\/v2\/types\/post"}],"author":[{"embeddable":true,"href":"https:\/\/lepotentiel.bj\/index.php?rest_route=\/wp\/v2\/users\/1"}],"replies":[{"embeddable":true,"href":"https:\/\/lepotentiel.bj\/index.php?rest_route=%2Fwp%2Fv2%2Fcomments&post=19057"}],"version-history":[{"count":0,"href":"https:\/\/lepotentiel.bj\/index.php?rest_route=\/wp\/v2\/posts\/19057\/revisions"}],"wp:featuredmedia":[{"embeddable":true,"href":"https:\/\/lepotentiel.bj\/index.php?rest_route=\/"}],"wp:attachment":[{"href":"https:\/\/lepotentiel.bj\/index.php?rest_route=%2Fwp%2Fv2%2Fmedia&parent=19057"}],"wp:term":[{"taxonomy":"category","embeddable":true,"href":"https:\/\/lepotentiel.bj\/index.php?rest_route=%2Fwp%2Fv2%2Fcategories&post=19057"},{"taxonomy":"post_tag","embeddable":true,"href":"https:\/\/lepotentiel.bj\/index.php?rest_route=%2Fwp%2Fv2%2Ftags&post=19057"}],"curies":[{"name":"wp","href":"https:\/\/api.w.org\/{rel}","templated":true}]}}