{"id":20354,"date":"2021-09-26T23:22:55","date_gmt":"2021-09-26T22:22:55","guid":{"rendered":"https:\/\/lepotentiel.bj\/?p=20354"},"modified":"2021-09-26T23:22:55","modified_gmt":"2021-09-26T22:22:55","slug":"dans-une-lettre-adressee-au-chef-de-letat-depuis-les-usa-leon-zoha-salue-lesprit-de-paix-et-de-dialogue-de-talon","status":"publish","type":"post","link":"https:\/\/lepotentiel.bj\/?p=20354","title":{"rendered":"Dans une lettre adress\u00e9e au Chef de l\u2019Etat depuis les USA : L\u00e9on Zoha salue l\u2019esprit de paix et de dialogue de Talon"},"content":{"rendered":"\n<p>Dans une lettre adress\u00e9e ce 26 septembre 2021 au chef de l\u2019Etat, l\u2019ancien Directeur des Arts et du Livre, L\u00e9on Zoha f\u00e9licite et encourage le pr\u00e9sident Patrice Talon pour sa disponibilit\u00e9 au dialogue et \u00e0 la coh\u00e9sion nationale.<\/p>\n\n\n\n<p class=\"has-text-align-center\"><img decoding=\"async\" class=\"wp-image-20355\" style=\"width: 350px;\" src=\"https:\/\/lepotentiel.bj\/wp-content\/uploads\/2021\/09\/Screenshot_20210926-231003.png\" alt=\"\"><\/p>\n\n\n\n<p class=\"has-text-align-center\"><img decoding=\"async\" class=\"wp-image-20356\" style=\"width: 350px;\" src=\"https:\/\/lepotentiel.bj\/wp-content\/uploads\/2021\/09\/Screenshot_20210926-231024.png\" alt=\"\"><\/p>\n","protected":false},"excerpt":{"rendered":"<p>Dans une lettre adress\u00e9e ce 26 septembre 2021 au chef de l\u2019Etat, l\u2019ancien Directeur des Arts et du Livre, L\u00e9on Zoha f\u00e9licite et encourage le pr\u00e9sident Patrice Talon pour sa disponibilit\u00e9 au dialogue et \u00e0 la coh\u00e9sion nationale.<\/p>\n","protected":false},"author":1,"featured_media":20357,"comment_status":"open","ping_status":"open","sticky":false,"template":"","format":"standard","meta":{"footnotes":""},"categories":[34],"tags":[13969,13970],"class_list":["post-20354","post","type-post","status-publish","format-standard","has-post-thumbnail","hentry","category-actualite","tag-lettre-leon-zoha","tag-rencontre-talon-yayi-lettre-leon-zoha"],"yoast_head":"<!-- This site is optimized with the Yoast SEO plugin v28.2 - https:\/\/yoast.com\/product\/yoast-seo-wordpress\/ -->\n<title>Dans une lettre adress\u00e9e au Chef de l\u2019Etat depuis les USA : L\u00e9on Zoha salue l\u2019esprit de paix et de dialogue de Talon - Le Potentiel<\/title>\n<meta name=\"robots\" content=\"index, follow, max-snippet:-1, max-image-preview:large, max-video-preview:-1\" \/>\n<link rel=\"canonical\" href=\"https:\/\/lepotentiel.bj\/?p=20354\" \/>\n<meta property=\"og:locale\" content=\"fr_FR\" \/>\n<meta property=\"og:type\" content=\"article\" \/>\n<meta property=\"og:title\" content=\"Dans une lettre adress\u00e9e au Chef de l\u2019Etat depuis les USA : L\u00e9on Zoha salue l\u2019esprit de paix et de dialogue de Talon - Le Potentiel\" \/>\n<meta property=\"og:description\" content=\"Dans une lettre adress\u00e9e ce 26 septembre 2021 au chef de l\u2019Etat, l\u2019ancien Directeur des Arts et du Livre, L\u00e9on Zoha f\u00e9licite et encourage le pr\u00e9sident Patrice Talon pour sa disponibilit\u00e9 au dialogue et \u00e0 la coh\u00e9sion nationale.\" \/>\n<meta property=\"og:url\" content=\"https:\/\/lepotentiel.bj\/?p=20354\" \/>\n<meta property=\"og:site_name\" content=\"Le Potentiel\" \/>\n<meta property=\"article:published_time\" content=\"2021-09-26T22:22:55+00:00\" \/>\n<meta name=\"author\" content=\"abiolos\" \/>\n<meta name=\"twitter:card\" content=\"summary_large_image\" \/>\n<meta name=\"twitter:label1\" content=\"\u00c9crit par\" \/>\n\t<meta name=\"twitter:data1\" content=\"abiolos\" \/>\n<script type=\"application\/ld+json\" class=\"yoast-schema-graph\">{\"@context\":\"https:\\\/\\\/schema.org\",\"@graph\":[{\"@type\":\"Article\",\"@id\":\"https:\\\/\\\/lepotentiel.bj\\\/?p=20354#article\",\"isPartOf\":{\"@id\":\"https:\\\/\\\/lepotentiel.bj\\\/?p=20354\"},\"author\":{\"name\":\"abiolos\",\"@id\":\"https:\\\/\\\/lepotentiel.bj\\\/#\\\/schema\\\/person\\\/be28cc6627953a4c37d8ff6f77ab1931\"},\"headline\":\"Dans une lettre adress\u00e9e au Chef de l\u2019Etat depuis les USA : L\u00e9on Zoha salue l\u2019esprit de paix et de dialogue de Talon\",\"datePublished\":\"2021-09-26T22:22:55+00:00\",\"mainEntityOfPage\":{\"@id\":\"https:\\\/\\\/lepotentiel.bj\\\/?p=20354\"},\"wordCount\":68,\"commentCount\":0,\"publisher\":{\"@id\":\"https:\\\/\\\/lepotentiel.bj\\\/#organization\"},\"image\":{\"@id\":\"https:\\\/\\\/lepotentiel.bj\\\/?p=20354#primaryimage\"},\"thumbnailUrl\":\"\",\"keywords\":[\"Lettre L\u00e9on Zoha\",\"Rencontre Talon-Yayi lettre L\u00e9on Zoha\"],\"articleSection\":[\"Actualit\u00e9\"],\"inLanguage\":\"fr-FR\",\"potentialAction\":[{\"@type\":\"CommentAction\",\"name\":\"Comment\",\"target\":[\"https:\\\/\\\/lepotentiel.bj\\\/?p=20354#respond\"]}]},{\"@type\":\"WebPage\",\"@id\":\"https:\\\/\\\/lepotentiel.bj\\\/?p=20354\",\"url\":\"https:\\\/\\\/lepotentiel.bj\\\/?p=20354\",\"name\":\"Dans une lettre adress\u00e9e au Chef de l\u2019Etat depuis les USA : L\u00e9on Zoha salue l\u2019esprit de paix et de dialogue de Talon - Le Potentiel\",\"isPartOf\":{\"@id\":\"https:\\\/\\\/lepotentiel.bj\\\/#website\"},\"primaryImageOfPage\":{\"@id\":\"https:\\\/\\\/lepotentiel.bj\\\/?p=20354#primaryimage\"},\"image\":{\"@id\":\"https:\\\/\\\/lepotentiel.bj\\\/?p=20354#primaryimage\"},\"thumbnailUrl\":\"\",\"datePublished\":\"2021-09-26T22:22:55+00:00\",\"breadcrumb\":{\"@id\":\"https:\\\/\\\/lepotentiel.bj\\\/?p=20354#breadcrumb\"},\"inLanguage\":\"fr-FR\",\"potentialAction\":[{\"@type\":\"ReadAction\",\"target\":[\"https:\\\/\\\/lepotentiel.bj\\\/?p=20354\"]}]},{\"@type\":\"ImageObject\",\"inLanguage\":\"fr-FR\",\"@id\":\"https:\\\/\\\/lepotentiel.bj\\\/?p=20354#primaryimage\",\"url\":\"\",\"contentUrl\":\"\"},{\"@type\":\"BreadcrumbList\",\"@id\":\"https:\\\/\\\/lepotentiel.bj\\\/?p=20354#breadcrumb\",\"itemListElement\":[{\"@type\":\"ListItem\",\"position\":1,\"name\":\"Accueil\",\"item\":\"https:\\\/\\\/lepotentiel.bj\\\/\"},{\"@type\":\"ListItem\",\"position\":2,\"name\":\"Dans une lettre adress\u00e9e au Chef de l\u2019Etat depuis les USA : L\u00e9on Zoha salue l\u2019esprit de paix et de dialogue de Talon\"}]},{\"@type\":\"WebSite\",\"@id\":\"https:\\\/\\\/lepotentiel.bj\\\/#website\",\"url\":\"https:\\\/\\\/lepotentiel.bj\\\/\",\"name\":\"Le Potentiel\",\"description\":\"Le Potentiel, au service de l\u2019information, nous sommes les fantassins du droit de savoir\",\"publisher\":{\"@id\":\"https:\\\/\\\/lepotentiel.bj\\\/#organization\"},\"potentialAction\":[{\"@type\":\"SearchAction\",\"target\":{\"@type\":\"EntryPoint\",\"urlTemplate\":\"https:\\\/\\\/lepotentiel.bj\\\/?s={search_term_string}\"},\"query-input\":{\"@type\":\"PropertyValueSpecification\",\"valueRequired\":true,\"valueName\":\"search_term_string\"}}],\"inLanguage\":\"fr-FR\"},{\"@type\":\"Organization\",\"@id\":\"https:\\\/\\\/lepotentiel.bj\\\/#organization\",\"name\":\"Le Potentiel\",\"url\":\"https:\\\/\\\/lepotentiel.bj\\\/\",\"logo\":{\"@type\":\"ImageObject\",\"inLanguage\":\"fr-FR\",\"@id\":\"https:\\\/\\\/lepotentiel.bj\\\/#\\\/schema\\\/logo\\\/image\\\/\",\"url\":\"https:\\\/\\\/lepotentiel.bj\\\/wp-content\\\/uploads\\\/2023\\\/12\\\/logo-pot.jpg\",\"contentUrl\":\"https:\\\/\\\/lepotentiel.bj\\\/wp-content\\\/uploads\\\/2023\\\/12\\\/logo-pot.jpg\",\"width\":562,\"height\":84,\"caption\":\"Le Potentiel\"},\"image\":{\"@id\":\"https:\\\/\\\/lepotentiel.bj\\\/#\\\/schema\\\/logo\\\/image\\\/\"}},{\"@type\":\"Person\",\"@id\":\"https:\\\/\\\/lepotentiel.bj\\\/#\\\/schema\\\/person\\\/be28cc6627953a4c37d8ff6f77ab1931\",\"name\":\"abiolos\",\"image\":{\"@type\":\"ImageObject\",\"inLanguage\":\"fr-FR\",\"@id\":\"https:\\\/\\\/secure.gravatar.com\\\/avatar\\\/dd78717a6cfbb73688d69970c97df05428635483c0454a4a72cdc52053a50029?s=96&d=mm&r=g\",\"url\":\"https:\\\/\\\/secure.gravatar.com\\\/avatar\\\/dd78717a6cfbb73688d69970c97df05428635483c0454a4a72cdc52053a50029?s=96&d=mm&r=g\",\"contentUrl\":\"https:\\\/\\\/secure.gravatar.com\\\/avatar\\\/dd78717a6cfbb73688d69970c97df05428635483c0454a4a72cdc52053a50029?s=96&d=mm&r=g\",\"caption\":\"abiolos\"},\"url\":\"https:\\\/\\\/lepotentiel.bj\\\/?author=1\"}]}<\/script>\n<!-- \/ Yoast SEO plugin. -->","yoast_head_json":{"title":"Dans une lettre adress\u00e9e au Chef de l\u2019Etat depuis les USA : L\u00e9on Zoha salue l\u2019esprit de paix et de dialogue de Talon - Le Potentiel","robots":{"index":"index","follow":"follow","max-snippet":"max-snippet:-1","max-image-preview":"max-image-preview:large","max-video-preview":"max-video-preview:-1"},"canonical":"https:\/\/lepotentiel.bj\/?p=20354","og_locale":"fr_FR","og_type":"article","og_title":"Dans une lettre adress\u00e9e au Chef de l\u2019Etat depuis les USA : L\u00e9on Zoha salue l\u2019esprit de paix et de dialogue de Talon - Le Potentiel","og_description":"Dans une lettre adress\u00e9e ce 26 septembre 2021 au chef de l\u2019Etat, l\u2019ancien Directeur des Arts et du Livre, L\u00e9on Zoha f\u00e9licite et encourage le pr\u00e9sident Patrice Talon pour sa disponibilit\u00e9 au dialogue et \u00e0 la coh\u00e9sion nationale.","og_url":"https:\/\/lepotentiel.bj\/?p=20354","og_site_name":"Le Potentiel","article_published_time":"2021-09-26T22:22:55+00:00","author":"abiolos","twitter_card":"summary_large_image","twitter_misc":{"\u00c9crit par":"abiolos"},"schema":{"@context":"https:\/\/schema.org","@graph":[{"@type":"Article","@id":"https:\/\/lepotentiel.bj\/?p=20354#article","isPartOf":{"@id":"https:\/\/lepotentiel.bj\/?p=20354"},"author":{"name":"abiolos","@id":"https:\/\/lepotentiel.bj\/#\/schema\/person\/be28cc6627953a4c37d8ff6f77ab1931"},"headline":"Dans une lettre adress\u00e9e au Chef de l\u2019Etat depuis les USA : L\u00e9on Zoha salue l\u2019esprit de paix et de dialogue de Talon","datePublished":"2021-09-26T22:22:55+00:00","mainEntityOfPage":{"@id":"https:\/\/lepotentiel.bj\/?p=20354"},"wordCount":68,"commentCount":0,"publisher":{"@id":"https:\/\/lepotentiel.bj\/#organization"},"image":{"@id":"https:\/\/lepotentiel.bj\/?p=20354#primaryimage"},"thumbnailUrl":"","keywords":["Lettre L\u00e9on Zoha","Rencontre Talon-Yayi lettre L\u00e9on Zoha"],"articleSection":["Actualit\u00e9"],"inLanguage":"fr-FR","potentialAction":[{"@type":"CommentAction","name":"Comment","target":["https:\/\/lepotentiel.bj\/?p=20354#respond"]}]},{"@type":"WebPage","@id":"https:\/\/lepotentiel.bj\/?p=20354","url":"https:\/\/lepotentiel.bj\/?p=20354","name":"Dans une lettre adress\u00e9e au Chef de l\u2019Etat depuis les USA : L\u00e9on Zoha salue l\u2019esprit de paix et de dialogue de Talon - Le Potentiel","isPartOf":{"@id":"https:\/\/lepotentiel.bj\/#website"},"primaryImageOfPage":{"@id":"https:\/\/lepotentiel.bj\/?p=20354#primaryimage"},"image":{"@id":"https:\/\/lepotentiel.bj\/?p=20354#primaryimage"},"thumbnailUrl":"","datePublished":"2021-09-26T22:22:55+00:00","breadcrumb":{"@id":"https:\/\/lepotentiel.bj\/?p=20354#breadcrumb"},"inLanguage":"fr-FR","potentialAction":[{"@type":"ReadAction","target":["https:\/\/lepotentiel.bj\/?p=20354"]}]},{"@type":"ImageObject","inLanguage":"fr-FR","@id":"https:\/\/lepotentiel.bj\/?p=20354#primaryimage","url":"","contentUrl":""},{"@type":"BreadcrumbList","@id":"https:\/\/lepotentiel.bj\/?p=20354#breadcrumb","itemListElement":[{"@type":"ListItem","position":1,"name":"Accueil","item":"https:\/\/lepotentiel.bj\/"},{"@type":"ListItem","position":2,"name":"Dans une lettre adress\u00e9e au Chef de l\u2019Etat depuis les USA : L\u00e9on Zoha salue l\u2019esprit de paix et de dialogue de Talon"}]},{"@type":"WebSite","@id":"https:\/\/lepotentiel.bj\/#website","url":"https:\/\/lepotentiel.bj\/","name":"Le Potentiel","description":"Le Potentiel, au service de l\u2019information, nous sommes les fantassins du droit de savoir","publisher":{"@id":"https:\/\/lepotentiel.bj\/#organization"},"potentialAction":[{"@type":"SearchAction","target":{"@type":"EntryPoint","urlTemplate":"https:\/\/lepotentiel.bj\/?s={search_term_string}"},"query-input":{"@type":"PropertyValueSpecification","valueRequired":true,"valueName":"search_term_string"}}],"inLanguage":"fr-FR"},{"@type":"Organization","@id":"https:\/\/lepotentiel.bj\/#organization","name":"Le Potentiel","url":"https:\/\/lepotentiel.bj\/","logo":{"@type":"ImageObject","inLanguage":"fr-FR","@id":"https:\/\/lepotentiel.bj\/#\/schema\/logo\/image\/","url":"https:\/\/lepotentiel.bj\/wp-content\/uploads\/2023\/12\/logo-pot.jpg","contentUrl":"https:\/\/lepotentiel.bj\/wp-content\/uploads\/2023\/12\/logo-pot.jpg","width":562,"height":84,"caption":"Le Potentiel"},"image":{"@id":"https:\/\/lepotentiel.bj\/#\/schema\/logo\/image\/"}},{"@type":"Person","@id":"https:\/\/lepotentiel.bj\/#\/schema\/person\/be28cc6627953a4c37d8ff6f77ab1931","name":"abiolos","image":{"@type":"ImageObject","inLanguage":"fr-FR","@id":"https:\/\/secure.gravatar.com\/avatar\/dd78717a6cfbb73688d69970c97df05428635483c0454a4a72cdc52053a50029?s=96&d=mm&r=g","url":"https:\/\/secure.gravatar.com\/avatar\/dd78717a6cfbb73688d69970c97df05428635483c0454a4a72cdc52053a50029?s=96&d=mm&r=g","contentUrl":"https:\/\/secure.gravatar.com\/avatar\/dd78717a6cfbb73688d69970c97df05428635483c0454a4a72cdc52053a50029?s=96&d=mm&r=g","caption":"abiolos"},"url":"https:\/\/lepotentiel.bj\/?author=1"}]}},"_links":{"self":[{"href":"https:\/\/lepotentiel.bj\/index.php?rest_route=\/wp\/v2\/posts\/20354","targetHints":{"allow":["GET"]}}],"collection":[{"href":"https:\/\/lepotentiel.bj\/index.php?rest_route=\/wp\/v2\/posts"}],"about":[{"href":"https:\/\/lepotentiel.bj\/index.php?rest_route=\/wp\/v2\/types\/post"}],"author":[{"embeddable":true,"href":"https:\/\/lepotentiel.bj\/index.php?rest_route=\/wp\/v2\/users\/1"}],"replies":[{"embeddable":true,"href":"https:\/\/lepotentiel.bj\/index.php?rest_route=%2Fwp%2Fv2%2Fcomments&post=20354"}],"version-history":[{"count":0,"href":"https:\/\/lepotentiel.bj\/index.php?rest_route=\/wp\/v2\/posts\/20354\/revisions"}],"wp:featuredmedia":[{"embeddable":true,"href":"https:\/\/lepotentiel.bj\/index.php?rest_route=\/"}],"wp:attachment":[{"href":"https:\/\/lepotentiel.bj\/index.php?rest_route=%2Fwp%2Fv2%2Fmedia&parent=20354"}],"wp:term":[{"taxonomy":"category","embeddable":true,"href":"https:\/\/lepotentiel.bj\/index.php?rest_route=%2Fwp%2Fv2%2Fcategories&post=20354"},{"taxonomy":"post_tag","embeddable":true,"href":"https:\/\/lepotentiel.bj\/index.php?rest_route=%2Fwp%2Fv2%2Ftags&post=20354"}],"curies":[{"name":"wp","href":"https:\/\/api.w.org\/{rel}","templated":true}]}}