{"id":20361,"date":"2021-09-27T08:26:10","date_gmt":"2021-09-27T07:26:10","guid":{"rendered":"https:\/\/lepotentiel.bj\/?p=20361"},"modified":"2021-09-27T08:26:10","modified_gmt":"2021-09-27T07:26:10","slug":"implique-dans-un-vaste-scandale-domanial-a-abomey-calavi-lexpert-geometre-charles-vodeme-traque-pour-etre-jete-en-prison","status":"publish","type":"post","link":"https:\/\/lepotentiel.bj\/?p=20361","title":{"rendered":"Impliqu\u00e9 dans un vaste scandale domanial \u00e0 Abomey-Calavi: l&rsquo;Expert-g\u00e9om\u00e8tre Charles Vodem\u00e8 traqu\u00e9 pour \u00eatre jet\u00e9 en prison"},"content":{"rendered":"\n<p><strong><em>(Plusieurs chefs d&rsquo;accusation ont motiv\u00e9 le mandat d&rsquo;arr\u00eat d\u00e9cern\u00e9)<\/em><\/strong><\/p>\n\n\n\n<p>Les affaires de parcelle mal ficel\u00e9es dans la commune d&rsquo;Abomey-Calavi sont l\u00e9gion. Celle relative aux 39 hectares dans laquelle maires, Chefs d&rsquo;arrondissements et \u00e9lus communaux sont condamn\u00e9s r\u00e9cemment n&rsquo;est que la face visible de l&rsquo;iceberg. Cette fois-ci, ce sont les magouilles et autres combines dans un dossier foncier qui ont fini par rattraper l&rsquo;expert-g\u00e9om\u00e8tre Charles Vodem\u00e8. L&rsquo;homme risque gros dans une affaire domaniale qui s&rsquo;est \u00e9bruit\u00e9e en ao\u00fbt 2020. Libre jusqu&rsquo;ici, mais accabl\u00e9 par plusieurs r\u00e9v\u00e9lations, l&rsquo;expert g\u00e9om\u00e8tre Charles Vodem\u00e8, rapportent nos sources, sera bient\u00f4t mis aux arr\u00eats. Les m\u00eames sources pr\u00e9cisent qu&rsquo;un mandat d&rsquo;arr\u00eat a \u00e9t\u00e9 \u00e9mis contre l&rsquo;expert g\u00e9om\u00e8tre Charles Vodem\u00e8. Le mandat d&rsquo;arr\u00eat d\u00e9cern\u00e9 est justifi\u00e9 par le fait que l&rsquo;expert g\u00e9om\u00e8tre Charles Vodem\u00e8 ne s&rsquo;est pas pr\u00e9sent\u00e9 devant le juge lors des derni\u00e8res comparutions en mai 2021, ont expliqu\u00e9 nos sources qui \u00e9voluent aussi les graves charges qui sont retenues contre lui. Nos sources indiquent que l&rsquo;expert g\u00e9om\u00e8tre Charles Vodem\u00e8 serait poursuivi pour \u00a0\u00bb escroquerie par usage de man\u0153uvre frauduleuse ; attestation ou certificat faisant mention de faits inexacts; association de malfaiteurs et pour usage d&rsquo;une attestation ou d&rsquo;un certificat inexact ou falsifi\u00e9 \u00ab\u00a0. M\u00eame si la r\u00e9daction de votre journal Le Potentiel n&rsquo;a pas pu avoir copie du mandat d&rsquo;arr\u00eat en d\u00e9pit des diligences faites, nos sources sont incisives et attestent de l&rsquo;existence d&rsquo;un mandat d&rsquo;arr\u00eat d\u00e9cern\u00e9 contre l&rsquo;expert g\u00e9om\u00e8tre Charles Vodem\u00e8. Moins pr\u00e9sent dans \u00a0\u00bb la circulation\u00a0\u00bb ces derniers jours, l&rsquo;expert g\u00e9om\u00e8tre Charles Vodem\u00e8 serait dans un jeu de prudence. Certains de ses proches affirment d&rsquo;ailleurs que c&rsquo;est \u00e0 cause de ce mandat d&rsquo;arr\u00eat qu&rsquo;il se \u201d fait tr\u00e8s rare\u201d. Mais visiblement, l&rsquo;expert-g\u00e9om\u00e8tre, Charles Vodem\u00e8 n&rsquo;est pas seulement vis\u00e9 par ce mandat d&rsquo;arr\u00eat. Des sources bien introduites dans les milieux policiers affirment que le nom de l&rsquo;expert g\u00e9om\u00e8tre Charles Vodem\u00e8 se trouve dans les registres des affaires courantes de nombreux commissariats de police. Il s&rsquo;agirait encore l\u00e0 des affaires de parcelle. Poursuivi avec huit (8) autres personnes dans l&rsquo;affaire de parcelle \u00e0 Abomey-Calavi, l&rsquo;expert-g\u00e9om\u00e8tre Charles Vodem\u00e8 est une personne \u00a0\u00bbwanted\u00a0\u00bb. Les portes de la prison n&rsquo;attendraient que son arrestation pour s&rsquo;ouvrir et l&rsquo;accueillir.<br>R. H<\/p>\n","protected":false},"excerpt":{"rendered":"<p>(Plusieurs chefs d&rsquo;accusation ont motiv\u00e9 le mandat d&rsquo;arr\u00eat d\u00e9cern\u00e9) Les affaires de parcelle mal ficel\u00e9es dans la commune d&rsquo;Abomey-Calavi sont l\u00e9gion. Celle relative aux 39 hectares dans laquelle maires, Chefs d&rsquo;arrondissements et \u00e9lus communaux sont condamn\u00e9s r\u00e9cemment n&rsquo;est que la face visible de l&rsquo;iceberg. Cette fois-ci, ce sont les magouilles et autres combines dans un [&hellip;]<\/p>\n","protected":false},"author":1,"featured_media":5197,"comment_status":"open","ping_status":"open","sticky":false,"template":"","format":"standard","meta":{"footnotes":""},"categories":[34,1358,42],"tags":[330,13974,13975],"class_list":["post-20361","post","type-post","status-publish","format-standard","has-post-thumbnail","hentry","category-actualite","category-justice","category-societe","tag-abomey-calavi","tag-implique-dans-un-vaste-scandale-domanial-a-abomey-calavi","tag-lexpert-geometre-charles-vodeme-traque-pour-etre-jete-en-prison"],"yoast_head":"<!-- This site is optimized with the Yoast SEO plugin v28.2 - https:\/\/yoast.com\/product\/yoast-seo-wordpress\/ -->\n<title>Impliqu\u00e9 dans un vaste scandale domanial \u00e0 Abomey-Calavi: l&#039;Expert-g\u00e9om\u00e8tre Charles Vodem\u00e8 traqu\u00e9 pour \u00eatre jet\u00e9 en prison - Le Potentiel<\/title>\n<meta name=\"robots\" content=\"index, follow, max-snippet:-1, max-image-preview:large, max-video-preview:-1\" \/>\n<link rel=\"canonical\" href=\"https:\/\/lepotentiel.bj\/?p=20361\" \/>\n<meta property=\"og:locale\" content=\"fr_FR\" \/>\n<meta property=\"og:type\" content=\"article\" \/>\n<meta property=\"og:title\" content=\"Impliqu\u00e9 dans un vaste scandale domanial \u00e0 Abomey-Calavi: l&#039;Expert-g\u00e9om\u00e8tre Charles Vodem\u00e8 traqu\u00e9 pour \u00eatre jet\u00e9 en prison - Le Potentiel\" \/>\n<meta property=\"og:description\" content=\"(Plusieurs chefs d&rsquo;accusation ont motiv\u00e9 le mandat d&rsquo;arr\u00eat d\u00e9cern\u00e9) Les affaires de parcelle mal ficel\u00e9es dans la commune d&rsquo;Abomey-Calavi sont l\u00e9gion. Celle relative aux 39 hectares dans laquelle maires, Chefs d&rsquo;arrondissements et \u00e9lus communaux sont condamn\u00e9s r\u00e9cemment n&rsquo;est que la face visible de l&rsquo;iceberg. Cette fois-ci, ce sont les magouilles et autres combines dans un [&hellip;]\" \/>\n<meta property=\"og:url\" content=\"https:\/\/lepotentiel.bj\/?p=20361\" \/>\n<meta property=\"og:site_name\" content=\"Le Potentiel\" \/>\n<meta property=\"article:published_time\" content=\"2021-09-27T07:26:10+00:00\" \/>\n<meta name=\"author\" content=\"abiolos\" \/>\n<meta name=\"twitter:card\" content=\"summary_large_image\" \/>\n<meta name=\"twitter:label1\" content=\"\u00c9crit par\" \/>\n\t<meta name=\"twitter:data1\" content=\"abiolos\" \/>\n\t<meta name=\"twitter:label2\" content=\"Dur\u00e9e de lecture estim\u00e9e\" \/>\n\t<meta name=\"twitter:data2\" content=\"2 minutes\" \/>\n<script type=\"application\/ld+json\" class=\"yoast-schema-graph\">{\"@context\":\"https:\\\/\\\/schema.org\",\"@graph\":[{\"@type\":\"Article\",\"@id\":\"https:\\\/\\\/lepotentiel.bj\\\/?p=20361#article\",\"isPartOf\":{\"@id\":\"https:\\\/\\\/lepotentiel.bj\\\/?p=20361\"},\"author\":{\"name\":\"abiolos\",\"@id\":\"https:\\\/\\\/lepotentiel.bj\\\/#\\\/schema\\\/person\\\/be28cc6627953a4c37d8ff6f77ab1931\"},\"headline\":\"Impliqu\u00e9 dans un vaste scandale domanial \u00e0 Abomey-Calavi: l&rsquo;Expert-g\u00e9om\u00e8tre Charles Vodem\u00e8 traqu\u00e9 pour \u00eatre jet\u00e9 en prison\",\"datePublished\":\"2021-09-27T07:26:10+00:00\",\"mainEntityOfPage\":{\"@id\":\"https:\\\/\\\/lepotentiel.bj\\\/?p=20361\"},\"wordCount\":419,\"commentCount\":0,\"publisher\":{\"@id\":\"https:\\\/\\\/lepotentiel.bj\\\/#organization\"},\"image\":{\"@id\":\"https:\\\/\\\/lepotentiel.bj\\\/?p=20361#primaryimage\"},\"thumbnailUrl\":\"\",\"keywords\":[\"Abomey-Calavi\",\"Impliqu\u00e9 dans un vaste scandale domanial \u00e0 Abomey-Calavi\",\"L&#039;Expert-g\u00e9om\u00e8tre Charles Vodem\u00e8 traqu\u00e9 pour \u00eatre jet\u00e9 en prison\"],\"articleSection\":[\"Actualit\u00e9\",\"Justice\",\"SOCIETE\"],\"inLanguage\":\"fr-FR\",\"potentialAction\":[{\"@type\":\"CommentAction\",\"name\":\"Comment\",\"target\":[\"https:\\\/\\\/lepotentiel.bj\\\/?p=20361#respond\"]}]},{\"@type\":\"WebPage\",\"@id\":\"https:\\\/\\\/lepotentiel.bj\\\/?p=20361\",\"url\":\"https:\\\/\\\/lepotentiel.bj\\\/?p=20361\",\"name\":\"Impliqu\u00e9 dans un vaste scandale domanial \u00e0 Abomey-Calavi: l'Expert-g\u00e9om\u00e8tre Charles Vodem\u00e8 traqu\u00e9 pour \u00eatre jet\u00e9 en prison - Le Potentiel\",\"isPartOf\":{\"@id\":\"https:\\\/\\\/lepotentiel.bj\\\/#website\"},\"primaryImageOfPage\":{\"@id\":\"https:\\\/\\\/lepotentiel.bj\\\/?p=20361#primaryimage\"},\"image\":{\"@id\":\"https:\\\/\\\/lepotentiel.bj\\\/?p=20361#primaryimage\"},\"thumbnailUrl\":\"\",\"datePublished\":\"2021-09-27T07:26:10+00:00\",\"breadcrumb\":{\"@id\":\"https:\\\/\\\/lepotentiel.bj\\\/?p=20361#breadcrumb\"},\"inLanguage\":\"fr-FR\",\"potentialAction\":[{\"@type\":\"ReadAction\",\"target\":[\"https:\\\/\\\/lepotentiel.bj\\\/?p=20361\"]}]},{\"@type\":\"ImageObject\",\"inLanguage\":\"fr-FR\",\"@id\":\"https:\\\/\\\/lepotentiel.bj\\\/?p=20361#primaryimage\",\"url\":\"\",\"contentUrl\":\"\"},{\"@type\":\"BreadcrumbList\",\"@id\":\"https:\\\/\\\/lepotentiel.bj\\\/?p=20361#breadcrumb\",\"itemListElement\":[{\"@type\":\"ListItem\",\"position\":1,\"name\":\"Accueil\",\"item\":\"https:\\\/\\\/lepotentiel.bj\\\/\"},{\"@type\":\"ListItem\",\"position\":2,\"name\":\"Impliqu\u00e9 dans un vaste scandale domanial \u00e0 Abomey-Calavi: l&rsquo;Expert-g\u00e9om\u00e8tre Charles Vodem\u00e8 traqu\u00e9 pour \u00eatre jet\u00e9 en prison\"}]},{\"@type\":\"WebSite\",\"@id\":\"https:\\\/\\\/lepotentiel.bj\\\/#website\",\"url\":\"https:\\\/\\\/lepotentiel.bj\\\/\",\"name\":\"Le Potentiel\",\"description\":\"Le Potentiel, au service de l\u2019information, nous sommes les fantassins du droit de savoir\",\"publisher\":{\"@id\":\"https:\\\/\\\/lepotentiel.bj\\\/#organization\"},\"potentialAction\":[{\"@type\":\"SearchAction\",\"target\":{\"@type\":\"EntryPoint\",\"urlTemplate\":\"https:\\\/\\\/lepotentiel.bj\\\/?s={search_term_string}\"},\"query-input\":{\"@type\":\"PropertyValueSpecification\",\"valueRequired\":true,\"valueName\":\"search_term_string\"}}],\"inLanguage\":\"fr-FR\"},{\"@type\":\"Organization\",\"@id\":\"https:\\\/\\\/lepotentiel.bj\\\/#organization\",\"name\":\"Le Potentiel\",\"url\":\"https:\\\/\\\/lepotentiel.bj\\\/\",\"logo\":{\"@type\":\"ImageObject\",\"inLanguage\":\"fr-FR\",\"@id\":\"https:\\\/\\\/lepotentiel.bj\\\/#\\\/schema\\\/logo\\\/image\\\/\",\"url\":\"https:\\\/\\\/lepotentiel.bj\\\/wp-content\\\/uploads\\\/2023\\\/12\\\/logo-pot.jpg\",\"contentUrl\":\"https:\\\/\\\/lepotentiel.bj\\\/wp-content\\\/uploads\\\/2023\\\/12\\\/logo-pot.jpg\",\"width\":562,\"height\":84,\"caption\":\"Le Potentiel\"},\"image\":{\"@id\":\"https:\\\/\\\/lepotentiel.bj\\\/#\\\/schema\\\/logo\\\/image\\\/\"}},{\"@type\":\"Person\",\"@id\":\"https:\\\/\\\/lepotentiel.bj\\\/#\\\/schema\\\/person\\\/be28cc6627953a4c37d8ff6f77ab1931\",\"name\":\"abiolos\",\"image\":{\"@type\":\"ImageObject\",\"inLanguage\":\"fr-FR\",\"@id\":\"https:\\\/\\\/secure.gravatar.com\\\/avatar\\\/dd78717a6cfbb73688d69970c97df05428635483c0454a4a72cdc52053a50029?s=96&d=mm&r=g\",\"url\":\"https:\\\/\\\/secure.gravatar.com\\\/avatar\\\/dd78717a6cfbb73688d69970c97df05428635483c0454a4a72cdc52053a50029?s=96&d=mm&r=g\",\"contentUrl\":\"https:\\\/\\\/secure.gravatar.com\\\/avatar\\\/dd78717a6cfbb73688d69970c97df05428635483c0454a4a72cdc52053a50029?s=96&d=mm&r=g\",\"caption\":\"abiolos\"},\"url\":\"https:\\\/\\\/lepotentiel.bj\\\/?author=1\"}]}<\/script>\n<!-- \/ Yoast SEO plugin. -->","yoast_head_json":{"title":"Impliqu\u00e9 dans un vaste scandale domanial \u00e0 Abomey-Calavi: l'Expert-g\u00e9om\u00e8tre Charles Vodem\u00e8 traqu\u00e9 pour \u00eatre jet\u00e9 en prison - Le Potentiel","robots":{"index":"index","follow":"follow","max-snippet":"max-snippet:-1","max-image-preview":"max-image-preview:large","max-video-preview":"max-video-preview:-1"},"canonical":"https:\/\/lepotentiel.bj\/?p=20361","og_locale":"fr_FR","og_type":"article","og_title":"Impliqu\u00e9 dans un vaste scandale domanial \u00e0 Abomey-Calavi: l'Expert-g\u00e9om\u00e8tre Charles Vodem\u00e8 traqu\u00e9 pour \u00eatre jet\u00e9 en prison - Le Potentiel","og_description":"(Plusieurs chefs d&rsquo;accusation ont motiv\u00e9 le mandat d&rsquo;arr\u00eat d\u00e9cern\u00e9) Les affaires de parcelle mal ficel\u00e9es dans la commune d&rsquo;Abomey-Calavi sont l\u00e9gion. Celle relative aux 39 hectares dans laquelle maires, Chefs d&rsquo;arrondissements et \u00e9lus communaux sont condamn\u00e9s r\u00e9cemment n&rsquo;est que la face visible de l&rsquo;iceberg. Cette fois-ci, ce sont les magouilles et autres combines dans un [&hellip;]","og_url":"https:\/\/lepotentiel.bj\/?p=20361","og_site_name":"Le Potentiel","article_published_time":"2021-09-27T07:26:10+00:00","author":"abiolos","twitter_card":"summary_large_image","twitter_misc":{"\u00c9crit par":"abiolos","Dur\u00e9e de lecture estim\u00e9e":"2 minutes"},"schema":{"@context":"https:\/\/schema.org","@graph":[{"@type":"Article","@id":"https:\/\/lepotentiel.bj\/?p=20361#article","isPartOf":{"@id":"https:\/\/lepotentiel.bj\/?p=20361"},"author":{"name":"abiolos","@id":"https:\/\/lepotentiel.bj\/#\/schema\/person\/be28cc6627953a4c37d8ff6f77ab1931"},"headline":"Impliqu\u00e9 dans un vaste scandale domanial \u00e0 Abomey-Calavi: l&rsquo;Expert-g\u00e9om\u00e8tre Charles Vodem\u00e8 traqu\u00e9 pour \u00eatre jet\u00e9 en prison","datePublished":"2021-09-27T07:26:10+00:00","mainEntityOfPage":{"@id":"https:\/\/lepotentiel.bj\/?p=20361"},"wordCount":419,"commentCount":0,"publisher":{"@id":"https:\/\/lepotentiel.bj\/#organization"},"image":{"@id":"https:\/\/lepotentiel.bj\/?p=20361#primaryimage"},"thumbnailUrl":"","keywords":["Abomey-Calavi","Impliqu\u00e9 dans un vaste scandale domanial \u00e0 Abomey-Calavi","L&#039;Expert-g\u00e9om\u00e8tre Charles Vodem\u00e8 traqu\u00e9 pour \u00eatre jet\u00e9 en prison"],"articleSection":["Actualit\u00e9","Justice","SOCIETE"],"inLanguage":"fr-FR","potentialAction":[{"@type":"CommentAction","name":"Comment","target":["https:\/\/lepotentiel.bj\/?p=20361#respond"]}]},{"@type":"WebPage","@id":"https:\/\/lepotentiel.bj\/?p=20361","url":"https:\/\/lepotentiel.bj\/?p=20361","name":"Impliqu\u00e9 dans un vaste scandale domanial \u00e0 Abomey-Calavi: l'Expert-g\u00e9om\u00e8tre Charles Vodem\u00e8 traqu\u00e9 pour \u00eatre jet\u00e9 en prison - Le Potentiel","isPartOf":{"@id":"https:\/\/lepotentiel.bj\/#website"},"primaryImageOfPage":{"@id":"https:\/\/lepotentiel.bj\/?p=20361#primaryimage"},"image":{"@id":"https:\/\/lepotentiel.bj\/?p=20361#primaryimage"},"thumbnailUrl":"","datePublished":"2021-09-27T07:26:10+00:00","breadcrumb":{"@id":"https:\/\/lepotentiel.bj\/?p=20361#breadcrumb"},"inLanguage":"fr-FR","potentialAction":[{"@type":"ReadAction","target":["https:\/\/lepotentiel.bj\/?p=20361"]}]},{"@type":"ImageObject","inLanguage":"fr-FR","@id":"https:\/\/lepotentiel.bj\/?p=20361#primaryimage","url":"","contentUrl":""},{"@type":"BreadcrumbList","@id":"https:\/\/lepotentiel.bj\/?p=20361#breadcrumb","itemListElement":[{"@type":"ListItem","position":1,"name":"Accueil","item":"https:\/\/lepotentiel.bj\/"},{"@type":"ListItem","position":2,"name":"Impliqu\u00e9 dans un vaste scandale domanial \u00e0 Abomey-Calavi: l&rsquo;Expert-g\u00e9om\u00e8tre Charles Vodem\u00e8 traqu\u00e9 pour \u00eatre jet\u00e9 en prison"}]},{"@type":"WebSite","@id":"https:\/\/lepotentiel.bj\/#website","url":"https:\/\/lepotentiel.bj\/","name":"Le Potentiel","description":"Le Potentiel, au service de l\u2019information, nous sommes les fantassins du droit de savoir","publisher":{"@id":"https:\/\/lepotentiel.bj\/#organization"},"potentialAction":[{"@type":"SearchAction","target":{"@type":"EntryPoint","urlTemplate":"https:\/\/lepotentiel.bj\/?s={search_term_string}"},"query-input":{"@type":"PropertyValueSpecification","valueRequired":true,"valueName":"search_term_string"}}],"inLanguage":"fr-FR"},{"@type":"Organization","@id":"https:\/\/lepotentiel.bj\/#organization","name":"Le Potentiel","url":"https:\/\/lepotentiel.bj\/","logo":{"@type":"ImageObject","inLanguage":"fr-FR","@id":"https:\/\/lepotentiel.bj\/#\/schema\/logo\/image\/","url":"https:\/\/lepotentiel.bj\/wp-content\/uploads\/2023\/12\/logo-pot.jpg","contentUrl":"https:\/\/lepotentiel.bj\/wp-content\/uploads\/2023\/12\/logo-pot.jpg","width":562,"height":84,"caption":"Le Potentiel"},"image":{"@id":"https:\/\/lepotentiel.bj\/#\/schema\/logo\/image\/"}},{"@type":"Person","@id":"https:\/\/lepotentiel.bj\/#\/schema\/person\/be28cc6627953a4c37d8ff6f77ab1931","name":"abiolos","image":{"@type":"ImageObject","inLanguage":"fr-FR","@id":"https:\/\/secure.gravatar.com\/avatar\/dd78717a6cfbb73688d69970c97df05428635483c0454a4a72cdc52053a50029?s=96&d=mm&r=g","url":"https:\/\/secure.gravatar.com\/avatar\/dd78717a6cfbb73688d69970c97df05428635483c0454a4a72cdc52053a50029?s=96&d=mm&r=g","contentUrl":"https:\/\/secure.gravatar.com\/avatar\/dd78717a6cfbb73688d69970c97df05428635483c0454a4a72cdc52053a50029?s=96&d=mm&r=g","caption":"abiolos"},"url":"https:\/\/lepotentiel.bj\/?author=1"}]}},"_links":{"self":[{"href":"https:\/\/lepotentiel.bj\/index.php?rest_route=\/wp\/v2\/posts\/20361","targetHints":{"allow":["GET"]}}],"collection":[{"href":"https:\/\/lepotentiel.bj\/index.php?rest_route=\/wp\/v2\/posts"}],"about":[{"href":"https:\/\/lepotentiel.bj\/index.php?rest_route=\/wp\/v2\/types\/post"}],"author":[{"embeddable":true,"href":"https:\/\/lepotentiel.bj\/index.php?rest_route=\/wp\/v2\/users\/1"}],"replies":[{"embeddable":true,"href":"https:\/\/lepotentiel.bj\/index.php?rest_route=%2Fwp%2Fv2%2Fcomments&post=20361"}],"version-history":[{"count":0,"href":"https:\/\/lepotentiel.bj\/index.php?rest_route=\/wp\/v2\/posts\/20361\/revisions"}],"wp:featuredmedia":[{"embeddable":true,"href":"https:\/\/lepotentiel.bj\/index.php?rest_route=\/"}],"wp:attachment":[{"href":"https:\/\/lepotentiel.bj\/index.php?rest_route=%2Fwp%2Fv2%2Fmedia&parent=20361"}],"wp:term":[{"taxonomy":"category","embeddable":true,"href":"https:\/\/lepotentiel.bj\/index.php?rest_route=%2Fwp%2Fv2%2Fcategories&post=20361"},{"taxonomy":"post_tag","embeddable":true,"href":"https:\/\/lepotentiel.bj\/index.php?rest_route=%2Fwp%2Fv2%2Ftags&post=20361"}],"curies":[{"name":"wp","href":"https:\/\/api.w.org\/{rel}","templated":true}]}}