{"id":37715,"date":"2023-03-20T00:21:10","date_gmt":"2023-03-19T23:21:10","guid":{"rendered":"https:\/\/lepotentiel.bj\/?p=37715"},"modified":"2023-03-20T00:21:10","modified_gmt":"2023-03-19T23:21:10","slug":"evasion-dun-detenu-burkinabe-de-la-prison-civile-de-cotonou-limpunite-regne-les-flics-coupables-se-protegent","status":"publish","type":"post","link":"https:\/\/lepotentiel.bj\/?p=37715","title":{"rendered":"\u00c9vasion d&rsquo;un d\u00e9tenu burkinab\u00e8 de la prison civile de Cotonou: l&rsquo;impunit\u00e9 r\u00e8gne, les flics coupables se prot\u00e8gent"},"content":{"rendered":"\n<p>De la complaisance dans la gestion d&rsquo;un cas d&rsquo;\u00e9vasion de prisonnier suppos\u00e9ment retrouv\u00e9 sur l&rsquo;arbre d&rsquo;un commissariat en pleine Ville. \u00c0 Cotonou, cette information distill\u00e9e sur les r\u00e9seaux sociaux et malheureusement reprise par certains m\u00e9dias a vite l&rsquo;allure d&rsquo;un fait divers. D&rsquo;ailleurs, les recoupements effectu\u00e9s avec justesse par le journal Le Potentiel ont t\u00f4t fait de d\u00e9tricoter ce tissu de mensonges con\u00e7u pour camoufler une faute lourde dans la garde des maisons carc\u00e9rales au B\u00e9nin.<\/p>\n\n\n\n<p>Depuis l&rsquo;\u00e9vasion et jusqu&rsquo;\u00e0 ce lundi 20 mars 2023 o\u00f9 nous mettons sous presse, il n&rsquo;existe aucune trace du fugitif, le prisonnier burkinab\u00e9 arr\u00eat\u00e9 pour une affaire de vol de moto avec d&rsquo;autres B\u00e9ninois et condamn\u00e9 \u00e0 36 mois de prison. Mais depuis, rien de s\u00e9rieux ne se fait pour sanctionner les coupables de cette faute lourde. De l&rsquo;observation faite ces derni\u00e8res ann\u00e9es, c&rsquo;est la premi\u00e8re fois au B\u00e9nin qu&rsquo;un prisonnier s&rsquo;\u00e9vade et personne n&rsquo;est priv\u00e9 de libert\u00e9. Tous les agents responsables de la garde de la prison civile de Cotonou et surtout ceux qui \u00e9taient en poste au moment de l&rsquo;\u00e9vasion sont en libert\u00e9. Tout se passe comme si le B\u00e9nin est retomb\u00e9 dans un r\u00e9gime de laisser-aller o\u00f9 toutes les fautes, m\u00eame les plus graves sont pass\u00e9es par perte et profit. Qui donc prot\u00e8ge les agents en charge de la s\u00e9curit\u00e9 \u00e0 la prison civile de Cotonou ?Pourquoi depuis l&rsquo;\u00e9vasion de ce prisonnier burkinab\u00e9, personne n&rsquo;a \u00e9t\u00e9 mis v\u00e9ritablement aux arr\u00eats ? Or, dans bien d&rsquo;autres cas similaires, les sanctions claires et extr\u00eames ont \u00e9t\u00e9 prises. On se rappelle, le milliardaire Ouedraogo fait prisonnier, a sollicit\u00e9 une sortie sanitaire mais s&rsquo;\u00e9tait retrouv\u00e9 dans son h\u00f4tel \u00e0 Cotonou alors qu&rsquo;il \u00e9tait attendu en consultation \u00e0 Porto-Novo. Sur le champ, l&rsquo;agent responsable de sa s\u00e9curit\u00e9 a \u00e9t\u00e9 mis en prison. On se rappelle aussi qu&rsquo;apr\u00e8s l&rsquo;\u00e9vasion de Wilfried Ayatod\u00e9 du Cnhu-Hkm, l&rsquo;agent en charge de sa s\u00e9curit\u00e9 a \u00e9t\u00e9 imm\u00e9diatement mis aux arr\u00eats et est actuellement en prison tout comme le chauffeur personnel et une autre dame. Dans ce seul cas, il y a au moins trois arrestations. Quand l&rsquo;ancien maire d&rsquo;Abomey-Calavi Georges Bada s&rsquo;\u00e9tait \u00e9vad\u00e9 de prison toujours depuis le Cnhu-Hkm, au moins 5 personnes ont \u00e9t\u00e9 arr\u00eat\u00e9es et certains ont \u00e9cop\u00e9 de 6 mois de prison. On se rappelle aussi, il y a quelques mois, lorsqu&rsquo;il y a eu des cas d&rsquo;\u00e9vasion \u00e0 la prison civile d&rsquo;Akpro Miss\u00e9ret\u00e9 et autres \u00e0 Cotonou, des t\u00eates sont tomb\u00e9es. Des mesures d&#8217;emprisonnement des r\u00e9gisseurs des prisons avaient \u00e9t\u00e9 prises. Avec ce pr\u00e9c\u00e9dent, il est incompr\u00e9hensible que depuis l&rsquo;\u00e9vasion du prisonnier burkinab\u00e9, qu&rsquo;aucune personne n&rsquo;a \u00e9t\u00e9 pr\u00e9sent\u00e9e au procureur de la R\u00e9publique. D&rsquo;abord, par le truchement d&rsquo;un mensonge grotesque, on a tent\u00e9 de camoufler l&rsquo;affaire. Mais gr\u00e2ce au travail d&rsquo;investigation du quotidien Le Potentiel, le pot-au-rose a \u00e9t\u00e9 r\u00e9v\u00e9l\u00e9. Mais aucune mesure forte n&rsquo;est prise pour sanctionner les flics coupables de cette erreur grossi\u00e8re. Selon nos sources, l&rsquo;agent du nom de Segla qui a \u00e9t\u00e9 mis aux arr\u00eats de 8 jours dans l&rsquo;affaire, a \u00e9t\u00e9 remis en libert\u00e9 le samedi dernier. Les m\u00eames sources annoncent qu&rsquo;un autre agent, son coll\u00e8gue, Carlos Ayissi, devrait aller le remplacer pour 8 jours d&rsquo;arr\u00eat de rigueur. Ce tour de prison militaire par rotation est visiblement la sanction revenue par la hi\u00e9rarchie contre tous les agents concern\u00e9s qui \u00e9taient de garde le jour de l&rsquo;\u00e9vasion. Mais au-del\u00e0 de cette proc\u00e9dure disciplinaire, plus rien. Il n&rsquo;y a aucune sanction p\u00e9nale envisag\u00e9e. Or, si aucune sanction p\u00e9nale n&rsquo;est prise dans ce cas d&rsquo;\u00e9vasion, il serait pr\u00e9f\u00e9rable de lib\u00e9rer les autres agents jet\u00e9s en prison dans ses cas d&rsquo;\u00e9vasion de prisonnier. Sinon, le deux poids deux mesures deviendrait la r\u00e8gle. Car dans ce dossier d&rsquo;\u00e9vasion du prisonnier burkinab\u00e9, \u00e7a sent vraiment de l&rsquo;impunit\u00e9 \u00e0 haute dose. Et l&rsquo;impunit\u00e9 dans ce type de dossier ne va faire que renforcer l&rsquo;ins\u00e9curit\u00e9 du fait de la n\u00e9gligence des agents de s\u00e9curit\u00e9. \u00ab Je peux laisser un prisonnier s&rsquo;\u00e9vader de prison. Juste apr\u00e8s 8 jours d&rsquo;arr\u00eat de rigueur, je reprends ma libert\u00e9 et rien ne se passera\u00bb. Cette phrase va faire \u00e9cole dans le rang des flics. Et personne ne sera \u00e0 l&rsquo;abri des cons\u00e9quences d&rsquo;une n\u00e9gligence des agents de s\u00e9curit\u00e9. Les cas d&rsquo;\u00e9vasion remettent en cause le professionnalisme des agents de s\u00e9curit\u00e9. Les sanctions proportionnelles \u00e0 la faute devraient \u00eatre prises pour mettre un terme \u00e0 la pagaille. L&rsquo;administration p\u00e9nitentiaire doit non seulement faire sa mue mais aussi actionner le levier de la sanction pour \u00e9viter les failles qui font des prisons de v\u00e9ritables passoires \u00e0 gros trou pour des \u00e9vasions. Nous y reviendrons.<\/p>\n","protected":false},"excerpt":{"rendered":"<p>De la complaisance dans la gestion d&rsquo;un cas d&rsquo;\u00e9vasion de prisonnier suppos\u00e9ment retrouv\u00e9 sur l&rsquo;arbre d&rsquo;un commissariat en pleine Ville. \u00c0 Cotonou, cette information distill\u00e9e sur les r\u00e9seaux sociaux et malheureusement reprise par certains m\u00e9dias a vite l&rsquo;allure d&rsquo;un fait divers. D&rsquo;ailleurs, les recoupements effectu\u00e9s avec justesse par le journal Le Potentiel ont t\u00f4t fait [&hellip;]<\/p>\n","protected":false},"author":1,"featured_media":37716,"comment_status":"open","ping_status":"open","sticky":false,"template":"","format":"standard","meta":{"footnotes":""},"categories":[34],"tags":[15528,15529],"class_list":["post-37715","post","type-post","status-publish","format-standard","has-post-thumbnail","hentry","category-actualite","tag-evasion-a-la-prison-civile-de-cotonou","tag-impunite"],"yoast_head":"<!-- This site is optimized with the Yoast SEO plugin v28.2 - https:\/\/yoast.com\/product\/yoast-seo-wordpress\/ -->\n<title>\u00c9vasion d&#039;un d\u00e9tenu burkinab\u00e8 de la prison civile de Cotonou: l&#039;impunit\u00e9 r\u00e8gne, les flics coupables se prot\u00e8gent - Le Potentiel<\/title>\n<meta name=\"robots\" content=\"index, follow, max-snippet:-1, max-image-preview:large, max-video-preview:-1\" \/>\n<link rel=\"canonical\" href=\"https:\/\/lepotentiel.bj\/?p=37715\" \/>\n<meta property=\"og:locale\" content=\"fr_FR\" \/>\n<meta property=\"og:type\" content=\"article\" \/>\n<meta property=\"og:title\" content=\"\u00c9vasion d&#039;un d\u00e9tenu burkinab\u00e8 de la prison civile de Cotonou: l&#039;impunit\u00e9 r\u00e8gne, les flics coupables se prot\u00e8gent - Le Potentiel\" \/>\n<meta property=\"og:description\" content=\"De la complaisance dans la gestion d&rsquo;un cas d&rsquo;\u00e9vasion de prisonnier suppos\u00e9ment retrouv\u00e9 sur l&rsquo;arbre d&rsquo;un commissariat en pleine Ville. \u00c0 Cotonou, cette information distill\u00e9e sur les r\u00e9seaux sociaux et malheureusement reprise par certains m\u00e9dias a vite l&rsquo;allure d&rsquo;un fait divers. D&rsquo;ailleurs, les recoupements effectu\u00e9s avec justesse par le journal Le Potentiel ont t\u00f4t fait [&hellip;]\" \/>\n<meta property=\"og:url\" content=\"https:\/\/lepotentiel.bj\/?p=37715\" \/>\n<meta property=\"og:site_name\" content=\"Le Potentiel\" \/>\n<meta property=\"article:published_time\" content=\"2023-03-19T23:21:10+00:00\" \/>\n<meta name=\"author\" content=\"abiolos\" \/>\n<meta name=\"twitter:card\" content=\"summary_large_image\" \/>\n<meta name=\"twitter:label1\" content=\"\u00c9crit par\" \/>\n\t<meta name=\"twitter:data1\" content=\"abiolos\" \/>\n\t<meta name=\"twitter:label2\" content=\"Dur\u00e9e de lecture estim\u00e9e\" \/>\n\t<meta name=\"twitter:data2\" content=\"4 minutes\" \/>\n<script type=\"application\/ld+json\" class=\"yoast-schema-graph\">{\"@context\":\"https:\\\/\\\/schema.org\",\"@graph\":[{\"@type\":\"Article\",\"@id\":\"https:\\\/\\\/lepotentiel.bj\\\/?p=37715#article\",\"isPartOf\":{\"@id\":\"https:\\\/\\\/lepotentiel.bj\\\/?p=37715\"},\"author\":{\"name\":\"abiolos\",\"@id\":\"https:\\\/\\\/lepotentiel.bj\\\/#\\\/schema\\\/person\\\/be28cc6627953a4c37d8ff6f77ab1931\"},\"headline\":\"\u00c9vasion d&rsquo;un d\u00e9tenu burkinab\u00e8 de la prison civile de Cotonou: l&rsquo;impunit\u00e9 r\u00e8gne, les flics coupables se prot\u00e8gent\",\"datePublished\":\"2023-03-19T23:21:10+00:00\",\"mainEntityOfPage\":{\"@id\":\"https:\\\/\\\/lepotentiel.bj\\\/?p=37715\"},\"wordCount\":844,\"commentCount\":0,\"publisher\":{\"@id\":\"https:\\\/\\\/lepotentiel.bj\\\/#organization\"},\"image\":{\"@id\":\"https:\\\/\\\/lepotentiel.bj\\\/?p=37715#primaryimage\"},\"thumbnailUrl\":\"\",\"keywords\":[\"Evasion \u00e0 la prison civile de Cotonou\",\"Impunit\u00e9\"],\"articleSection\":[\"Actualit\u00e9\"],\"inLanguage\":\"fr-FR\",\"potentialAction\":[{\"@type\":\"CommentAction\",\"name\":\"Comment\",\"target\":[\"https:\\\/\\\/lepotentiel.bj\\\/?p=37715#respond\"]}]},{\"@type\":\"WebPage\",\"@id\":\"https:\\\/\\\/lepotentiel.bj\\\/?p=37715\",\"url\":\"https:\\\/\\\/lepotentiel.bj\\\/?p=37715\",\"name\":\"\u00c9vasion d'un d\u00e9tenu burkinab\u00e8 de la prison civile de Cotonou: l'impunit\u00e9 r\u00e8gne, les flics coupables se prot\u00e8gent - Le Potentiel\",\"isPartOf\":{\"@id\":\"https:\\\/\\\/lepotentiel.bj\\\/#website\"},\"primaryImageOfPage\":{\"@id\":\"https:\\\/\\\/lepotentiel.bj\\\/?p=37715#primaryimage\"},\"image\":{\"@id\":\"https:\\\/\\\/lepotentiel.bj\\\/?p=37715#primaryimage\"},\"thumbnailUrl\":\"\",\"datePublished\":\"2023-03-19T23:21:10+00:00\",\"breadcrumb\":{\"@id\":\"https:\\\/\\\/lepotentiel.bj\\\/?p=37715#breadcrumb\"},\"inLanguage\":\"fr-FR\",\"potentialAction\":[{\"@type\":\"ReadAction\",\"target\":[\"https:\\\/\\\/lepotentiel.bj\\\/?p=37715\"]}]},{\"@type\":\"ImageObject\",\"inLanguage\":\"fr-FR\",\"@id\":\"https:\\\/\\\/lepotentiel.bj\\\/?p=37715#primaryimage\",\"url\":\"\",\"contentUrl\":\"\"},{\"@type\":\"BreadcrumbList\",\"@id\":\"https:\\\/\\\/lepotentiel.bj\\\/?p=37715#breadcrumb\",\"itemListElement\":[{\"@type\":\"ListItem\",\"position\":1,\"name\":\"Accueil\",\"item\":\"https:\\\/\\\/lepotentiel.bj\\\/\"},{\"@type\":\"ListItem\",\"position\":2,\"name\":\"\u00c9vasion d&rsquo;un d\u00e9tenu burkinab\u00e8 de la prison civile de Cotonou: l&rsquo;impunit\u00e9 r\u00e8gne, les flics coupables se prot\u00e8gent\"}]},{\"@type\":\"WebSite\",\"@id\":\"https:\\\/\\\/lepotentiel.bj\\\/#website\",\"url\":\"https:\\\/\\\/lepotentiel.bj\\\/\",\"name\":\"Le Potentiel\",\"description\":\"Le Potentiel, au service de l\u2019information, nous sommes les fantassins du droit de savoir\",\"publisher\":{\"@id\":\"https:\\\/\\\/lepotentiel.bj\\\/#organization\"},\"potentialAction\":[{\"@type\":\"SearchAction\",\"target\":{\"@type\":\"EntryPoint\",\"urlTemplate\":\"https:\\\/\\\/lepotentiel.bj\\\/?s={search_term_string}\"},\"query-input\":{\"@type\":\"PropertyValueSpecification\",\"valueRequired\":true,\"valueName\":\"search_term_string\"}}],\"inLanguage\":\"fr-FR\"},{\"@type\":\"Organization\",\"@id\":\"https:\\\/\\\/lepotentiel.bj\\\/#organization\",\"name\":\"Le Potentiel\",\"url\":\"https:\\\/\\\/lepotentiel.bj\\\/\",\"logo\":{\"@type\":\"ImageObject\",\"inLanguage\":\"fr-FR\",\"@id\":\"https:\\\/\\\/lepotentiel.bj\\\/#\\\/schema\\\/logo\\\/image\\\/\",\"url\":\"https:\\\/\\\/lepotentiel.bj\\\/wp-content\\\/uploads\\\/2023\\\/12\\\/logo-pot.jpg\",\"contentUrl\":\"https:\\\/\\\/lepotentiel.bj\\\/wp-content\\\/uploads\\\/2023\\\/12\\\/logo-pot.jpg\",\"width\":562,\"height\":84,\"caption\":\"Le Potentiel\"},\"image\":{\"@id\":\"https:\\\/\\\/lepotentiel.bj\\\/#\\\/schema\\\/logo\\\/image\\\/\"}},{\"@type\":\"Person\",\"@id\":\"https:\\\/\\\/lepotentiel.bj\\\/#\\\/schema\\\/person\\\/be28cc6627953a4c37d8ff6f77ab1931\",\"name\":\"abiolos\",\"image\":{\"@type\":\"ImageObject\",\"inLanguage\":\"fr-FR\",\"@id\":\"https:\\\/\\\/secure.gravatar.com\\\/avatar\\\/dd78717a6cfbb73688d69970c97df05428635483c0454a4a72cdc52053a50029?s=96&d=mm&r=g\",\"url\":\"https:\\\/\\\/secure.gravatar.com\\\/avatar\\\/dd78717a6cfbb73688d69970c97df05428635483c0454a4a72cdc52053a50029?s=96&d=mm&r=g\",\"contentUrl\":\"https:\\\/\\\/secure.gravatar.com\\\/avatar\\\/dd78717a6cfbb73688d69970c97df05428635483c0454a4a72cdc52053a50029?s=96&d=mm&r=g\",\"caption\":\"abiolos\"},\"url\":\"https:\\\/\\\/lepotentiel.bj\\\/?author=1\"}]}<\/script>\n<!-- \/ Yoast SEO plugin. -->","yoast_head_json":{"title":"\u00c9vasion d'un d\u00e9tenu burkinab\u00e8 de la prison civile de Cotonou: l'impunit\u00e9 r\u00e8gne, les flics coupables se prot\u00e8gent - Le Potentiel","robots":{"index":"index","follow":"follow","max-snippet":"max-snippet:-1","max-image-preview":"max-image-preview:large","max-video-preview":"max-video-preview:-1"},"canonical":"https:\/\/lepotentiel.bj\/?p=37715","og_locale":"fr_FR","og_type":"article","og_title":"\u00c9vasion d'un d\u00e9tenu burkinab\u00e8 de la prison civile de Cotonou: l'impunit\u00e9 r\u00e8gne, les flics coupables se prot\u00e8gent - Le Potentiel","og_description":"De la complaisance dans la gestion d&rsquo;un cas d&rsquo;\u00e9vasion de prisonnier suppos\u00e9ment retrouv\u00e9 sur l&rsquo;arbre d&rsquo;un commissariat en pleine Ville. \u00c0 Cotonou, cette information distill\u00e9e sur les r\u00e9seaux sociaux et malheureusement reprise par certains m\u00e9dias a vite l&rsquo;allure d&rsquo;un fait divers. D&rsquo;ailleurs, les recoupements effectu\u00e9s avec justesse par le journal Le Potentiel ont t\u00f4t fait [&hellip;]","og_url":"https:\/\/lepotentiel.bj\/?p=37715","og_site_name":"Le Potentiel","article_published_time":"2023-03-19T23:21:10+00:00","author":"abiolos","twitter_card":"summary_large_image","twitter_misc":{"\u00c9crit par":"abiolos","Dur\u00e9e de lecture estim\u00e9e":"4 minutes"},"schema":{"@context":"https:\/\/schema.org","@graph":[{"@type":"Article","@id":"https:\/\/lepotentiel.bj\/?p=37715#article","isPartOf":{"@id":"https:\/\/lepotentiel.bj\/?p=37715"},"author":{"name":"abiolos","@id":"https:\/\/lepotentiel.bj\/#\/schema\/person\/be28cc6627953a4c37d8ff6f77ab1931"},"headline":"\u00c9vasion d&rsquo;un d\u00e9tenu burkinab\u00e8 de la prison civile de Cotonou: l&rsquo;impunit\u00e9 r\u00e8gne, les flics coupables se prot\u00e8gent","datePublished":"2023-03-19T23:21:10+00:00","mainEntityOfPage":{"@id":"https:\/\/lepotentiel.bj\/?p=37715"},"wordCount":844,"commentCount":0,"publisher":{"@id":"https:\/\/lepotentiel.bj\/#organization"},"image":{"@id":"https:\/\/lepotentiel.bj\/?p=37715#primaryimage"},"thumbnailUrl":"","keywords":["Evasion \u00e0 la prison civile de Cotonou","Impunit\u00e9"],"articleSection":["Actualit\u00e9"],"inLanguage":"fr-FR","potentialAction":[{"@type":"CommentAction","name":"Comment","target":["https:\/\/lepotentiel.bj\/?p=37715#respond"]}]},{"@type":"WebPage","@id":"https:\/\/lepotentiel.bj\/?p=37715","url":"https:\/\/lepotentiel.bj\/?p=37715","name":"\u00c9vasion d'un d\u00e9tenu burkinab\u00e8 de la prison civile de Cotonou: l'impunit\u00e9 r\u00e8gne, les flics coupables se prot\u00e8gent - Le Potentiel","isPartOf":{"@id":"https:\/\/lepotentiel.bj\/#website"},"primaryImageOfPage":{"@id":"https:\/\/lepotentiel.bj\/?p=37715#primaryimage"},"image":{"@id":"https:\/\/lepotentiel.bj\/?p=37715#primaryimage"},"thumbnailUrl":"","datePublished":"2023-03-19T23:21:10+00:00","breadcrumb":{"@id":"https:\/\/lepotentiel.bj\/?p=37715#breadcrumb"},"inLanguage":"fr-FR","potentialAction":[{"@type":"ReadAction","target":["https:\/\/lepotentiel.bj\/?p=37715"]}]},{"@type":"ImageObject","inLanguage":"fr-FR","@id":"https:\/\/lepotentiel.bj\/?p=37715#primaryimage","url":"","contentUrl":""},{"@type":"BreadcrumbList","@id":"https:\/\/lepotentiel.bj\/?p=37715#breadcrumb","itemListElement":[{"@type":"ListItem","position":1,"name":"Accueil","item":"https:\/\/lepotentiel.bj\/"},{"@type":"ListItem","position":2,"name":"\u00c9vasion d&rsquo;un d\u00e9tenu burkinab\u00e8 de la prison civile de Cotonou: l&rsquo;impunit\u00e9 r\u00e8gne, les flics coupables se prot\u00e8gent"}]},{"@type":"WebSite","@id":"https:\/\/lepotentiel.bj\/#website","url":"https:\/\/lepotentiel.bj\/","name":"Le Potentiel","description":"Le Potentiel, au service de l\u2019information, nous sommes les fantassins du droit de savoir","publisher":{"@id":"https:\/\/lepotentiel.bj\/#organization"},"potentialAction":[{"@type":"SearchAction","target":{"@type":"EntryPoint","urlTemplate":"https:\/\/lepotentiel.bj\/?s={search_term_string}"},"query-input":{"@type":"PropertyValueSpecification","valueRequired":true,"valueName":"search_term_string"}}],"inLanguage":"fr-FR"},{"@type":"Organization","@id":"https:\/\/lepotentiel.bj\/#organization","name":"Le Potentiel","url":"https:\/\/lepotentiel.bj\/","logo":{"@type":"ImageObject","inLanguage":"fr-FR","@id":"https:\/\/lepotentiel.bj\/#\/schema\/logo\/image\/","url":"https:\/\/lepotentiel.bj\/wp-content\/uploads\/2023\/12\/logo-pot.jpg","contentUrl":"https:\/\/lepotentiel.bj\/wp-content\/uploads\/2023\/12\/logo-pot.jpg","width":562,"height":84,"caption":"Le Potentiel"},"image":{"@id":"https:\/\/lepotentiel.bj\/#\/schema\/logo\/image\/"}},{"@type":"Person","@id":"https:\/\/lepotentiel.bj\/#\/schema\/person\/be28cc6627953a4c37d8ff6f77ab1931","name":"abiolos","image":{"@type":"ImageObject","inLanguage":"fr-FR","@id":"https:\/\/secure.gravatar.com\/avatar\/dd78717a6cfbb73688d69970c97df05428635483c0454a4a72cdc52053a50029?s=96&d=mm&r=g","url":"https:\/\/secure.gravatar.com\/avatar\/dd78717a6cfbb73688d69970c97df05428635483c0454a4a72cdc52053a50029?s=96&d=mm&r=g","contentUrl":"https:\/\/secure.gravatar.com\/avatar\/dd78717a6cfbb73688d69970c97df05428635483c0454a4a72cdc52053a50029?s=96&d=mm&r=g","caption":"abiolos"},"url":"https:\/\/lepotentiel.bj\/?author=1"}]}},"_links":{"self":[{"href":"https:\/\/lepotentiel.bj\/index.php?rest_route=\/wp\/v2\/posts\/37715","targetHints":{"allow":["GET"]}}],"collection":[{"href":"https:\/\/lepotentiel.bj\/index.php?rest_route=\/wp\/v2\/posts"}],"about":[{"href":"https:\/\/lepotentiel.bj\/index.php?rest_route=\/wp\/v2\/types\/post"}],"author":[{"embeddable":true,"href":"https:\/\/lepotentiel.bj\/index.php?rest_route=\/wp\/v2\/users\/1"}],"replies":[{"embeddable":true,"href":"https:\/\/lepotentiel.bj\/index.php?rest_route=%2Fwp%2Fv2%2Fcomments&post=37715"}],"version-history":[{"count":0,"href":"https:\/\/lepotentiel.bj\/index.php?rest_route=\/wp\/v2\/posts\/37715\/revisions"}],"wp:featuredmedia":[{"embeddable":true,"href":"https:\/\/lepotentiel.bj\/index.php?rest_route=\/"}],"wp:attachment":[{"href":"https:\/\/lepotentiel.bj\/index.php?rest_route=%2Fwp%2Fv2%2Fmedia&parent=37715"}],"wp:term":[{"taxonomy":"category","embeddable":true,"href":"https:\/\/lepotentiel.bj\/index.php?rest_route=%2Fwp%2Fv2%2Fcategories&post=37715"},{"taxonomy":"post_tag","embeddable":true,"href":"https:\/\/lepotentiel.bj\/index.php?rest_route=%2Fwp%2Fv2%2Ftags&post=37715"}],"curies":[{"name":"wp","href":"https:\/\/api.w.org\/{rel}","templated":true}]}}