{"id":39348,"date":"2023-04-14T07:44:08","date_gmt":"2023-04-14T06:44:08","guid":{"rendered":"https:\/\/lepotentiel.bj\/?p=39348"},"modified":"2023-04-14T07:44:08","modified_gmt":"2023-04-14T06:44:08","slug":"ouverture-de-la-1ere-session-ordinaire-et-investiture-du-president-de-lassemblee-nationale-louis-vlavonou-salue-une-aube-nouvelle-au-parlement","status":"publish","type":"post","link":"https:\/\/lepotentiel.bj\/?p=39348","title":{"rendered":"Ouverture de la 1\u00e8re session ordinaire et investiture du pr\u00e9sident de l\u2019Assembl\u00e9e nationale Louis Vlavonou salue une aube nouvelle au Parlement"},"content":{"rendered":"\n<p><em>Double \u00e9v\u00e8nement ce jeudi 13 avril 2023 \u00e0 l\u2019Assembl\u00e9e nationale du B\u00e9nin. Ce jour a consacr\u00e9 officiellement la c\u00e9r\u00e9monie d\u2019investiture du pr\u00e9sident Louis Vlavonou pour le compte du second mandat de la 9\u00e8 l\u00e9gislature pr\u00e9c\u00e9d\u00e9e de l\u2019ouverture de la 1 \u00e8re session ordinaire des membres de l\u2019institution parlementaire. Les manifestations se sont d\u00e9roul\u00e9es au si\u00e8ge du palais des gouverneurs en pr\u00e9sence de deux (2) d\u00e9l\u00e9gations \u00e9trang\u00e8res du Ghana et du Niger et un grand nombre de figures de l\u2019ar\u00e8ne politique b\u00e9ninoise.<\/em><\/p>\n\n\n\n<p>La rentr\u00e9e parlementaire a eu lieu \u00e0 l\u2019Assembl\u00e9e nationale du B\u00e9nin. Les 109 d\u00e9put\u00e9s \u00e9lus et install\u00e9s le 12 f\u00e9vrier dernier retournent au parlement pendant les trois (3) prochains jours pour examiner et voter plusieurs lois touchant la vie des citoyens b\u00e9ninois. C\u2019est \u00e0 ce besoin que r\u00e9pond donc cette session qui a \u00e9t\u00e9 ouverte par le pr\u00e9sident Louis Vlavonou. Lors de son allocution, l\u2019\u00e9lu du parti Union Progressiste Le Renouveau (UP-R) est revenu sur le caract\u00e8re sacr\u00e9 de cette c\u00e9r\u00e9monie<strong>. \u00ab Cette rentr\u00e9e parlementaire est sous le signe d\u2019une aube nouvelle, une aube de pluralit\u00e9 et d\u2019esp\u00e9rance \u00bb<\/strong>, a annonc\u00e9 Louis Vlavanou. En s\u2019adressant \u00e0 ses 108 coll\u00e8gues, le pr\u00e9sident a d\u00e9clar\u00e9 que le vent nouveau du retour au parlement de l\u2019opposition <strong>\u00ab nous appelle \u00e0 travailler pour l\u2019enracinement de la d\u00e9mocratie et pour le d\u00e9veloppement de notre cher et beau pays, le B\u00e9nin, en tenant compte du poids de l\u2019histoire, mais dans une dynamique de progr\u00e8s et d\u2019avancement. L\u2019int\u00e9r\u00eat du B\u00e9nin prime sur nos int\u00e9r\u00eats partisans et \u00e9go\u00efstes. Oui, le B\u00e9nin doit demeurer notre priorit\u00e9 \u00bb. <\/strong>Le pr\u00e9sident a par la suite exhort\u00e9 ses coll\u00e8gues notamment ceux de l\u2019opposition \u00e0 cultiver l\u2019esprit de responsabilit\u00e9 et surtout de fraternit\u00e9.<\/p>\n\n\n\n<p><strong>Plusieurs lois \u00e0 examiner pendant les prochains mois<\/strong><\/p>\n\n\n\n<figure class=\"wp-block-gallery has-nested-images columns-default is-cropped wp-block-gallery-1 is-layout-flex wp-block-gallery-is-layout-flex\">\n<figure class=\"wp-block-image size-large\"><img decoding=\"async\" data-id=\"39350\" src=\"https:\/\/lepotentiel.bj\/wp-content\/uploads\/2023\/04\/IMG-20230414-WA0001-1-1024x683.jpg\" alt=\"\" class=\"wp-image-39350\"\/><\/figure>\n<\/figure>\n\n\n\n<div class=\"wp-block-file\"><a href=\"https:\/\/lepotentiel.bj\/wp-content\/uploads\/2023\/04\/IMG-20230414-WA0001.jpg\" class=\"wp-block-file__button wp-element-button\" download>T\u00e9l\u00e9charger<\/a><\/div>\n\n\n\n<p>Ouverte ce jeudi 13 avril, les d\u00e9put\u00e9s doivent examiner plusieurs projets de loi. Lors de son allocution, le pr\u00e9sident a rappel\u00e9 quelques-unes de ces lois. Entre autres, il s\u2019agit d\u2019anciennes lois non examin\u00e9es et de nouvelles initi\u00e9es en vue de r\u00e9pondre \u00e0 plusieurs pr\u00e9occupations de la communaut\u00e9. L\u2019on retrouvera ainsi, le projet de loi portant loi organique sur le Conseil \u00e9conomique et social, le projet de loi portant autorisation de ratification de la convention entre le gouvernement de la R\u00e9publique du B\u00e9nin et celui des \u00c9mirats Arabes Unis en vue d\u2019\u00e9viter la double imposition et de pr\u00e9venir l\u2019\u00e9vasion fiscale en mati\u00e8re d\u2019imp\u00f4ts sur le revenu, sign\u00e9e \u00e0 Abu Dhabi, le 4 mars 2013, le projet de loi relative au taux d\u2019int\u00e9r\u00eat l\u00e9gal en R\u00e9publique du B\u00e9nin, le projet de loi relatif \u00e0 l\u2019activit\u00e9 d\u2019affacturage en R\u00e9publique du B\u00e9nin, etc.<br>Suite \u00e0 l\u2019ouverture de la 1\u00e8re session ordinaire a eu lieu la c\u00e9r\u00e9monie de d\u00e9coration du pr\u00e9sident Louis Vlavonou. Elle a \u00e9t\u00e9 pr\u00e9sid\u00e9e par la Vice-pr\u00e9sidente de la R\u00e9publique Mariam Chabi Talata qui a salu\u00e9 le m\u00e9rite d\u2019un homme engag\u00e9, sage et r\u00e9publicain. \u00c9lev\u00e9 au rang de Grand-Croix de l\u2019ordre national de m\u00e9rite du B\u00e9nin, Louis Vlavonou lors de son investiture a renouvel\u00e9 son engagement \u00e0 poursuivre les r\u00e9formes au sein de l\u2019institution parlementaire pour accompagner les actions du pr\u00e9sident Patrice Talon. Cet \u00e9v\u00e8nement a connu la pr\u00e9sence de Monsieur le Pr\u00e9sident Alban Bagbin, du Parlement du Ghana et Monsieur Oumarou Yahaya, Vice-pr\u00e9sident de l\u2019Assembl\u00e9e nationale du Niger. Par ailleurs, \u00e9taient pr\u00e9sents les quatre (4) anciens pr\u00e9sidents de l\u2019Assembl\u00e9e nationale du B\u00e9nin, les pr\u00e9sidents des institutions, les membres du gouvernement et bien d&rsquo;autres.<\/p>\n\n\n\n<p><strong>Ulrich ZINSOU<\/strong><\/p>\n","protected":false},"excerpt":{"rendered":"<p>Double \u00e9v\u00e8nement ce jeudi 13 avril 2023 \u00e0 l\u2019Assembl\u00e9e nationale du B\u00e9nin. Ce jour a consacr\u00e9 officiellement la c\u00e9r\u00e9monie d\u2019investiture du pr\u00e9sident Louis Vlavonou pour le compte du second mandat de la 9\u00e8 l\u00e9gislature pr\u00e9c\u00e9d\u00e9e de l\u2019ouverture de la 1 \u00e8re session ordinaire des membres de l\u2019institution parlementaire. Les manifestations se sont d\u00e9roul\u00e9es au si\u00e8ge [&hellip;]<\/p>\n","protected":false},"author":1,"featured_media":39351,"comment_status":"open","ping_status":"open","sticky":false,"template":"","format":"standard","meta":{"footnotes":""},"categories":[34,41],"tags":[],"class_list":["post-39348","post","type-post","status-publish","format-standard","has-post-thumbnail","hentry","category-actualite","category-politique"],"yoast_head":"<!-- This site is optimized with the Yoast SEO plugin v28.2 - https:\/\/yoast.com\/product\/yoast-seo-wordpress\/ -->\n<title>Ouverture de la 1\u00e8re session ordinaire et investiture du pr\u00e9sident de l\u2019Assembl\u00e9e nationale Louis Vlavonou salue une aube nouvelle au Parlement - Le Potentiel<\/title>\n<meta name=\"robots\" content=\"index, follow, max-snippet:-1, max-image-preview:large, max-video-preview:-1\" \/>\n<link rel=\"canonical\" href=\"https:\/\/lepotentiel.bj\/?p=39348\" \/>\n<meta property=\"og:locale\" content=\"fr_FR\" \/>\n<meta property=\"og:type\" content=\"article\" \/>\n<meta property=\"og:title\" content=\"Ouverture de la 1\u00e8re session ordinaire et investiture du pr\u00e9sident de l\u2019Assembl\u00e9e nationale Louis Vlavonou salue une aube nouvelle au Parlement - Le Potentiel\" \/>\n<meta property=\"og:description\" content=\"Double \u00e9v\u00e8nement ce jeudi 13 avril 2023 \u00e0 l\u2019Assembl\u00e9e nationale du B\u00e9nin. Ce jour a consacr\u00e9 officiellement la c\u00e9r\u00e9monie d\u2019investiture du pr\u00e9sident Louis Vlavonou pour le compte du second mandat de la 9\u00e8 l\u00e9gislature pr\u00e9c\u00e9d\u00e9e de l\u2019ouverture de la 1 \u00e8re session ordinaire des membres de l\u2019institution parlementaire. Les manifestations se sont d\u00e9roul\u00e9es au si\u00e8ge [&hellip;]\" \/>\n<meta property=\"og:url\" content=\"https:\/\/lepotentiel.bj\/?p=39348\" \/>\n<meta property=\"og:site_name\" content=\"Le Potentiel\" \/>\n<meta property=\"article:published_time\" content=\"2023-04-14T06:44:08+00:00\" \/>\n<meta name=\"author\" content=\"abiolos\" \/>\n<meta name=\"twitter:card\" content=\"summary_large_image\" \/>\n<meta name=\"twitter:label1\" content=\"\u00c9crit par\" \/>\n\t<meta name=\"twitter:data1\" content=\"abiolos\" \/>\n\t<meta name=\"twitter:label2\" content=\"Dur\u00e9e de lecture estim\u00e9e\" \/>\n\t<meta name=\"twitter:data2\" content=\"3 minutes\" \/>\n<script type=\"application\/ld+json\" class=\"yoast-schema-graph\">{\"@context\":\"https:\\\/\\\/schema.org\",\"@graph\":[{\"@type\":\"Article\",\"@id\":\"https:\\\/\\\/lepotentiel.bj\\\/?p=39348#article\",\"isPartOf\":{\"@id\":\"https:\\\/\\\/lepotentiel.bj\\\/?p=39348\"},\"author\":{\"name\":\"abiolos\",\"@id\":\"https:\\\/\\\/lepotentiel.bj\\\/#\\\/schema\\\/person\\\/be28cc6627953a4c37d8ff6f77ab1931\"},\"headline\":\"Ouverture de la 1\u00e8re session ordinaire et investiture du pr\u00e9sident de l\u2019Assembl\u00e9e nationale Louis Vlavonou salue une aube nouvelle au Parlement\",\"datePublished\":\"2023-04-14T06:44:08+00:00\",\"mainEntityOfPage\":{\"@id\":\"https:\\\/\\\/lepotentiel.bj\\\/?p=39348\"},\"wordCount\":688,\"commentCount\":0,\"publisher\":{\"@id\":\"https:\\\/\\\/lepotentiel.bj\\\/#organization\"},\"image\":{\"@id\":\"https:\\\/\\\/lepotentiel.bj\\\/?p=39348#primaryimage\"},\"thumbnailUrl\":\"\",\"articleSection\":[\"Actualit\u00e9\",\"Politique\"],\"inLanguage\":\"fr-FR\",\"potentialAction\":[{\"@type\":\"CommentAction\",\"name\":\"Comment\",\"target\":[\"https:\\\/\\\/lepotentiel.bj\\\/?p=39348#respond\"]}]},{\"@type\":\"WebPage\",\"@id\":\"https:\\\/\\\/lepotentiel.bj\\\/?p=39348\",\"url\":\"https:\\\/\\\/lepotentiel.bj\\\/?p=39348\",\"name\":\"Ouverture de la 1\u00e8re session ordinaire et investiture du pr\u00e9sident de l\u2019Assembl\u00e9e nationale Louis Vlavonou salue une aube nouvelle au Parlement - Le Potentiel\",\"isPartOf\":{\"@id\":\"https:\\\/\\\/lepotentiel.bj\\\/#website\"},\"primaryImageOfPage\":{\"@id\":\"https:\\\/\\\/lepotentiel.bj\\\/?p=39348#primaryimage\"},\"image\":{\"@id\":\"https:\\\/\\\/lepotentiel.bj\\\/?p=39348#primaryimage\"},\"thumbnailUrl\":\"\",\"datePublished\":\"2023-04-14T06:44:08+00:00\",\"breadcrumb\":{\"@id\":\"https:\\\/\\\/lepotentiel.bj\\\/?p=39348#breadcrumb\"},\"inLanguage\":\"fr-FR\",\"potentialAction\":[{\"@type\":\"ReadAction\",\"target\":[\"https:\\\/\\\/lepotentiel.bj\\\/?p=39348\"]}]},{\"@type\":\"ImageObject\",\"inLanguage\":\"fr-FR\",\"@id\":\"https:\\\/\\\/lepotentiel.bj\\\/?p=39348#primaryimage\",\"url\":\"\",\"contentUrl\":\"\"},{\"@type\":\"BreadcrumbList\",\"@id\":\"https:\\\/\\\/lepotentiel.bj\\\/?p=39348#breadcrumb\",\"itemListElement\":[{\"@type\":\"ListItem\",\"position\":1,\"name\":\"Accueil\",\"item\":\"https:\\\/\\\/lepotentiel.bj\\\/\"},{\"@type\":\"ListItem\",\"position\":2,\"name\":\"Ouverture de la 1\u00e8re session ordinaire et investiture du pr\u00e9sident de l\u2019Assembl\u00e9e nationale Louis Vlavonou salue une aube nouvelle au Parlement\"}]},{\"@type\":\"WebSite\",\"@id\":\"https:\\\/\\\/lepotentiel.bj\\\/#website\",\"url\":\"https:\\\/\\\/lepotentiel.bj\\\/\",\"name\":\"Le Potentiel\",\"description\":\"Le Potentiel, au service de l\u2019information, nous sommes les fantassins du droit de savoir\",\"publisher\":{\"@id\":\"https:\\\/\\\/lepotentiel.bj\\\/#organization\"},\"potentialAction\":[{\"@type\":\"SearchAction\",\"target\":{\"@type\":\"EntryPoint\",\"urlTemplate\":\"https:\\\/\\\/lepotentiel.bj\\\/?s={search_term_string}\"},\"query-input\":{\"@type\":\"PropertyValueSpecification\",\"valueRequired\":true,\"valueName\":\"search_term_string\"}}],\"inLanguage\":\"fr-FR\"},{\"@type\":\"Organization\",\"@id\":\"https:\\\/\\\/lepotentiel.bj\\\/#organization\",\"name\":\"Le Potentiel\",\"url\":\"https:\\\/\\\/lepotentiel.bj\\\/\",\"logo\":{\"@type\":\"ImageObject\",\"inLanguage\":\"fr-FR\",\"@id\":\"https:\\\/\\\/lepotentiel.bj\\\/#\\\/schema\\\/logo\\\/image\\\/\",\"url\":\"https:\\\/\\\/lepotentiel.bj\\\/wp-content\\\/uploads\\\/2023\\\/12\\\/logo-pot.jpg\",\"contentUrl\":\"https:\\\/\\\/lepotentiel.bj\\\/wp-content\\\/uploads\\\/2023\\\/12\\\/logo-pot.jpg\",\"width\":562,\"height\":84,\"caption\":\"Le Potentiel\"},\"image\":{\"@id\":\"https:\\\/\\\/lepotentiel.bj\\\/#\\\/schema\\\/logo\\\/image\\\/\"}},{\"@type\":\"Person\",\"@id\":\"https:\\\/\\\/lepotentiel.bj\\\/#\\\/schema\\\/person\\\/be28cc6627953a4c37d8ff6f77ab1931\",\"name\":\"abiolos\",\"image\":{\"@type\":\"ImageObject\",\"inLanguage\":\"fr-FR\",\"@id\":\"https:\\\/\\\/secure.gravatar.com\\\/avatar\\\/dd78717a6cfbb73688d69970c97df05428635483c0454a4a72cdc52053a50029?s=96&d=mm&r=g\",\"url\":\"https:\\\/\\\/secure.gravatar.com\\\/avatar\\\/dd78717a6cfbb73688d69970c97df05428635483c0454a4a72cdc52053a50029?s=96&d=mm&r=g\",\"contentUrl\":\"https:\\\/\\\/secure.gravatar.com\\\/avatar\\\/dd78717a6cfbb73688d69970c97df05428635483c0454a4a72cdc52053a50029?s=96&d=mm&r=g\",\"caption\":\"abiolos\"},\"url\":\"https:\\\/\\\/lepotentiel.bj\\\/?author=1\"}]}<\/script>\n<!-- \/ Yoast SEO plugin. -->","yoast_head_json":{"title":"Ouverture de la 1\u00e8re session ordinaire et investiture du pr\u00e9sident de l\u2019Assembl\u00e9e nationale Louis Vlavonou salue une aube nouvelle au Parlement - Le Potentiel","robots":{"index":"index","follow":"follow","max-snippet":"max-snippet:-1","max-image-preview":"max-image-preview:large","max-video-preview":"max-video-preview:-1"},"canonical":"https:\/\/lepotentiel.bj\/?p=39348","og_locale":"fr_FR","og_type":"article","og_title":"Ouverture de la 1\u00e8re session ordinaire et investiture du pr\u00e9sident de l\u2019Assembl\u00e9e nationale Louis Vlavonou salue une aube nouvelle au Parlement - Le Potentiel","og_description":"Double \u00e9v\u00e8nement ce jeudi 13 avril 2023 \u00e0 l\u2019Assembl\u00e9e nationale du B\u00e9nin. Ce jour a consacr\u00e9 officiellement la c\u00e9r\u00e9monie d\u2019investiture du pr\u00e9sident Louis Vlavonou pour le compte du second mandat de la 9\u00e8 l\u00e9gislature pr\u00e9c\u00e9d\u00e9e de l\u2019ouverture de la 1 \u00e8re session ordinaire des membres de l\u2019institution parlementaire. Les manifestations se sont d\u00e9roul\u00e9es au si\u00e8ge [&hellip;]","og_url":"https:\/\/lepotentiel.bj\/?p=39348","og_site_name":"Le Potentiel","article_published_time":"2023-04-14T06:44:08+00:00","author":"abiolos","twitter_card":"summary_large_image","twitter_misc":{"\u00c9crit par":"abiolos","Dur\u00e9e de lecture estim\u00e9e":"3 minutes"},"schema":{"@context":"https:\/\/schema.org","@graph":[{"@type":"Article","@id":"https:\/\/lepotentiel.bj\/?p=39348#article","isPartOf":{"@id":"https:\/\/lepotentiel.bj\/?p=39348"},"author":{"name":"abiolos","@id":"https:\/\/lepotentiel.bj\/#\/schema\/person\/be28cc6627953a4c37d8ff6f77ab1931"},"headline":"Ouverture de la 1\u00e8re session ordinaire et investiture du pr\u00e9sident de l\u2019Assembl\u00e9e nationale Louis Vlavonou salue une aube nouvelle au Parlement","datePublished":"2023-04-14T06:44:08+00:00","mainEntityOfPage":{"@id":"https:\/\/lepotentiel.bj\/?p=39348"},"wordCount":688,"commentCount":0,"publisher":{"@id":"https:\/\/lepotentiel.bj\/#organization"},"image":{"@id":"https:\/\/lepotentiel.bj\/?p=39348#primaryimage"},"thumbnailUrl":"","articleSection":["Actualit\u00e9","Politique"],"inLanguage":"fr-FR","potentialAction":[{"@type":"CommentAction","name":"Comment","target":["https:\/\/lepotentiel.bj\/?p=39348#respond"]}]},{"@type":"WebPage","@id":"https:\/\/lepotentiel.bj\/?p=39348","url":"https:\/\/lepotentiel.bj\/?p=39348","name":"Ouverture de la 1\u00e8re session ordinaire et investiture du pr\u00e9sident de l\u2019Assembl\u00e9e nationale Louis Vlavonou salue une aube nouvelle au Parlement - Le Potentiel","isPartOf":{"@id":"https:\/\/lepotentiel.bj\/#website"},"primaryImageOfPage":{"@id":"https:\/\/lepotentiel.bj\/?p=39348#primaryimage"},"image":{"@id":"https:\/\/lepotentiel.bj\/?p=39348#primaryimage"},"thumbnailUrl":"","datePublished":"2023-04-14T06:44:08+00:00","breadcrumb":{"@id":"https:\/\/lepotentiel.bj\/?p=39348#breadcrumb"},"inLanguage":"fr-FR","potentialAction":[{"@type":"ReadAction","target":["https:\/\/lepotentiel.bj\/?p=39348"]}]},{"@type":"ImageObject","inLanguage":"fr-FR","@id":"https:\/\/lepotentiel.bj\/?p=39348#primaryimage","url":"","contentUrl":""},{"@type":"BreadcrumbList","@id":"https:\/\/lepotentiel.bj\/?p=39348#breadcrumb","itemListElement":[{"@type":"ListItem","position":1,"name":"Accueil","item":"https:\/\/lepotentiel.bj\/"},{"@type":"ListItem","position":2,"name":"Ouverture de la 1\u00e8re session ordinaire et investiture du pr\u00e9sident de l\u2019Assembl\u00e9e nationale Louis Vlavonou salue une aube nouvelle au Parlement"}]},{"@type":"WebSite","@id":"https:\/\/lepotentiel.bj\/#website","url":"https:\/\/lepotentiel.bj\/","name":"Le Potentiel","description":"Le Potentiel, au service de l\u2019information, nous sommes les fantassins du droit de savoir","publisher":{"@id":"https:\/\/lepotentiel.bj\/#organization"},"potentialAction":[{"@type":"SearchAction","target":{"@type":"EntryPoint","urlTemplate":"https:\/\/lepotentiel.bj\/?s={search_term_string}"},"query-input":{"@type":"PropertyValueSpecification","valueRequired":true,"valueName":"search_term_string"}}],"inLanguage":"fr-FR"},{"@type":"Organization","@id":"https:\/\/lepotentiel.bj\/#organization","name":"Le Potentiel","url":"https:\/\/lepotentiel.bj\/","logo":{"@type":"ImageObject","inLanguage":"fr-FR","@id":"https:\/\/lepotentiel.bj\/#\/schema\/logo\/image\/","url":"https:\/\/lepotentiel.bj\/wp-content\/uploads\/2023\/12\/logo-pot.jpg","contentUrl":"https:\/\/lepotentiel.bj\/wp-content\/uploads\/2023\/12\/logo-pot.jpg","width":562,"height":84,"caption":"Le Potentiel"},"image":{"@id":"https:\/\/lepotentiel.bj\/#\/schema\/logo\/image\/"}},{"@type":"Person","@id":"https:\/\/lepotentiel.bj\/#\/schema\/person\/be28cc6627953a4c37d8ff6f77ab1931","name":"abiolos","image":{"@type":"ImageObject","inLanguage":"fr-FR","@id":"https:\/\/secure.gravatar.com\/avatar\/dd78717a6cfbb73688d69970c97df05428635483c0454a4a72cdc52053a50029?s=96&d=mm&r=g","url":"https:\/\/secure.gravatar.com\/avatar\/dd78717a6cfbb73688d69970c97df05428635483c0454a4a72cdc52053a50029?s=96&d=mm&r=g","contentUrl":"https:\/\/secure.gravatar.com\/avatar\/dd78717a6cfbb73688d69970c97df05428635483c0454a4a72cdc52053a50029?s=96&d=mm&r=g","caption":"abiolos"},"url":"https:\/\/lepotentiel.bj\/?author=1"}]}},"_links":{"self":[{"href":"https:\/\/lepotentiel.bj\/index.php?rest_route=\/wp\/v2\/posts\/39348","targetHints":{"allow":["GET"]}}],"collection":[{"href":"https:\/\/lepotentiel.bj\/index.php?rest_route=\/wp\/v2\/posts"}],"about":[{"href":"https:\/\/lepotentiel.bj\/index.php?rest_route=\/wp\/v2\/types\/post"}],"author":[{"embeddable":true,"href":"https:\/\/lepotentiel.bj\/index.php?rest_route=\/wp\/v2\/users\/1"}],"replies":[{"embeddable":true,"href":"https:\/\/lepotentiel.bj\/index.php?rest_route=%2Fwp%2Fv2%2Fcomments&post=39348"}],"version-history":[{"count":0,"href":"https:\/\/lepotentiel.bj\/index.php?rest_route=\/wp\/v2\/posts\/39348\/revisions"}],"wp:featuredmedia":[{"embeddable":true,"href":"https:\/\/lepotentiel.bj\/index.php?rest_route=\/"}],"wp:attachment":[{"href":"https:\/\/lepotentiel.bj\/index.php?rest_route=%2Fwp%2Fv2%2Fmedia&parent=39348"}],"wp:term":[{"taxonomy":"category","embeddable":true,"href":"https:\/\/lepotentiel.bj\/index.php?rest_route=%2Fwp%2Fv2%2Fcategories&post=39348"},{"taxonomy":"post_tag","embeddable":true,"href":"https:\/\/lepotentiel.bj\/index.php?rest_route=%2Fwp%2Fv2%2Ftags&post=39348"}],"curies":[{"name":"wp","href":"https:\/\/api.w.org\/{rel}","templated":true}]}}