{"id":41515,"date":"2023-06-04T20:57:07","date_gmt":"2023-06-04T19:57:07","guid":{"rendered":"https:\/\/lepotentiel.bj\/?p=41515"},"modified":"2023-06-04T20:57:07","modified_gmt":"2023-06-04T19:57:07","slug":"lutte-contre-la-cybercriminalite-au-benin-le-patron-des-gaymans-de-bohicon-arrete-avec-lun-de-ses-apprentis","status":"publish","type":"post","link":"https:\/\/lepotentiel.bj\/?p=41515","title":{"rendered":"Lutte contre la cybercriminalit\u00e9 au B\u00e9nin : le patron des Gaymans de Bohicon arr\u00eat\u00e9 avec l&rsquo;un de ses apprentis"},"content":{"rendered":"\n<p>L&rsquo; Office Central de R\u00e9pression de la Cybercriminalit\u00e9 a cueilli le plus redoutable des cybercriminels de la commune de Bohicon dans le d\u00e9partement du Zou. Son arrestation est intervenue ce samedi 03 juin 2023 dans le quartier S\u00e8m\u00e8 au cours d&rsquo;une op\u00e9ration sp\u00e9ciale conduite de main de ma\u00eetre par le patron de l&rsquo;Office.  Bohicon vient ainsi d&rsquo;\u00eatre d\u00e9barrass\u00e9 d&rsquo;un gros morceau qui a longtemps perturb\u00e9 la qui\u00e9tude des populations et dont le nom \u00e9tait sur la ligne rouge de l&rsquo;OCRC. D&rsquo;apr\u00e8s les informations exclusives obtenues par votre Web m\u00e9dia <strong>Le Potentiel<\/strong>, celui qui est consid\u00e9r\u00e9 comme le num\u00e9ro 1 des gaymans de la ville carrefour a \u00e9t\u00e9 interpell\u00e9 en compagnie de l&rsquo;un de ses associ\u00e9s. Dans son domicile, les \u00e9l\u00e9ments de l&rsquo;OCRC apr\u00e8s une perquisition ont saisi deux (02) v\u00e9hicules de marques Rang Rover et Lexus, des gris-gris, des cartes  Visa, des documents de vente et d&rsquo;achat de parcelles. De m\u00eame, il a \u00e9t\u00e9 saisi plusieurs t\u00e9l\u00e9phones portables, des documents compromettants, des documents administratifs de deux (02) camions et bien d&rsquo;autres biens. Cette nouvelle prouesse de l&rsquo;OCRC vient montrer que la lutte sans merci enclench\u00e9e depuis quelques mois n&rsquo;est pas termin\u00e9e. <\/p>\n\n\n\n<p><strong>Ulrich ZINSOU<\/strong><\/p>\n","protected":false},"excerpt":{"rendered":"<p>L&rsquo; Office Central de R\u00e9pression de la Cybercriminalit\u00e9 a cueilli le plus redoutable des cybercriminels de la commune de Bohicon dans le d\u00e9partement du Zou. Son arrestation est intervenue ce samedi 03 juin 2023 dans le quartier S\u00e8m\u00e8 au cours d&rsquo;une op\u00e9ration sp\u00e9ciale conduite de main de ma\u00eetre par le patron de l&rsquo;Office. Bohicon vient [&hellip;]<\/p>\n","protected":false},"author":1,"featured_media":41516,"comment_status":"open","ping_status":"open","sticky":false,"template":"","format":"standard","meta":{"footnotes":""},"categories":[34,42],"tags":[],"class_list":["post-41515","post","type-post","status-publish","format-standard","has-post-thumbnail","hentry","category-actualite","category-societe"],"yoast_head":"<!-- This site is optimized with the Yoast SEO plugin v28.2 - https:\/\/yoast.com\/product\/yoast-seo-wordpress\/ -->\n<title>Lutte contre la cybercriminalit\u00e9 au B\u00e9nin : le patron des Gaymans de Bohicon arr\u00eat\u00e9 avec l&#039;un de ses apprentis - Le Potentiel<\/title>\n<meta name=\"robots\" content=\"index, follow, max-snippet:-1, max-image-preview:large, max-video-preview:-1\" \/>\n<link rel=\"canonical\" href=\"https:\/\/lepotentiel.bj\/?p=41515\" \/>\n<meta property=\"og:locale\" content=\"fr_FR\" \/>\n<meta property=\"og:type\" content=\"article\" \/>\n<meta property=\"og:title\" content=\"Lutte contre la cybercriminalit\u00e9 au B\u00e9nin : le patron des Gaymans de Bohicon arr\u00eat\u00e9 avec l&#039;un de ses apprentis - Le Potentiel\" \/>\n<meta property=\"og:description\" content=\"L&rsquo; Office Central de R\u00e9pression de la Cybercriminalit\u00e9 a cueilli le plus redoutable des cybercriminels de la commune de Bohicon dans le d\u00e9partement du Zou. Son arrestation est intervenue ce samedi 03 juin 2023 dans le quartier S\u00e8m\u00e8 au cours d&rsquo;une op\u00e9ration sp\u00e9ciale conduite de main de ma\u00eetre par le patron de l&rsquo;Office. Bohicon vient [&hellip;]\" \/>\n<meta property=\"og:url\" content=\"https:\/\/lepotentiel.bj\/?p=41515\" \/>\n<meta property=\"og:site_name\" content=\"Le Potentiel\" \/>\n<meta property=\"article:published_time\" content=\"2023-06-04T19:57:07+00:00\" \/>\n<meta name=\"author\" content=\"abiolos\" \/>\n<meta name=\"twitter:card\" content=\"summary_large_image\" \/>\n<meta name=\"twitter:label1\" content=\"\u00c9crit par\" \/>\n\t<meta name=\"twitter:data1\" content=\"abiolos\" \/>\n\t<meta name=\"twitter:label2\" content=\"Dur\u00e9e de lecture estim\u00e9e\" \/>\n\t<meta name=\"twitter:data2\" content=\"1 minute\" \/>\n<script type=\"application\/ld+json\" class=\"yoast-schema-graph\">{\"@context\":\"https:\\\/\\\/schema.org\",\"@graph\":[{\"@type\":\"Article\",\"@id\":\"https:\\\/\\\/lepotentiel.bj\\\/?p=41515#article\",\"isPartOf\":{\"@id\":\"https:\\\/\\\/lepotentiel.bj\\\/?p=41515\"},\"author\":{\"name\":\"abiolos\",\"@id\":\"https:\\\/\\\/lepotentiel.bj\\\/#\\\/schema\\\/person\\\/be28cc6627953a4c37d8ff6f77ab1931\"},\"headline\":\"Lutte contre la cybercriminalit\u00e9 au B\u00e9nin : le patron des Gaymans de Bohicon arr\u00eat\u00e9 avec l&rsquo;un de ses apprentis\",\"datePublished\":\"2023-06-04T19:57:07+00:00\",\"mainEntityOfPage\":{\"@id\":\"https:\\\/\\\/lepotentiel.bj\\\/?p=41515\"},\"wordCount\":230,\"commentCount\":0,\"publisher\":{\"@id\":\"https:\\\/\\\/lepotentiel.bj\\\/#organization\"},\"image\":{\"@id\":\"https:\\\/\\\/lepotentiel.bj\\\/?p=41515#primaryimage\"},\"thumbnailUrl\":\"\",\"articleSection\":[\"Actualit\u00e9\",\"SOCIETE\"],\"inLanguage\":\"fr-FR\",\"potentialAction\":[{\"@type\":\"CommentAction\",\"name\":\"Comment\",\"target\":[\"https:\\\/\\\/lepotentiel.bj\\\/?p=41515#respond\"]}]},{\"@type\":\"WebPage\",\"@id\":\"https:\\\/\\\/lepotentiel.bj\\\/?p=41515\",\"url\":\"https:\\\/\\\/lepotentiel.bj\\\/?p=41515\",\"name\":\"Lutte contre la cybercriminalit\u00e9 au B\u00e9nin : le patron des Gaymans de Bohicon arr\u00eat\u00e9 avec l'un de ses apprentis - Le Potentiel\",\"isPartOf\":{\"@id\":\"https:\\\/\\\/lepotentiel.bj\\\/#website\"},\"primaryImageOfPage\":{\"@id\":\"https:\\\/\\\/lepotentiel.bj\\\/?p=41515#primaryimage\"},\"image\":{\"@id\":\"https:\\\/\\\/lepotentiel.bj\\\/?p=41515#primaryimage\"},\"thumbnailUrl\":\"\",\"datePublished\":\"2023-06-04T19:57:07+00:00\",\"breadcrumb\":{\"@id\":\"https:\\\/\\\/lepotentiel.bj\\\/?p=41515#breadcrumb\"},\"inLanguage\":\"fr-FR\",\"potentialAction\":[{\"@type\":\"ReadAction\",\"target\":[\"https:\\\/\\\/lepotentiel.bj\\\/?p=41515\"]}]},{\"@type\":\"ImageObject\",\"inLanguage\":\"fr-FR\",\"@id\":\"https:\\\/\\\/lepotentiel.bj\\\/?p=41515#primaryimage\",\"url\":\"\",\"contentUrl\":\"\"},{\"@type\":\"BreadcrumbList\",\"@id\":\"https:\\\/\\\/lepotentiel.bj\\\/?p=41515#breadcrumb\",\"itemListElement\":[{\"@type\":\"ListItem\",\"position\":1,\"name\":\"Accueil\",\"item\":\"https:\\\/\\\/lepotentiel.bj\\\/\"},{\"@type\":\"ListItem\",\"position\":2,\"name\":\"Lutte contre la cybercriminalit\u00e9 au B\u00e9nin : le patron des Gaymans de Bohicon arr\u00eat\u00e9 avec l&rsquo;un de ses apprentis\"}]},{\"@type\":\"WebSite\",\"@id\":\"https:\\\/\\\/lepotentiel.bj\\\/#website\",\"url\":\"https:\\\/\\\/lepotentiel.bj\\\/\",\"name\":\"Le Potentiel\",\"description\":\"Le Potentiel, au service de l\u2019information, nous sommes les fantassins du droit de savoir\",\"publisher\":{\"@id\":\"https:\\\/\\\/lepotentiel.bj\\\/#organization\"},\"potentialAction\":[{\"@type\":\"SearchAction\",\"target\":{\"@type\":\"EntryPoint\",\"urlTemplate\":\"https:\\\/\\\/lepotentiel.bj\\\/?s={search_term_string}\"},\"query-input\":{\"@type\":\"PropertyValueSpecification\",\"valueRequired\":true,\"valueName\":\"search_term_string\"}}],\"inLanguage\":\"fr-FR\"},{\"@type\":\"Organization\",\"@id\":\"https:\\\/\\\/lepotentiel.bj\\\/#organization\",\"name\":\"Le Potentiel\",\"url\":\"https:\\\/\\\/lepotentiel.bj\\\/\",\"logo\":{\"@type\":\"ImageObject\",\"inLanguage\":\"fr-FR\",\"@id\":\"https:\\\/\\\/lepotentiel.bj\\\/#\\\/schema\\\/logo\\\/image\\\/\",\"url\":\"https:\\\/\\\/lepotentiel.bj\\\/wp-content\\\/uploads\\\/2023\\\/12\\\/logo-pot.jpg\",\"contentUrl\":\"https:\\\/\\\/lepotentiel.bj\\\/wp-content\\\/uploads\\\/2023\\\/12\\\/logo-pot.jpg\",\"width\":562,\"height\":84,\"caption\":\"Le Potentiel\"},\"image\":{\"@id\":\"https:\\\/\\\/lepotentiel.bj\\\/#\\\/schema\\\/logo\\\/image\\\/\"}},{\"@type\":\"Person\",\"@id\":\"https:\\\/\\\/lepotentiel.bj\\\/#\\\/schema\\\/person\\\/be28cc6627953a4c37d8ff6f77ab1931\",\"name\":\"abiolos\",\"image\":{\"@type\":\"ImageObject\",\"inLanguage\":\"fr-FR\",\"@id\":\"https:\\\/\\\/secure.gravatar.com\\\/avatar\\\/dd78717a6cfbb73688d69970c97df05428635483c0454a4a72cdc52053a50029?s=96&d=mm&r=g\",\"url\":\"https:\\\/\\\/secure.gravatar.com\\\/avatar\\\/dd78717a6cfbb73688d69970c97df05428635483c0454a4a72cdc52053a50029?s=96&d=mm&r=g\",\"contentUrl\":\"https:\\\/\\\/secure.gravatar.com\\\/avatar\\\/dd78717a6cfbb73688d69970c97df05428635483c0454a4a72cdc52053a50029?s=96&d=mm&r=g\",\"caption\":\"abiolos\"},\"url\":\"https:\\\/\\\/lepotentiel.bj\\\/?author=1\"}]}<\/script>\n<!-- \/ Yoast SEO plugin. -->","yoast_head_json":{"title":"Lutte contre la cybercriminalit\u00e9 au B\u00e9nin : le patron des Gaymans de Bohicon arr\u00eat\u00e9 avec l'un de ses apprentis - Le Potentiel","robots":{"index":"index","follow":"follow","max-snippet":"max-snippet:-1","max-image-preview":"max-image-preview:large","max-video-preview":"max-video-preview:-1"},"canonical":"https:\/\/lepotentiel.bj\/?p=41515","og_locale":"fr_FR","og_type":"article","og_title":"Lutte contre la cybercriminalit\u00e9 au B\u00e9nin : le patron des Gaymans de Bohicon arr\u00eat\u00e9 avec l'un de ses apprentis - Le Potentiel","og_description":"L&rsquo; Office Central de R\u00e9pression de la Cybercriminalit\u00e9 a cueilli le plus redoutable des cybercriminels de la commune de Bohicon dans le d\u00e9partement du Zou. Son arrestation est intervenue ce samedi 03 juin 2023 dans le quartier S\u00e8m\u00e8 au cours d&rsquo;une op\u00e9ration sp\u00e9ciale conduite de main de ma\u00eetre par le patron de l&rsquo;Office. Bohicon vient [&hellip;]","og_url":"https:\/\/lepotentiel.bj\/?p=41515","og_site_name":"Le Potentiel","article_published_time":"2023-06-04T19:57:07+00:00","author":"abiolos","twitter_card":"summary_large_image","twitter_misc":{"\u00c9crit par":"abiolos","Dur\u00e9e de lecture estim\u00e9e":"1 minute"},"schema":{"@context":"https:\/\/schema.org","@graph":[{"@type":"Article","@id":"https:\/\/lepotentiel.bj\/?p=41515#article","isPartOf":{"@id":"https:\/\/lepotentiel.bj\/?p=41515"},"author":{"name":"abiolos","@id":"https:\/\/lepotentiel.bj\/#\/schema\/person\/be28cc6627953a4c37d8ff6f77ab1931"},"headline":"Lutte contre la cybercriminalit\u00e9 au B\u00e9nin : le patron des Gaymans de Bohicon arr\u00eat\u00e9 avec l&rsquo;un de ses apprentis","datePublished":"2023-06-04T19:57:07+00:00","mainEntityOfPage":{"@id":"https:\/\/lepotentiel.bj\/?p=41515"},"wordCount":230,"commentCount":0,"publisher":{"@id":"https:\/\/lepotentiel.bj\/#organization"},"image":{"@id":"https:\/\/lepotentiel.bj\/?p=41515#primaryimage"},"thumbnailUrl":"","articleSection":["Actualit\u00e9","SOCIETE"],"inLanguage":"fr-FR","potentialAction":[{"@type":"CommentAction","name":"Comment","target":["https:\/\/lepotentiel.bj\/?p=41515#respond"]}]},{"@type":"WebPage","@id":"https:\/\/lepotentiel.bj\/?p=41515","url":"https:\/\/lepotentiel.bj\/?p=41515","name":"Lutte contre la cybercriminalit\u00e9 au B\u00e9nin : le patron des Gaymans de Bohicon arr\u00eat\u00e9 avec l'un de ses apprentis - Le Potentiel","isPartOf":{"@id":"https:\/\/lepotentiel.bj\/#website"},"primaryImageOfPage":{"@id":"https:\/\/lepotentiel.bj\/?p=41515#primaryimage"},"image":{"@id":"https:\/\/lepotentiel.bj\/?p=41515#primaryimage"},"thumbnailUrl":"","datePublished":"2023-06-04T19:57:07+00:00","breadcrumb":{"@id":"https:\/\/lepotentiel.bj\/?p=41515#breadcrumb"},"inLanguage":"fr-FR","potentialAction":[{"@type":"ReadAction","target":["https:\/\/lepotentiel.bj\/?p=41515"]}]},{"@type":"ImageObject","inLanguage":"fr-FR","@id":"https:\/\/lepotentiel.bj\/?p=41515#primaryimage","url":"","contentUrl":""},{"@type":"BreadcrumbList","@id":"https:\/\/lepotentiel.bj\/?p=41515#breadcrumb","itemListElement":[{"@type":"ListItem","position":1,"name":"Accueil","item":"https:\/\/lepotentiel.bj\/"},{"@type":"ListItem","position":2,"name":"Lutte contre la cybercriminalit\u00e9 au B\u00e9nin : le patron des Gaymans de Bohicon arr\u00eat\u00e9 avec l&rsquo;un de ses apprentis"}]},{"@type":"WebSite","@id":"https:\/\/lepotentiel.bj\/#website","url":"https:\/\/lepotentiel.bj\/","name":"Le Potentiel","description":"Le Potentiel, au service de l\u2019information, nous sommes les fantassins du droit de savoir","publisher":{"@id":"https:\/\/lepotentiel.bj\/#organization"},"potentialAction":[{"@type":"SearchAction","target":{"@type":"EntryPoint","urlTemplate":"https:\/\/lepotentiel.bj\/?s={search_term_string}"},"query-input":{"@type":"PropertyValueSpecification","valueRequired":true,"valueName":"search_term_string"}}],"inLanguage":"fr-FR"},{"@type":"Organization","@id":"https:\/\/lepotentiel.bj\/#organization","name":"Le Potentiel","url":"https:\/\/lepotentiel.bj\/","logo":{"@type":"ImageObject","inLanguage":"fr-FR","@id":"https:\/\/lepotentiel.bj\/#\/schema\/logo\/image\/","url":"https:\/\/lepotentiel.bj\/wp-content\/uploads\/2023\/12\/logo-pot.jpg","contentUrl":"https:\/\/lepotentiel.bj\/wp-content\/uploads\/2023\/12\/logo-pot.jpg","width":562,"height":84,"caption":"Le Potentiel"},"image":{"@id":"https:\/\/lepotentiel.bj\/#\/schema\/logo\/image\/"}},{"@type":"Person","@id":"https:\/\/lepotentiel.bj\/#\/schema\/person\/be28cc6627953a4c37d8ff6f77ab1931","name":"abiolos","image":{"@type":"ImageObject","inLanguage":"fr-FR","@id":"https:\/\/secure.gravatar.com\/avatar\/dd78717a6cfbb73688d69970c97df05428635483c0454a4a72cdc52053a50029?s=96&d=mm&r=g","url":"https:\/\/secure.gravatar.com\/avatar\/dd78717a6cfbb73688d69970c97df05428635483c0454a4a72cdc52053a50029?s=96&d=mm&r=g","contentUrl":"https:\/\/secure.gravatar.com\/avatar\/dd78717a6cfbb73688d69970c97df05428635483c0454a4a72cdc52053a50029?s=96&d=mm&r=g","caption":"abiolos"},"url":"https:\/\/lepotentiel.bj\/?author=1"}]}},"_links":{"self":[{"href":"https:\/\/lepotentiel.bj\/index.php?rest_route=\/wp\/v2\/posts\/41515","targetHints":{"allow":["GET"]}}],"collection":[{"href":"https:\/\/lepotentiel.bj\/index.php?rest_route=\/wp\/v2\/posts"}],"about":[{"href":"https:\/\/lepotentiel.bj\/index.php?rest_route=\/wp\/v2\/types\/post"}],"author":[{"embeddable":true,"href":"https:\/\/lepotentiel.bj\/index.php?rest_route=\/wp\/v2\/users\/1"}],"replies":[{"embeddable":true,"href":"https:\/\/lepotentiel.bj\/index.php?rest_route=%2Fwp%2Fv2%2Fcomments&post=41515"}],"version-history":[{"count":0,"href":"https:\/\/lepotentiel.bj\/index.php?rest_route=\/wp\/v2\/posts\/41515\/revisions"}],"wp:featuredmedia":[{"embeddable":true,"href":"https:\/\/lepotentiel.bj\/index.php?rest_route=\/"}],"wp:attachment":[{"href":"https:\/\/lepotentiel.bj\/index.php?rest_route=%2Fwp%2Fv2%2Fmedia&parent=41515"}],"wp:term":[{"taxonomy":"category","embeddable":true,"href":"https:\/\/lepotentiel.bj\/index.php?rest_route=%2Fwp%2Fv2%2Fcategories&post=41515"},{"taxonomy":"post_tag","embeddable":true,"href":"https:\/\/lepotentiel.bj\/index.php?rest_route=%2Fwp%2Fv2%2Ftags&post=41515"}],"curies":[{"name":"wp","href":"https:\/\/api.w.org\/{rel}","templated":true}]}}