{"id":71629,"date":"2025-07-30T12:22:37","date_gmt":"2025-07-30T10:22:37","guid":{"rendered":"https:\/\/lepotentiel.bj\/?p=71629"},"modified":"2025-07-30T12:22:38","modified_gmt":"2025-07-30T10:22:38","slug":"benin-serbie-un-souffle-nouveau-sur-la-cooperation-bilaterale-avec-la-suppression-de-visa-et-louverture-de-consultations-politiques","status":"publish","type":"post","link":"https:\/\/lepotentiel.bj\/?p=71629","title":{"rendered":"B\u00e9nin\u2013Serbie : Un souffle nouveau sur la coop\u00e9ration bilat\u00e9rale avec la suppression de visa et l\u2019ouverture de consultations politiques"},"content":{"rendered":"\n<p>Le B\u00e9nin et la Serbie franchissent un nouveau cap dans leurs relations diplomatiques. \u00c0 l\u2019occasion d\u2019une visite officielle in\u00e9dite du chef de la diplomatie serbe, Marko Djuri\u0107, \u00e0 Cotonou, les deux pays ont scell\u00e9 un accord historique visant \u00e0 renforcer leurs liens bilat\u00e9raux.Re\u00e7u par son homologue b\u00e9ninois, Olushegun Adjadi Bakari, le ministre serbe des Affaires \u00e9trang\u00e8res devient le tout premier \u00e0 fouler le sol b\u00e9ninois dans le cadre d\u2019une mission diplomatique officielle.<\/p>\n\n\n\n<p> Cette visite, qualifi\u00e9e de tournant par les observateurs, a \u00e9t\u00e9 marqu\u00e9e par la signature d\u2019un accord d\u2019exemption de visa pour les d\u00e9tenteurs de passeports diplomatiques, officiels et de service. Une mesure destin\u00e9e \u00e0 faciliter les \u00e9changes institutionnels entre les deux pays.<\/p>\n\n\n\n<p>Lors d\u2019une conf\u00e9rence de presse conjointe, Marko Djuri\u0107 a salu\u00e9 le dynamisme du B\u00e9nin, l\u2019hospitalit\u00e9 de son peuple et le leadership du pr\u00e9sident Patrice Talon. Il a exprim\u00e9 son souhait de voir les citoyens serbes venir \u00e9tudier ou travailler au B\u00e9nin, tout en invitant les B\u00e9ninois \u00e0 s\u2019int\u00e9resser aux opportunit\u00e9s offertes par la Serbie.<\/p>\n\n\n\n<p>Pour sa part, Olushegun Adjadi Bakari a mis en lumi\u00e8re les liens historiques qui unissent l\u2019Afrique \u00e0 l\u2019ex-Yougoslavie, notamment \u00e0 travers le r\u00f4le de Josip Broz Tito dans le soutien aux luttes pour l\u2019ind\u00e9pendance sur le continent et dans le cadre du Mouvement des non-align\u00e9s.<\/p>\n\n\n\n<p>La rencontre s\u2019est conclue par le lancement officiel des premi\u00e8res consultations politiques entre le B\u00e9nin et la Serbie, jetant ainsi les bases d\u2019une coop\u00e9ration accrue dans les domaines diplomatique, \u00e9conomique, culturel et \u00e9ducatif. <\/p>\n\n\n\n<p>Une dynamique nouvelle qui pourrait repositionner les deux pays dans leurs strat\u00e9gies respectives de rayonnement international.<\/p>\n","protected":false},"excerpt":{"rendered":"<p>Le B\u00e9nin et la Serbie franchissent un nouveau cap dans leurs relations diplomatiques. \u00c0 l\u2019occasion d\u2019une visite officielle in\u00e9dite du chef de la diplomatie serbe, Marko Djuri\u0107, \u00e0 Cotonou, les deux pays ont scell\u00e9 un accord historique visant \u00e0 renforcer leurs liens bilat\u00e9raux.Re\u00e7u par son homologue b\u00e9ninois, Olushegun Adjadi Bakari, le ministre serbe des Affaires [&hellip;]<\/p>\n","protected":false},"author":3,"featured_media":71634,"comment_status":"open","ping_status":"open","sticky":false,"template":"","format":"standard","meta":{"footnotes":""},"categories":[34],"tags":[],"class_list":["post-71629","post","type-post","status-publish","format-standard","has-post-thumbnail","hentry","category-actualite"],"yoast_head":"<!-- This site is optimized with the Yoast SEO plugin v28.2 - https:\/\/yoast.com\/product\/yoast-seo-wordpress\/ -->\n<title>B\u00e9nin\u2013Serbie : Un souffle nouveau sur la coop\u00e9ration bilat\u00e9rale avec la suppression de visa et l\u2019ouverture de consultations politiques - Le Potentiel<\/title>\n<meta name=\"robots\" content=\"index, follow, max-snippet:-1, max-image-preview:large, max-video-preview:-1\" \/>\n<link rel=\"canonical\" href=\"https:\/\/lepotentiel.bj\/?p=71629\" \/>\n<meta property=\"og:locale\" content=\"fr_FR\" \/>\n<meta property=\"og:type\" content=\"article\" \/>\n<meta property=\"og:title\" content=\"B\u00e9nin\u2013Serbie : Un souffle nouveau sur la coop\u00e9ration bilat\u00e9rale avec la suppression de visa et l\u2019ouverture de consultations politiques - Le Potentiel\" \/>\n<meta property=\"og:description\" content=\"Le B\u00e9nin et la Serbie franchissent un nouveau cap dans leurs relations diplomatiques. \u00c0 l\u2019occasion d\u2019une visite officielle in\u00e9dite du chef de la diplomatie serbe, Marko Djuri\u0107, \u00e0 Cotonou, les deux pays ont scell\u00e9 un accord historique visant \u00e0 renforcer leurs liens bilat\u00e9raux.Re\u00e7u par son homologue b\u00e9ninois, Olushegun Adjadi Bakari, le ministre serbe des Affaires [&hellip;]\" \/>\n<meta property=\"og:url\" content=\"https:\/\/lepotentiel.bj\/?p=71629\" \/>\n<meta property=\"og:site_name\" content=\"Le Potentiel\" \/>\n<meta property=\"article:published_time\" content=\"2025-07-30T10:22:37+00:00\" \/>\n<meta property=\"article:modified_time\" content=\"2025-07-30T10:22:38+00:00\" \/>\n<meta property=\"og:image\" content=\"https:\/\/lepotentiel.bj\/wp-content\/uploads\/2025\/07\/Screenshot_20250730-112137.jpg\" \/>\n\t<meta property=\"og:image:width\" content=\"720\" \/>\n\t<meta property=\"og:image:height\" content=\"432\" \/>\n\t<meta property=\"og:image:type\" content=\"image\/jpeg\" \/>\n<meta name=\"author\" content=\"Le Potentiel\" \/>\n<meta name=\"twitter:card\" content=\"summary_large_image\" \/>\n<meta name=\"twitter:label1\" content=\"\u00c9crit par\" \/>\n\t<meta name=\"twitter:data1\" content=\"Le Potentiel\" \/>\n\t<meta name=\"twitter:label2\" content=\"Dur\u00e9e de lecture estim\u00e9e\" \/>\n\t<meta name=\"twitter:data2\" content=\"1 minute\" \/>\n<script type=\"application\/ld+json\" class=\"yoast-schema-graph\">{\"@context\":\"https:\\\/\\\/schema.org\",\"@graph\":[{\"@type\":\"Article\",\"@id\":\"https:\\\/\\\/lepotentiel.bj\\\/?p=71629#article\",\"isPartOf\":{\"@id\":\"https:\\\/\\\/lepotentiel.bj\\\/?p=71629\"},\"author\":{\"name\":\"Le Potentiel\",\"@id\":\"https:\\\/\\\/lepotentiel.bj\\\/#\\\/schema\\\/person\\\/63bd2e4a944cacb13c9e3e68be90bbdb\"},\"headline\":\"B\u00e9nin\u2013Serbie : Un souffle nouveau sur la coop\u00e9ration bilat\u00e9rale avec la suppression de visa et l\u2019ouverture de consultations politiques\",\"datePublished\":\"2025-07-30T10:22:37+00:00\",\"dateModified\":\"2025-07-30T10:22:38+00:00\",\"mainEntityOfPage\":{\"@id\":\"https:\\\/\\\/lepotentiel.bj\\\/?p=71629\"},\"wordCount\":316,\"commentCount\":0,\"publisher\":{\"@id\":\"https:\\\/\\\/lepotentiel.bj\\\/#organization\"},\"image\":{\"@id\":\"https:\\\/\\\/lepotentiel.bj\\\/?p=71629#primaryimage\"},\"thumbnailUrl\":\"https:\\\/\\\/lepotentiel.bj\\\/wp-content\\\/uploads\\\/2025\\\/07\\\/Screenshot_20250730-112137.jpg\",\"articleSection\":[\"Actualit\u00e9\"],\"inLanguage\":\"fr-FR\",\"potentialAction\":[{\"@type\":\"CommentAction\",\"name\":\"Comment\",\"target\":[\"https:\\\/\\\/lepotentiel.bj\\\/?p=71629#respond\"]}]},{\"@type\":\"WebPage\",\"@id\":\"https:\\\/\\\/lepotentiel.bj\\\/?p=71629\",\"url\":\"https:\\\/\\\/lepotentiel.bj\\\/?p=71629\",\"name\":\"B\u00e9nin\u2013Serbie : Un souffle nouveau sur la coop\u00e9ration bilat\u00e9rale avec la suppression de visa et l\u2019ouverture de consultations politiques - Le Potentiel\",\"isPartOf\":{\"@id\":\"https:\\\/\\\/lepotentiel.bj\\\/#website\"},\"primaryImageOfPage\":{\"@id\":\"https:\\\/\\\/lepotentiel.bj\\\/?p=71629#primaryimage\"},\"image\":{\"@id\":\"https:\\\/\\\/lepotentiel.bj\\\/?p=71629#primaryimage\"},\"thumbnailUrl\":\"https:\\\/\\\/lepotentiel.bj\\\/wp-content\\\/uploads\\\/2025\\\/07\\\/Screenshot_20250730-112137.jpg\",\"datePublished\":\"2025-07-30T10:22:37+00:00\",\"dateModified\":\"2025-07-30T10:22:38+00:00\",\"breadcrumb\":{\"@id\":\"https:\\\/\\\/lepotentiel.bj\\\/?p=71629#breadcrumb\"},\"inLanguage\":\"fr-FR\",\"potentialAction\":[{\"@type\":\"ReadAction\",\"target\":[\"https:\\\/\\\/lepotentiel.bj\\\/?p=71629\"]}]},{\"@type\":\"ImageObject\",\"inLanguage\":\"fr-FR\",\"@id\":\"https:\\\/\\\/lepotentiel.bj\\\/?p=71629#primaryimage\",\"url\":\"https:\\\/\\\/lepotentiel.bj\\\/wp-content\\\/uploads\\\/2025\\\/07\\\/Screenshot_20250730-112137.jpg\",\"contentUrl\":\"https:\\\/\\\/lepotentiel.bj\\\/wp-content\\\/uploads\\\/2025\\\/07\\\/Screenshot_20250730-112137.jpg\",\"width\":720,\"height\":432},{\"@type\":\"BreadcrumbList\",\"@id\":\"https:\\\/\\\/lepotentiel.bj\\\/?p=71629#breadcrumb\",\"itemListElement\":[{\"@type\":\"ListItem\",\"position\":1,\"name\":\"Accueil\",\"item\":\"https:\\\/\\\/lepotentiel.bj\\\/\"},{\"@type\":\"ListItem\",\"position\":2,\"name\":\"B\u00e9nin\u2013Serbie : Un souffle nouveau sur la coop\u00e9ration bilat\u00e9rale avec la suppression de visa et l\u2019ouverture de consultations politiques\"}]},{\"@type\":\"WebSite\",\"@id\":\"https:\\\/\\\/lepotentiel.bj\\\/#website\",\"url\":\"https:\\\/\\\/lepotentiel.bj\\\/\",\"name\":\"Le Potentiel\",\"description\":\"Le Potentiel, au service de l\u2019information, nous sommes les fantassins du droit de savoir\",\"publisher\":{\"@id\":\"https:\\\/\\\/lepotentiel.bj\\\/#organization\"},\"potentialAction\":[{\"@type\":\"SearchAction\",\"target\":{\"@type\":\"EntryPoint\",\"urlTemplate\":\"https:\\\/\\\/lepotentiel.bj\\\/?s={search_term_string}\"},\"query-input\":{\"@type\":\"PropertyValueSpecification\",\"valueRequired\":true,\"valueName\":\"search_term_string\"}}],\"inLanguage\":\"fr-FR\"},{\"@type\":\"Organization\",\"@id\":\"https:\\\/\\\/lepotentiel.bj\\\/#organization\",\"name\":\"Le Potentiel\",\"url\":\"https:\\\/\\\/lepotentiel.bj\\\/\",\"logo\":{\"@type\":\"ImageObject\",\"inLanguage\":\"fr-FR\",\"@id\":\"https:\\\/\\\/lepotentiel.bj\\\/#\\\/schema\\\/logo\\\/image\\\/\",\"url\":\"https:\\\/\\\/lepotentiel.bj\\\/wp-content\\\/uploads\\\/2023\\\/12\\\/logo-pot.jpg\",\"contentUrl\":\"https:\\\/\\\/lepotentiel.bj\\\/wp-content\\\/uploads\\\/2023\\\/12\\\/logo-pot.jpg\",\"width\":562,\"height\":84,\"caption\":\"Le Potentiel\"},\"image\":{\"@id\":\"https:\\\/\\\/lepotentiel.bj\\\/#\\\/schema\\\/logo\\\/image\\\/\"}},{\"@type\":\"Person\",\"@id\":\"https:\\\/\\\/lepotentiel.bj\\\/#\\\/schema\\\/person\\\/63bd2e4a944cacb13c9e3e68be90bbdb\",\"name\":\"Le Potentiel\",\"image\":{\"@type\":\"ImageObject\",\"inLanguage\":\"fr-FR\",\"@id\":\"https:\\\/\\\/secure.gravatar.com\\\/avatar\\\/a5dad0a181ff28d353700e0fd2f3189102c2b51c03b7f322d64a693ec6e9eb92?s=96&d=mm&r=g\",\"url\":\"https:\\\/\\\/secure.gravatar.com\\\/avatar\\\/a5dad0a181ff28d353700e0fd2f3189102c2b51c03b7f322d64a693ec6e9eb92?s=96&d=mm&r=g\",\"contentUrl\":\"https:\\\/\\\/secure.gravatar.com\\\/avatar\\\/a5dad0a181ff28d353700e0fd2f3189102c2b51c03b7f322d64a693ec6e9eb92?s=96&d=mm&r=g\",\"caption\":\"Le Potentiel\"},\"url\":\"https:\\\/\\\/lepotentiel.bj\\\/?author=3\"}]}<\/script>\n<!-- \/ Yoast SEO plugin. -->","yoast_head_json":{"title":"B\u00e9nin\u2013Serbie : Un souffle nouveau sur la coop\u00e9ration bilat\u00e9rale avec la suppression de visa et l\u2019ouverture de consultations politiques - Le Potentiel","robots":{"index":"index","follow":"follow","max-snippet":"max-snippet:-1","max-image-preview":"max-image-preview:large","max-video-preview":"max-video-preview:-1"},"canonical":"https:\/\/lepotentiel.bj\/?p=71629","og_locale":"fr_FR","og_type":"article","og_title":"B\u00e9nin\u2013Serbie : Un souffle nouveau sur la coop\u00e9ration bilat\u00e9rale avec la suppression de visa et l\u2019ouverture de consultations politiques - Le Potentiel","og_description":"Le B\u00e9nin et la Serbie franchissent un nouveau cap dans leurs relations diplomatiques. \u00c0 l\u2019occasion d\u2019une visite officielle in\u00e9dite du chef de la diplomatie serbe, Marko Djuri\u0107, \u00e0 Cotonou, les deux pays ont scell\u00e9 un accord historique visant \u00e0 renforcer leurs liens bilat\u00e9raux.Re\u00e7u par son homologue b\u00e9ninois, Olushegun Adjadi Bakari, le ministre serbe des Affaires [&hellip;]","og_url":"https:\/\/lepotentiel.bj\/?p=71629","og_site_name":"Le Potentiel","article_published_time":"2025-07-30T10:22:37+00:00","article_modified_time":"2025-07-30T10:22:38+00:00","og_image":[{"width":720,"height":432,"url":"https:\/\/lepotentiel.bj\/wp-content\/uploads\/2025\/07\/Screenshot_20250730-112137.jpg","type":"image\/jpeg"}],"author":"Le Potentiel","twitter_card":"summary_large_image","twitter_misc":{"\u00c9crit par":"Le Potentiel","Dur\u00e9e de lecture estim\u00e9e":"1 minute"},"schema":{"@context":"https:\/\/schema.org","@graph":[{"@type":"Article","@id":"https:\/\/lepotentiel.bj\/?p=71629#article","isPartOf":{"@id":"https:\/\/lepotentiel.bj\/?p=71629"},"author":{"name":"Le Potentiel","@id":"https:\/\/lepotentiel.bj\/#\/schema\/person\/63bd2e4a944cacb13c9e3e68be90bbdb"},"headline":"B\u00e9nin\u2013Serbie : Un souffle nouveau sur la coop\u00e9ration bilat\u00e9rale avec la suppression de visa et l\u2019ouverture de consultations politiques","datePublished":"2025-07-30T10:22:37+00:00","dateModified":"2025-07-30T10:22:38+00:00","mainEntityOfPage":{"@id":"https:\/\/lepotentiel.bj\/?p=71629"},"wordCount":316,"commentCount":0,"publisher":{"@id":"https:\/\/lepotentiel.bj\/#organization"},"image":{"@id":"https:\/\/lepotentiel.bj\/?p=71629#primaryimage"},"thumbnailUrl":"https:\/\/lepotentiel.bj\/wp-content\/uploads\/2025\/07\/Screenshot_20250730-112137.jpg","articleSection":["Actualit\u00e9"],"inLanguage":"fr-FR","potentialAction":[{"@type":"CommentAction","name":"Comment","target":["https:\/\/lepotentiel.bj\/?p=71629#respond"]}]},{"@type":"WebPage","@id":"https:\/\/lepotentiel.bj\/?p=71629","url":"https:\/\/lepotentiel.bj\/?p=71629","name":"B\u00e9nin\u2013Serbie : Un souffle nouveau sur la coop\u00e9ration bilat\u00e9rale avec la suppression de visa et l\u2019ouverture de consultations politiques - Le Potentiel","isPartOf":{"@id":"https:\/\/lepotentiel.bj\/#website"},"primaryImageOfPage":{"@id":"https:\/\/lepotentiel.bj\/?p=71629#primaryimage"},"image":{"@id":"https:\/\/lepotentiel.bj\/?p=71629#primaryimage"},"thumbnailUrl":"https:\/\/lepotentiel.bj\/wp-content\/uploads\/2025\/07\/Screenshot_20250730-112137.jpg","datePublished":"2025-07-30T10:22:37+00:00","dateModified":"2025-07-30T10:22:38+00:00","breadcrumb":{"@id":"https:\/\/lepotentiel.bj\/?p=71629#breadcrumb"},"inLanguage":"fr-FR","potentialAction":[{"@type":"ReadAction","target":["https:\/\/lepotentiel.bj\/?p=71629"]}]},{"@type":"ImageObject","inLanguage":"fr-FR","@id":"https:\/\/lepotentiel.bj\/?p=71629#primaryimage","url":"https:\/\/lepotentiel.bj\/wp-content\/uploads\/2025\/07\/Screenshot_20250730-112137.jpg","contentUrl":"https:\/\/lepotentiel.bj\/wp-content\/uploads\/2025\/07\/Screenshot_20250730-112137.jpg","width":720,"height":432},{"@type":"BreadcrumbList","@id":"https:\/\/lepotentiel.bj\/?p=71629#breadcrumb","itemListElement":[{"@type":"ListItem","position":1,"name":"Accueil","item":"https:\/\/lepotentiel.bj\/"},{"@type":"ListItem","position":2,"name":"B\u00e9nin\u2013Serbie : Un souffle nouveau sur la coop\u00e9ration bilat\u00e9rale avec la suppression de visa et l\u2019ouverture de consultations politiques"}]},{"@type":"WebSite","@id":"https:\/\/lepotentiel.bj\/#website","url":"https:\/\/lepotentiel.bj\/","name":"Le Potentiel","description":"Le Potentiel, au service de l\u2019information, nous sommes les fantassins du droit de savoir","publisher":{"@id":"https:\/\/lepotentiel.bj\/#organization"},"potentialAction":[{"@type":"SearchAction","target":{"@type":"EntryPoint","urlTemplate":"https:\/\/lepotentiel.bj\/?s={search_term_string}"},"query-input":{"@type":"PropertyValueSpecification","valueRequired":true,"valueName":"search_term_string"}}],"inLanguage":"fr-FR"},{"@type":"Organization","@id":"https:\/\/lepotentiel.bj\/#organization","name":"Le Potentiel","url":"https:\/\/lepotentiel.bj\/","logo":{"@type":"ImageObject","inLanguage":"fr-FR","@id":"https:\/\/lepotentiel.bj\/#\/schema\/logo\/image\/","url":"https:\/\/lepotentiel.bj\/wp-content\/uploads\/2023\/12\/logo-pot.jpg","contentUrl":"https:\/\/lepotentiel.bj\/wp-content\/uploads\/2023\/12\/logo-pot.jpg","width":562,"height":84,"caption":"Le Potentiel"},"image":{"@id":"https:\/\/lepotentiel.bj\/#\/schema\/logo\/image\/"}},{"@type":"Person","@id":"https:\/\/lepotentiel.bj\/#\/schema\/person\/63bd2e4a944cacb13c9e3e68be90bbdb","name":"Le Potentiel","image":{"@type":"ImageObject","inLanguage":"fr-FR","@id":"https:\/\/secure.gravatar.com\/avatar\/a5dad0a181ff28d353700e0fd2f3189102c2b51c03b7f322d64a693ec6e9eb92?s=96&d=mm&r=g","url":"https:\/\/secure.gravatar.com\/avatar\/a5dad0a181ff28d353700e0fd2f3189102c2b51c03b7f322d64a693ec6e9eb92?s=96&d=mm&r=g","contentUrl":"https:\/\/secure.gravatar.com\/avatar\/a5dad0a181ff28d353700e0fd2f3189102c2b51c03b7f322d64a693ec6e9eb92?s=96&d=mm&r=g","caption":"Le Potentiel"},"url":"https:\/\/lepotentiel.bj\/?author=3"}]}},"_links":{"self":[{"href":"https:\/\/lepotentiel.bj\/index.php?rest_route=\/wp\/v2\/posts\/71629","targetHints":{"allow":["GET"]}}],"collection":[{"href":"https:\/\/lepotentiel.bj\/index.php?rest_route=\/wp\/v2\/posts"}],"about":[{"href":"https:\/\/lepotentiel.bj\/index.php?rest_route=\/wp\/v2\/types\/post"}],"author":[{"embeddable":true,"href":"https:\/\/lepotentiel.bj\/index.php?rest_route=\/wp\/v2\/users\/3"}],"replies":[{"embeddable":true,"href":"https:\/\/lepotentiel.bj\/index.php?rest_route=%2Fwp%2Fv2%2Fcomments&post=71629"}],"version-history":[{"count":1,"href":"https:\/\/lepotentiel.bj\/index.php?rest_route=\/wp\/v2\/posts\/71629\/revisions"}],"predecessor-version":[{"id":71635,"href":"https:\/\/lepotentiel.bj\/index.php?rest_route=\/wp\/v2\/posts\/71629\/revisions\/71635"}],"wp:featuredmedia":[{"embeddable":true,"href":"https:\/\/lepotentiel.bj\/index.php?rest_route=\/wp\/v2\/media\/71634"}],"wp:attachment":[{"href":"https:\/\/lepotentiel.bj\/index.php?rest_route=%2Fwp%2Fv2%2Fmedia&parent=71629"}],"wp:term":[{"taxonomy":"category","embeddable":true,"href":"https:\/\/lepotentiel.bj\/index.php?rest_route=%2Fwp%2Fv2%2Fcategories&post=71629"},{"taxonomy":"post_tag","embeddable":true,"href":"https:\/\/lepotentiel.bj\/index.php?rest_route=%2Fwp%2Fv2%2Ftags&post=71629"}],"curies":[{"name":"wp","href":"https:\/\/api.w.org\/{rel}","templated":true}]}}