{"id":79967,"date":"2026-02-12T22:27:40","date_gmt":"2026-02-12T21:27:40","guid":{"rendered":"https:\/\/lepotentiel.bj\/?p=79967"},"modified":"2026-02-12T22:27:40","modified_gmt":"2026-02-12T21:27:40","slug":"union-africaine-le-benin-rejoint-le-conseil-de-paix-et-de-securite","status":"publish","type":"post","link":"https:\/\/lepotentiel.bj\/?p=79967","title":{"rendered":"Union africaine : Le B\u00e9nin rejoint le Conseil de Paix et de S\u00e9curit\u00e9"},"content":{"rendered":"<p style=\"text-align: justify;\">\u00c0 l\u2019issue de la 48\u1d49 session ordinaire du Conseil ex\u00e9cutif de l\u2019Union africaine tenue \u00e0 Addis-Abeba le 11 f\u00e9vrier 2026, le B\u00e9nin a \u00e9t\u00e9 \u00e9lu membre du Conseil de Paix et de S\u00e9curit\u00e9. L\u2019information a \u00e9t\u00e9 publi\u00e9e dans un communiqu\u00e9 officiel du minist\u00e8re des Affaires \u00e9trang\u00e8res dat\u00e9 du 11 f\u00e9vrier 2026.<\/p>\n<p style=\"text-align: justify;\">Selon le communiqu\u00e9, \u00ab\u202fcette \u00e9lection constitue une marque de confiance et de reconnaissance de l&rsquo;engagement constant du B\u00e9nin en faveur de la paix, de la s\u00e9curit\u00e9, de la stabilit\u00e9 et de la pr\u00e9vention des conflits sur le continent africain. Elle souligne \u00e9galement la contribution active de notre pays aux efforts de m\u00e9diation et \u00e0 la promotion du dialogue politique en Afrique.\u202f\u00bb<\/p>\n<p style=\"text-align: justify;\">Le gouvernement b\u00e9ninois a par ailleurs remerci\u00e9 les \u00c9tats membres de l\u2019Union africaine pour leur confiance et assur\u00e9 qu\u2019il exercerait ce mandat avec responsabilit\u00e9 et impartialit\u00e9, en mettant l\u2019accent sur la m\u00e9diation et le dialogue politique.<\/p>\n<p style=\"text-align: justify;\"><strong>Laura LEKE<\/strong><\/p>\n","protected":false},"excerpt":{"rendered":"<p>\u00c0 l\u2019issue de la 48\u1d49 session ordinaire du Conseil ex\u00e9cutif de l\u2019Union africaine tenue \u00e0 Addis-Abeba le 11 f\u00e9vrier 2026, le B\u00e9nin a \u00e9t\u00e9 \u00e9lu membre du Conseil de Paix et de S\u00e9curit\u00e9. L\u2019information a \u00e9t\u00e9 publi\u00e9e dans un communiqu\u00e9 officiel du minist\u00e8re des Affaires \u00e9trang\u00e8res dat\u00e9 du 11 f\u00e9vrier 2026. Selon le communiqu\u00e9, \u00ab\u202fcette [&hellip;]<\/p>\n","protected":false},"author":15,"featured_media":79969,"comment_status":"open","ping_status":"open","sticky":false,"template":"","format":"standard","meta":{"footnotes":""},"categories":[4603],"tags":[],"class_list":["post-79967","post","type-post","status-publish","format-standard","has-post-thumbnail","hentry","category-diplomatie"],"yoast_head":"<!-- This site is optimized with the Yoast SEO plugin v28.2 - https:\/\/yoast.com\/product\/yoast-seo-wordpress\/ -->\n<title>Union africaine : Le B\u00e9nin rejoint le Conseil de Paix et de S\u00e9curit\u00e9 - Le Potentiel<\/title>\n<meta name=\"robots\" content=\"index, follow, max-snippet:-1, max-image-preview:large, max-video-preview:-1\" \/>\n<link rel=\"canonical\" href=\"https:\/\/lepotentiel.bj\/?p=79967\" \/>\n<meta property=\"og:locale\" content=\"fr_FR\" \/>\n<meta property=\"og:type\" content=\"article\" \/>\n<meta property=\"og:title\" content=\"Union africaine : Le B\u00e9nin rejoint le Conseil de Paix et de S\u00e9curit\u00e9 - Le Potentiel\" \/>\n<meta property=\"og:description\" content=\"\u00c0 l\u2019issue de la 48\u1d49 session ordinaire du Conseil ex\u00e9cutif de l\u2019Union africaine tenue \u00e0 Addis-Abeba le 11 f\u00e9vrier 2026, le B\u00e9nin a \u00e9t\u00e9 \u00e9lu membre du Conseil de Paix et de S\u00e9curit\u00e9. L\u2019information a \u00e9t\u00e9 publi\u00e9e dans un communiqu\u00e9 officiel du minist\u00e8re des Affaires \u00e9trang\u00e8res dat\u00e9 du 11 f\u00e9vrier 2026. Selon le communiqu\u00e9, \u00ab\u202fcette [&hellip;]\" \/>\n<meta property=\"og:url\" content=\"https:\/\/lepotentiel.bj\/?p=79967\" \/>\n<meta property=\"og:site_name\" content=\"Le Potentiel\" \/>\n<meta property=\"article:published_time\" content=\"2026-02-12T21:27:40+00:00\" \/>\n<meta property=\"og:image\" content=\"https:\/\/lepotentiel.bj\/wp-content\/uploads\/2026\/02\/union-africaine-bb.jpg\" \/>\n\t<meta property=\"og:image:width\" content=\"864\" \/>\n\t<meta property=\"og:image:height\" content=\"486\" \/>\n\t<meta property=\"og:image:type\" content=\"image\/jpeg\" \/>\n<meta name=\"author\" content=\"huberte\" \/>\n<meta name=\"twitter:card\" content=\"summary_large_image\" \/>\n<meta name=\"twitter:label1\" content=\"\u00c9crit par\" \/>\n\t<meta name=\"twitter:data1\" content=\"huberte\" \/>\n\t<meta name=\"twitter:label2\" content=\"Dur\u00e9e de lecture estim\u00e9e\" \/>\n\t<meta name=\"twitter:data2\" content=\"1 minute\" \/>\n<script type=\"application\/ld+json\" class=\"yoast-schema-graph\">{\"@context\":\"https:\\\/\\\/schema.org\",\"@graph\":[{\"@type\":\"Article\",\"@id\":\"https:\\\/\\\/lepotentiel.bj\\\/?p=79967#article\",\"isPartOf\":{\"@id\":\"https:\\\/\\\/lepotentiel.bj\\\/?p=79967\"},\"author\":{\"name\":\"huberte\",\"@id\":\"https:\\\/\\\/lepotentiel.bj\\\/#\\\/schema\\\/person\\\/6d1e17ab6d7f376b8ae32c604a6d9f3d\"},\"headline\":\"Union africaine : Le B\u00e9nin rejoint le Conseil de Paix et de S\u00e9curit\u00e9\",\"datePublished\":\"2026-02-12T21:27:40+00:00\",\"mainEntityOfPage\":{\"@id\":\"https:\\\/\\\/lepotentiel.bj\\\/?p=79967\"},\"wordCount\":176,\"commentCount\":0,\"publisher\":{\"@id\":\"https:\\\/\\\/lepotentiel.bj\\\/#organization\"},\"image\":{\"@id\":\"https:\\\/\\\/lepotentiel.bj\\\/?p=79967#primaryimage\"},\"thumbnailUrl\":\"https:\\\/\\\/lepotentiel.bj\\\/wp-content\\\/uploads\\\/2026\\\/02\\\/union-africaine-bb.jpg\",\"articleSection\":[\"Diplomatie\"],\"inLanguage\":\"fr-FR\",\"potentialAction\":[{\"@type\":\"CommentAction\",\"name\":\"Comment\",\"target\":[\"https:\\\/\\\/lepotentiel.bj\\\/?p=79967#respond\"]}]},{\"@type\":\"WebPage\",\"@id\":\"https:\\\/\\\/lepotentiel.bj\\\/?p=79967\",\"url\":\"https:\\\/\\\/lepotentiel.bj\\\/?p=79967\",\"name\":\"Union africaine : Le B\u00e9nin rejoint le Conseil de Paix et de S\u00e9curit\u00e9 - Le Potentiel\",\"isPartOf\":{\"@id\":\"https:\\\/\\\/lepotentiel.bj\\\/#website\"},\"primaryImageOfPage\":{\"@id\":\"https:\\\/\\\/lepotentiel.bj\\\/?p=79967#primaryimage\"},\"image\":{\"@id\":\"https:\\\/\\\/lepotentiel.bj\\\/?p=79967#primaryimage\"},\"thumbnailUrl\":\"https:\\\/\\\/lepotentiel.bj\\\/wp-content\\\/uploads\\\/2026\\\/02\\\/union-africaine-bb.jpg\",\"datePublished\":\"2026-02-12T21:27:40+00:00\",\"breadcrumb\":{\"@id\":\"https:\\\/\\\/lepotentiel.bj\\\/?p=79967#breadcrumb\"},\"inLanguage\":\"fr-FR\",\"potentialAction\":[{\"@type\":\"ReadAction\",\"target\":[\"https:\\\/\\\/lepotentiel.bj\\\/?p=79967\"]}]},{\"@type\":\"ImageObject\",\"inLanguage\":\"fr-FR\",\"@id\":\"https:\\\/\\\/lepotentiel.bj\\\/?p=79967#primaryimage\",\"url\":\"https:\\\/\\\/lepotentiel.bj\\\/wp-content\\\/uploads\\\/2026\\\/02\\\/union-africaine-bb.jpg\",\"contentUrl\":\"https:\\\/\\\/lepotentiel.bj\\\/wp-content\\\/uploads\\\/2026\\\/02\\\/union-africaine-bb.jpg\",\"width\":864,\"height\":486},{\"@type\":\"BreadcrumbList\",\"@id\":\"https:\\\/\\\/lepotentiel.bj\\\/?p=79967#breadcrumb\",\"itemListElement\":[{\"@type\":\"ListItem\",\"position\":1,\"name\":\"Accueil\",\"item\":\"https:\\\/\\\/lepotentiel.bj\\\/\"},{\"@type\":\"ListItem\",\"position\":2,\"name\":\"Union africaine : Le B\u00e9nin rejoint le Conseil de Paix et de S\u00e9curit\u00e9\"}]},{\"@type\":\"WebSite\",\"@id\":\"https:\\\/\\\/lepotentiel.bj\\\/#website\",\"url\":\"https:\\\/\\\/lepotentiel.bj\\\/\",\"name\":\"Le Potentiel\",\"description\":\"Le Potentiel, au service de l\u2019information, nous sommes les fantassins du droit de savoir\",\"publisher\":{\"@id\":\"https:\\\/\\\/lepotentiel.bj\\\/#organization\"},\"potentialAction\":[{\"@type\":\"SearchAction\",\"target\":{\"@type\":\"EntryPoint\",\"urlTemplate\":\"https:\\\/\\\/lepotentiel.bj\\\/?s={search_term_string}\"},\"query-input\":{\"@type\":\"PropertyValueSpecification\",\"valueRequired\":true,\"valueName\":\"search_term_string\"}}],\"inLanguage\":\"fr-FR\"},{\"@type\":\"Organization\",\"@id\":\"https:\\\/\\\/lepotentiel.bj\\\/#organization\",\"name\":\"Le Potentiel\",\"url\":\"https:\\\/\\\/lepotentiel.bj\\\/\",\"logo\":{\"@type\":\"ImageObject\",\"inLanguage\":\"fr-FR\",\"@id\":\"https:\\\/\\\/lepotentiel.bj\\\/#\\\/schema\\\/logo\\\/image\\\/\",\"url\":\"https:\\\/\\\/lepotentiel.bj\\\/wp-content\\\/uploads\\\/2023\\\/12\\\/logo-pot.jpg\",\"contentUrl\":\"https:\\\/\\\/lepotentiel.bj\\\/wp-content\\\/uploads\\\/2023\\\/12\\\/logo-pot.jpg\",\"width\":562,\"height\":84,\"caption\":\"Le Potentiel\"},\"image\":{\"@id\":\"https:\\\/\\\/lepotentiel.bj\\\/#\\\/schema\\\/logo\\\/image\\\/\"}},{\"@type\":\"Person\",\"@id\":\"https:\\\/\\\/lepotentiel.bj\\\/#\\\/schema\\\/person\\\/6d1e17ab6d7f376b8ae32c604a6d9f3d\",\"name\":\"huberte\",\"image\":{\"@type\":\"ImageObject\",\"inLanguage\":\"fr-FR\",\"@id\":\"https:\\\/\\\/secure.gravatar.com\\\/avatar\\\/61b9d7a36e233229eff31ad01c156f629f80f70ddcd0df2300c3f3c615d8bbf7?s=96&d=mm&r=g\",\"url\":\"https:\\\/\\\/secure.gravatar.com\\\/avatar\\\/61b9d7a36e233229eff31ad01c156f629f80f70ddcd0df2300c3f3c615d8bbf7?s=96&d=mm&r=g\",\"contentUrl\":\"https:\\\/\\\/secure.gravatar.com\\\/avatar\\\/61b9d7a36e233229eff31ad01c156f629f80f70ddcd0df2300c3f3c615d8bbf7?s=96&d=mm&r=g\",\"caption\":\"huberte\"},\"url\":\"https:\\\/\\\/lepotentiel.bj\\\/?author=15\"}]}<\/script>\n<!-- \/ Yoast SEO plugin. -->","yoast_head_json":{"title":"Union africaine : Le B\u00e9nin rejoint le Conseil de Paix et de S\u00e9curit\u00e9 - Le Potentiel","robots":{"index":"index","follow":"follow","max-snippet":"max-snippet:-1","max-image-preview":"max-image-preview:large","max-video-preview":"max-video-preview:-1"},"canonical":"https:\/\/lepotentiel.bj\/?p=79967","og_locale":"fr_FR","og_type":"article","og_title":"Union africaine : Le B\u00e9nin rejoint le Conseil de Paix et de S\u00e9curit\u00e9 - Le Potentiel","og_description":"\u00c0 l\u2019issue de la 48\u1d49 session ordinaire du Conseil ex\u00e9cutif de l\u2019Union africaine tenue \u00e0 Addis-Abeba le 11 f\u00e9vrier 2026, le B\u00e9nin a \u00e9t\u00e9 \u00e9lu membre du Conseil de Paix et de S\u00e9curit\u00e9. L\u2019information a \u00e9t\u00e9 publi\u00e9e dans un communiqu\u00e9 officiel du minist\u00e8re des Affaires \u00e9trang\u00e8res dat\u00e9 du 11 f\u00e9vrier 2026. Selon le communiqu\u00e9, \u00ab\u202fcette [&hellip;]","og_url":"https:\/\/lepotentiel.bj\/?p=79967","og_site_name":"Le Potentiel","article_published_time":"2026-02-12T21:27:40+00:00","og_image":[{"width":864,"height":486,"url":"https:\/\/lepotentiel.bj\/wp-content\/uploads\/2026\/02\/union-africaine-bb.jpg","type":"image\/jpeg"}],"author":"huberte","twitter_card":"summary_large_image","twitter_misc":{"\u00c9crit par":"huberte","Dur\u00e9e de lecture estim\u00e9e":"1 minute"},"schema":{"@context":"https:\/\/schema.org","@graph":[{"@type":"Article","@id":"https:\/\/lepotentiel.bj\/?p=79967#article","isPartOf":{"@id":"https:\/\/lepotentiel.bj\/?p=79967"},"author":{"name":"huberte","@id":"https:\/\/lepotentiel.bj\/#\/schema\/person\/6d1e17ab6d7f376b8ae32c604a6d9f3d"},"headline":"Union africaine : Le B\u00e9nin rejoint le Conseil de Paix et de S\u00e9curit\u00e9","datePublished":"2026-02-12T21:27:40+00:00","mainEntityOfPage":{"@id":"https:\/\/lepotentiel.bj\/?p=79967"},"wordCount":176,"commentCount":0,"publisher":{"@id":"https:\/\/lepotentiel.bj\/#organization"},"image":{"@id":"https:\/\/lepotentiel.bj\/?p=79967#primaryimage"},"thumbnailUrl":"https:\/\/lepotentiel.bj\/wp-content\/uploads\/2026\/02\/union-africaine-bb.jpg","articleSection":["Diplomatie"],"inLanguage":"fr-FR","potentialAction":[{"@type":"CommentAction","name":"Comment","target":["https:\/\/lepotentiel.bj\/?p=79967#respond"]}]},{"@type":"WebPage","@id":"https:\/\/lepotentiel.bj\/?p=79967","url":"https:\/\/lepotentiel.bj\/?p=79967","name":"Union africaine : Le B\u00e9nin rejoint le Conseil de Paix et de S\u00e9curit\u00e9 - Le Potentiel","isPartOf":{"@id":"https:\/\/lepotentiel.bj\/#website"},"primaryImageOfPage":{"@id":"https:\/\/lepotentiel.bj\/?p=79967#primaryimage"},"image":{"@id":"https:\/\/lepotentiel.bj\/?p=79967#primaryimage"},"thumbnailUrl":"https:\/\/lepotentiel.bj\/wp-content\/uploads\/2026\/02\/union-africaine-bb.jpg","datePublished":"2026-02-12T21:27:40+00:00","breadcrumb":{"@id":"https:\/\/lepotentiel.bj\/?p=79967#breadcrumb"},"inLanguage":"fr-FR","potentialAction":[{"@type":"ReadAction","target":["https:\/\/lepotentiel.bj\/?p=79967"]}]},{"@type":"ImageObject","inLanguage":"fr-FR","@id":"https:\/\/lepotentiel.bj\/?p=79967#primaryimage","url":"https:\/\/lepotentiel.bj\/wp-content\/uploads\/2026\/02\/union-africaine-bb.jpg","contentUrl":"https:\/\/lepotentiel.bj\/wp-content\/uploads\/2026\/02\/union-africaine-bb.jpg","width":864,"height":486},{"@type":"BreadcrumbList","@id":"https:\/\/lepotentiel.bj\/?p=79967#breadcrumb","itemListElement":[{"@type":"ListItem","position":1,"name":"Accueil","item":"https:\/\/lepotentiel.bj\/"},{"@type":"ListItem","position":2,"name":"Union africaine : Le B\u00e9nin rejoint le Conseil de Paix et de S\u00e9curit\u00e9"}]},{"@type":"WebSite","@id":"https:\/\/lepotentiel.bj\/#website","url":"https:\/\/lepotentiel.bj\/","name":"Le Potentiel","description":"Le Potentiel, au service de l\u2019information, nous sommes les fantassins du droit de savoir","publisher":{"@id":"https:\/\/lepotentiel.bj\/#organization"},"potentialAction":[{"@type":"SearchAction","target":{"@type":"EntryPoint","urlTemplate":"https:\/\/lepotentiel.bj\/?s={search_term_string}"},"query-input":{"@type":"PropertyValueSpecification","valueRequired":true,"valueName":"search_term_string"}}],"inLanguage":"fr-FR"},{"@type":"Organization","@id":"https:\/\/lepotentiel.bj\/#organization","name":"Le Potentiel","url":"https:\/\/lepotentiel.bj\/","logo":{"@type":"ImageObject","inLanguage":"fr-FR","@id":"https:\/\/lepotentiel.bj\/#\/schema\/logo\/image\/","url":"https:\/\/lepotentiel.bj\/wp-content\/uploads\/2023\/12\/logo-pot.jpg","contentUrl":"https:\/\/lepotentiel.bj\/wp-content\/uploads\/2023\/12\/logo-pot.jpg","width":562,"height":84,"caption":"Le Potentiel"},"image":{"@id":"https:\/\/lepotentiel.bj\/#\/schema\/logo\/image\/"}},{"@type":"Person","@id":"https:\/\/lepotentiel.bj\/#\/schema\/person\/6d1e17ab6d7f376b8ae32c604a6d9f3d","name":"huberte","image":{"@type":"ImageObject","inLanguage":"fr-FR","@id":"https:\/\/secure.gravatar.com\/avatar\/61b9d7a36e233229eff31ad01c156f629f80f70ddcd0df2300c3f3c615d8bbf7?s=96&d=mm&r=g","url":"https:\/\/secure.gravatar.com\/avatar\/61b9d7a36e233229eff31ad01c156f629f80f70ddcd0df2300c3f3c615d8bbf7?s=96&d=mm&r=g","contentUrl":"https:\/\/secure.gravatar.com\/avatar\/61b9d7a36e233229eff31ad01c156f629f80f70ddcd0df2300c3f3c615d8bbf7?s=96&d=mm&r=g","caption":"huberte"},"url":"https:\/\/lepotentiel.bj\/?author=15"}]}},"_links":{"self":[{"href":"https:\/\/lepotentiel.bj\/index.php?rest_route=\/wp\/v2\/posts\/79967","targetHints":{"allow":["GET"]}}],"collection":[{"href":"https:\/\/lepotentiel.bj\/index.php?rest_route=\/wp\/v2\/posts"}],"about":[{"href":"https:\/\/lepotentiel.bj\/index.php?rest_route=\/wp\/v2\/types\/post"}],"author":[{"embeddable":true,"href":"https:\/\/lepotentiel.bj\/index.php?rest_route=\/wp\/v2\/users\/15"}],"replies":[{"embeddable":true,"href":"https:\/\/lepotentiel.bj\/index.php?rest_route=%2Fwp%2Fv2%2Fcomments&post=79967"}],"version-history":[{"count":1,"href":"https:\/\/lepotentiel.bj\/index.php?rest_route=\/wp\/v2\/posts\/79967\/revisions"}],"predecessor-version":[{"id":79970,"href":"https:\/\/lepotentiel.bj\/index.php?rest_route=\/wp\/v2\/posts\/79967\/revisions\/79970"}],"wp:featuredmedia":[{"embeddable":true,"href":"https:\/\/lepotentiel.bj\/index.php?rest_route=\/wp\/v2\/media\/79969"}],"wp:attachment":[{"href":"https:\/\/lepotentiel.bj\/index.php?rest_route=%2Fwp%2Fv2%2Fmedia&parent=79967"}],"wp:term":[{"taxonomy":"category","embeddable":true,"href":"https:\/\/lepotentiel.bj\/index.php?rest_route=%2Fwp%2Fv2%2Fcategories&post=79967"},{"taxonomy":"post_tag","embeddable":true,"href":"https:\/\/lepotentiel.bj\/index.php?rest_route=%2Fwp%2Fv2%2Ftags&post=79967"}],"curies":[{"name":"wp","href":"https:\/\/api.w.org\/{rel}","templated":true}]}}