{"id":86086,"date":"2026-07-13T11:55:32","date_gmt":"2026-07-13T09:55:32","guid":{"rendered":"https:\/\/lepotentiel.bj\/?p=86086"},"modified":"2026-07-13T11:57:57","modified_gmt":"2026-07-13T09:57:57","slug":"etats-unis-le-senateur-lindsey-graham-allie-de-donald-trump-est-decede","status":"publish","type":"post","link":"https:\/\/lepotentiel.bj\/?p=86086","title":{"rendered":"\u00c9tats-Unis : Le s\u00e9nateur Lindsey Graham, alli\u00e9 de Donald Trump est d\u00e9c\u00e9d\u00e9"},"content":{"rendered":"<p style=\"text-align: justify;\">Le s\u00e9nateur r\u00e9publicain Lindsey Graham est d\u00e9c\u00e9d\u00e9 le samedi 11 juillet 2026 \u00e0 l&rsquo;\u00e2ge de 71 ans, des suites d&rsquo;une maladie soudaine. Proche du pr\u00e9sident Donald Trump et partisan d&rsquo;une politique \u00e9trang\u00e8re interventionniste, il laisse derri\u00e8re lui plus de trois d\u00e9cennies de carri\u00e8re au Congr\u00e8s am\u00e9ricain.<\/p>\n<p style=\"text-align: justify;\">Le s\u00e9nateur r\u00e9publicain am\u00e9ricain Lindsey Graham est d\u00e9c\u00e9d\u00e9 samedi 11 juillet 2026 \u00e0 l&rsquo;\u00e2ge de 71 ans, a annonc\u00e9 son bureau dans un communiqu\u00e9. Selon ses collaborateurs, l&rsquo;\u00e9lu de Caroline du Sud est mort des suites d&rsquo;une maladie br\u00e8ve et soudaine, attribu\u00e9e par la suite \u00e0 une dissection aortique li\u00e9e \u00e0 une pathologie cardiaque.<\/p>\n<p style=\"text-align: justify;\">Avocat militaire de formation, Lindsey Graham avait entam\u00e9 sa carri\u00e8re politique \u00e0 la Chambre des repr\u00e9sentants en 1994 avant de rejoindre le S\u00e9nat en 2002, o\u00f9 il sera constamment r\u00e9\u00e9lu. Au fil des ann\u00e9es, il est devenu l&rsquo;une des voix les plus influentes du Parti r\u00e9publicain sur les questions de d\u00e9fense et de politique \u00e9trang\u00e8re. Longtemps favorable \u00e0 une implication active des \u00c9tats-Unis sur la sc\u00e8ne internationale, il avait soutenu l&rsquo;intervention am\u00e9ricaine en Irak, plaid\u00e9 pour un appui militaire renforc\u00e9 \u00e0 l&rsquo;Ukraine face \u00e0 la Russie et d\u00e9fendu avec constance les int\u00e9r\u00eats d&rsquo;Isra\u00ebl. Il s&rsquo;\u00e9tait \u00e9galement illustr\u00e9 par ses positions tr\u00e8s fermes \u00e0 l&rsquo;\u00e9gard de l&rsquo;Iran.<\/p>\n<p style=\"text-align: justify;\">D&rsquo;abord critique \u00e0 l&rsquo;\u00e9gard de Donald Trump lors de la campagne pr\u00e9sidentielle de 2016, Lindsey Graham \u00e9tait progressivement devenu l&rsquo;un de ses plus proches alli\u00e9s au S\u00e9nat. Le pr\u00e9sident am\u00e9ricain lui a rendu hommage en saluant \u00ab un grand s\u00e9nateur \u00bb et en ordonnant la mise en berne des drapeaux am\u00e9ricains. Donald Trump a \u00e9galement indiqu\u00e9 s&rsquo;\u00eatre entretenu avec lui quelques heures avant son d\u00e9c\u00e8s, alors qu&rsquo;il revenait d&rsquo;un d\u00e9placement en Ukraine. De nombreuses personnalit\u00e9s am\u00e9ricaines et \u00e9trang\u00e8res ont \u00e9galement r\u00e9agi \u00e0 cette disparition. Le pr\u00e9sident ukrainien Volodymyr Zelensky a salu\u00e9 un soutien constant \u00e0 son pays, tandis que le Premier ministre isra\u00e9lien Benjamin Netanyahu a \u00e9voqu\u00e9 la perte d&rsquo;un \u00ab tr\u00e8s cher ami \u00bb. Les anciens pr\u00e9sidents Joe Biden et George W. Bush lui ont aussi rendu hommage.<\/p>\n<p style=\"text-align: justify;\">Le d\u00e9c\u00e8s de Lindsey Graham survient alors que les r\u00e9publicains ne disposent que d&rsquo;une courte majorit\u00e9 au S\u00e9nat. Conform\u00e9ment \u00e0 la l\u00e9gislation am\u00e9ricaine, le gouverneur de Caroline du Sud devra d\u00e9signer un rempla\u00e7ant provisoire dans l&rsquo;attente de l&rsquo;\u00e9lection d&rsquo;un nouveau s\u00e9nateur.<\/p>\n","protected":false},"excerpt":{"rendered":"<p>Le s\u00e9nateur r\u00e9publicain Lindsey Graham est d\u00e9c\u00e9d\u00e9 le samedi 11 juillet 2026 \u00e0 l&rsquo;\u00e2ge de 71 ans, des suites d&rsquo;une maladie soudaine. Proche du pr\u00e9sident Donald Trump et partisan d&rsquo;une politique \u00e9trang\u00e8re interventionniste, il laisse derri\u00e8re lui plus de trois d\u00e9cennies de carri\u00e8re au Congr\u00e8s am\u00e9ricain. Le s\u00e9nateur r\u00e9publicain am\u00e9ricain Lindsey Graham est d\u00e9c\u00e9d\u00e9 samedi [&hellip;]<\/p>\n","protected":false},"author":18,"featured_media":86088,"comment_status":"open","ping_status":"open","sticky":false,"template":"","format":"standard","meta":{"footnotes":""},"categories":[34,44],"tags":[],"class_list":["post-86086","post","type-post","status-publish","format-standard","has-post-thumbnail","hentry","category-actualite","category-international"],"yoast_head":"<!-- This site is optimized with the Yoast SEO plugin v28.2 - https:\/\/yoast.com\/product\/yoast-seo-wordpress\/ -->\n<title>\u00c9tats-Unis : Le s\u00e9nateur Lindsey Graham, alli\u00e9 de Donald Trump est d\u00e9c\u00e9d\u00e9 - Le Potentiel<\/title>\n<meta name=\"robots\" content=\"index, follow, max-snippet:-1, max-image-preview:large, max-video-preview:-1\" \/>\n<link rel=\"canonical\" href=\"https:\/\/lepotentiel.bj\/?p=86086\" \/>\n<meta property=\"og:locale\" content=\"fr_FR\" \/>\n<meta property=\"og:type\" content=\"article\" \/>\n<meta property=\"og:title\" content=\"\u00c9tats-Unis : Le s\u00e9nateur Lindsey Graham, alli\u00e9 de Donald Trump est d\u00e9c\u00e9d\u00e9 - Le Potentiel\" \/>\n<meta property=\"og:description\" content=\"Le s\u00e9nateur r\u00e9publicain Lindsey Graham est d\u00e9c\u00e9d\u00e9 le samedi 11 juillet 2026 \u00e0 l&rsquo;\u00e2ge de 71 ans, des suites d&rsquo;une maladie soudaine. Proche du pr\u00e9sident Donald Trump et partisan d&rsquo;une politique \u00e9trang\u00e8re interventionniste, il laisse derri\u00e8re lui plus de trois d\u00e9cennies de carri\u00e8re au Congr\u00e8s am\u00e9ricain. Le s\u00e9nateur r\u00e9publicain am\u00e9ricain Lindsey Graham est d\u00e9c\u00e9d\u00e9 samedi [&hellip;]\" \/>\n<meta property=\"og:url\" content=\"https:\/\/lepotentiel.bj\/?p=86086\" \/>\n<meta property=\"og:site_name\" content=\"Le Potentiel\" \/>\n<meta property=\"article:published_time\" content=\"2026-07-13T09:55:32+00:00\" \/>\n<meta property=\"article:modified_time\" content=\"2026-07-13T09:57:57+00:00\" \/>\n<meta property=\"og:image\" content=\"https:\/\/lepotentiel.bj\/wp-content\/uploads\/2026\/07\/7eee80876a2f349283a787b3a8c66be2.webp\" \/>\n\t<meta property=\"og:image:width\" content=\"924\" \/>\n\t<meta property=\"og:image:height\" content=\"616\" \/>\n\t<meta property=\"og:image:type\" content=\"image\/webp\" \/>\n<meta name=\"author\" content=\"Laura\" \/>\n<meta name=\"twitter:card\" content=\"summary_large_image\" \/>\n<meta name=\"twitter:label1\" content=\"\u00c9crit par\" \/>\n\t<meta name=\"twitter:data1\" content=\"Laura\" \/>\n\t<meta name=\"twitter:label2\" content=\"Dur\u00e9e de lecture estim\u00e9e\" \/>\n\t<meta name=\"twitter:data2\" content=\"2 minutes\" \/>\n<script type=\"application\/ld+json\" class=\"yoast-schema-graph\">{\"@context\":\"https:\\\/\\\/schema.org\",\"@graph\":[{\"@type\":\"Article\",\"@id\":\"https:\\\/\\\/lepotentiel.bj\\\/?p=86086#article\",\"isPartOf\":{\"@id\":\"https:\\\/\\\/lepotentiel.bj\\\/?p=86086\"},\"author\":{\"name\":\"Laura\",\"@id\":\"https:\\\/\\\/lepotentiel.bj\\\/#\\\/schema\\\/person\\\/001def78e1eafec4b5733ea184d49dd0\"},\"headline\":\"\u00c9tats-Unis : Le s\u00e9nateur Lindsey Graham, alli\u00e9 de Donald Trump est d\u00e9c\u00e9d\u00e9\",\"datePublished\":\"2026-07-13T09:55:32+00:00\",\"dateModified\":\"2026-07-13T09:57:57+00:00\",\"mainEntityOfPage\":{\"@id\":\"https:\\\/\\\/lepotentiel.bj\\\/?p=86086\"},\"wordCount\":434,\"commentCount\":0,\"publisher\":{\"@id\":\"https:\\\/\\\/lepotentiel.bj\\\/#organization\"},\"image\":{\"@id\":\"https:\\\/\\\/lepotentiel.bj\\\/?p=86086#primaryimage\"},\"thumbnailUrl\":\"https:\\\/\\\/lepotentiel.bj\\\/wp-content\\\/uploads\\\/2026\\\/07\\\/7eee80876a2f349283a787b3a8c66be2.webp\",\"articleSection\":[\"Actualit\u00e9\",\"International\"],\"inLanguage\":\"fr-FR\",\"potentialAction\":[{\"@type\":\"CommentAction\",\"name\":\"Comment\",\"target\":[\"https:\\\/\\\/lepotentiel.bj\\\/?p=86086#respond\"]}]},{\"@type\":\"WebPage\",\"@id\":\"https:\\\/\\\/lepotentiel.bj\\\/?p=86086\",\"url\":\"https:\\\/\\\/lepotentiel.bj\\\/?p=86086\",\"name\":\"\u00c9tats-Unis : Le s\u00e9nateur Lindsey Graham, alli\u00e9 de Donald Trump est d\u00e9c\u00e9d\u00e9 - Le Potentiel\",\"isPartOf\":{\"@id\":\"https:\\\/\\\/lepotentiel.bj\\\/#website\"},\"primaryImageOfPage\":{\"@id\":\"https:\\\/\\\/lepotentiel.bj\\\/?p=86086#primaryimage\"},\"image\":{\"@id\":\"https:\\\/\\\/lepotentiel.bj\\\/?p=86086#primaryimage\"},\"thumbnailUrl\":\"https:\\\/\\\/lepotentiel.bj\\\/wp-content\\\/uploads\\\/2026\\\/07\\\/7eee80876a2f349283a787b3a8c66be2.webp\",\"datePublished\":\"2026-07-13T09:55:32+00:00\",\"dateModified\":\"2026-07-13T09:57:57+00:00\",\"breadcrumb\":{\"@id\":\"https:\\\/\\\/lepotentiel.bj\\\/?p=86086#breadcrumb\"},\"inLanguage\":\"fr-FR\",\"potentialAction\":[{\"@type\":\"ReadAction\",\"target\":[\"https:\\\/\\\/lepotentiel.bj\\\/?p=86086\"]}]},{\"@type\":\"ImageObject\",\"inLanguage\":\"fr-FR\",\"@id\":\"https:\\\/\\\/lepotentiel.bj\\\/?p=86086#primaryimage\",\"url\":\"https:\\\/\\\/lepotentiel.bj\\\/wp-content\\\/uploads\\\/2026\\\/07\\\/7eee80876a2f349283a787b3a8c66be2.webp\",\"contentUrl\":\"https:\\\/\\\/lepotentiel.bj\\\/wp-content\\\/uploads\\\/2026\\\/07\\\/7eee80876a2f349283a787b3a8c66be2.webp\",\"width\":924,\"height\":616},{\"@type\":\"BreadcrumbList\",\"@id\":\"https:\\\/\\\/lepotentiel.bj\\\/?p=86086#breadcrumb\",\"itemListElement\":[{\"@type\":\"ListItem\",\"position\":1,\"name\":\"Accueil\",\"item\":\"https:\\\/\\\/lepotentiel.bj\\\/\"},{\"@type\":\"ListItem\",\"position\":2,\"name\":\"\u00c9tats-Unis : Le s\u00e9nateur Lindsey Graham, alli\u00e9 de Donald Trump est d\u00e9c\u00e9d\u00e9\"}]},{\"@type\":\"WebSite\",\"@id\":\"https:\\\/\\\/lepotentiel.bj\\\/#website\",\"url\":\"https:\\\/\\\/lepotentiel.bj\\\/\",\"name\":\"Le Potentiel\",\"description\":\"Le Potentiel, au service de l\u2019information, nous sommes les fantassins du droit de savoir\",\"publisher\":{\"@id\":\"https:\\\/\\\/lepotentiel.bj\\\/#organization\"},\"potentialAction\":[{\"@type\":\"SearchAction\",\"target\":{\"@type\":\"EntryPoint\",\"urlTemplate\":\"https:\\\/\\\/lepotentiel.bj\\\/?s={search_term_string}\"},\"query-input\":{\"@type\":\"PropertyValueSpecification\",\"valueRequired\":true,\"valueName\":\"search_term_string\"}}],\"inLanguage\":\"fr-FR\"},{\"@type\":\"Organization\",\"@id\":\"https:\\\/\\\/lepotentiel.bj\\\/#organization\",\"name\":\"Le Potentiel\",\"url\":\"https:\\\/\\\/lepotentiel.bj\\\/\",\"logo\":{\"@type\":\"ImageObject\",\"inLanguage\":\"fr-FR\",\"@id\":\"https:\\\/\\\/lepotentiel.bj\\\/#\\\/schema\\\/logo\\\/image\\\/\",\"url\":\"https:\\\/\\\/lepotentiel.bj\\\/wp-content\\\/uploads\\\/2023\\\/12\\\/logo-pot.jpg\",\"contentUrl\":\"https:\\\/\\\/lepotentiel.bj\\\/wp-content\\\/uploads\\\/2023\\\/12\\\/logo-pot.jpg\",\"width\":562,\"height\":84,\"caption\":\"Le Potentiel\"},\"image\":{\"@id\":\"https:\\\/\\\/lepotentiel.bj\\\/#\\\/schema\\\/logo\\\/image\\\/\"}},{\"@type\":\"Person\",\"@id\":\"https:\\\/\\\/lepotentiel.bj\\\/#\\\/schema\\\/person\\\/001def78e1eafec4b5733ea184d49dd0\",\"name\":\"Laura\",\"image\":{\"@type\":\"ImageObject\",\"inLanguage\":\"fr-FR\",\"@id\":\"https:\\\/\\\/secure.gravatar.com\\\/avatar\\\/46e54a01dd5785f370a6c40e9cfe54ebcfd939154e6505072fe15421c0d32893?s=96&d=mm&r=g\",\"url\":\"https:\\\/\\\/secure.gravatar.com\\\/avatar\\\/46e54a01dd5785f370a6c40e9cfe54ebcfd939154e6505072fe15421c0d32893?s=96&d=mm&r=g\",\"contentUrl\":\"https:\\\/\\\/secure.gravatar.com\\\/avatar\\\/46e54a01dd5785f370a6c40e9cfe54ebcfd939154e6505072fe15421c0d32893?s=96&d=mm&r=g\",\"caption\":\"Laura\"},\"url\":\"https:\\\/\\\/lepotentiel.bj\\\/?author=18\"}]}<\/script>\n<!-- \/ Yoast SEO plugin. -->","yoast_head_json":{"title":"\u00c9tats-Unis : Le s\u00e9nateur Lindsey Graham, alli\u00e9 de Donald Trump est d\u00e9c\u00e9d\u00e9 - Le Potentiel","robots":{"index":"index","follow":"follow","max-snippet":"max-snippet:-1","max-image-preview":"max-image-preview:large","max-video-preview":"max-video-preview:-1"},"canonical":"https:\/\/lepotentiel.bj\/?p=86086","og_locale":"fr_FR","og_type":"article","og_title":"\u00c9tats-Unis : Le s\u00e9nateur Lindsey Graham, alli\u00e9 de Donald Trump est d\u00e9c\u00e9d\u00e9 - Le Potentiel","og_description":"Le s\u00e9nateur r\u00e9publicain Lindsey Graham est d\u00e9c\u00e9d\u00e9 le samedi 11 juillet 2026 \u00e0 l&rsquo;\u00e2ge de 71 ans, des suites d&rsquo;une maladie soudaine. Proche du pr\u00e9sident Donald Trump et partisan d&rsquo;une politique \u00e9trang\u00e8re interventionniste, il laisse derri\u00e8re lui plus de trois d\u00e9cennies de carri\u00e8re au Congr\u00e8s am\u00e9ricain. Le s\u00e9nateur r\u00e9publicain am\u00e9ricain Lindsey Graham est d\u00e9c\u00e9d\u00e9 samedi [&hellip;]","og_url":"https:\/\/lepotentiel.bj\/?p=86086","og_site_name":"Le Potentiel","article_published_time":"2026-07-13T09:55:32+00:00","article_modified_time":"2026-07-13T09:57:57+00:00","og_image":[{"width":924,"height":616,"url":"https:\/\/lepotentiel.bj\/wp-content\/uploads\/2026\/07\/7eee80876a2f349283a787b3a8c66be2.webp","type":"image\/webp"}],"author":"Laura","twitter_card":"summary_large_image","twitter_misc":{"\u00c9crit par":"Laura","Dur\u00e9e de lecture estim\u00e9e":"2 minutes"},"schema":{"@context":"https:\/\/schema.org","@graph":[{"@type":"Article","@id":"https:\/\/lepotentiel.bj\/?p=86086#article","isPartOf":{"@id":"https:\/\/lepotentiel.bj\/?p=86086"},"author":{"name":"Laura","@id":"https:\/\/lepotentiel.bj\/#\/schema\/person\/001def78e1eafec4b5733ea184d49dd0"},"headline":"\u00c9tats-Unis : Le s\u00e9nateur Lindsey Graham, alli\u00e9 de Donald Trump est d\u00e9c\u00e9d\u00e9","datePublished":"2026-07-13T09:55:32+00:00","dateModified":"2026-07-13T09:57:57+00:00","mainEntityOfPage":{"@id":"https:\/\/lepotentiel.bj\/?p=86086"},"wordCount":434,"commentCount":0,"publisher":{"@id":"https:\/\/lepotentiel.bj\/#organization"},"image":{"@id":"https:\/\/lepotentiel.bj\/?p=86086#primaryimage"},"thumbnailUrl":"https:\/\/lepotentiel.bj\/wp-content\/uploads\/2026\/07\/7eee80876a2f349283a787b3a8c66be2.webp","articleSection":["Actualit\u00e9","International"],"inLanguage":"fr-FR","potentialAction":[{"@type":"CommentAction","name":"Comment","target":["https:\/\/lepotentiel.bj\/?p=86086#respond"]}]},{"@type":"WebPage","@id":"https:\/\/lepotentiel.bj\/?p=86086","url":"https:\/\/lepotentiel.bj\/?p=86086","name":"\u00c9tats-Unis : Le s\u00e9nateur Lindsey Graham, alli\u00e9 de Donald Trump est d\u00e9c\u00e9d\u00e9 - Le Potentiel","isPartOf":{"@id":"https:\/\/lepotentiel.bj\/#website"},"primaryImageOfPage":{"@id":"https:\/\/lepotentiel.bj\/?p=86086#primaryimage"},"image":{"@id":"https:\/\/lepotentiel.bj\/?p=86086#primaryimage"},"thumbnailUrl":"https:\/\/lepotentiel.bj\/wp-content\/uploads\/2026\/07\/7eee80876a2f349283a787b3a8c66be2.webp","datePublished":"2026-07-13T09:55:32+00:00","dateModified":"2026-07-13T09:57:57+00:00","breadcrumb":{"@id":"https:\/\/lepotentiel.bj\/?p=86086#breadcrumb"},"inLanguage":"fr-FR","potentialAction":[{"@type":"ReadAction","target":["https:\/\/lepotentiel.bj\/?p=86086"]}]},{"@type":"ImageObject","inLanguage":"fr-FR","@id":"https:\/\/lepotentiel.bj\/?p=86086#primaryimage","url":"https:\/\/lepotentiel.bj\/wp-content\/uploads\/2026\/07\/7eee80876a2f349283a787b3a8c66be2.webp","contentUrl":"https:\/\/lepotentiel.bj\/wp-content\/uploads\/2026\/07\/7eee80876a2f349283a787b3a8c66be2.webp","width":924,"height":616},{"@type":"BreadcrumbList","@id":"https:\/\/lepotentiel.bj\/?p=86086#breadcrumb","itemListElement":[{"@type":"ListItem","position":1,"name":"Accueil","item":"https:\/\/lepotentiel.bj\/"},{"@type":"ListItem","position":2,"name":"\u00c9tats-Unis : Le s\u00e9nateur Lindsey Graham, alli\u00e9 de Donald Trump est d\u00e9c\u00e9d\u00e9"}]},{"@type":"WebSite","@id":"https:\/\/lepotentiel.bj\/#website","url":"https:\/\/lepotentiel.bj\/","name":"Le Potentiel","description":"Le Potentiel, au service de l\u2019information, nous sommes les fantassins du droit de savoir","publisher":{"@id":"https:\/\/lepotentiel.bj\/#organization"},"potentialAction":[{"@type":"SearchAction","target":{"@type":"EntryPoint","urlTemplate":"https:\/\/lepotentiel.bj\/?s={search_term_string}"},"query-input":{"@type":"PropertyValueSpecification","valueRequired":true,"valueName":"search_term_string"}}],"inLanguage":"fr-FR"},{"@type":"Organization","@id":"https:\/\/lepotentiel.bj\/#organization","name":"Le Potentiel","url":"https:\/\/lepotentiel.bj\/","logo":{"@type":"ImageObject","inLanguage":"fr-FR","@id":"https:\/\/lepotentiel.bj\/#\/schema\/logo\/image\/","url":"https:\/\/lepotentiel.bj\/wp-content\/uploads\/2023\/12\/logo-pot.jpg","contentUrl":"https:\/\/lepotentiel.bj\/wp-content\/uploads\/2023\/12\/logo-pot.jpg","width":562,"height":84,"caption":"Le Potentiel"},"image":{"@id":"https:\/\/lepotentiel.bj\/#\/schema\/logo\/image\/"}},{"@type":"Person","@id":"https:\/\/lepotentiel.bj\/#\/schema\/person\/001def78e1eafec4b5733ea184d49dd0","name":"Laura","image":{"@type":"ImageObject","inLanguage":"fr-FR","@id":"https:\/\/secure.gravatar.com\/avatar\/46e54a01dd5785f370a6c40e9cfe54ebcfd939154e6505072fe15421c0d32893?s=96&d=mm&r=g","url":"https:\/\/secure.gravatar.com\/avatar\/46e54a01dd5785f370a6c40e9cfe54ebcfd939154e6505072fe15421c0d32893?s=96&d=mm&r=g","contentUrl":"https:\/\/secure.gravatar.com\/avatar\/46e54a01dd5785f370a6c40e9cfe54ebcfd939154e6505072fe15421c0d32893?s=96&d=mm&r=g","caption":"Laura"},"url":"https:\/\/lepotentiel.bj\/?author=18"}]}},"_links":{"self":[{"href":"https:\/\/lepotentiel.bj\/index.php?rest_route=\/wp\/v2\/posts\/86086","targetHints":{"allow":["GET"]}}],"collection":[{"href":"https:\/\/lepotentiel.bj\/index.php?rest_route=\/wp\/v2\/posts"}],"about":[{"href":"https:\/\/lepotentiel.bj\/index.php?rest_route=\/wp\/v2\/types\/post"}],"author":[{"embeddable":true,"href":"https:\/\/lepotentiel.bj\/index.php?rest_route=\/wp\/v2\/users\/18"}],"replies":[{"embeddable":true,"href":"https:\/\/lepotentiel.bj\/index.php?rest_route=%2Fwp%2Fv2%2Fcomments&post=86086"}],"version-history":[{"count":1,"href":"https:\/\/lepotentiel.bj\/index.php?rest_route=\/wp\/v2\/posts\/86086\/revisions"}],"predecessor-version":[{"id":86089,"href":"https:\/\/lepotentiel.bj\/index.php?rest_route=\/wp\/v2\/posts\/86086\/revisions\/86089"}],"wp:featuredmedia":[{"embeddable":true,"href":"https:\/\/lepotentiel.bj\/index.php?rest_route=\/wp\/v2\/media\/86088"}],"wp:attachment":[{"href":"https:\/\/lepotentiel.bj\/index.php?rest_route=%2Fwp%2Fv2%2Fmedia&parent=86086"}],"wp:term":[{"taxonomy":"category","embeddable":true,"href":"https:\/\/lepotentiel.bj\/index.php?rest_route=%2Fwp%2Fv2%2Fcategories&post=86086"},{"taxonomy":"post_tag","embeddable":true,"href":"https:\/\/lepotentiel.bj\/index.php?rest_route=%2Fwp%2Fv2%2Ftags&post=86086"}],"curies":[{"name":"wp","href":"https:\/\/api.w.org\/{rel}","templated":true}]}}