{"id":86106,"date":"2026-07-13T14:52:04","date_gmt":"2026-07-13T12:52:04","guid":{"rendered":"https:\/\/lepotentiel.bj\/?p=86106"},"modified":"2026-07-13T14:52:04","modified_gmt":"2026-07-13T12:52:04","slug":"affaire-dabus-de-confiance-et-blanchiment-de-capitaux-me-magloire-yansunnu-ecope-de-7-ans-de-prison-ferme-a-la-criet","status":"publish","type":"post","link":"https:\/\/lepotentiel.bj\/?p=86106","title":{"rendered":"Affaire d&rsquo;abus de confiance et blanchiment de capitaux : Me Magloire Yansunnu \u00e9cope de 7 ans de prison ferme \u00e0 la Criet"},"content":{"rendered":"<p style=\"text-align: justify;\">La Cour de r\u00e9pression des infractions \u00e9conomiques et du terrorisme (CRIET) a rendu,ce lundi 13 juillet 2026, sa d\u00e9cision dans le dossier impliquant Me Magloire Yansunnu. L\u2019avocat a \u00e9t\u00e9 reconnu coupable d\u2019abus de confiance et de blanchiment de capitaux et condamn\u00e9 \u00e0 sept ans de prison ferme ainsi qu\u2019\u00e0 une amende de 28 millions de FCFA.<\/p>\n<p style=\"text-align: justify;\">\nLe verdict est tomb\u00e9. La Criet a condamn\u00e9, ce lundi 13 juillet 2026, Me Magloire Yansunnu \u00e0 sept ans d\u2019emprisonnement ferme et \u00e0 une amende de 28 millions de FCFA dans une affaire d\u2019abus de confiance et de blanchiment de capitaux. La juridiction a \u00e9galement ordonn\u00e9 le paiement de trois millions de FCFA de dommages et int\u00e9r\u00eats \u00e0 l\u2019une des victimes. L\u2019avocat dispose d\u2019un d\u00e9lai de quinze jours pour interjeter appel de cette d\u00e9cision, selon les informations rapport\u00e9es par Libre Express.<\/p>\n<p style=\"text-align: justify;\">Initialement attendu le 15 juin 2026, le verdict a finalement \u00e9t\u00e9 rendu pr\u00e8s d\u2019un mois plus tard par la chambre correctionnelle de la Criet.<br \/>\nAu cours de l\u2019audience du 4 mai 2026, le minist\u00e8re public avait soutenu que Me Magloire Yansunnu avait encaiss\u00e9 des fonds issus de proc\u00e9dures judiciaires sans en informer certains de ses clients. Le parquet lui reprochait \u00e9galement d\u2019avoir utilis\u00e9 son compte bancaire personnel pour ces op\u00e9rations, une pratique jug\u00e9e contraire aux r\u00e8gles professionnelles applicables aux avocats.Dans ses r\u00e9quisitions, le procureur sp\u00e9cial avait demand\u00e9 une peine de vingt-quatre mois d\u2019emprisonnement, dont trois mois fermes, ainsi que le versement de trois millions de Fcfa de dommages et int\u00e9r\u00eats \u00e0 l\u2019une des parties civiles. Il avait \u00e9galement sollicit\u00e9 que soit constat\u00e9 le remboursement pr\u00e9alable de six millions de Fcfa \u00e0 la victime principale.<\/p>\n<p style=\"text-align: justify;\">En effet, le dossier trouve son origine dans les plaintes d\u00e9pos\u00e9es par deux anciens clients de l\u2019avocat, dans le cadre de contentieux li\u00e9s \u00e0 des licenciements. Le premier lui reprochait de ne pas avoir revers\u00e9 l\u2019int\u00e9gralit\u00e9 des indemnit\u00e9s obtenues apr\u00e8s un litige avec son ancien employeur. Le second, un exploitant agricole, l\u2019accusait d\u2019avoir per\u00e7u plus de 18 millions de Fcfa vers\u00e9s par une entreprise sans l\u2019en informer. Devant la cour, Me Magloire Yansunnu avait contest\u00e9 les faits qui lui \u00e9taient reproch\u00e9s et plaid\u00e9 non coupable. Sa d\u00e9fense, port\u00e9e notamment par Me Elvis Did\u00e8, avait demand\u00e9 sa relaxe. Toutefois, la Criet n\u2019a pas retenu ces arguments et a prononc\u00e9 une peine sup\u00e9rieure aux r\u00e9quisitions du minist\u00e8re public.<\/p>\n","protected":false},"excerpt":{"rendered":"<p>La Cour de r\u00e9pression des infractions \u00e9conomiques et du terrorisme (CRIET) a rendu,ce lundi 13 juillet 2026, sa d\u00e9cision dans le dossier impliquant Me Magloire Yansunnu. L\u2019avocat a \u00e9t\u00e9 reconnu coupable d\u2019abus de confiance et de blanchiment de capitaux et condamn\u00e9 \u00e0 sept ans de prison ferme ainsi qu\u2019\u00e0 une amende de 28 millions de [&hellip;]<\/p>\n","protected":false},"author":18,"featured_media":83492,"comment_status":"open","ping_status":"open","sticky":false,"template":"","format":"standard","meta":{"footnotes":""},"categories":[34,1358],"tags":[],"class_list":["post-86106","post","type-post","status-publish","format-standard","has-post-thumbnail","hentry","category-actualite","category-justice"],"yoast_head":"<!-- This site is optimized with the Yoast SEO plugin v28.2 - https:\/\/yoast.com\/product\/yoast-seo-wordpress\/ -->\n<title>Affaire d&#039;abus de confiance et blanchiment de capitaux : Me Magloire Yansunnu \u00e9cope de 7 ans de prison ferme \u00e0 la Criet - Le Potentiel<\/title>\n<meta name=\"robots\" content=\"index, follow, max-snippet:-1, max-image-preview:large, max-video-preview:-1\" \/>\n<link rel=\"canonical\" href=\"https:\/\/lepotentiel.bj\/?p=86106\" \/>\n<meta property=\"og:locale\" content=\"fr_FR\" \/>\n<meta property=\"og:type\" content=\"article\" \/>\n<meta property=\"og:title\" content=\"Affaire d&#039;abus de confiance et blanchiment de capitaux : Me Magloire Yansunnu \u00e9cope de 7 ans de prison ferme \u00e0 la Criet - Le Potentiel\" \/>\n<meta property=\"og:description\" content=\"La Cour de r\u00e9pression des infractions \u00e9conomiques et du terrorisme (CRIET) a rendu,ce lundi 13 juillet 2026, sa d\u00e9cision dans le dossier impliquant Me Magloire Yansunnu. L\u2019avocat a \u00e9t\u00e9 reconnu coupable d\u2019abus de confiance et de blanchiment de capitaux et condamn\u00e9 \u00e0 sept ans de prison ferme ainsi qu\u2019\u00e0 une amende de 28 millions de [&hellip;]\" \/>\n<meta property=\"og:url\" content=\"https:\/\/lepotentiel.bj\/?p=86106\" \/>\n<meta property=\"og:site_name\" content=\"Le Potentiel\" \/>\n<meta property=\"article:published_time\" content=\"2026-07-13T12:52:04+00:00\" \/>\n<meta property=\"og:image\" content=\"https:\/\/lepotentiel.bj\/wp-content\/uploads\/2026\/05\/criet-1-750x375-1.jpg\" \/>\n\t<meta property=\"og:image:width\" content=\"750\" \/>\n\t<meta property=\"og:image:height\" content=\"375\" \/>\n\t<meta property=\"og:image:type\" content=\"image\/jpeg\" \/>\n<meta name=\"author\" content=\"Laura\" \/>\n<meta name=\"twitter:card\" content=\"summary_large_image\" \/>\n<meta name=\"twitter:label1\" content=\"\u00c9crit par\" \/>\n\t<meta name=\"twitter:data1\" content=\"Laura\" \/>\n\t<meta name=\"twitter:label2\" content=\"Dur\u00e9e de lecture estim\u00e9e\" \/>\n\t<meta name=\"twitter:data2\" content=\"2 minutes\" \/>\n<script type=\"application\/ld+json\" class=\"yoast-schema-graph\">{\"@context\":\"https:\\\/\\\/schema.org\",\"@graph\":[{\"@type\":\"Article\",\"@id\":\"https:\\\/\\\/lepotentiel.bj\\\/?p=86106#article\",\"isPartOf\":{\"@id\":\"https:\\\/\\\/lepotentiel.bj\\\/?p=86106\"},\"author\":{\"name\":\"Laura\",\"@id\":\"https:\\\/\\\/lepotentiel.bj\\\/#\\\/schema\\\/person\\\/001def78e1eafec4b5733ea184d49dd0\"},\"headline\":\"Affaire d&rsquo;abus de confiance et blanchiment de capitaux : Me Magloire Yansunnu \u00e9cope de 7 ans de prison ferme \u00e0 la Criet\",\"datePublished\":\"2026-07-13T12:52:04+00:00\",\"mainEntityOfPage\":{\"@id\":\"https:\\\/\\\/lepotentiel.bj\\\/?p=86106\"},\"wordCount\":440,\"commentCount\":0,\"publisher\":{\"@id\":\"https:\\\/\\\/lepotentiel.bj\\\/#organization\"},\"image\":{\"@id\":\"https:\\\/\\\/lepotentiel.bj\\\/?p=86106#primaryimage\"},\"thumbnailUrl\":\"https:\\\/\\\/lepotentiel.bj\\\/wp-content\\\/uploads\\\/2026\\\/05\\\/criet-1-750x375-1.jpg\",\"articleSection\":[\"Actualit\u00e9\",\"Justice\"],\"inLanguage\":\"fr-FR\",\"potentialAction\":[{\"@type\":\"CommentAction\",\"name\":\"Comment\",\"target\":[\"https:\\\/\\\/lepotentiel.bj\\\/?p=86106#respond\"]}]},{\"@type\":\"WebPage\",\"@id\":\"https:\\\/\\\/lepotentiel.bj\\\/?p=86106\",\"url\":\"https:\\\/\\\/lepotentiel.bj\\\/?p=86106\",\"name\":\"Affaire d'abus de confiance et blanchiment de capitaux : Me Magloire Yansunnu \u00e9cope de 7 ans de prison ferme \u00e0 la Criet - Le Potentiel\",\"isPartOf\":{\"@id\":\"https:\\\/\\\/lepotentiel.bj\\\/#website\"},\"primaryImageOfPage\":{\"@id\":\"https:\\\/\\\/lepotentiel.bj\\\/?p=86106#primaryimage\"},\"image\":{\"@id\":\"https:\\\/\\\/lepotentiel.bj\\\/?p=86106#primaryimage\"},\"thumbnailUrl\":\"https:\\\/\\\/lepotentiel.bj\\\/wp-content\\\/uploads\\\/2026\\\/05\\\/criet-1-750x375-1.jpg\",\"datePublished\":\"2026-07-13T12:52:04+00:00\",\"breadcrumb\":{\"@id\":\"https:\\\/\\\/lepotentiel.bj\\\/?p=86106#breadcrumb\"},\"inLanguage\":\"fr-FR\",\"potentialAction\":[{\"@type\":\"ReadAction\",\"target\":[\"https:\\\/\\\/lepotentiel.bj\\\/?p=86106\"]}]},{\"@type\":\"ImageObject\",\"inLanguage\":\"fr-FR\",\"@id\":\"https:\\\/\\\/lepotentiel.bj\\\/?p=86106#primaryimage\",\"url\":\"https:\\\/\\\/lepotentiel.bj\\\/wp-content\\\/uploads\\\/2026\\\/05\\\/criet-1-750x375-1.jpg\",\"contentUrl\":\"https:\\\/\\\/lepotentiel.bj\\\/wp-content\\\/uploads\\\/2026\\\/05\\\/criet-1-750x375-1.jpg\",\"width\":750,\"height\":375},{\"@type\":\"BreadcrumbList\",\"@id\":\"https:\\\/\\\/lepotentiel.bj\\\/?p=86106#breadcrumb\",\"itemListElement\":[{\"@type\":\"ListItem\",\"position\":1,\"name\":\"Accueil\",\"item\":\"https:\\\/\\\/lepotentiel.bj\\\/\"},{\"@type\":\"ListItem\",\"position\":2,\"name\":\"Affaire d&rsquo;abus de confiance et blanchiment de capitaux : Me Magloire Yansunnu \u00e9cope de 7 ans de prison ferme \u00e0 la Criet\"}]},{\"@type\":\"WebSite\",\"@id\":\"https:\\\/\\\/lepotentiel.bj\\\/#website\",\"url\":\"https:\\\/\\\/lepotentiel.bj\\\/\",\"name\":\"Le Potentiel\",\"description\":\"Le Potentiel, au service de l\u2019information, nous sommes les fantassins du droit de savoir\",\"publisher\":{\"@id\":\"https:\\\/\\\/lepotentiel.bj\\\/#organization\"},\"potentialAction\":[{\"@type\":\"SearchAction\",\"target\":{\"@type\":\"EntryPoint\",\"urlTemplate\":\"https:\\\/\\\/lepotentiel.bj\\\/?s={search_term_string}\"},\"query-input\":{\"@type\":\"PropertyValueSpecification\",\"valueRequired\":true,\"valueName\":\"search_term_string\"}}],\"inLanguage\":\"fr-FR\"},{\"@type\":\"Organization\",\"@id\":\"https:\\\/\\\/lepotentiel.bj\\\/#organization\",\"name\":\"Le Potentiel\",\"url\":\"https:\\\/\\\/lepotentiel.bj\\\/\",\"logo\":{\"@type\":\"ImageObject\",\"inLanguage\":\"fr-FR\",\"@id\":\"https:\\\/\\\/lepotentiel.bj\\\/#\\\/schema\\\/logo\\\/image\\\/\",\"url\":\"https:\\\/\\\/lepotentiel.bj\\\/wp-content\\\/uploads\\\/2023\\\/12\\\/logo-pot.jpg\",\"contentUrl\":\"https:\\\/\\\/lepotentiel.bj\\\/wp-content\\\/uploads\\\/2023\\\/12\\\/logo-pot.jpg\",\"width\":562,\"height\":84,\"caption\":\"Le Potentiel\"},\"image\":{\"@id\":\"https:\\\/\\\/lepotentiel.bj\\\/#\\\/schema\\\/logo\\\/image\\\/\"}},{\"@type\":\"Person\",\"@id\":\"https:\\\/\\\/lepotentiel.bj\\\/#\\\/schema\\\/person\\\/001def78e1eafec4b5733ea184d49dd0\",\"name\":\"Laura\",\"image\":{\"@type\":\"ImageObject\",\"inLanguage\":\"fr-FR\",\"@id\":\"https:\\\/\\\/secure.gravatar.com\\\/avatar\\\/46e54a01dd5785f370a6c40e9cfe54ebcfd939154e6505072fe15421c0d32893?s=96&d=mm&r=g\",\"url\":\"https:\\\/\\\/secure.gravatar.com\\\/avatar\\\/46e54a01dd5785f370a6c40e9cfe54ebcfd939154e6505072fe15421c0d32893?s=96&d=mm&r=g\",\"contentUrl\":\"https:\\\/\\\/secure.gravatar.com\\\/avatar\\\/46e54a01dd5785f370a6c40e9cfe54ebcfd939154e6505072fe15421c0d32893?s=96&d=mm&r=g\",\"caption\":\"Laura\"},\"url\":\"https:\\\/\\\/lepotentiel.bj\\\/?author=18\"}]}<\/script>\n<!-- \/ Yoast SEO plugin. -->","yoast_head_json":{"title":"Affaire d'abus de confiance et blanchiment de capitaux : Me Magloire Yansunnu \u00e9cope de 7 ans de prison ferme \u00e0 la Criet - Le Potentiel","robots":{"index":"index","follow":"follow","max-snippet":"max-snippet:-1","max-image-preview":"max-image-preview:large","max-video-preview":"max-video-preview:-1"},"canonical":"https:\/\/lepotentiel.bj\/?p=86106","og_locale":"fr_FR","og_type":"article","og_title":"Affaire d'abus de confiance et blanchiment de capitaux : Me Magloire Yansunnu \u00e9cope de 7 ans de prison ferme \u00e0 la Criet - Le Potentiel","og_description":"La Cour de r\u00e9pression des infractions \u00e9conomiques et du terrorisme (CRIET) a rendu,ce lundi 13 juillet 2026, sa d\u00e9cision dans le dossier impliquant Me Magloire Yansunnu. L\u2019avocat a \u00e9t\u00e9 reconnu coupable d\u2019abus de confiance et de blanchiment de capitaux et condamn\u00e9 \u00e0 sept ans de prison ferme ainsi qu\u2019\u00e0 une amende de 28 millions de [&hellip;]","og_url":"https:\/\/lepotentiel.bj\/?p=86106","og_site_name":"Le Potentiel","article_published_time":"2026-07-13T12:52:04+00:00","og_image":[{"width":750,"height":375,"url":"https:\/\/lepotentiel.bj\/wp-content\/uploads\/2026\/05\/criet-1-750x375-1.jpg","type":"image\/jpeg"}],"author":"Laura","twitter_card":"summary_large_image","twitter_misc":{"\u00c9crit par":"Laura","Dur\u00e9e de lecture estim\u00e9e":"2 minutes"},"schema":{"@context":"https:\/\/schema.org","@graph":[{"@type":"Article","@id":"https:\/\/lepotentiel.bj\/?p=86106#article","isPartOf":{"@id":"https:\/\/lepotentiel.bj\/?p=86106"},"author":{"name":"Laura","@id":"https:\/\/lepotentiel.bj\/#\/schema\/person\/001def78e1eafec4b5733ea184d49dd0"},"headline":"Affaire d&rsquo;abus de confiance et blanchiment de capitaux : Me Magloire Yansunnu \u00e9cope de 7 ans de prison ferme \u00e0 la Criet","datePublished":"2026-07-13T12:52:04+00:00","mainEntityOfPage":{"@id":"https:\/\/lepotentiel.bj\/?p=86106"},"wordCount":440,"commentCount":0,"publisher":{"@id":"https:\/\/lepotentiel.bj\/#organization"},"image":{"@id":"https:\/\/lepotentiel.bj\/?p=86106#primaryimage"},"thumbnailUrl":"https:\/\/lepotentiel.bj\/wp-content\/uploads\/2026\/05\/criet-1-750x375-1.jpg","articleSection":["Actualit\u00e9","Justice"],"inLanguage":"fr-FR","potentialAction":[{"@type":"CommentAction","name":"Comment","target":["https:\/\/lepotentiel.bj\/?p=86106#respond"]}]},{"@type":"WebPage","@id":"https:\/\/lepotentiel.bj\/?p=86106","url":"https:\/\/lepotentiel.bj\/?p=86106","name":"Affaire d'abus de confiance et blanchiment de capitaux : Me Magloire Yansunnu \u00e9cope de 7 ans de prison ferme \u00e0 la Criet - Le Potentiel","isPartOf":{"@id":"https:\/\/lepotentiel.bj\/#website"},"primaryImageOfPage":{"@id":"https:\/\/lepotentiel.bj\/?p=86106#primaryimage"},"image":{"@id":"https:\/\/lepotentiel.bj\/?p=86106#primaryimage"},"thumbnailUrl":"https:\/\/lepotentiel.bj\/wp-content\/uploads\/2026\/05\/criet-1-750x375-1.jpg","datePublished":"2026-07-13T12:52:04+00:00","breadcrumb":{"@id":"https:\/\/lepotentiel.bj\/?p=86106#breadcrumb"},"inLanguage":"fr-FR","potentialAction":[{"@type":"ReadAction","target":["https:\/\/lepotentiel.bj\/?p=86106"]}]},{"@type":"ImageObject","inLanguage":"fr-FR","@id":"https:\/\/lepotentiel.bj\/?p=86106#primaryimage","url":"https:\/\/lepotentiel.bj\/wp-content\/uploads\/2026\/05\/criet-1-750x375-1.jpg","contentUrl":"https:\/\/lepotentiel.bj\/wp-content\/uploads\/2026\/05\/criet-1-750x375-1.jpg","width":750,"height":375},{"@type":"BreadcrumbList","@id":"https:\/\/lepotentiel.bj\/?p=86106#breadcrumb","itemListElement":[{"@type":"ListItem","position":1,"name":"Accueil","item":"https:\/\/lepotentiel.bj\/"},{"@type":"ListItem","position":2,"name":"Affaire d&rsquo;abus de confiance et blanchiment de capitaux : Me Magloire Yansunnu \u00e9cope de 7 ans de prison ferme \u00e0 la Criet"}]},{"@type":"WebSite","@id":"https:\/\/lepotentiel.bj\/#website","url":"https:\/\/lepotentiel.bj\/","name":"Le Potentiel","description":"Le Potentiel, au service de l\u2019information, nous sommes les fantassins du droit de savoir","publisher":{"@id":"https:\/\/lepotentiel.bj\/#organization"},"potentialAction":[{"@type":"SearchAction","target":{"@type":"EntryPoint","urlTemplate":"https:\/\/lepotentiel.bj\/?s={search_term_string}"},"query-input":{"@type":"PropertyValueSpecification","valueRequired":true,"valueName":"search_term_string"}}],"inLanguage":"fr-FR"},{"@type":"Organization","@id":"https:\/\/lepotentiel.bj\/#organization","name":"Le Potentiel","url":"https:\/\/lepotentiel.bj\/","logo":{"@type":"ImageObject","inLanguage":"fr-FR","@id":"https:\/\/lepotentiel.bj\/#\/schema\/logo\/image\/","url":"https:\/\/lepotentiel.bj\/wp-content\/uploads\/2023\/12\/logo-pot.jpg","contentUrl":"https:\/\/lepotentiel.bj\/wp-content\/uploads\/2023\/12\/logo-pot.jpg","width":562,"height":84,"caption":"Le Potentiel"},"image":{"@id":"https:\/\/lepotentiel.bj\/#\/schema\/logo\/image\/"}},{"@type":"Person","@id":"https:\/\/lepotentiel.bj\/#\/schema\/person\/001def78e1eafec4b5733ea184d49dd0","name":"Laura","image":{"@type":"ImageObject","inLanguage":"fr-FR","@id":"https:\/\/secure.gravatar.com\/avatar\/46e54a01dd5785f370a6c40e9cfe54ebcfd939154e6505072fe15421c0d32893?s=96&d=mm&r=g","url":"https:\/\/secure.gravatar.com\/avatar\/46e54a01dd5785f370a6c40e9cfe54ebcfd939154e6505072fe15421c0d32893?s=96&d=mm&r=g","contentUrl":"https:\/\/secure.gravatar.com\/avatar\/46e54a01dd5785f370a6c40e9cfe54ebcfd939154e6505072fe15421c0d32893?s=96&d=mm&r=g","caption":"Laura"},"url":"https:\/\/lepotentiel.bj\/?author=18"}]}},"_links":{"self":[{"href":"https:\/\/lepotentiel.bj\/index.php?rest_route=\/wp\/v2\/posts\/86106","targetHints":{"allow":["GET"]}}],"collection":[{"href":"https:\/\/lepotentiel.bj\/index.php?rest_route=\/wp\/v2\/posts"}],"about":[{"href":"https:\/\/lepotentiel.bj\/index.php?rest_route=\/wp\/v2\/types\/post"}],"author":[{"embeddable":true,"href":"https:\/\/lepotentiel.bj\/index.php?rest_route=\/wp\/v2\/users\/18"}],"replies":[{"embeddable":true,"href":"https:\/\/lepotentiel.bj\/index.php?rest_route=%2Fwp%2Fv2%2Fcomments&post=86106"}],"version-history":[{"count":1,"href":"https:\/\/lepotentiel.bj\/index.php?rest_route=\/wp\/v2\/posts\/86106\/revisions"}],"predecessor-version":[{"id":86107,"href":"https:\/\/lepotentiel.bj\/index.php?rest_route=\/wp\/v2\/posts\/86106\/revisions\/86107"}],"wp:featuredmedia":[{"embeddable":true,"href":"https:\/\/lepotentiel.bj\/index.php?rest_route=\/wp\/v2\/media\/83492"}],"wp:attachment":[{"href":"https:\/\/lepotentiel.bj\/index.php?rest_route=%2Fwp%2Fv2%2Fmedia&parent=86106"}],"wp:term":[{"taxonomy":"category","embeddable":true,"href":"https:\/\/lepotentiel.bj\/index.php?rest_route=%2Fwp%2Fv2%2Fcategories&post=86106"},{"taxonomy":"post_tag","embeddable":true,"href":"https:\/\/lepotentiel.bj\/index.php?rest_route=%2Fwp%2Fv2%2Ftags&post=86106"}],"curies":[{"name":"wp","href":"https:\/\/api.w.org\/{rel}","templated":true}]}}