{"id":86111,"date":"2026-07-13T17:10:30","date_gmt":"2026-07-13T15:10:30","guid":{"rendered":"https:\/\/lepotentiel.bj\/?p=86111"},"modified":"2026-07-13T17:10:30","modified_gmt":"2026-07-13T15:10:30","slug":"fortes-pluies-au-benin-le-gouvernement-appelle-les-populations-a-la-vigilance-face-aux-risques-dinondations","status":"publish","type":"post","link":"https:\/\/lepotentiel.bj\/?p=86111","title":{"rendered":"Fortes pluies au B\u00e9nin : le gouvernement appelle les populations \u00e0 la vigilance face aux risques d&rsquo;inondations"},"content":{"rendered":"<p style=\"text-align: justify;\"><strong>Fortes pluies au B\u00e9nin : le gouvernement appelle les populations \u00e0 la vigilance face aux risques d&rsquo;inondations<\/strong><\/p>\n<p style=\"text-align: justify;\">Face \u00e0 l&rsquo;intensification des pr\u00e9cipitations sur l&rsquo;ensemble du territoire national, le gouvernement b\u00e9ninois exhorte les populations \u00e0 faire preuve de la plus grande vigilance. Il s&rsquo;agira de limiter les cons\u00e9quences des fortes pluies et des inondations. Les autorit\u00e9s rappellent que l&rsquo;adoption de comportements pr\u00e9ventifs demeure le meilleur moyen de prot\u00e9ger les personnes et les biens. Dans un message de sensibilisation diffus\u00e9 \u00e0 l&rsquo;attention des citoyens, le gouvernement souligne que la saison des pluies s&rsquo;accompagne de risques accrus d&rsquo;inondations, d&rsquo;accidents et de d\u00e9g\u00e2ts mat\u00e9riels. Il invite chaque habitant \u00e0 anticiper les dangers en respectant les consignes de s\u00e9curit\u00e9.<\/p>\n<p style=\"text-align: justify;\">\nLes consignes de s\u00e9curit\u00e9 \u00e0 suivre :<\/p>\n<p><img fetchpriority=\"high\" decoding=\"async\" class=\"alignnone wp-image-86112 size-large\" src=\"https:\/\/lepotentiel.bj\/wp-content\/uploads\/2026\/07\/IMG-20260713-WA0336-723x1024.jpg\" alt=\"\" width=\"723\" height=\"1024\" srcset=\"https:\/\/lepotentiel.bj\/wp-content\/uploads\/2026\/07\/IMG-20260713-WA0336-723x1024.jpg 723w, https:\/\/lepotentiel.bj\/wp-content\/uploads\/2026\/07\/IMG-20260713-WA0336-212x300.jpg 212w, https:\/\/lepotentiel.bj\/wp-content\/uploads\/2026\/07\/IMG-20260713-WA0336-768x1087.jpg 768w, https:\/\/lepotentiel.bj\/wp-content\/uploads\/2026\/07\/IMG-20260713-WA0336.jpg 904w\" sizes=\"(max-width: 723px) 100vw, 723px\" \/><\/p>\n","protected":false},"excerpt":{"rendered":"<p>Fortes pluies au B\u00e9nin : le gouvernement appelle les populations \u00e0 la vigilance face aux risques d&rsquo;inondations Face \u00e0 l&rsquo;intensification des pr\u00e9cipitations sur l&rsquo;ensemble du territoire national, le gouvernement b\u00e9ninois exhorte les populations \u00e0 faire preuve de la plus grande vigilance. Il s&rsquo;agira de limiter les cons\u00e9quences des fortes pluies et des inondations. Les autorit\u00e9s [&hellip;]<\/p>\n","protected":false},"author":4,"featured_media":86113,"comment_status":"open","ping_status":"open","sticky":false,"template":"","format":"standard","meta":{"footnotes":""},"categories":[34],"tags":[],"class_list":["post-86111","post","type-post","status-publish","format-standard","has-post-thumbnail","hentry","category-actualite"],"yoast_head":"<!-- This site is optimized with the Yoast SEO plugin v28.2 - https:\/\/yoast.com\/product\/yoast-seo-wordpress\/ -->\n<title>Fortes pluies au B\u00e9nin : le gouvernement appelle les populations \u00e0 la vigilance face aux risques d&#039;inondations - Le Potentiel<\/title>\n<meta name=\"robots\" content=\"index, follow, max-snippet:-1, max-image-preview:large, max-video-preview:-1\" \/>\n<link rel=\"canonical\" href=\"https:\/\/lepotentiel.bj\/?p=86111\" \/>\n<meta property=\"og:locale\" content=\"fr_FR\" \/>\n<meta property=\"og:type\" content=\"article\" \/>\n<meta property=\"og:title\" content=\"Fortes pluies au B\u00e9nin : le gouvernement appelle les populations \u00e0 la vigilance face aux risques d&#039;inondations - Le Potentiel\" \/>\n<meta property=\"og:description\" content=\"Fortes pluies au B\u00e9nin : le gouvernement appelle les populations \u00e0 la vigilance face aux risques d&rsquo;inondations Face \u00e0 l&rsquo;intensification des pr\u00e9cipitations sur l&rsquo;ensemble du territoire national, le gouvernement b\u00e9ninois exhorte les populations \u00e0 faire preuve de la plus grande vigilance. Il s&rsquo;agira de limiter les cons\u00e9quences des fortes pluies et des inondations. Les autorit\u00e9s [&hellip;]\" \/>\n<meta property=\"og:url\" content=\"https:\/\/lepotentiel.bj\/?p=86111\" \/>\n<meta property=\"og:site_name\" content=\"Le Potentiel\" \/>\n<meta property=\"article:published_time\" content=\"2026-07-13T15:10:30+00:00\" \/>\n<meta property=\"og:image\" content=\"https:\/\/lepotentiel.bj\/wp-content\/uploads\/2026\/07\/images-49-1.jpeg\" \/>\n\t<meta property=\"og:image:width\" content=\"588\" \/>\n\t<meta property=\"og:image:height\" content=\"390\" \/>\n\t<meta property=\"og:image:type\" content=\"image\/jpeg\" \/>\n<meta name=\"author\" content=\"Le Potentiel\" \/>\n<meta name=\"twitter:card\" content=\"summary_large_image\" \/>\n<meta name=\"twitter:label1\" content=\"\u00c9crit par\" \/>\n\t<meta name=\"twitter:data1\" content=\"Le Potentiel\" \/>\n\t<meta name=\"twitter:label2\" content=\"Dur\u00e9e de lecture estim\u00e9e\" \/>\n\t<meta name=\"twitter:data2\" content=\"1 minute\" \/>\n<script type=\"application\/ld+json\" class=\"yoast-schema-graph\">{\"@context\":\"https:\\\/\\\/schema.org\",\"@graph\":[{\"@type\":\"Article\",\"@id\":\"https:\\\/\\\/lepotentiel.bj\\\/?p=86111#article\",\"isPartOf\":{\"@id\":\"https:\\\/\\\/lepotentiel.bj\\\/?p=86111\"},\"author\":{\"name\":\"Le Potentiel\",\"@id\":\"https:\\\/\\\/lepotentiel.bj\\\/#\\\/schema\\\/person\\\/453725c41f4363806763503087c06c70\"},\"headline\":\"Fortes pluies au B\u00e9nin : le gouvernement appelle les populations \u00e0 la vigilance face aux risques d&rsquo;inondations\",\"datePublished\":\"2026-07-13T15:10:30+00:00\",\"mainEntityOfPage\":{\"@id\":\"https:\\\/\\\/lepotentiel.bj\\\/?p=86111\"},\"wordCount\":141,\"commentCount\":0,\"publisher\":{\"@id\":\"https:\\\/\\\/lepotentiel.bj\\\/#organization\"},\"image\":{\"@id\":\"https:\\\/\\\/lepotentiel.bj\\\/?p=86111#primaryimage\"},\"thumbnailUrl\":\"https:\\\/\\\/lepotentiel.bj\\\/wp-content\\\/uploads\\\/2026\\\/07\\\/images-49-1.jpeg\",\"articleSection\":[\"Actualit\u00e9\"],\"inLanguage\":\"fr-FR\",\"potentialAction\":[{\"@type\":\"CommentAction\",\"name\":\"Comment\",\"target\":[\"https:\\\/\\\/lepotentiel.bj\\\/?p=86111#respond\"]}]},{\"@type\":\"WebPage\",\"@id\":\"https:\\\/\\\/lepotentiel.bj\\\/?p=86111\",\"url\":\"https:\\\/\\\/lepotentiel.bj\\\/?p=86111\",\"name\":\"Fortes pluies au B\u00e9nin : le gouvernement appelle les populations \u00e0 la vigilance face aux risques d'inondations - Le Potentiel\",\"isPartOf\":{\"@id\":\"https:\\\/\\\/lepotentiel.bj\\\/#website\"},\"primaryImageOfPage\":{\"@id\":\"https:\\\/\\\/lepotentiel.bj\\\/?p=86111#primaryimage\"},\"image\":{\"@id\":\"https:\\\/\\\/lepotentiel.bj\\\/?p=86111#primaryimage\"},\"thumbnailUrl\":\"https:\\\/\\\/lepotentiel.bj\\\/wp-content\\\/uploads\\\/2026\\\/07\\\/images-49-1.jpeg\",\"datePublished\":\"2026-07-13T15:10:30+00:00\",\"breadcrumb\":{\"@id\":\"https:\\\/\\\/lepotentiel.bj\\\/?p=86111#breadcrumb\"},\"inLanguage\":\"fr-FR\",\"potentialAction\":[{\"@type\":\"ReadAction\",\"target\":[\"https:\\\/\\\/lepotentiel.bj\\\/?p=86111\"]}]},{\"@type\":\"ImageObject\",\"inLanguage\":\"fr-FR\",\"@id\":\"https:\\\/\\\/lepotentiel.bj\\\/?p=86111#primaryimage\",\"url\":\"https:\\\/\\\/lepotentiel.bj\\\/wp-content\\\/uploads\\\/2026\\\/07\\\/images-49-1.jpeg\",\"contentUrl\":\"https:\\\/\\\/lepotentiel.bj\\\/wp-content\\\/uploads\\\/2026\\\/07\\\/images-49-1.jpeg\",\"width\":588,\"height\":390},{\"@type\":\"BreadcrumbList\",\"@id\":\"https:\\\/\\\/lepotentiel.bj\\\/?p=86111#breadcrumb\",\"itemListElement\":[{\"@type\":\"ListItem\",\"position\":1,\"name\":\"Accueil\",\"item\":\"https:\\\/\\\/lepotentiel.bj\\\/\"},{\"@type\":\"ListItem\",\"position\":2,\"name\":\"Fortes pluies au B\u00e9nin : le gouvernement appelle les populations \u00e0 la vigilance face aux risques d&rsquo;inondations\"}]},{\"@type\":\"WebSite\",\"@id\":\"https:\\\/\\\/lepotentiel.bj\\\/#website\",\"url\":\"https:\\\/\\\/lepotentiel.bj\\\/\",\"name\":\"Le Potentiel\",\"description\":\"Le Potentiel, au service de l\u2019information, nous sommes les fantassins du droit de savoir\",\"publisher\":{\"@id\":\"https:\\\/\\\/lepotentiel.bj\\\/#organization\"},\"potentialAction\":[{\"@type\":\"SearchAction\",\"target\":{\"@type\":\"EntryPoint\",\"urlTemplate\":\"https:\\\/\\\/lepotentiel.bj\\\/?s={search_term_string}\"},\"query-input\":{\"@type\":\"PropertyValueSpecification\",\"valueRequired\":true,\"valueName\":\"search_term_string\"}}],\"inLanguage\":\"fr-FR\"},{\"@type\":\"Organization\",\"@id\":\"https:\\\/\\\/lepotentiel.bj\\\/#organization\",\"name\":\"Le Potentiel\",\"url\":\"https:\\\/\\\/lepotentiel.bj\\\/\",\"logo\":{\"@type\":\"ImageObject\",\"inLanguage\":\"fr-FR\",\"@id\":\"https:\\\/\\\/lepotentiel.bj\\\/#\\\/schema\\\/logo\\\/image\\\/\",\"url\":\"https:\\\/\\\/lepotentiel.bj\\\/wp-content\\\/uploads\\\/2023\\\/12\\\/logo-pot.jpg\",\"contentUrl\":\"https:\\\/\\\/lepotentiel.bj\\\/wp-content\\\/uploads\\\/2023\\\/12\\\/logo-pot.jpg\",\"width\":562,\"height\":84,\"caption\":\"Le Potentiel\"},\"image\":{\"@id\":\"https:\\\/\\\/lepotentiel.bj\\\/#\\\/schema\\\/logo\\\/image\\\/\"}},{\"@type\":\"Person\",\"@id\":\"https:\\\/\\\/lepotentiel.bj\\\/#\\\/schema\\\/person\\\/453725c41f4363806763503087c06c70\",\"name\":\"Le Potentiel\",\"image\":{\"@type\":\"ImageObject\",\"inLanguage\":\"fr-FR\",\"@id\":\"https:\\\/\\\/secure.gravatar.com\\\/avatar\\\/4085301697e4181824463b6ab1ea0ef6abfe68ad30a95258574a4b2d1c76522e?s=96&d=mm&r=g\",\"url\":\"https:\\\/\\\/secure.gravatar.com\\\/avatar\\\/4085301697e4181824463b6ab1ea0ef6abfe68ad30a95258574a4b2d1c76522e?s=96&d=mm&r=g\",\"contentUrl\":\"https:\\\/\\\/secure.gravatar.com\\\/avatar\\\/4085301697e4181824463b6ab1ea0ef6abfe68ad30a95258574a4b2d1c76522e?s=96&d=mm&r=g\",\"caption\":\"Le Potentiel\"},\"url\":\"https:\\\/\\\/lepotentiel.bj\\\/?author=4\"}]}<\/script>\n<!-- \/ Yoast SEO plugin. -->","yoast_head_json":{"title":"Fortes pluies au B\u00e9nin : le gouvernement appelle les populations \u00e0 la vigilance face aux risques d'inondations - Le Potentiel","robots":{"index":"index","follow":"follow","max-snippet":"max-snippet:-1","max-image-preview":"max-image-preview:large","max-video-preview":"max-video-preview:-1"},"canonical":"https:\/\/lepotentiel.bj\/?p=86111","og_locale":"fr_FR","og_type":"article","og_title":"Fortes pluies au B\u00e9nin : le gouvernement appelle les populations \u00e0 la vigilance face aux risques d'inondations - Le Potentiel","og_description":"Fortes pluies au B\u00e9nin : le gouvernement appelle les populations \u00e0 la vigilance face aux risques d&rsquo;inondations Face \u00e0 l&rsquo;intensification des pr\u00e9cipitations sur l&rsquo;ensemble du territoire national, le gouvernement b\u00e9ninois exhorte les populations \u00e0 faire preuve de la plus grande vigilance. Il s&rsquo;agira de limiter les cons\u00e9quences des fortes pluies et des inondations. Les autorit\u00e9s [&hellip;]","og_url":"https:\/\/lepotentiel.bj\/?p=86111","og_site_name":"Le Potentiel","article_published_time":"2026-07-13T15:10:30+00:00","og_image":[{"width":588,"height":390,"url":"https:\/\/lepotentiel.bj\/wp-content\/uploads\/2026\/07\/images-49-1.jpeg","type":"image\/jpeg"}],"author":"Le Potentiel","twitter_card":"summary_large_image","twitter_misc":{"\u00c9crit par":"Le Potentiel","Dur\u00e9e de lecture estim\u00e9e":"1 minute"},"schema":{"@context":"https:\/\/schema.org","@graph":[{"@type":"Article","@id":"https:\/\/lepotentiel.bj\/?p=86111#article","isPartOf":{"@id":"https:\/\/lepotentiel.bj\/?p=86111"},"author":{"name":"Le Potentiel","@id":"https:\/\/lepotentiel.bj\/#\/schema\/person\/453725c41f4363806763503087c06c70"},"headline":"Fortes pluies au B\u00e9nin : le gouvernement appelle les populations \u00e0 la vigilance face aux risques d&rsquo;inondations","datePublished":"2026-07-13T15:10:30+00:00","mainEntityOfPage":{"@id":"https:\/\/lepotentiel.bj\/?p=86111"},"wordCount":141,"commentCount":0,"publisher":{"@id":"https:\/\/lepotentiel.bj\/#organization"},"image":{"@id":"https:\/\/lepotentiel.bj\/?p=86111#primaryimage"},"thumbnailUrl":"https:\/\/lepotentiel.bj\/wp-content\/uploads\/2026\/07\/images-49-1.jpeg","articleSection":["Actualit\u00e9"],"inLanguage":"fr-FR","potentialAction":[{"@type":"CommentAction","name":"Comment","target":["https:\/\/lepotentiel.bj\/?p=86111#respond"]}]},{"@type":"WebPage","@id":"https:\/\/lepotentiel.bj\/?p=86111","url":"https:\/\/lepotentiel.bj\/?p=86111","name":"Fortes pluies au B\u00e9nin : le gouvernement appelle les populations \u00e0 la vigilance face aux risques d'inondations - Le Potentiel","isPartOf":{"@id":"https:\/\/lepotentiel.bj\/#website"},"primaryImageOfPage":{"@id":"https:\/\/lepotentiel.bj\/?p=86111#primaryimage"},"image":{"@id":"https:\/\/lepotentiel.bj\/?p=86111#primaryimage"},"thumbnailUrl":"https:\/\/lepotentiel.bj\/wp-content\/uploads\/2026\/07\/images-49-1.jpeg","datePublished":"2026-07-13T15:10:30+00:00","breadcrumb":{"@id":"https:\/\/lepotentiel.bj\/?p=86111#breadcrumb"},"inLanguage":"fr-FR","potentialAction":[{"@type":"ReadAction","target":["https:\/\/lepotentiel.bj\/?p=86111"]}]},{"@type":"ImageObject","inLanguage":"fr-FR","@id":"https:\/\/lepotentiel.bj\/?p=86111#primaryimage","url":"https:\/\/lepotentiel.bj\/wp-content\/uploads\/2026\/07\/images-49-1.jpeg","contentUrl":"https:\/\/lepotentiel.bj\/wp-content\/uploads\/2026\/07\/images-49-1.jpeg","width":588,"height":390},{"@type":"BreadcrumbList","@id":"https:\/\/lepotentiel.bj\/?p=86111#breadcrumb","itemListElement":[{"@type":"ListItem","position":1,"name":"Accueil","item":"https:\/\/lepotentiel.bj\/"},{"@type":"ListItem","position":2,"name":"Fortes pluies au B\u00e9nin : le gouvernement appelle les populations \u00e0 la vigilance face aux risques d&rsquo;inondations"}]},{"@type":"WebSite","@id":"https:\/\/lepotentiel.bj\/#website","url":"https:\/\/lepotentiel.bj\/","name":"Le Potentiel","description":"Le Potentiel, au service de l\u2019information, nous sommes les fantassins du droit de savoir","publisher":{"@id":"https:\/\/lepotentiel.bj\/#organization"},"potentialAction":[{"@type":"SearchAction","target":{"@type":"EntryPoint","urlTemplate":"https:\/\/lepotentiel.bj\/?s={search_term_string}"},"query-input":{"@type":"PropertyValueSpecification","valueRequired":true,"valueName":"search_term_string"}}],"inLanguage":"fr-FR"},{"@type":"Organization","@id":"https:\/\/lepotentiel.bj\/#organization","name":"Le Potentiel","url":"https:\/\/lepotentiel.bj\/","logo":{"@type":"ImageObject","inLanguage":"fr-FR","@id":"https:\/\/lepotentiel.bj\/#\/schema\/logo\/image\/","url":"https:\/\/lepotentiel.bj\/wp-content\/uploads\/2023\/12\/logo-pot.jpg","contentUrl":"https:\/\/lepotentiel.bj\/wp-content\/uploads\/2023\/12\/logo-pot.jpg","width":562,"height":84,"caption":"Le Potentiel"},"image":{"@id":"https:\/\/lepotentiel.bj\/#\/schema\/logo\/image\/"}},{"@type":"Person","@id":"https:\/\/lepotentiel.bj\/#\/schema\/person\/453725c41f4363806763503087c06c70","name":"Le Potentiel","image":{"@type":"ImageObject","inLanguage":"fr-FR","@id":"https:\/\/secure.gravatar.com\/avatar\/4085301697e4181824463b6ab1ea0ef6abfe68ad30a95258574a4b2d1c76522e?s=96&d=mm&r=g","url":"https:\/\/secure.gravatar.com\/avatar\/4085301697e4181824463b6ab1ea0ef6abfe68ad30a95258574a4b2d1c76522e?s=96&d=mm&r=g","contentUrl":"https:\/\/secure.gravatar.com\/avatar\/4085301697e4181824463b6ab1ea0ef6abfe68ad30a95258574a4b2d1c76522e?s=96&d=mm&r=g","caption":"Le Potentiel"},"url":"https:\/\/lepotentiel.bj\/?author=4"}]}},"_links":{"self":[{"href":"https:\/\/lepotentiel.bj\/index.php?rest_route=\/wp\/v2\/posts\/86111","targetHints":{"allow":["GET"]}}],"collection":[{"href":"https:\/\/lepotentiel.bj\/index.php?rest_route=\/wp\/v2\/posts"}],"about":[{"href":"https:\/\/lepotentiel.bj\/index.php?rest_route=\/wp\/v2\/types\/post"}],"author":[{"embeddable":true,"href":"https:\/\/lepotentiel.bj\/index.php?rest_route=\/wp\/v2\/users\/4"}],"replies":[{"embeddable":true,"href":"https:\/\/lepotentiel.bj\/index.php?rest_route=%2Fwp%2Fv2%2Fcomments&post=86111"}],"version-history":[{"count":1,"href":"https:\/\/lepotentiel.bj\/index.php?rest_route=\/wp\/v2\/posts\/86111\/revisions"}],"predecessor-version":[{"id":86114,"href":"https:\/\/lepotentiel.bj\/index.php?rest_route=\/wp\/v2\/posts\/86111\/revisions\/86114"}],"wp:featuredmedia":[{"embeddable":true,"href":"https:\/\/lepotentiel.bj\/index.php?rest_route=\/wp\/v2\/media\/86113"}],"wp:attachment":[{"href":"https:\/\/lepotentiel.bj\/index.php?rest_route=%2Fwp%2Fv2%2Fmedia&parent=86111"}],"wp:term":[{"taxonomy":"category","embeddable":true,"href":"https:\/\/lepotentiel.bj\/index.php?rest_route=%2Fwp%2Fv2%2Fcategories&post=86111"},{"taxonomy":"post_tag","embeddable":true,"href":"https:\/\/lepotentiel.bj\/index.php?rest_route=%2Fwp%2Fv2%2Ftags&post=86111"}],"curies":[{"name":"wp","href":"https:\/\/api.w.org\/{rel}","templated":true}]}}