{"id":86117,"date":"2026-07-13T19:45:56","date_gmt":"2026-07-13T17:45:56","guid":{"rendered":"https:\/\/lepotentiel.bj\/?p=86117"},"modified":"2026-07-13T19:45:56","modified_gmt":"2026-07-13T17:45:56","slug":"construction-du-musee-dart-contemporain-de-cotonou-lassemblee-nationale-valide-le-financement-de-30-millions-deuros-de-lafd","status":"publish","type":"post","link":"https:\/\/lepotentiel.bj\/?p=86117","title":{"rendered":"Construction du Mus\u00e9e d&rsquo;art contemporain de Cotonou : l&rsquo;Assembl\u00e9e nationale valide le financement de 30 millions d&rsquo;euros de l&rsquo;AFD"},"content":{"rendered":"<p style=\"text-align: justify;\"><strong>Construction du Mus\u00e9e d&rsquo;art contemporain de Cotonou : l&rsquo;Assembl\u00e9e nationale valide le financement de 30 millions d&rsquo;euros de l&rsquo;AFD<\/strong><\/p>\n<p style=\"text-align: justify;\">\n<p style=\"text-align: justify;\"><strong>L&rsquo;Assembl\u00e9e nationale du a pris acte vendredi dernier de la convention de financement conclue entre le gouvernement b\u00e9ninois et l&rsquo;Agence fran\u00e7aise de d\u00e9veloppement (AFD). Ceci pour la construction du futur Mus\u00e9e d&rsquo;art contemporain de Cotonou (MACC). D&rsquo;un montant global de 30 millions d&rsquo;euros, soit pr\u00e8s de 19,7 milliards de francs CFA, ce financement comprend un pr\u00eat de 25 millions d&rsquo;euros et une subvention de 5 millions d&rsquo;euros destin\u00e9s \u00e0 soutenir l&rsquo;un des projets culturels du Programme d&rsquo;action du gouvernement.<\/strong><\/p>\n<p style=\"text-align: justify;\">\n<p style=\"text-align: justify;\">Pr\u00e9sent devant les d\u00e9put\u00e9s, le ministre de la Culture, des Arts et du Patrimoine, Yassine Latoundji, a d\u00e9fendu la port\u00e9e strat\u00e9gique de cette infrastructure culturelle. \u00ab C&rsquo;est un projet \u00e9conomique qui accompagnera les industries culturelles et cr\u00e9atives et g\u00e9n\u00e9rera des emplois, des activit\u00e9s urbaines et des revenus pour tout l&rsquo;\u00e9cosyst\u00e8me \u00bb, a d\u00e9clar\u00e9 le ministre devant la repr\u00e9sentation nationale. Selon le gouvernement, le financement obtenu aupr\u00e8s de l&rsquo;AFD ne couvre pas uniquement les travaux de construction du mus\u00e9e. Il pr\u00e9voit \u00e9galement un accompagnement technique de long terme portant sur l&rsquo;ing\u00e9nierie mus\u00e9ale, le fonctionnement de l&rsquo;\u00e9tablissement, la formation des comp\u00e9tences nationales ainsi que le d\u00e9veloppement des capacit\u00e9s des acteurs du secteur culturel. Le ministre a \u00e9galement soulign\u00e9 que cette approche permettra au B\u00e9nin de renforcer son attractivit\u00e9 culturelle et de mieux promouvoir les artistes b\u00e9ninois sur les march\u00e9s internationaux.<\/p>\n<p style=\"text-align: justify;\">M\u00e9dard Clobechi<\/p>\n","protected":false},"excerpt":{"rendered":"<p>Construction du Mus\u00e9e d&rsquo;art contemporain de Cotonou : l&rsquo;Assembl\u00e9e nationale valide le financement de 30 millions d&rsquo;euros de l&rsquo;AFD L&rsquo;Assembl\u00e9e nationale du a pris acte vendredi dernier de la convention de financement conclue entre le gouvernement b\u00e9ninois et l&rsquo;Agence fran\u00e7aise de d\u00e9veloppement (AFD). Ceci pour la construction du futur Mus\u00e9e d&rsquo;art contemporain de Cotonou (MACC). [&hellip;]<\/p>\n","protected":false},"author":4,"featured_media":86118,"comment_status":"open","ping_status":"open","sticky":false,"template":"","format":"standard","meta":{"footnotes":""},"categories":[34],"tags":[],"class_list":["post-86117","post","type-post","status-publish","format-standard","has-post-thumbnail","hentry","category-actualite"],"yoast_head":"<!-- This site is optimized with the Yoast SEO plugin v28.2 - https:\/\/yoast.com\/product\/yoast-seo-wordpress\/ -->\n<title>Construction du Mus\u00e9e d&#039;art contemporain de Cotonou : l&#039;Assembl\u00e9e nationale valide le financement de 30 millions d&#039;euros de l&#039;AFD - Le Potentiel<\/title>\n<meta name=\"robots\" content=\"index, follow, max-snippet:-1, max-image-preview:large, max-video-preview:-1\" \/>\n<link rel=\"canonical\" href=\"https:\/\/lepotentiel.bj\/?p=86117\" \/>\n<meta property=\"og:locale\" content=\"fr_FR\" \/>\n<meta property=\"og:type\" content=\"article\" \/>\n<meta property=\"og:title\" content=\"Construction du Mus\u00e9e d&#039;art contemporain de Cotonou : l&#039;Assembl\u00e9e nationale valide le financement de 30 millions d&#039;euros de l&#039;AFD - Le Potentiel\" \/>\n<meta property=\"og:description\" content=\"Construction du Mus\u00e9e d&rsquo;art contemporain de Cotonou : l&rsquo;Assembl\u00e9e nationale valide le financement de 30 millions d&rsquo;euros de l&rsquo;AFD L&rsquo;Assembl\u00e9e nationale du a pris acte vendredi dernier de la convention de financement conclue entre le gouvernement b\u00e9ninois et l&rsquo;Agence fran\u00e7aise de d\u00e9veloppement (AFD). Ceci pour la construction du futur Mus\u00e9e d&rsquo;art contemporain de Cotonou (MACC). [&hellip;]\" \/>\n<meta property=\"og:url\" content=\"https:\/\/lepotentiel.bj\/?p=86117\" \/>\n<meta property=\"og:site_name\" content=\"Le Potentiel\" \/>\n<meta property=\"article:published_time\" content=\"2026-07-13T17:45:56+00:00\" \/>\n<meta property=\"og:image\" content=\"https:\/\/lepotentiel.bj\/wp-content\/uploads\/2026\/07\/1783959576179.jpg\" \/>\n\t<meta property=\"og:image:width\" content=\"720\" \/>\n\t<meta property=\"og:image:height\" content=\"406\" \/>\n\t<meta property=\"og:image:type\" content=\"image\/jpeg\" \/>\n<meta name=\"author\" content=\"Le Potentiel\" \/>\n<meta name=\"twitter:card\" content=\"summary_large_image\" \/>\n<meta name=\"twitter:label1\" content=\"\u00c9crit par\" \/>\n\t<meta name=\"twitter:data1\" content=\"Le Potentiel\" \/>\n\t<meta name=\"twitter:label2\" content=\"Dur\u00e9e de lecture estim\u00e9e\" \/>\n\t<meta name=\"twitter:data2\" content=\"1 minute\" \/>\n<script type=\"application\/ld+json\" class=\"yoast-schema-graph\">{\"@context\":\"https:\\\/\\\/schema.org\",\"@graph\":[{\"@type\":\"Article\",\"@id\":\"https:\\\/\\\/lepotentiel.bj\\\/?p=86117#article\",\"isPartOf\":{\"@id\":\"https:\\\/\\\/lepotentiel.bj\\\/?p=86117\"},\"author\":{\"name\":\"Le Potentiel\",\"@id\":\"https:\\\/\\\/lepotentiel.bj\\\/#\\\/schema\\\/person\\\/453725c41f4363806763503087c06c70\"},\"headline\":\"Construction du Mus\u00e9e d&rsquo;art contemporain de Cotonou : l&rsquo;Assembl\u00e9e nationale valide le financement de 30 millions d&rsquo;euros de l&rsquo;AFD\",\"datePublished\":\"2026-07-13T17:45:56+00:00\",\"mainEntityOfPage\":{\"@id\":\"https:\\\/\\\/lepotentiel.bj\\\/?p=86117\"},\"wordCount\":285,\"commentCount\":0,\"publisher\":{\"@id\":\"https:\\\/\\\/lepotentiel.bj\\\/#organization\"},\"image\":{\"@id\":\"https:\\\/\\\/lepotentiel.bj\\\/?p=86117#primaryimage\"},\"thumbnailUrl\":\"https:\\\/\\\/lepotentiel.bj\\\/wp-content\\\/uploads\\\/2026\\\/07\\\/1783959576179.jpg\",\"articleSection\":[\"Actualit\u00e9\"],\"inLanguage\":\"fr-FR\",\"potentialAction\":[{\"@type\":\"CommentAction\",\"name\":\"Comment\",\"target\":[\"https:\\\/\\\/lepotentiel.bj\\\/?p=86117#respond\"]}]},{\"@type\":\"WebPage\",\"@id\":\"https:\\\/\\\/lepotentiel.bj\\\/?p=86117\",\"url\":\"https:\\\/\\\/lepotentiel.bj\\\/?p=86117\",\"name\":\"Construction du Mus\u00e9e d'art contemporain de Cotonou : l'Assembl\u00e9e nationale valide le financement de 30 millions d'euros de l'AFD - Le Potentiel\",\"isPartOf\":{\"@id\":\"https:\\\/\\\/lepotentiel.bj\\\/#website\"},\"primaryImageOfPage\":{\"@id\":\"https:\\\/\\\/lepotentiel.bj\\\/?p=86117#primaryimage\"},\"image\":{\"@id\":\"https:\\\/\\\/lepotentiel.bj\\\/?p=86117#primaryimage\"},\"thumbnailUrl\":\"https:\\\/\\\/lepotentiel.bj\\\/wp-content\\\/uploads\\\/2026\\\/07\\\/1783959576179.jpg\",\"datePublished\":\"2026-07-13T17:45:56+00:00\",\"breadcrumb\":{\"@id\":\"https:\\\/\\\/lepotentiel.bj\\\/?p=86117#breadcrumb\"},\"inLanguage\":\"fr-FR\",\"potentialAction\":[{\"@type\":\"ReadAction\",\"target\":[\"https:\\\/\\\/lepotentiel.bj\\\/?p=86117\"]}]},{\"@type\":\"ImageObject\",\"inLanguage\":\"fr-FR\",\"@id\":\"https:\\\/\\\/lepotentiel.bj\\\/?p=86117#primaryimage\",\"url\":\"https:\\\/\\\/lepotentiel.bj\\\/wp-content\\\/uploads\\\/2026\\\/07\\\/1783959576179.jpg\",\"contentUrl\":\"https:\\\/\\\/lepotentiel.bj\\\/wp-content\\\/uploads\\\/2026\\\/07\\\/1783959576179.jpg\",\"width\":720,\"height\":406},{\"@type\":\"BreadcrumbList\",\"@id\":\"https:\\\/\\\/lepotentiel.bj\\\/?p=86117#breadcrumb\",\"itemListElement\":[{\"@type\":\"ListItem\",\"position\":1,\"name\":\"Accueil\",\"item\":\"https:\\\/\\\/lepotentiel.bj\\\/\"},{\"@type\":\"ListItem\",\"position\":2,\"name\":\"Construction du Mus\u00e9e d&rsquo;art contemporain de Cotonou : l&rsquo;Assembl\u00e9e nationale valide le financement de 30 millions d&rsquo;euros de l&rsquo;AFD\"}]},{\"@type\":\"WebSite\",\"@id\":\"https:\\\/\\\/lepotentiel.bj\\\/#website\",\"url\":\"https:\\\/\\\/lepotentiel.bj\\\/\",\"name\":\"Le Potentiel\",\"description\":\"Le Potentiel, au service de l\u2019information, nous sommes les fantassins du droit de savoir\",\"publisher\":{\"@id\":\"https:\\\/\\\/lepotentiel.bj\\\/#organization\"},\"potentialAction\":[{\"@type\":\"SearchAction\",\"target\":{\"@type\":\"EntryPoint\",\"urlTemplate\":\"https:\\\/\\\/lepotentiel.bj\\\/?s={search_term_string}\"},\"query-input\":{\"@type\":\"PropertyValueSpecification\",\"valueRequired\":true,\"valueName\":\"search_term_string\"}}],\"inLanguage\":\"fr-FR\"},{\"@type\":\"Organization\",\"@id\":\"https:\\\/\\\/lepotentiel.bj\\\/#organization\",\"name\":\"Le Potentiel\",\"url\":\"https:\\\/\\\/lepotentiel.bj\\\/\",\"logo\":{\"@type\":\"ImageObject\",\"inLanguage\":\"fr-FR\",\"@id\":\"https:\\\/\\\/lepotentiel.bj\\\/#\\\/schema\\\/logo\\\/image\\\/\",\"url\":\"https:\\\/\\\/lepotentiel.bj\\\/wp-content\\\/uploads\\\/2023\\\/12\\\/logo-pot.jpg\",\"contentUrl\":\"https:\\\/\\\/lepotentiel.bj\\\/wp-content\\\/uploads\\\/2023\\\/12\\\/logo-pot.jpg\",\"width\":562,\"height\":84,\"caption\":\"Le Potentiel\"},\"image\":{\"@id\":\"https:\\\/\\\/lepotentiel.bj\\\/#\\\/schema\\\/logo\\\/image\\\/\"}},{\"@type\":\"Person\",\"@id\":\"https:\\\/\\\/lepotentiel.bj\\\/#\\\/schema\\\/person\\\/453725c41f4363806763503087c06c70\",\"name\":\"Le Potentiel\",\"image\":{\"@type\":\"ImageObject\",\"inLanguage\":\"fr-FR\",\"@id\":\"https:\\\/\\\/secure.gravatar.com\\\/avatar\\\/4085301697e4181824463b6ab1ea0ef6abfe68ad30a95258574a4b2d1c76522e?s=96&d=mm&r=g\",\"url\":\"https:\\\/\\\/secure.gravatar.com\\\/avatar\\\/4085301697e4181824463b6ab1ea0ef6abfe68ad30a95258574a4b2d1c76522e?s=96&d=mm&r=g\",\"contentUrl\":\"https:\\\/\\\/secure.gravatar.com\\\/avatar\\\/4085301697e4181824463b6ab1ea0ef6abfe68ad30a95258574a4b2d1c76522e?s=96&d=mm&r=g\",\"caption\":\"Le Potentiel\"},\"url\":\"https:\\\/\\\/lepotentiel.bj\\\/?author=4\"}]}<\/script>\n<!-- \/ Yoast SEO plugin. -->","yoast_head_json":{"title":"Construction du Mus\u00e9e d'art contemporain de Cotonou : l'Assembl\u00e9e nationale valide le financement de 30 millions d'euros de l'AFD - Le Potentiel","robots":{"index":"index","follow":"follow","max-snippet":"max-snippet:-1","max-image-preview":"max-image-preview:large","max-video-preview":"max-video-preview:-1"},"canonical":"https:\/\/lepotentiel.bj\/?p=86117","og_locale":"fr_FR","og_type":"article","og_title":"Construction du Mus\u00e9e d'art contemporain de Cotonou : l'Assembl\u00e9e nationale valide le financement de 30 millions d'euros de l'AFD - Le Potentiel","og_description":"Construction du Mus\u00e9e d&rsquo;art contemporain de Cotonou : l&rsquo;Assembl\u00e9e nationale valide le financement de 30 millions d&rsquo;euros de l&rsquo;AFD L&rsquo;Assembl\u00e9e nationale du a pris acte vendredi dernier de la convention de financement conclue entre le gouvernement b\u00e9ninois et l&rsquo;Agence fran\u00e7aise de d\u00e9veloppement (AFD). Ceci pour la construction du futur Mus\u00e9e d&rsquo;art contemporain de Cotonou (MACC). [&hellip;]","og_url":"https:\/\/lepotentiel.bj\/?p=86117","og_site_name":"Le Potentiel","article_published_time":"2026-07-13T17:45:56+00:00","og_image":[{"width":720,"height":406,"url":"https:\/\/lepotentiel.bj\/wp-content\/uploads\/2026\/07\/1783959576179.jpg","type":"image\/jpeg"}],"author":"Le Potentiel","twitter_card":"summary_large_image","twitter_misc":{"\u00c9crit par":"Le Potentiel","Dur\u00e9e de lecture estim\u00e9e":"1 minute"},"schema":{"@context":"https:\/\/schema.org","@graph":[{"@type":"Article","@id":"https:\/\/lepotentiel.bj\/?p=86117#article","isPartOf":{"@id":"https:\/\/lepotentiel.bj\/?p=86117"},"author":{"name":"Le Potentiel","@id":"https:\/\/lepotentiel.bj\/#\/schema\/person\/453725c41f4363806763503087c06c70"},"headline":"Construction du Mus\u00e9e d&rsquo;art contemporain de Cotonou : l&rsquo;Assembl\u00e9e nationale valide le financement de 30 millions d&rsquo;euros de l&rsquo;AFD","datePublished":"2026-07-13T17:45:56+00:00","mainEntityOfPage":{"@id":"https:\/\/lepotentiel.bj\/?p=86117"},"wordCount":285,"commentCount":0,"publisher":{"@id":"https:\/\/lepotentiel.bj\/#organization"},"image":{"@id":"https:\/\/lepotentiel.bj\/?p=86117#primaryimage"},"thumbnailUrl":"https:\/\/lepotentiel.bj\/wp-content\/uploads\/2026\/07\/1783959576179.jpg","articleSection":["Actualit\u00e9"],"inLanguage":"fr-FR","potentialAction":[{"@type":"CommentAction","name":"Comment","target":["https:\/\/lepotentiel.bj\/?p=86117#respond"]}]},{"@type":"WebPage","@id":"https:\/\/lepotentiel.bj\/?p=86117","url":"https:\/\/lepotentiel.bj\/?p=86117","name":"Construction du Mus\u00e9e d'art contemporain de Cotonou : l'Assembl\u00e9e nationale valide le financement de 30 millions d'euros de l'AFD - Le Potentiel","isPartOf":{"@id":"https:\/\/lepotentiel.bj\/#website"},"primaryImageOfPage":{"@id":"https:\/\/lepotentiel.bj\/?p=86117#primaryimage"},"image":{"@id":"https:\/\/lepotentiel.bj\/?p=86117#primaryimage"},"thumbnailUrl":"https:\/\/lepotentiel.bj\/wp-content\/uploads\/2026\/07\/1783959576179.jpg","datePublished":"2026-07-13T17:45:56+00:00","breadcrumb":{"@id":"https:\/\/lepotentiel.bj\/?p=86117#breadcrumb"},"inLanguage":"fr-FR","potentialAction":[{"@type":"ReadAction","target":["https:\/\/lepotentiel.bj\/?p=86117"]}]},{"@type":"ImageObject","inLanguage":"fr-FR","@id":"https:\/\/lepotentiel.bj\/?p=86117#primaryimage","url":"https:\/\/lepotentiel.bj\/wp-content\/uploads\/2026\/07\/1783959576179.jpg","contentUrl":"https:\/\/lepotentiel.bj\/wp-content\/uploads\/2026\/07\/1783959576179.jpg","width":720,"height":406},{"@type":"BreadcrumbList","@id":"https:\/\/lepotentiel.bj\/?p=86117#breadcrumb","itemListElement":[{"@type":"ListItem","position":1,"name":"Accueil","item":"https:\/\/lepotentiel.bj\/"},{"@type":"ListItem","position":2,"name":"Construction du Mus\u00e9e d&rsquo;art contemporain de Cotonou : l&rsquo;Assembl\u00e9e nationale valide le financement de 30 millions d&rsquo;euros de l&rsquo;AFD"}]},{"@type":"WebSite","@id":"https:\/\/lepotentiel.bj\/#website","url":"https:\/\/lepotentiel.bj\/","name":"Le Potentiel","description":"Le Potentiel, au service de l\u2019information, nous sommes les fantassins du droit de savoir","publisher":{"@id":"https:\/\/lepotentiel.bj\/#organization"},"potentialAction":[{"@type":"SearchAction","target":{"@type":"EntryPoint","urlTemplate":"https:\/\/lepotentiel.bj\/?s={search_term_string}"},"query-input":{"@type":"PropertyValueSpecification","valueRequired":true,"valueName":"search_term_string"}}],"inLanguage":"fr-FR"},{"@type":"Organization","@id":"https:\/\/lepotentiel.bj\/#organization","name":"Le Potentiel","url":"https:\/\/lepotentiel.bj\/","logo":{"@type":"ImageObject","inLanguage":"fr-FR","@id":"https:\/\/lepotentiel.bj\/#\/schema\/logo\/image\/","url":"https:\/\/lepotentiel.bj\/wp-content\/uploads\/2023\/12\/logo-pot.jpg","contentUrl":"https:\/\/lepotentiel.bj\/wp-content\/uploads\/2023\/12\/logo-pot.jpg","width":562,"height":84,"caption":"Le Potentiel"},"image":{"@id":"https:\/\/lepotentiel.bj\/#\/schema\/logo\/image\/"}},{"@type":"Person","@id":"https:\/\/lepotentiel.bj\/#\/schema\/person\/453725c41f4363806763503087c06c70","name":"Le Potentiel","image":{"@type":"ImageObject","inLanguage":"fr-FR","@id":"https:\/\/secure.gravatar.com\/avatar\/4085301697e4181824463b6ab1ea0ef6abfe68ad30a95258574a4b2d1c76522e?s=96&d=mm&r=g","url":"https:\/\/secure.gravatar.com\/avatar\/4085301697e4181824463b6ab1ea0ef6abfe68ad30a95258574a4b2d1c76522e?s=96&d=mm&r=g","contentUrl":"https:\/\/secure.gravatar.com\/avatar\/4085301697e4181824463b6ab1ea0ef6abfe68ad30a95258574a4b2d1c76522e?s=96&d=mm&r=g","caption":"Le Potentiel"},"url":"https:\/\/lepotentiel.bj\/?author=4"}]}},"_links":{"self":[{"href":"https:\/\/lepotentiel.bj\/index.php?rest_route=\/wp\/v2\/posts\/86117","targetHints":{"allow":["GET"]}}],"collection":[{"href":"https:\/\/lepotentiel.bj\/index.php?rest_route=\/wp\/v2\/posts"}],"about":[{"href":"https:\/\/lepotentiel.bj\/index.php?rest_route=\/wp\/v2\/types\/post"}],"author":[{"embeddable":true,"href":"https:\/\/lepotentiel.bj\/index.php?rest_route=\/wp\/v2\/users\/4"}],"replies":[{"embeddable":true,"href":"https:\/\/lepotentiel.bj\/index.php?rest_route=%2Fwp%2Fv2%2Fcomments&post=86117"}],"version-history":[{"count":1,"href":"https:\/\/lepotentiel.bj\/index.php?rest_route=\/wp\/v2\/posts\/86117\/revisions"}],"predecessor-version":[{"id":86119,"href":"https:\/\/lepotentiel.bj\/index.php?rest_route=\/wp\/v2\/posts\/86117\/revisions\/86119"}],"wp:featuredmedia":[{"embeddable":true,"href":"https:\/\/lepotentiel.bj\/index.php?rest_route=\/wp\/v2\/media\/86118"}],"wp:attachment":[{"href":"https:\/\/lepotentiel.bj\/index.php?rest_route=%2Fwp%2Fv2%2Fmedia&parent=86117"}],"wp:term":[{"taxonomy":"category","embeddable":true,"href":"https:\/\/lepotentiel.bj\/index.php?rest_route=%2Fwp%2Fv2%2Fcategories&post=86117"},{"taxonomy":"post_tag","embeddable":true,"href":"https:\/\/lepotentiel.bj\/index.php?rest_route=%2Fwp%2Fv2%2Ftags&post=86117"}],"curies":[{"name":"wp","href":"https:\/\/api.w.org\/{rel}","templated":true}]}}