{"id":86121,"date":"2026-07-13T22:48:34","date_gmt":"2026-07-13T20:48:34","guid":{"rendered":"https:\/\/lepotentiel.bj\/?p=86121"},"modified":"2026-07-13T22:48:34","modified_gmt":"2026-07-13T20:48:34","slug":"retraite-strategique-de-afreximbank-en-ethiopie-en-tant-quinvite-dhonneur-romuald-wadagni-rehausse-levenement-de-sa-presence","status":"publish","type":"post","link":"https:\/\/lepotentiel.bj\/?p=86121","title":{"rendered":"Retraite strat\u00e9gique de Afreximbank en \u00c9thiopie : en tant qu&rsquo;invit\u00e9 d&rsquo;honneur, Romuald Wadagni rehausse l&rsquo;\u00e9v\u00e9nement de sa pr\u00e9sence"},"content":{"rendered":"<p style=\"text-align: justify;\">Le Pr\u00e9sident de la R\u00e9publique du B\u00e9nin, Romuald Wadagni, a effectu\u00e9 le lundi 13 juillet 2026, une visite de travail \u00e0 Addis-Abeba, en \u00c9thiopie. Laquelle visite a \u00e9t\u00e9 marqu\u00e9e par des rencontres de haut niveau ax\u00e9es sur la coop\u00e9ration \u00e9conomique et le d\u00e9veloppement du continent.<br \/>\n\u00c0 sa descente d&rsquo;avion, le chef d&rsquo;\u00c9tat b\u00e9ninois a \u00e9t\u00e9 accueilli par le Vice-Premier ministre \u00e9thiopien, Tiruneh Temesgen. Il a ensuite \u00e9chang\u00e9 avec le Pr\u00e9sident-Directeur g\u00e9n\u00e9ral d&rsquo;Afreximbank, Dr George Elombi, avant de participer \u00e0 la retraite strat\u00e9gique de l&rsquo;institution financi\u00e8re panafricaine en qualit\u00e9 d&rsquo;invit\u00e9 d&rsquo;honneur. Lors du panel inaugural qui a eu pour th\u00e8me \u00ab Pourquoi les gouvernements \u00e9chouent toujours \u00e0 s&rsquo;industrialiser \u00bb, Romuald Wadagni a partag\u00e9 l&rsquo;exp\u00e9rience du B\u00e9nin en mati\u00e8re d&rsquo;industrialisation. Le pr\u00e9sident b\u00e9ninois a mis en avant les r\u00e9formes engag\u00e9es, les facteurs favorisant la r\u00e9ussite des politiques industrielles ainsi que les d\u00e9fis \u00e0 surmonter pour garantir leur p\u00e9rennit\u00e9.<br \/>\nSa visite s&rsquo;est achev\u00e9e par une audience avec le Premier ministre \u00e9thiopien, Abiy Ahmed. Les deux dirigeants ont saisi cette occasion pour r\u00e9affirmer leur volont\u00e9 de renforcer les relations bilat\u00e9rales entre le B\u00e9nin et l&rsquo;\u00c9thiopie.<\/p>\n<p style=\"text-align: justify;\">\nL.T.<\/p>\n","protected":false},"excerpt":{"rendered":"<p>Le Pr\u00e9sident de la R\u00e9publique du B\u00e9nin, Romuald Wadagni, a effectu\u00e9 le lundi 13 juillet 2026, une visite de travail \u00e0 Addis-Abeba, en \u00c9thiopie. Laquelle visite a \u00e9t\u00e9 marqu\u00e9e par des rencontres de haut niveau ax\u00e9es sur la coop\u00e9ration \u00e9conomique et le d\u00e9veloppement du continent. \u00c0 sa descente d&rsquo;avion, le chef d&rsquo;\u00c9tat b\u00e9ninois a \u00e9t\u00e9 [&hellip;]<\/p>\n","protected":false},"author":7,"featured_media":86122,"comment_status":"open","ping_status":"open","sticky":false,"template":"","format":"standard","meta":{"footnotes":""},"categories":[34],"tags":[22929,22931,22930,22928],"class_list":["post-86121","post","type-post","status-publish","format-standard","has-post-thumbnail","hentry","category-actualite","tag-afreximbank","tag-invite-dhonneur","tag-participation-romuald-wadagni","tag-retraite-strategique"],"yoast_head":"<!-- This site is optimized with the Yoast SEO plugin v28.2 - https:\/\/yoast.com\/product\/yoast-seo-wordpress\/ -->\n<title>Retraite strat\u00e9gique de Afreximbank en \u00c9thiopie : en tant qu&#039;invit\u00e9 d&#039;honneur, Romuald Wadagni rehausse l&#039;\u00e9v\u00e9nement de sa pr\u00e9sence - Le Potentiel<\/title>\n<meta name=\"robots\" content=\"index, follow, max-snippet:-1, max-image-preview:large, max-video-preview:-1\" \/>\n<link rel=\"canonical\" href=\"https:\/\/lepotentiel.bj\/?p=86121\" \/>\n<meta property=\"og:locale\" content=\"fr_FR\" \/>\n<meta property=\"og:type\" content=\"article\" \/>\n<meta property=\"og:title\" content=\"Retraite strat\u00e9gique de Afreximbank en \u00c9thiopie : en tant qu&#039;invit\u00e9 d&#039;honneur, Romuald Wadagni rehausse l&#039;\u00e9v\u00e9nement de sa pr\u00e9sence - Le Potentiel\" \/>\n<meta property=\"og:description\" content=\"Le Pr\u00e9sident de la R\u00e9publique du B\u00e9nin, Romuald Wadagni, a effectu\u00e9 le lundi 13 juillet 2026, une visite de travail \u00e0 Addis-Abeba, en \u00c9thiopie. Laquelle visite a \u00e9t\u00e9 marqu\u00e9e par des rencontres de haut niveau ax\u00e9es sur la coop\u00e9ration \u00e9conomique et le d\u00e9veloppement du continent. \u00c0 sa descente d&rsquo;avion, le chef d&rsquo;\u00c9tat b\u00e9ninois a \u00e9t\u00e9 [&hellip;]\" \/>\n<meta property=\"og:url\" content=\"https:\/\/lepotentiel.bj\/?p=86121\" \/>\n<meta property=\"og:site_name\" content=\"Le Potentiel\" \/>\n<meta property=\"article:published_time\" content=\"2026-07-13T20:48:34+00:00\" \/>\n<meta property=\"og:image\" content=\"https:\/\/lepotentiel.bj\/wp-content\/uploads\/2026\/07\/IMG-20260713-WA0099.jpg\" \/>\n\t<meta property=\"og:image:width\" content=\"1034\" \/>\n\t<meta property=\"og:image:height\" content=\"740\" \/>\n\t<meta property=\"og:image:type\" content=\"image\/jpeg\" \/>\n<meta name=\"author\" content=\"Louis\" \/>\n<meta name=\"twitter:card\" content=\"summary_large_image\" \/>\n<meta name=\"twitter:label1\" content=\"\u00c9crit par\" \/>\n\t<meta name=\"twitter:data1\" content=\"Louis\" \/>\n\t<meta name=\"twitter:label2\" content=\"Dur\u00e9e de lecture estim\u00e9e\" \/>\n\t<meta name=\"twitter:data2\" content=\"1 minute\" \/>\n<script type=\"application\/ld+json\" class=\"yoast-schema-graph\">{\"@context\":\"https:\\\/\\\/schema.org\",\"@graph\":[{\"@type\":\"Article\",\"@id\":\"https:\\\/\\\/lepotentiel.bj\\\/?p=86121#article\",\"isPartOf\":{\"@id\":\"https:\\\/\\\/lepotentiel.bj\\\/?p=86121\"},\"author\":{\"name\":\"Louis\",\"@id\":\"https:\\\/\\\/lepotentiel.bj\\\/#\\\/schema\\\/person\\\/fdda957c384e805f0fc0d27336e2043e\"},\"headline\":\"Retraite strat\u00e9gique de Afreximbank en \u00c9thiopie : en tant qu&rsquo;invit\u00e9 d&rsquo;honneur, Romuald Wadagni rehausse l&rsquo;\u00e9v\u00e9nement de sa pr\u00e9sence\",\"datePublished\":\"2026-07-13T20:48:34+00:00\",\"mainEntityOfPage\":{\"@id\":\"https:\\\/\\\/lepotentiel.bj\\\/?p=86121\"},\"wordCount\":225,\"commentCount\":0,\"publisher\":{\"@id\":\"https:\\\/\\\/lepotentiel.bj\\\/#organization\"},\"image\":{\"@id\":\"https:\\\/\\\/lepotentiel.bj\\\/?p=86121#primaryimage\"},\"thumbnailUrl\":\"https:\\\/\\\/lepotentiel.bj\\\/wp-content\\\/uploads\\\/2026\\\/07\\\/IMG-20260713-WA0099.jpg\",\"keywords\":[\"Afreximbank\",\"invit\u00e9 d'honneur\",\"participation Romuald Wadagni\",\"Retraite strat\u00e9gique\"],\"articleSection\":[\"Actualit\u00e9\"],\"inLanguage\":\"fr-FR\",\"potentialAction\":[{\"@type\":\"CommentAction\",\"name\":\"Comment\",\"target\":[\"https:\\\/\\\/lepotentiel.bj\\\/?p=86121#respond\"]}]},{\"@type\":\"WebPage\",\"@id\":\"https:\\\/\\\/lepotentiel.bj\\\/?p=86121\",\"url\":\"https:\\\/\\\/lepotentiel.bj\\\/?p=86121\",\"name\":\"Retraite strat\u00e9gique de Afreximbank en \u00c9thiopie : en tant qu'invit\u00e9 d'honneur, Romuald Wadagni rehausse l'\u00e9v\u00e9nement de sa pr\u00e9sence - Le Potentiel\",\"isPartOf\":{\"@id\":\"https:\\\/\\\/lepotentiel.bj\\\/#website\"},\"primaryImageOfPage\":{\"@id\":\"https:\\\/\\\/lepotentiel.bj\\\/?p=86121#primaryimage\"},\"image\":{\"@id\":\"https:\\\/\\\/lepotentiel.bj\\\/?p=86121#primaryimage\"},\"thumbnailUrl\":\"https:\\\/\\\/lepotentiel.bj\\\/wp-content\\\/uploads\\\/2026\\\/07\\\/IMG-20260713-WA0099.jpg\",\"datePublished\":\"2026-07-13T20:48:34+00:00\",\"breadcrumb\":{\"@id\":\"https:\\\/\\\/lepotentiel.bj\\\/?p=86121#breadcrumb\"},\"inLanguage\":\"fr-FR\",\"potentialAction\":[{\"@type\":\"ReadAction\",\"target\":[\"https:\\\/\\\/lepotentiel.bj\\\/?p=86121\"]}]},{\"@type\":\"ImageObject\",\"inLanguage\":\"fr-FR\",\"@id\":\"https:\\\/\\\/lepotentiel.bj\\\/?p=86121#primaryimage\",\"url\":\"https:\\\/\\\/lepotentiel.bj\\\/wp-content\\\/uploads\\\/2026\\\/07\\\/IMG-20260713-WA0099.jpg\",\"contentUrl\":\"https:\\\/\\\/lepotentiel.bj\\\/wp-content\\\/uploads\\\/2026\\\/07\\\/IMG-20260713-WA0099.jpg\",\"width\":1034,\"height\":740},{\"@type\":\"BreadcrumbList\",\"@id\":\"https:\\\/\\\/lepotentiel.bj\\\/?p=86121#breadcrumb\",\"itemListElement\":[{\"@type\":\"ListItem\",\"position\":1,\"name\":\"Accueil\",\"item\":\"https:\\\/\\\/lepotentiel.bj\\\/\"},{\"@type\":\"ListItem\",\"position\":2,\"name\":\"Retraite strat\u00e9gique de Afreximbank en \u00c9thiopie : en tant qu&rsquo;invit\u00e9 d&rsquo;honneur, Romuald Wadagni rehausse l&rsquo;\u00e9v\u00e9nement de sa pr\u00e9sence\"}]},{\"@type\":\"WebSite\",\"@id\":\"https:\\\/\\\/lepotentiel.bj\\\/#website\",\"url\":\"https:\\\/\\\/lepotentiel.bj\\\/\",\"name\":\"Le Potentiel\",\"description\":\"Le Potentiel, au service de l\u2019information, nous sommes les fantassins du droit de savoir\",\"publisher\":{\"@id\":\"https:\\\/\\\/lepotentiel.bj\\\/#organization\"},\"potentialAction\":[{\"@type\":\"SearchAction\",\"target\":{\"@type\":\"EntryPoint\",\"urlTemplate\":\"https:\\\/\\\/lepotentiel.bj\\\/?s={search_term_string}\"},\"query-input\":{\"@type\":\"PropertyValueSpecification\",\"valueRequired\":true,\"valueName\":\"search_term_string\"}}],\"inLanguage\":\"fr-FR\"},{\"@type\":\"Organization\",\"@id\":\"https:\\\/\\\/lepotentiel.bj\\\/#organization\",\"name\":\"Le Potentiel\",\"url\":\"https:\\\/\\\/lepotentiel.bj\\\/\",\"logo\":{\"@type\":\"ImageObject\",\"inLanguage\":\"fr-FR\",\"@id\":\"https:\\\/\\\/lepotentiel.bj\\\/#\\\/schema\\\/logo\\\/image\\\/\",\"url\":\"https:\\\/\\\/lepotentiel.bj\\\/wp-content\\\/uploads\\\/2023\\\/12\\\/logo-pot.jpg\",\"contentUrl\":\"https:\\\/\\\/lepotentiel.bj\\\/wp-content\\\/uploads\\\/2023\\\/12\\\/logo-pot.jpg\",\"width\":562,\"height\":84,\"caption\":\"Le Potentiel\"},\"image\":{\"@id\":\"https:\\\/\\\/lepotentiel.bj\\\/#\\\/schema\\\/logo\\\/image\\\/\"}},{\"@type\":\"Person\",\"@id\":\"https:\\\/\\\/lepotentiel.bj\\\/#\\\/schema\\\/person\\\/fdda957c384e805f0fc0d27336e2043e\",\"name\":\"Louis\",\"image\":{\"@type\":\"ImageObject\",\"inLanguage\":\"fr-FR\",\"@id\":\"https:\\\/\\\/secure.gravatar.com\\\/avatar\\\/6f5f11044e7478a024ffb0cdd245934f14edbbbee764f548bc3f02a02df46d9a?s=96&d=mm&r=g\",\"url\":\"https:\\\/\\\/secure.gravatar.com\\\/avatar\\\/6f5f11044e7478a024ffb0cdd245934f14edbbbee764f548bc3f02a02df46d9a?s=96&d=mm&r=g\",\"contentUrl\":\"https:\\\/\\\/secure.gravatar.com\\\/avatar\\\/6f5f11044e7478a024ffb0cdd245934f14edbbbee764f548bc3f02a02df46d9a?s=96&d=mm&r=g\",\"caption\":\"Louis\"},\"url\":\"https:\\\/\\\/lepotentiel.bj\\\/?author=7\"}]}<\/script>\n<!-- \/ Yoast SEO plugin. -->","yoast_head_json":{"title":"Retraite strat\u00e9gique de Afreximbank en \u00c9thiopie : en tant qu'invit\u00e9 d'honneur, Romuald Wadagni rehausse l'\u00e9v\u00e9nement de sa pr\u00e9sence - Le Potentiel","robots":{"index":"index","follow":"follow","max-snippet":"max-snippet:-1","max-image-preview":"max-image-preview:large","max-video-preview":"max-video-preview:-1"},"canonical":"https:\/\/lepotentiel.bj\/?p=86121","og_locale":"fr_FR","og_type":"article","og_title":"Retraite strat\u00e9gique de Afreximbank en \u00c9thiopie : en tant qu'invit\u00e9 d'honneur, Romuald Wadagni rehausse l'\u00e9v\u00e9nement de sa pr\u00e9sence - Le Potentiel","og_description":"Le Pr\u00e9sident de la R\u00e9publique du B\u00e9nin, Romuald Wadagni, a effectu\u00e9 le lundi 13 juillet 2026, une visite de travail \u00e0 Addis-Abeba, en \u00c9thiopie. Laquelle visite a \u00e9t\u00e9 marqu\u00e9e par des rencontres de haut niveau ax\u00e9es sur la coop\u00e9ration \u00e9conomique et le d\u00e9veloppement du continent. \u00c0 sa descente d&rsquo;avion, le chef d&rsquo;\u00c9tat b\u00e9ninois a \u00e9t\u00e9 [&hellip;]","og_url":"https:\/\/lepotentiel.bj\/?p=86121","og_site_name":"Le Potentiel","article_published_time":"2026-07-13T20:48:34+00:00","og_image":[{"width":1034,"height":740,"url":"https:\/\/lepotentiel.bj\/wp-content\/uploads\/2026\/07\/IMG-20260713-WA0099.jpg","type":"image\/jpeg"}],"author":"Louis","twitter_card":"summary_large_image","twitter_misc":{"\u00c9crit par":"Louis","Dur\u00e9e de lecture estim\u00e9e":"1 minute"},"schema":{"@context":"https:\/\/schema.org","@graph":[{"@type":"Article","@id":"https:\/\/lepotentiel.bj\/?p=86121#article","isPartOf":{"@id":"https:\/\/lepotentiel.bj\/?p=86121"},"author":{"name":"Louis","@id":"https:\/\/lepotentiel.bj\/#\/schema\/person\/fdda957c384e805f0fc0d27336e2043e"},"headline":"Retraite strat\u00e9gique de Afreximbank en \u00c9thiopie : en tant qu&rsquo;invit\u00e9 d&rsquo;honneur, Romuald Wadagni rehausse l&rsquo;\u00e9v\u00e9nement de sa pr\u00e9sence","datePublished":"2026-07-13T20:48:34+00:00","mainEntityOfPage":{"@id":"https:\/\/lepotentiel.bj\/?p=86121"},"wordCount":225,"commentCount":0,"publisher":{"@id":"https:\/\/lepotentiel.bj\/#organization"},"image":{"@id":"https:\/\/lepotentiel.bj\/?p=86121#primaryimage"},"thumbnailUrl":"https:\/\/lepotentiel.bj\/wp-content\/uploads\/2026\/07\/IMG-20260713-WA0099.jpg","keywords":["Afreximbank","invit\u00e9 d'honneur","participation Romuald Wadagni","Retraite strat\u00e9gique"],"articleSection":["Actualit\u00e9"],"inLanguage":"fr-FR","potentialAction":[{"@type":"CommentAction","name":"Comment","target":["https:\/\/lepotentiel.bj\/?p=86121#respond"]}]},{"@type":"WebPage","@id":"https:\/\/lepotentiel.bj\/?p=86121","url":"https:\/\/lepotentiel.bj\/?p=86121","name":"Retraite strat\u00e9gique de Afreximbank en \u00c9thiopie : en tant qu'invit\u00e9 d'honneur, Romuald Wadagni rehausse l'\u00e9v\u00e9nement de sa pr\u00e9sence - Le Potentiel","isPartOf":{"@id":"https:\/\/lepotentiel.bj\/#website"},"primaryImageOfPage":{"@id":"https:\/\/lepotentiel.bj\/?p=86121#primaryimage"},"image":{"@id":"https:\/\/lepotentiel.bj\/?p=86121#primaryimage"},"thumbnailUrl":"https:\/\/lepotentiel.bj\/wp-content\/uploads\/2026\/07\/IMG-20260713-WA0099.jpg","datePublished":"2026-07-13T20:48:34+00:00","breadcrumb":{"@id":"https:\/\/lepotentiel.bj\/?p=86121#breadcrumb"},"inLanguage":"fr-FR","potentialAction":[{"@type":"ReadAction","target":["https:\/\/lepotentiel.bj\/?p=86121"]}]},{"@type":"ImageObject","inLanguage":"fr-FR","@id":"https:\/\/lepotentiel.bj\/?p=86121#primaryimage","url":"https:\/\/lepotentiel.bj\/wp-content\/uploads\/2026\/07\/IMG-20260713-WA0099.jpg","contentUrl":"https:\/\/lepotentiel.bj\/wp-content\/uploads\/2026\/07\/IMG-20260713-WA0099.jpg","width":1034,"height":740},{"@type":"BreadcrumbList","@id":"https:\/\/lepotentiel.bj\/?p=86121#breadcrumb","itemListElement":[{"@type":"ListItem","position":1,"name":"Accueil","item":"https:\/\/lepotentiel.bj\/"},{"@type":"ListItem","position":2,"name":"Retraite strat\u00e9gique de Afreximbank en \u00c9thiopie : en tant qu&rsquo;invit\u00e9 d&rsquo;honneur, Romuald Wadagni rehausse l&rsquo;\u00e9v\u00e9nement de sa pr\u00e9sence"}]},{"@type":"WebSite","@id":"https:\/\/lepotentiel.bj\/#website","url":"https:\/\/lepotentiel.bj\/","name":"Le Potentiel","description":"Le Potentiel, au service de l\u2019information, nous sommes les fantassins du droit de savoir","publisher":{"@id":"https:\/\/lepotentiel.bj\/#organization"},"potentialAction":[{"@type":"SearchAction","target":{"@type":"EntryPoint","urlTemplate":"https:\/\/lepotentiel.bj\/?s={search_term_string}"},"query-input":{"@type":"PropertyValueSpecification","valueRequired":true,"valueName":"search_term_string"}}],"inLanguage":"fr-FR"},{"@type":"Organization","@id":"https:\/\/lepotentiel.bj\/#organization","name":"Le Potentiel","url":"https:\/\/lepotentiel.bj\/","logo":{"@type":"ImageObject","inLanguage":"fr-FR","@id":"https:\/\/lepotentiel.bj\/#\/schema\/logo\/image\/","url":"https:\/\/lepotentiel.bj\/wp-content\/uploads\/2023\/12\/logo-pot.jpg","contentUrl":"https:\/\/lepotentiel.bj\/wp-content\/uploads\/2023\/12\/logo-pot.jpg","width":562,"height":84,"caption":"Le Potentiel"},"image":{"@id":"https:\/\/lepotentiel.bj\/#\/schema\/logo\/image\/"}},{"@type":"Person","@id":"https:\/\/lepotentiel.bj\/#\/schema\/person\/fdda957c384e805f0fc0d27336e2043e","name":"Louis","image":{"@type":"ImageObject","inLanguage":"fr-FR","@id":"https:\/\/secure.gravatar.com\/avatar\/6f5f11044e7478a024ffb0cdd245934f14edbbbee764f548bc3f02a02df46d9a?s=96&d=mm&r=g","url":"https:\/\/secure.gravatar.com\/avatar\/6f5f11044e7478a024ffb0cdd245934f14edbbbee764f548bc3f02a02df46d9a?s=96&d=mm&r=g","contentUrl":"https:\/\/secure.gravatar.com\/avatar\/6f5f11044e7478a024ffb0cdd245934f14edbbbee764f548bc3f02a02df46d9a?s=96&d=mm&r=g","caption":"Louis"},"url":"https:\/\/lepotentiel.bj\/?author=7"}]}},"_links":{"self":[{"href":"https:\/\/lepotentiel.bj\/index.php?rest_route=\/wp\/v2\/posts\/86121","targetHints":{"allow":["GET"]}}],"collection":[{"href":"https:\/\/lepotentiel.bj\/index.php?rest_route=\/wp\/v2\/posts"}],"about":[{"href":"https:\/\/lepotentiel.bj\/index.php?rest_route=\/wp\/v2\/types\/post"}],"author":[{"embeddable":true,"href":"https:\/\/lepotentiel.bj\/index.php?rest_route=\/wp\/v2\/users\/7"}],"replies":[{"embeddable":true,"href":"https:\/\/lepotentiel.bj\/index.php?rest_route=%2Fwp%2Fv2%2Fcomments&post=86121"}],"version-history":[{"count":1,"href":"https:\/\/lepotentiel.bj\/index.php?rest_route=\/wp\/v2\/posts\/86121\/revisions"}],"predecessor-version":[{"id":86123,"href":"https:\/\/lepotentiel.bj\/index.php?rest_route=\/wp\/v2\/posts\/86121\/revisions\/86123"}],"wp:featuredmedia":[{"embeddable":true,"href":"https:\/\/lepotentiel.bj\/index.php?rest_route=\/wp\/v2\/media\/86122"}],"wp:attachment":[{"href":"https:\/\/lepotentiel.bj\/index.php?rest_route=%2Fwp%2Fv2%2Fmedia&parent=86121"}],"wp:term":[{"taxonomy":"category","embeddable":true,"href":"https:\/\/lepotentiel.bj\/index.php?rest_route=%2Fwp%2Fv2%2Fcategories&post=86121"},{"taxonomy":"post_tag","embeddable":true,"href":"https:\/\/lepotentiel.bj\/index.php?rest_route=%2Fwp%2Fv2%2Ftags&post=86121"}],"curies":[{"name":"wp","href":"https:\/\/api.w.org\/{rel}","templated":true}]}}