{"id":86124,"date":"2026-07-13T23:19:21","date_gmt":"2026-07-13T21:19:21","guid":{"rendered":"https:\/\/lepotentiel.bj\/?p=86124"},"modified":"2026-07-13T23:19:21","modified_gmt":"2026-07-13T21:19:21","slug":"assemblee-nationale-les-deputes-dotent-le-benin-dune-nouvelle-loi-sur-lenvironnement","status":"publish","type":"post","link":"https:\/\/lepotentiel.bj\/?p=86124","title":{"rendered":"Assembl\u00e9e nationale : les d\u00e9put\u00e9s dotent le B\u00e9nin d&rsquo;une nouvelle loi sur l&rsquo;environnement"},"content":{"rendered":"<p style=\"text-align: justify;\">R\u00e9unis en s\u00e9ance pl\u00e9ni\u00e8re ce lundi 13 juillet 2026 au \u00e0 Porto-Novo, les d\u00e9put\u00e9s de la 10\u1d49 l\u00e9gislature de l\u2019Assembl\u00e9e nationale du B\u00e9nin ont adopt\u00e9 \u00e0 l\u2019unanimit\u00e9 la loi n\u00b02026-15 relative \u00e0 l\u2019environnement en R\u00e9publique du B\u00e9nin. Les travaux, dirig\u00e9s par le pr\u00e9sident de l\u2019institution Joseph Djogb\u00e9nou, se sont d\u00e9roul\u00e9s en pr\u00e9sence du Gouvernement repr\u00e9sent\u00e9 par le garde des Sceaux, ministre de la Justice, Yvon Detchenou.<br \/>\nCe nouveau texte remplace la loi-cadre sur l\u2019environnement en vigueur depuis 1999. D\u2019apr\u00e8s le rapport pr\u00e9sent\u00e9 par la Commission du Plan, de l\u2019\u00c9quipement et de la Production (C3), pr\u00e9sid\u00e9e par le d\u00e9put\u00e9 Joseph Anani, cette r\u00e9forme vise \u00e0 moderniser le cadre juridique afin de r\u00e9pondre aux enjeux environnementaux actuels. Elle entend renforcer la participation des diff\u00e9rents acteurs de la gestion \u00e9cologique, am\u00e9liorer la protection des ressources naturelles et adapter les sanctions aux nouvelles formes d\u2019atteintes \u00e0 l\u2019environnement.<br \/>\nLe nouveau texte comprend 145 articles r\u00e9partis en huit titres et vingt-quatre chapitres. Elle traite notamment des principes g\u00e9n\u00e9raux, de la pr\u00e9servation des milieux naturels, de la lutte contre les pollutions et nuisances, de l\u2019\u00e9valuation environnementale, des mesures incitatives ainsi que des dispositions p\u00e9nales.<br \/>\nLors des \u00e9changes, plusieurs d\u00e9put\u00e9s des groupes parlementaires Union Progressiste le Renouveau et Bloc R\u00e9publicain ont salu\u00e9 cette avanc\u00e9e l\u00e9gislative. Ils ont \u00e9galement soulign\u00e9 l\u2019importance de doter le pays d\u2019un dispositif juridique plus efficace face aux d\u00e9fis \u00e9cologiques. Les parlementaires ont \u00e9galement insist\u00e9 sur la n\u00e9cessit\u00e9 d\u2019accompagner davantage les collectivit\u00e9s territoriales dans la mise en \u0153uvre de cette r\u00e9forme. Pour finir, les \u00e9lus du peuple ont plaid\u00e9 pour un soutien accru aux petites et moyennes entreprises et pour une gouvernance administrative plus fluide, afin de garantir une application efficace des nouvelles dispositions.<\/p>\n<p style=\"text-align: justify;\">\nL.T.<\/p>\n","protected":false},"excerpt":{"rendered":"<p>R\u00e9unis en s\u00e9ance pl\u00e9ni\u00e8re ce lundi 13 juillet 2026 au \u00e0 Porto-Novo, les d\u00e9put\u00e9s de la 10\u1d49 l\u00e9gislature de l\u2019Assembl\u00e9e nationale du B\u00e9nin ont adopt\u00e9 \u00e0 l\u2019unanimit\u00e9 la loi n\u00b02026-15 relative \u00e0 l\u2019environnement en R\u00e9publique du B\u00e9nin. Les travaux, dirig\u00e9s par le pr\u00e9sident de l\u2019institution Joseph Djogb\u00e9nou, se sont d\u00e9roul\u00e9s en pr\u00e9sence du Gouvernement repr\u00e9sent\u00e9 [&hellip;]<\/p>\n","protected":false},"author":7,"featured_media":86125,"comment_status":"open","ping_status":"open","sticky":false,"template":"","format":"standard","meta":{"footnotes":""},"categories":[34],"tags":[3866,17085,6527,4416,19999],"class_list":["post-86124","post","type-post","status-publish","format-standard","has-post-thumbnail","hentry","category-actualite","tag-adoption","tag-assemblee-nationale-3","tag-cadre-juridique","tag-environnement","tag-nouvelle-loi"],"yoast_head":"<!-- This site is optimized with the Yoast SEO plugin v28.2 - https:\/\/yoast.com\/product\/yoast-seo-wordpress\/ -->\n<title>Assembl\u00e9e nationale : les d\u00e9put\u00e9s dotent le B\u00e9nin d&#039;une nouvelle loi sur l&#039;environnement - Le Potentiel<\/title>\n<meta name=\"robots\" content=\"index, follow, max-snippet:-1, max-image-preview:large, max-video-preview:-1\" \/>\n<link rel=\"canonical\" href=\"https:\/\/lepotentiel.bj\/?p=86124\" \/>\n<meta property=\"og:locale\" content=\"fr_FR\" \/>\n<meta property=\"og:type\" content=\"article\" \/>\n<meta property=\"og:title\" content=\"Assembl\u00e9e nationale : les d\u00e9put\u00e9s dotent le B\u00e9nin d&#039;une nouvelle loi sur l&#039;environnement - Le Potentiel\" \/>\n<meta property=\"og:description\" content=\"R\u00e9unis en s\u00e9ance pl\u00e9ni\u00e8re ce lundi 13 juillet 2026 au \u00e0 Porto-Novo, les d\u00e9put\u00e9s de la 10\u1d49 l\u00e9gislature de l\u2019Assembl\u00e9e nationale du B\u00e9nin ont adopt\u00e9 \u00e0 l\u2019unanimit\u00e9 la loi n\u00b02026-15 relative \u00e0 l\u2019environnement en R\u00e9publique du B\u00e9nin. Les travaux, dirig\u00e9s par le pr\u00e9sident de l\u2019institution Joseph Djogb\u00e9nou, se sont d\u00e9roul\u00e9s en pr\u00e9sence du Gouvernement repr\u00e9sent\u00e9 [&hellip;]\" \/>\n<meta property=\"og:url\" content=\"https:\/\/lepotentiel.bj\/?p=86124\" \/>\n<meta property=\"og:site_name\" content=\"Le Potentiel\" \/>\n<meta property=\"article:published_time\" content=\"2026-07-13T21:19:21+00:00\" \/>\n<meta property=\"og:image\" content=\"https:\/\/lepotentiel.bj\/wp-content\/uploads\/2026\/07\/FB_IMG_1783977453696.jpg\" \/>\n\t<meta property=\"og:image:width\" content=\"1080\" \/>\n\t<meta property=\"og:image:height\" content=\"720\" \/>\n\t<meta property=\"og:image:type\" content=\"image\/jpeg\" \/>\n<meta name=\"author\" content=\"Louis\" \/>\n<meta name=\"twitter:card\" content=\"summary_large_image\" \/>\n<meta name=\"twitter:label1\" content=\"\u00c9crit par\" \/>\n\t<meta name=\"twitter:data1\" content=\"Louis\" \/>\n\t<meta name=\"twitter:label2\" content=\"Dur\u00e9e de lecture estim\u00e9e\" \/>\n\t<meta name=\"twitter:data2\" content=\"2 minutes\" \/>\n<script type=\"application\/ld+json\" class=\"yoast-schema-graph\">{\"@context\":\"https:\\\/\\\/schema.org\",\"@graph\":[{\"@type\":\"Article\",\"@id\":\"https:\\\/\\\/lepotentiel.bj\\\/?p=86124#article\",\"isPartOf\":{\"@id\":\"https:\\\/\\\/lepotentiel.bj\\\/?p=86124\"},\"author\":{\"name\":\"Louis\",\"@id\":\"https:\\\/\\\/lepotentiel.bj\\\/#\\\/schema\\\/person\\\/fdda957c384e805f0fc0d27336e2043e\"},\"headline\":\"Assembl\u00e9e nationale : les d\u00e9put\u00e9s dotent le B\u00e9nin d&rsquo;une nouvelle loi sur l&rsquo;environnement\",\"datePublished\":\"2026-07-13T21:19:21+00:00\",\"mainEntityOfPage\":{\"@id\":\"https:\\\/\\\/lepotentiel.bj\\\/?p=86124\"},\"wordCount\":342,\"commentCount\":0,\"publisher\":{\"@id\":\"https:\\\/\\\/lepotentiel.bj\\\/#organization\"},\"image\":{\"@id\":\"https:\\\/\\\/lepotentiel.bj\\\/?p=86124#primaryimage\"},\"thumbnailUrl\":\"https:\\\/\\\/lepotentiel.bj\\\/wp-content\\\/uploads\\\/2026\\\/07\\\/FB_IMG_1783977453696.jpg\",\"keywords\":[\"adoption\",\"ASSEMBL\u00c9E NATIONALE\",\"Cadre juridique\",\"Environnement\",\"Nouvelle loi\"],\"articleSection\":[\"Actualit\u00e9\"],\"inLanguage\":\"fr-FR\",\"potentialAction\":[{\"@type\":\"CommentAction\",\"name\":\"Comment\",\"target\":[\"https:\\\/\\\/lepotentiel.bj\\\/?p=86124#respond\"]}]},{\"@type\":\"WebPage\",\"@id\":\"https:\\\/\\\/lepotentiel.bj\\\/?p=86124\",\"url\":\"https:\\\/\\\/lepotentiel.bj\\\/?p=86124\",\"name\":\"Assembl\u00e9e nationale : les d\u00e9put\u00e9s dotent le B\u00e9nin d'une nouvelle loi sur l'environnement - Le Potentiel\",\"isPartOf\":{\"@id\":\"https:\\\/\\\/lepotentiel.bj\\\/#website\"},\"primaryImageOfPage\":{\"@id\":\"https:\\\/\\\/lepotentiel.bj\\\/?p=86124#primaryimage\"},\"image\":{\"@id\":\"https:\\\/\\\/lepotentiel.bj\\\/?p=86124#primaryimage\"},\"thumbnailUrl\":\"https:\\\/\\\/lepotentiel.bj\\\/wp-content\\\/uploads\\\/2026\\\/07\\\/FB_IMG_1783977453696.jpg\",\"datePublished\":\"2026-07-13T21:19:21+00:00\",\"breadcrumb\":{\"@id\":\"https:\\\/\\\/lepotentiel.bj\\\/?p=86124#breadcrumb\"},\"inLanguage\":\"fr-FR\",\"potentialAction\":[{\"@type\":\"ReadAction\",\"target\":[\"https:\\\/\\\/lepotentiel.bj\\\/?p=86124\"]}]},{\"@type\":\"ImageObject\",\"inLanguage\":\"fr-FR\",\"@id\":\"https:\\\/\\\/lepotentiel.bj\\\/?p=86124#primaryimage\",\"url\":\"https:\\\/\\\/lepotentiel.bj\\\/wp-content\\\/uploads\\\/2026\\\/07\\\/FB_IMG_1783977453696.jpg\",\"contentUrl\":\"https:\\\/\\\/lepotentiel.bj\\\/wp-content\\\/uploads\\\/2026\\\/07\\\/FB_IMG_1783977453696.jpg\",\"width\":1080,\"height\":720},{\"@type\":\"BreadcrumbList\",\"@id\":\"https:\\\/\\\/lepotentiel.bj\\\/?p=86124#breadcrumb\",\"itemListElement\":[{\"@type\":\"ListItem\",\"position\":1,\"name\":\"Accueil\",\"item\":\"https:\\\/\\\/lepotentiel.bj\\\/\"},{\"@type\":\"ListItem\",\"position\":2,\"name\":\"Assembl\u00e9e nationale : les d\u00e9put\u00e9s dotent le B\u00e9nin d&rsquo;une nouvelle loi sur l&rsquo;environnement\"}]},{\"@type\":\"WebSite\",\"@id\":\"https:\\\/\\\/lepotentiel.bj\\\/#website\",\"url\":\"https:\\\/\\\/lepotentiel.bj\\\/\",\"name\":\"Le Potentiel\",\"description\":\"Le Potentiel, au service de l\u2019information, nous sommes les fantassins du droit de savoir\",\"publisher\":{\"@id\":\"https:\\\/\\\/lepotentiel.bj\\\/#organization\"},\"potentialAction\":[{\"@type\":\"SearchAction\",\"target\":{\"@type\":\"EntryPoint\",\"urlTemplate\":\"https:\\\/\\\/lepotentiel.bj\\\/?s={search_term_string}\"},\"query-input\":{\"@type\":\"PropertyValueSpecification\",\"valueRequired\":true,\"valueName\":\"search_term_string\"}}],\"inLanguage\":\"fr-FR\"},{\"@type\":\"Organization\",\"@id\":\"https:\\\/\\\/lepotentiel.bj\\\/#organization\",\"name\":\"Le Potentiel\",\"url\":\"https:\\\/\\\/lepotentiel.bj\\\/\",\"logo\":{\"@type\":\"ImageObject\",\"inLanguage\":\"fr-FR\",\"@id\":\"https:\\\/\\\/lepotentiel.bj\\\/#\\\/schema\\\/logo\\\/image\\\/\",\"url\":\"https:\\\/\\\/lepotentiel.bj\\\/wp-content\\\/uploads\\\/2023\\\/12\\\/logo-pot.jpg\",\"contentUrl\":\"https:\\\/\\\/lepotentiel.bj\\\/wp-content\\\/uploads\\\/2023\\\/12\\\/logo-pot.jpg\",\"width\":562,\"height\":84,\"caption\":\"Le Potentiel\"},\"image\":{\"@id\":\"https:\\\/\\\/lepotentiel.bj\\\/#\\\/schema\\\/logo\\\/image\\\/\"}},{\"@type\":\"Person\",\"@id\":\"https:\\\/\\\/lepotentiel.bj\\\/#\\\/schema\\\/person\\\/fdda957c384e805f0fc0d27336e2043e\",\"name\":\"Louis\",\"image\":{\"@type\":\"ImageObject\",\"inLanguage\":\"fr-FR\",\"@id\":\"https:\\\/\\\/secure.gravatar.com\\\/avatar\\\/6f5f11044e7478a024ffb0cdd245934f14edbbbee764f548bc3f02a02df46d9a?s=96&d=mm&r=g\",\"url\":\"https:\\\/\\\/secure.gravatar.com\\\/avatar\\\/6f5f11044e7478a024ffb0cdd245934f14edbbbee764f548bc3f02a02df46d9a?s=96&d=mm&r=g\",\"contentUrl\":\"https:\\\/\\\/secure.gravatar.com\\\/avatar\\\/6f5f11044e7478a024ffb0cdd245934f14edbbbee764f548bc3f02a02df46d9a?s=96&d=mm&r=g\",\"caption\":\"Louis\"},\"url\":\"https:\\\/\\\/lepotentiel.bj\\\/?author=7\"}]}<\/script>\n<!-- \/ Yoast SEO plugin. -->","yoast_head_json":{"title":"Assembl\u00e9e nationale : les d\u00e9put\u00e9s dotent le B\u00e9nin d'une nouvelle loi sur l'environnement - Le Potentiel","robots":{"index":"index","follow":"follow","max-snippet":"max-snippet:-1","max-image-preview":"max-image-preview:large","max-video-preview":"max-video-preview:-1"},"canonical":"https:\/\/lepotentiel.bj\/?p=86124","og_locale":"fr_FR","og_type":"article","og_title":"Assembl\u00e9e nationale : les d\u00e9put\u00e9s dotent le B\u00e9nin d'une nouvelle loi sur l'environnement - Le Potentiel","og_description":"R\u00e9unis en s\u00e9ance pl\u00e9ni\u00e8re ce lundi 13 juillet 2026 au \u00e0 Porto-Novo, les d\u00e9put\u00e9s de la 10\u1d49 l\u00e9gislature de l\u2019Assembl\u00e9e nationale du B\u00e9nin ont adopt\u00e9 \u00e0 l\u2019unanimit\u00e9 la loi n\u00b02026-15 relative \u00e0 l\u2019environnement en R\u00e9publique du B\u00e9nin. Les travaux, dirig\u00e9s par le pr\u00e9sident de l\u2019institution Joseph Djogb\u00e9nou, se sont d\u00e9roul\u00e9s en pr\u00e9sence du Gouvernement repr\u00e9sent\u00e9 [&hellip;]","og_url":"https:\/\/lepotentiel.bj\/?p=86124","og_site_name":"Le Potentiel","article_published_time":"2026-07-13T21:19:21+00:00","og_image":[{"width":1080,"height":720,"url":"https:\/\/lepotentiel.bj\/wp-content\/uploads\/2026\/07\/FB_IMG_1783977453696.jpg","type":"image\/jpeg"}],"author":"Louis","twitter_card":"summary_large_image","twitter_misc":{"\u00c9crit par":"Louis","Dur\u00e9e de lecture estim\u00e9e":"2 minutes"},"schema":{"@context":"https:\/\/schema.org","@graph":[{"@type":"Article","@id":"https:\/\/lepotentiel.bj\/?p=86124#article","isPartOf":{"@id":"https:\/\/lepotentiel.bj\/?p=86124"},"author":{"name":"Louis","@id":"https:\/\/lepotentiel.bj\/#\/schema\/person\/fdda957c384e805f0fc0d27336e2043e"},"headline":"Assembl\u00e9e nationale : les d\u00e9put\u00e9s dotent le B\u00e9nin d&rsquo;une nouvelle loi sur l&rsquo;environnement","datePublished":"2026-07-13T21:19:21+00:00","mainEntityOfPage":{"@id":"https:\/\/lepotentiel.bj\/?p=86124"},"wordCount":342,"commentCount":0,"publisher":{"@id":"https:\/\/lepotentiel.bj\/#organization"},"image":{"@id":"https:\/\/lepotentiel.bj\/?p=86124#primaryimage"},"thumbnailUrl":"https:\/\/lepotentiel.bj\/wp-content\/uploads\/2026\/07\/FB_IMG_1783977453696.jpg","keywords":["adoption","ASSEMBL\u00c9E NATIONALE","Cadre juridique","Environnement","Nouvelle loi"],"articleSection":["Actualit\u00e9"],"inLanguage":"fr-FR","potentialAction":[{"@type":"CommentAction","name":"Comment","target":["https:\/\/lepotentiel.bj\/?p=86124#respond"]}]},{"@type":"WebPage","@id":"https:\/\/lepotentiel.bj\/?p=86124","url":"https:\/\/lepotentiel.bj\/?p=86124","name":"Assembl\u00e9e nationale : les d\u00e9put\u00e9s dotent le B\u00e9nin d'une nouvelle loi sur l'environnement - Le Potentiel","isPartOf":{"@id":"https:\/\/lepotentiel.bj\/#website"},"primaryImageOfPage":{"@id":"https:\/\/lepotentiel.bj\/?p=86124#primaryimage"},"image":{"@id":"https:\/\/lepotentiel.bj\/?p=86124#primaryimage"},"thumbnailUrl":"https:\/\/lepotentiel.bj\/wp-content\/uploads\/2026\/07\/FB_IMG_1783977453696.jpg","datePublished":"2026-07-13T21:19:21+00:00","breadcrumb":{"@id":"https:\/\/lepotentiel.bj\/?p=86124#breadcrumb"},"inLanguage":"fr-FR","potentialAction":[{"@type":"ReadAction","target":["https:\/\/lepotentiel.bj\/?p=86124"]}]},{"@type":"ImageObject","inLanguage":"fr-FR","@id":"https:\/\/lepotentiel.bj\/?p=86124#primaryimage","url":"https:\/\/lepotentiel.bj\/wp-content\/uploads\/2026\/07\/FB_IMG_1783977453696.jpg","contentUrl":"https:\/\/lepotentiel.bj\/wp-content\/uploads\/2026\/07\/FB_IMG_1783977453696.jpg","width":1080,"height":720},{"@type":"BreadcrumbList","@id":"https:\/\/lepotentiel.bj\/?p=86124#breadcrumb","itemListElement":[{"@type":"ListItem","position":1,"name":"Accueil","item":"https:\/\/lepotentiel.bj\/"},{"@type":"ListItem","position":2,"name":"Assembl\u00e9e nationale : les d\u00e9put\u00e9s dotent le B\u00e9nin d&rsquo;une nouvelle loi sur l&rsquo;environnement"}]},{"@type":"WebSite","@id":"https:\/\/lepotentiel.bj\/#website","url":"https:\/\/lepotentiel.bj\/","name":"Le Potentiel","description":"Le Potentiel, au service de l\u2019information, nous sommes les fantassins du droit de savoir","publisher":{"@id":"https:\/\/lepotentiel.bj\/#organization"},"potentialAction":[{"@type":"SearchAction","target":{"@type":"EntryPoint","urlTemplate":"https:\/\/lepotentiel.bj\/?s={search_term_string}"},"query-input":{"@type":"PropertyValueSpecification","valueRequired":true,"valueName":"search_term_string"}}],"inLanguage":"fr-FR"},{"@type":"Organization","@id":"https:\/\/lepotentiel.bj\/#organization","name":"Le Potentiel","url":"https:\/\/lepotentiel.bj\/","logo":{"@type":"ImageObject","inLanguage":"fr-FR","@id":"https:\/\/lepotentiel.bj\/#\/schema\/logo\/image\/","url":"https:\/\/lepotentiel.bj\/wp-content\/uploads\/2023\/12\/logo-pot.jpg","contentUrl":"https:\/\/lepotentiel.bj\/wp-content\/uploads\/2023\/12\/logo-pot.jpg","width":562,"height":84,"caption":"Le Potentiel"},"image":{"@id":"https:\/\/lepotentiel.bj\/#\/schema\/logo\/image\/"}},{"@type":"Person","@id":"https:\/\/lepotentiel.bj\/#\/schema\/person\/fdda957c384e805f0fc0d27336e2043e","name":"Louis","image":{"@type":"ImageObject","inLanguage":"fr-FR","@id":"https:\/\/secure.gravatar.com\/avatar\/6f5f11044e7478a024ffb0cdd245934f14edbbbee764f548bc3f02a02df46d9a?s=96&d=mm&r=g","url":"https:\/\/secure.gravatar.com\/avatar\/6f5f11044e7478a024ffb0cdd245934f14edbbbee764f548bc3f02a02df46d9a?s=96&d=mm&r=g","contentUrl":"https:\/\/secure.gravatar.com\/avatar\/6f5f11044e7478a024ffb0cdd245934f14edbbbee764f548bc3f02a02df46d9a?s=96&d=mm&r=g","caption":"Louis"},"url":"https:\/\/lepotentiel.bj\/?author=7"}]}},"_links":{"self":[{"href":"https:\/\/lepotentiel.bj\/index.php?rest_route=\/wp\/v2\/posts\/86124","targetHints":{"allow":["GET"]}}],"collection":[{"href":"https:\/\/lepotentiel.bj\/index.php?rest_route=\/wp\/v2\/posts"}],"about":[{"href":"https:\/\/lepotentiel.bj\/index.php?rest_route=\/wp\/v2\/types\/post"}],"author":[{"embeddable":true,"href":"https:\/\/lepotentiel.bj\/index.php?rest_route=\/wp\/v2\/users\/7"}],"replies":[{"embeddable":true,"href":"https:\/\/lepotentiel.bj\/index.php?rest_route=%2Fwp%2Fv2%2Fcomments&post=86124"}],"version-history":[{"count":1,"href":"https:\/\/lepotentiel.bj\/index.php?rest_route=\/wp\/v2\/posts\/86124\/revisions"}],"predecessor-version":[{"id":86126,"href":"https:\/\/lepotentiel.bj\/index.php?rest_route=\/wp\/v2\/posts\/86124\/revisions\/86126"}],"wp:featuredmedia":[{"embeddable":true,"href":"https:\/\/lepotentiel.bj\/index.php?rest_route=\/wp\/v2\/media\/86125"}],"wp:attachment":[{"href":"https:\/\/lepotentiel.bj\/index.php?rest_route=%2Fwp%2Fv2%2Fmedia&parent=86124"}],"wp:term":[{"taxonomy":"category","embeddable":true,"href":"https:\/\/lepotentiel.bj\/index.php?rest_route=%2Fwp%2Fv2%2Fcategories&post=86124"},{"taxonomy":"post_tag","embeddable":true,"href":"https:\/\/lepotentiel.bj\/index.php?rest_route=%2Fwp%2Fv2%2Ftags&post=86124"}],"curies":[{"name":"wp","href":"https:\/\/api.w.org\/{rel}","templated":true}]}}