{"id":86129,"date":"2026-07-14T13:35:48","date_gmt":"2026-07-14T11:35:48","guid":{"rendered":"https:\/\/lepotentiel.bj\/?p=86129"},"modified":"2026-07-14T13:43:54","modified_gmt":"2026-07-14T11:43:54","slug":"fortes-pluies-a-cotonou-un-arbre-deracine-seffondre-sur-deux-vehicules-a-cadjehoun-dimportants-degats-materiels-enregistres","status":"publish","type":"post","link":"https:\/\/lepotentiel.bj\/?p=86129","title":{"rendered":"Fortes pluies \u00e0 Cotonou : un arbre d\u00e9racin\u00e9 s&rsquo;effondre sur deux v\u00e9hicules \u00e0 Cadj\u00e8houn, d&rsquo;importants d\u00e9g\u00e2ts mat\u00e9riels enregistr\u00e9s"},"content":{"rendered":"<p style=\"text-align: justify;\">Les pluies diluviennes qui frappent Cotonou depuis plusieurs jours ont entra\u00een\u00e9, un nouvel incident au quartier Cadj\u00e8houn. \u00c0 l\u2019aube de ce mardi 14 juillet 2026, aux environs de 4 h 30, un arbre de grande taille s\u2019est d\u00e9racin\u00e9 avant de tomber sur deux v\u00e9hicules stationn\u00e9s sur le terre-plein central du quartier Cadj\u00e8houn.<\/p>\n<p style=\"text-align: justify;\">Sous l\u2019effet des fortes pluies et des rafales de vent ayant fragilis\u00e9 le sol, l\u2019arbre a c\u00e9d\u00e9, endommageant les deux v\u00e9hicules. Pare-brise bris\u00e9s, vitres endommag\u00e9es, toit et carrosserie d\u00e9form\u00e9s : les d\u00e9g\u00e2ts mat\u00e9riels sont importants. Aucun bless\u00e9 ni perte en vie humaine n\u2019a toutefois \u00e9t\u00e9 enregistr\u00e9.<\/p>\n<p style=\"text-align: justify;\">Selon les informations rapport\u00e9es par La Nation, le chauffeur des v\u00e9hicules, Blaise, a d\u00e9couvert la sc\u00e8ne \u00e0 son arriv\u00e9e sur les lieux, peu apr\u00e8s les faits. Les deux voitures appartiennent \u00e0 une entreprise chinoise install\u00e9e dans les environs. L\u2019un des v\u00e9hicules demeure coinc\u00e9 sous le tronc et n\u00e9cessitera une op\u00e9ration de d\u00e9coupage de l\u2019arbre pour \u00eatre d\u00e9gag\u00e9.<\/p>\n<p style=\"text-align: justify;\">Cet incident rappelle par ailleurs, les risques li\u00e9s aux fortes pluies et aux vents violents en p\u00e9riode d\u2019intemp\u00e9ries. Les autorit\u00e9s municipales ont, \u00e0 cette occasion, appel\u00e9 les usagers \u00e0 \u00e9viter de stationner sous les arbres en p\u00e9riode de pluies intenses, en raison des risques de chute li\u00e9s au d\u00e9trempage des sols.<\/p>\n","protected":false},"excerpt":{"rendered":"<p>Les pluies diluviennes qui frappent Cotonou depuis plusieurs jours ont entra\u00een\u00e9, un nouvel incident au quartier Cadj\u00e8houn. \u00c0 l\u2019aube de ce mardi 14 juillet 2026, aux environs de 4 h 30, un arbre de grande taille s\u2019est d\u00e9racin\u00e9 avant de tomber sur deux v\u00e9hicules stationn\u00e9s sur le terre-plein central du quartier Cadj\u00e8houn. Sous l\u2019effet des [&hellip;]<\/p>\n","protected":false},"author":18,"featured_media":86133,"comment_status":"open","ping_status":"open","sticky":false,"template":"","format":"standard","meta":{"footnotes":""},"categories":[34,42],"tags":[],"class_list":["post-86129","post","type-post","status-publish","format-standard","has-post-thumbnail","hentry","category-actualite","category-societe"],"yoast_head":"<!-- This site is optimized with the Yoast SEO plugin v28.2 - https:\/\/yoast.com\/product\/yoast-seo-wordpress\/ -->\n<title>Fortes pluies \u00e0 Cotonou : un arbre d\u00e9racin\u00e9 s&#039;effondre sur deux v\u00e9hicules \u00e0 Cadj\u00e8houn, d&#039;importants d\u00e9g\u00e2ts mat\u00e9riels enregistr\u00e9s - Le Potentiel<\/title>\n<meta name=\"robots\" content=\"index, follow, max-snippet:-1, max-image-preview:large, max-video-preview:-1\" \/>\n<link rel=\"canonical\" href=\"https:\/\/lepotentiel.bj\/?p=86129\" \/>\n<meta property=\"og:locale\" content=\"fr_FR\" \/>\n<meta property=\"og:type\" content=\"article\" \/>\n<meta property=\"og:title\" content=\"Fortes pluies \u00e0 Cotonou : un arbre d\u00e9racin\u00e9 s&#039;effondre sur deux v\u00e9hicules \u00e0 Cadj\u00e8houn, d&#039;importants d\u00e9g\u00e2ts mat\u00e9riels enregistr\u00e9s - Le Potentiel\" \/>\n<meta property=\"og:description\" content=\"Les pluies diluviennes qui frappent Cotonou depuis plusieurs jours ont entra\u00een\u00e9, un nouvel incident au quartier Cadj\u00e8houn. \u00c0 l\u2019aube de ce mardi 14 juillet 2026, aux environs de 4 h 30, un arbre de grande taille s\u2019est d\u00e9racin\u00e9 avant de tomber sur deux v\u00e9hicules stationn\u00e9s sur le terre-plein central du quartier Cadj\u00e8houn. Sous l\u2019effet des [&hellip;]\" \/>\n<meta property=\"og:url\" content=\"https:\/\/lepotentiel.bj\/?p=86129\" \/>\n<meta property=\"og:site_name\" content=\"Le Potentiel\" \/>\n<meta property=\"article:published_time\" content=\"2026-07-14T11:35:48+00:00\" \/>\n<meta property=\"article:modified_time\" content=\"2026-07-14T11:43:54+00:00\" \/>\n<meta property=\"og:image\" content=\"https:\/\/lepotentiel.bj\/wp-content\/uploads\/2026\/07\/srX5QpE1NrR5xBBx_b1c0bab6-9334-4de8-a2a4-cafa3da86d2e.jpg.webp\" \/>\n\t<meta property=\"og:image:width\" content=\"1280\" \/>\n\t<meta property=\"og:image:height\" content=\"960\" \/>\n\t<meta property=\"og:image:type\" content=\"image\/webp\" \/>\n<meta name=\"author\" content=\"Laura\" \/>\n<meta name=\"twitter:card\" content=\"summary_large_image\" \/>\n<meta name=\"twitter:label1\" content=\"\u00c9crit par\" \/>\n\t<meta name=\"twitter:data1\" content=\"Laura\" \/>\n\t<meta name=\"twitter:label2\" content=\"Dur\u00e9e de lecture estim\u00e9e\" \/>\n\t<meta name=\"twitter:data2\" content=\"1 minute\" \/>\n<script type=\"application\/ld+json\" class=\"yoast-schema-graph\">{\"@context\":\"https:\\\/\\\/schema.org\",\"@graph\":[{\"@type\":\"Article\",\"@id\":\"https:\\\/\\\/lepotentiel.bj\\\/?p=86129#article\",\"isPartOf\":{\"@id\":\"https:\\\/\\\/lepotentiel.bj\\\/?p=86129\"},\"author\":{\"name\":\"Laura\",\"@id\":\"https:\\\/\\\/lepotentiel.bj\\\/#\\\/schema\\\/person\\\/001def78e1eafec4b5733ea184d49dd0\"},\"headline\":\"Fortes pluies \u00e0 Cotonou : un arbre d\u00e9racin\u00e9 s&rsquo;effondre sur deux v\u00e9hicules \u00e0 Cadj\u00e8houn, d&rsquo;importants d\u00e9g\u00e2ts mat\u00e9riels enregistr\u00e9s\",\"datePublished\":\"2026-07-14T11:35:48+00:00\",\"dateModified\":\"2026-07-14T11:43:54+00:00\",\"mainEntityOfPage\":{\"@id\":\"https:\\\/\\\/lepotentiel.bj\\\/?p=86129\"},\"wordCount\":260,\"commentCount\":0,\"publisher\":{\"@id\":\"https:\\\/\\\/lepotentiel.bj\\\/#organization\"},\"image\":{\"@id\":\"https:\\\/\\\/lepotentiel.bj\\\/?p=86129#primaryimage\"},\"thumbnailUrl\":\"https:\\\/\\\/lepotentiel.bj\\\/wp-content\\\/uploads\\\/2026\\\/07\\\/srX5QpE1NrR5xBBx_b1c0bab6-9334-4de8-a2a4-cafa3da86d2e.jpg.webp\",\"articleSection\":[\"Actualit\u00e9\",\"SOCIETE\"],\"inLanguage\":\"fr-FR\",\"potentialAction\":[{\"@type\":\"CommentAction\",\"name\":\"Comment\",\"target\":[\"https:\\\/\\\/lepotentiel.bj\\\/?p=86129#respond\"]}]},{\"@type\":\"WebPage\",\"@id\":\"https:\\\/\\\/lepotentiel.bj\\\/?p=86129\",\"url\":\"https:\\\/\\\/lepotentiel.bj\\\/?p=86129\",\"name\":\"Fortes pluies \u00e0 Cotonou : un arbre d\u00e9racin\u00e9 s'effondre sur deux v\u00e9hicules \u00e0 Cadj\u00e8houn, d'importants d\u00e9g\u00e2ts mat\u00e9riels enregistr\u00e9s - Le Potentiel\",\"isPartOf\":{\"@id\":\"https:\\\/\\\/lepotentiel.bj\\\/#website\"},\"primaryImageOfPage\":{\"@id\":\"https:\\\/\\\/lepotentiel.bj\\\/?p=86129#primaryimage\"},\"image\":{\"@id\":\"https:\\\/\\\/lepotentiel.bj\\\/?p=86129#primaryimage\"},\"thumbnailUrl\":\"https:\\\/\\\/lepotentiel.bj\\\/wp-content\\\/uploads\\\/2026\\\/07\\\/srX5QpE1NrR5xBBx_b1c0bab6-9334-4de8-a2a4-cafa3da86d2e.jpg.webp\",\"datePublished\":\"2026-07-14T11:35:48+00:00\",\"dateModified\":\"2026-07-14T11:43:54+00:00\",\"breadcrumb\":{\"@id\":\"https:\\\/\\\/lepotentiel.bj\\\/?p=86129#breadcrumb\"},\"inLanguage\":\"fr-FR\",\"potentialAction\":[{\"@type\":\"ReadAction\",\"target\":[\"https:\\\/\\\/lepotentiel.bj\\\/?p=86129\"]}]},{\"@type\":\"ImageObject\",\"inLanguage\":\"fr-FR\",\"@id\":\"https:\\\/\\\/lepotentiel.bj\\\/?p=86129#primaryimage\",\"url\":\"https:\\\/\\\/lepotentiel.bj\\\/wp-content\\\/uploads\\\/2026\\\/07\\\/srX5QpE1NrR5xBBx_b1c0bab6-9334-4de8-a2a4-cafa3da86d2e.jpg.webp\",\"contentUrl\":\"https:\\\/\\\/lepotentiel.bj\\\/wp-content\\\/uploads\\\/2026\\\/07\\\/srX5QpE1NrR5xBBx_b1c0bab6-9334-4de8-a2a4-cafa3da86d2e.jpg.webp\",\"width\":1280,\"height\":960},{\"@type\":\"BreadcrumbList\",\"@id\":\"https:\\\/\\\/lepotentiel.bj\\\/?p=86129#breadcrumb\",\"itemListElement\":[{\"@type\":\"ListItem\",\"position\":1,\"name\":\"Accueil\",\"item\":\"https:\\\/\\\/lepotentiel.bj\\\/\"},{\"@type\":\"ListItem\",\"position\":2,\"name\":\"Fortes pluies \u00e0 Cotonou : un arbre d\u00e9racin\u00e9 s&rsquo;effondre sur deux v\u00e9hicules \u00e0 Cadj\u00e8houn, d&rsquo;importants d\u00e9g\u00e2ts mat\u00e9riels enregistr\u00e9s\"}]},{\"@type\":\"WebSite\",\"@id\":\"https:\\\/\\\/lepotentiel.bj\\\/#website\",\"url\":\"https:\\\/\\\/lepotentiel.bj\\\/\",\"name\":\"Le Potentiel\",\"description\":\"Le Potentiel, au service de l\u2019information, nous sommes les fantassins du droit de savoir\",\"publisher\":{\"@id\":\"https:\\\/\\\/lepotentiel.bj\\\/#organization\"},\"potentialAction\":[{\"@type\":\"SearchAction\",\"target\":{\"@type\":\"EntryPoint\",\"urlTemplate\":\"https:\\\/\\\/lepotentiel.bj\\\/?s={search_term_string}\"},\"query-input\":{\"@type\":\"PropertyValueSpecification\",\"valueRequired\":true,\"valueName\":\"search_term_string\"}}],\"inLanguage\":\"fr-FR\"},{\"@type\":\"Organization\",\"@id\":\"https:\\\/\\\/lepotentiel.bj\\\/#organization\",\"name\":\"Le Potentiel\",\"url\":\"https:\\\/\\\/lepotentiel.bj\\\/\",\"logo\":{\"@type\":\"ImageObject\",\"inLanguage\":\"fr-FR\",\"@id\":\"https:\\\/\\\/lepotentiel.bj\\\/#\\\/schema\\\/logo\\\/image\\\/\",\"url\":\"https:\\\/\\\/lepotentiel.bj\\\/wp-content\\\/uploads\\\/2023\\\/12\\\/logo-pot.jpg\",\"contentUrl\":\"https:\\\/\\\/lepotentiel.bj\\\/wp-content\\\/uploads\\\/2023\\\/12\\\/logo-pot.jpg\",\"width\":562,\"height\":84,\"caption\":\"Le Potentiel\"},\"image\":{\"@id\":\"https:\\\/\\\/lepotentiel.bj\\\/#\\\/schema\\\/logo\\\/image\\\/\"}},{\"@type\":\"Person\",\"@id\":\"https:\\\/\\\/lepotentiel.bj\\\/#\\\/schema\\\/person\\\/001def78e1eafec4b5733ea184d49dd0\",\"name\":\"Laura\",\"image\":{\"@type\":\"ImageObject\",\"inLanguage\":\"fr-FR\",\"@id\":\"https:\\\/\\\/secure.gravatar.com\\\/avatar\\\/46e54a01dd5785f370a6c40e9cfe54ebcfd939154e6505072fe15421c0d32893?s=96&d=mm&r=g\",\"url\":\"https:\\\/\\\/secure.gravatar.com\\\/avatar\\\/46e54a01dd5785f370a6c40e9cfe54ebcfd939154e6505072fe15421c0d32893?s=96&d=mm&r=g\",\"contentUrl\":\"https:\\\/\\\/secure.gravatar.com\\\/avatar\\\/46e54a01dd5785f370a6c40e9cfe54ebcfd939154e6505072fe15421c0d32893?s=96&d=mm&r=g\",\"caption\":\"Laura\"},\"url\":\"https:\\\/\\\/lepotentiel.bj\\\/?author=18\"}]}<\/script>\n<!-- \/ Yoast SEO plugin. -->","yoast_head_json":{"title":"Fortes pluies \u00e0 Cotonou : un arbre d\u00e9racin\u00e9 s'effondre sur deux v\u00e9hicules \u00e0 Cadj\u00e8houn, d'importants d\u00e9g\u00e2ts mat\u00e9riels enregistr\u00e9s - Le Potentiel","robots":{"index":"index","follow":"follow","max-snippet":"max-snippet:-1","max-image-preview":"max-image-preview:large","max-video-preview":"max-video-preview:-1"},"canonical":"https:\/\/lepotentiel.bj\/?p=86129","og_locale":"fr_FR","og_type":"article","og_title":"Fortes pluies \u00e0 Cotonou : un arbre d\u00e9racin\u00e9 s'effondre sur deux v\u00e9hicules \u00e0 Cadj\u00e8houn, d'importants d\u00e9g\u00e2ts mat\u00e9riels enregistr\u00e9s - Le Potentiel","og_description":"Les pluies diluviennes qui frappent Cotonou depuis plusieurs jours ont entra\u00een\u00e9, un nouvel incident au quartier Cadj\u00e8houn. \u00c0 l\u2019aube de ce mardi 14 juillet 2026, aux environs de 4 h 30, un arbre de grande taille s\u2019est d\u00e9racin\u00e9 avant de tomber sur deux v\u00e9hicules stationn\u00e9s sur le terre-plein central du quartier Cadj\u00e8houn. Sous l\u2019effet des [&hellip;]","og_url":"https:\/\/lepotentiel.bj\/?p=86129","og_site_name":"Le Potentiel","article_published_time":"2026-07-14T11:35:48+00:00","article_modified_time":"2026-07-14T11:43:54+00:00","og_image":[{"width":1280,"height":960,"url":"https:\/\/lepotentiel.bj\/wp-content\/uploads\/2026\/07\/srX5QpE1NrR5xBBx_b1c0bab6-9334-4de8-a2a4-cafa3da86d2e.jpg.webp","type":"image\/webp"}],"author":"Laura","twitter_card":"summary_large_image","twitter_misc":{"\u00c9crit par":"Laura","Dur\u00e9e de lecture estim\u00e9e":"1 minute"},"schema":{"@context":"https:\/\/schema.org","@graph":[{"@type":"Article","@id":"https:\/\/lepotentiel.bj\/?p=86129#article","isPartOf":{"@id":"https:\/\/lepotentiel.bj\/?p=86129"},"author":{"name":"Laura","@id":"https:\/\/lepotentiel.bj\/#\/schema\/person\/001def78e1eafec4b5733ea184d49dd0"},"headline":"Fortes pluies \u00e0 Cotonou : un arbre d\u00e9racin\u00e9 s&rsquo;effondre sur deux v\u00e9hicules \u00e0 Cadj\u00e8houn, d&rsquo;importants d\u00e9g\u00e2ts mat\u00e9riels enregistr\u00e9s","datePublished":"2026-07-14T11:35:48+00:00","dateModified":"2026-07-14T11:43:54+00:00","mainEntityOfPage":{"@id":"https:\/\/lepotentiel.bj\/?p=86129"},"wordCount":260,"commentCount":0,"publisher":{"@id":"https:\/\/lepotentiel.bj\/#organization"},"image":{"@id":"https:\/\/lepotentiel.bj\/?p=86129#primaryimage"},"thumbnailUrl":"https:\/\/lepotentiel.bj\/wp-content\/uploads\/2026\/07\/srX5QpE1NrR5xBBx_b1c0bab6-9334-4de8-a2a4-cafa3da86d2e.jpg.webp","articleSection":["Actualit\u00e9","SOCIETE"],"inLanguage":"fr-FR","potentialAction":[{"@type":"CommentAction","name":"Comment","target":["https:\/\/lepotentiel.bj\/?p=86129#respond"]}]},{"@type":"WebPage","@id":"https:\/\/lepotentiel.bj\/?p=86129","url":"https:\/\/lepotentiel.bj\/?p=86129","name":"Fortes pluies \u00e0 Cotonou : un arbre d\u00e9racin\u00e9 s'effondre sur deux v\u00e9hicules \u00e0 Cadj\u00e8houn, d'importants d\u00e9g\u00e2ts mat\u00e9riels enregistr\u00e9s - Le Potentiel","isPartOf":{"@id":"https:\/\/lepotentiel.bj\/#website"},"primaryImageOfPage":{"@id":"https:\/\/lepotentiel.bj\/?p=86129#primaryimage"},"image":{"@id":"https:\/\/lepotentiel.bj\/?p=86129#primaryimage"},"thumbnailUrl":"https:\/\/lepotentiel.bj\/wp-content\/uploads\/2026\/07\/srX5QpE1NrR5xBBx_b1c0bab6-9334-4de8-a2a4-cafa3da86d2e.jpg.webp","datePublished":"2026-07-14T11:35:48+00:00","dateModified":"2026-07-14T11:43:54+00:00","breadcrumb":{"@id":"https:\/\/lepotentiel.bj\/?p=86129#breadcrumb"},"inLanguage":"fr-FR","potentialAction":[{"@type":"ReadAction","target":["https:\/\/lepotentiel.bj\/?p=86129"]}]},{"@type":"ImageObject","inLanguage":"fr-FR","@id":"https:\/\/lepotentiel.bj\/?p=86129#primaryimage","url":"https:\/\/lepotentiel.bj\/wp-content\/uploads\/2026\/07\/srX5QpE1NrR5xBBx_b1c0bab6-9334-4de8-a2a4-cafa3da86d2e.jpg.webp","contentUrl":"https:\/\/lepotentiel.bj\/wp-content\/uploads\/2026\/07\/srX5QpE1NrR5xBBx_b1c0bab6-9334-4de8-a2a4-cafa3da86d2e.jpg.webp","width":1280,"height":960},{"@type":"BreadcrumbList","@id":"https:\/\/lepotentiel.bj\/?p=86129#breadcrumb","itemListElement":[{"@type":"ListItem","position":1,"name":"Accueil","item":"https:\/\/lepotentiel.bj\/"},{"@type":"ListItem","position":2,"name":"Fortes pluies \u00e0 Cotonou : un arbre d\u00e9racin\u00e9 s&rsquo;effondre sur deux v\u00e9hicules \u00e0 Cadj\u00e8houn, d&rsquo;importants d\u00e9g\u00e2ts mat\u00e9riels enregistr\u00e9s"}]},{"@type":"WebSite","@id":"https:\/\/lepotentiel.bj\/#website","url":"https:\/\/lepotentiel.bj\/","name":"Le Potentiel","description":"Le Potentiel, au service de l\u2019information, nous sommes les fantassins du droit de savoir","publisher":{"@id":"https:\/\/lepotentiel.bj\/#organization"},"potentialAction":[{"@type":"SearchAction","target":{"@type":"EntryPoint","urlTemplate":"https:\/\/lepotentiel.bj\/?s={search_term_string}"},"query-input":{"@type":"PropertyValueSpecification","valueRequired":true,"valueName":"search_term_string"}}],"inLanguage":"fr-FR"},{"@type":"Organization","@id":"https:\/\/lepotentiel.bj\/#organization","name":"Le Potentiel","url":"https:\/\/lepotentiel.bj\/","logo":{"@type":"ImageObject","inLanguage":"fr-FR","@id":"https:\/\/lepotentiel.bj\/#\/schema\/logo\/image\/","url":"https:\/\/lepotentiel.bj\/wp-content\/uploads\/2023\/12\/logo-pot.jpg","contentUrl":"https:\/\/lepotentiel.bj\/wp-content\/uploads\/2023\/12\/logo-pot.jpg","width":562,"height":84,"caption":"Le Potentiel"},"image":{"@id":"https:\/\/lepotentiel.bj\/#\/schema\/logo\/image\/"}},{"@type":"Person","@id":"https:\/\/lepotentiel.bj\/#\/schema\/person\/001def78e1eafec4b5733ea184d49dd0","name":"Laura","image":{"@type":"ImageObject","inLanguage":"fr-FR","@id":"https:\/\/secure.gravatar.com\/avatar\/46e54a01dd5785f370a6c40e9cfe54ebcfd939154e6505072fe15421c0d32893?s=96&d=mm&r=g","url":"https:\/\/secure.gravatar.com\/avatar\/46e54a01dd5785f370a6c40e9cfe54ebcfd939154e6505072fe15421c0d32893?s=96&d=mm&r=g","contentUrl":"https:\/\/secure.gravatar.com\/avatar\/46e54a01dd5785f370a6c40e9cfe54ebcfd939154e6505072fe15421c0d32893?s=96&d=mm&r=g","caption":"Laura"},"url":"https:\/\/lepotentiel.bj\/?author=18"}]}},"_links":{"self":[{"href":"https:\/\/lepotentiel.bj\/index.php?rest_route=\/wp\/v2\/posts\/86129","targetHints":{"allow":["GET"]}}],"collection":[{"href":"https:\/\/lepotentiel.bj\/index.php?rest_route=\/wp\/v2\/posts"}],"about":[{"href":"https:\/\/lepotentiel.bj\/index.php?rest_route=\/wp\/v2\/types\/post"}],"author":[{"embeddable":true,"href":"https:\/\/lepotentiel.bj\/index.php?rest_route=\/wp\/v2\/users\/18"}],"replies":[{"embeddable":true,"href":"https:\/\/lepotentiel.bj\/index.php?rest_route=%2Fwp%2Fv2%2Fcomments&post=86129"}],"version-history":[{"count":2,"href":"https:\/\/lepotentiel.bj\/index.php?rest_route=\/wp\/v2\/posts\/86129\/revisions"}],"predecessor-version":[{"id":86132,"href":"https:\/\/lepotentiel.bj\/index.php?rest_route=\/wp\/v2\/posts\/86129\/revisions\/86132"}],"wp:featuredmedia":[{"embeddable":true,"href":"https:\/\/lepotentiel.bj\/index.php?rest_route=\/wp\/v2\/media\/86133"}],"wp:attachment":[{"href":"https:\/\/lepotentiel.bj\/index.php?rest_route=%2Fwp%2Fv2%2Fmedia&parent=86129"}],"wp:term":[{"taxonomy":"category","embeddable":true,"href":"https:\/\/lepotentiel.bj\/index.php?rest_route=%2Fwp%2Fv2%2Fcategories&post=86129"},{"taxonomy":"post_tag","embeddable":true,"href":"https:\/\/lepotentiel.bj\/index.php?rest_route=%2Fwp%2Fv2%2Ftags&post=86129"}],"curies":[{"name":"wp","href":"https:\/\/api.w.org\/{rel}","templated":true}]}}