{"id":86140,"date":"2026-07-14T17:12:48","date_gmt":"2026-07-14T15:12:48","guid":{"rendered":"https:\/\/lepotentiel.bj\/?p=86140"},"modified":"2026-07-14T21:44:14","modified_gmt":"2026-07-14T19:44:14","slug":"mode-au-benin-la-premiere-nuit-du-kanvo-et-de-lindigo-veut-propulser-le-patrimoine-textile-beninois","status":"publish","type":"post","link":"https:\/\/lepotentiel.bj\/?p=86140","title":{"rendered":"Mode au B\u00e9nin : la premi\u00e8re Nuit du Kanvo et de l&rsquo;Indigo veut propulser le patrimoine textile b\u00e9ninois"},"content":{"rendered":"<p style=\"text-align: justify;\"><strong>Mode au B\u00e9nin : la premi\u00e8re Nuit du Kanvo et de l&rsquo;Indigo veut propulser le patrimoine textile b\u00e9ninois<\/strong><\/p>\n<p style=\"text-align: justify;\"><strong>Le Kanvo et l&rsquo;Indigo b\u00e9ninois s&rsquo;appr\u00eatent \u00e0 vivre leur plus grande c\u00e9l\u00e9bration. Le Fonds de D\u00e9veloppement de l&rsquo;Artisanat (FDA), avec l&rsquo;appui du minist\u00e8re des Petites et moyennes entreprises et de la promotion de l&#8217;emploi charg\u00e9 de la Formation professionnelle, organise la premi\u00e8re \u00e9dition de la Nuit du Kanvo et de l&rsquo;Indigo. L&rsquo;\u00e9l\u00e9ment se tiendra le samedi 18 juillet 2026 au Sofitel Cotonou Marina Hotel. Il ambitionne de faire du textile traditionnel b\u00e9ninois un v\u00e9ritable levier de rayonnement culturel et de d\u00e9veloppement \u00e9conomique.<\/strong><\/p>\n<p style=\"text-align: justify;\">L&rsquo;annonce a \u00e9t\u00e9 faite ce mardi 14 juillet 2026 lors d&rsquo;une conf\u00e9rence de presse tenue en pr\u00e9sence de plusieurs acteurs du textile beninois. Pour le Directeur g\u00e9n\u00e9ral du Fonds de D\u00e9veloppement de l&rsquo;Artisanat (FDA), Nestor Cl\u00e9tus Gu\u00e9zo, cette initiative s&rsquo;inscrit pleinement dans le Plan de travail annuel 2026 du Fonds et traduit la volont\u00e9 du Gouvernement de valoriser les savoir-faire locaux. Selon lui, cette premi\u00e8re \u00e9dition vise \u00e0 faire du Kanvo et de l&rsquo;Indigo de v\u00e9ritables embl\u00e8mes du patrimoine artisanal b\u00e9ninois tout en renfor\u00e7ant leur contribution au d\u00e9veloppement socio-\u00e9conomique du pays. \u00ab Cette initiative traduit la volont\u00e9 du Gouvernement de promouvoir les savoir-faire b\u00e9ninois et de renforcer le positionnement du Kanvo et de l&rsquo;Indigo comme de v\u00e9ritables symboles de notre patrimoine artisanal, de notre identit\u00e9 culturelle et de notre potentiel \u00e9conomique \u00bb, a d\u00e9clar\u00e9 le Directeur g\u00e9n\u00e9ral du FDA.<\/p>\n<p style=\"text-align: justify;\">Prenant la parole au nom du minist\u00e8re, le Directeur de cabinet Kolad\u00e9 Okoudjou, a rappel\u00e9 que le Kanvo et les tissus teints \u00e0 l&rsquo;Indigo constituent des marqueurs forts de l&rsquo;identit\u00e9 culturelle du B\u00e9nin. \u00c0 ses yeux, ces \u00e9toffes d\u00e9passent leur simple fonction textile pour raconter l&rsquo;histoire du pays et t\u00e9moigner du savoir-faire des artisans b\u00e9ninois. \u00ab Ces \u00e9toffes ne sont pas de simples tissus. Elles racontent notre histoire, traduisent notre identit\u00e9 et incarnent les valeurs de travail et d&rsquo;excellence de nos artisans \u00bb, a-t-il affirm\u00e9.<\/p>\n<p style=\"text-align: justify;\">Plac\u00e9e sous le th\u00e8me \u00ab H\u00e9ritage d&rsquo;avant-garde : luxe, modernit\u00e9, identit\u00e9 africaine \u00bb, cette premi\u00e8re \u00e9dition entend d\u00e9montrer que le patrimoine textile b\u00e9ninois peut s&rsquo;imposer sur les march\u00e9s internationaux de la mode tout en conservant son authenticit\u00e9.<\/p>\n<p style=\"text-align: justify;\">Le Directeur artistique de la manifestation, John M\u00e9dard S\u00e8dokoun, a d\u00e9voil\u00e9 les grandes lignes de cette soir\u00e9e qui r\u00e9unira les principaux talents de la mode b\u00e9ninoise. Il a rappel\u00e9 que cette initiative s&rsquo;inscrit dans la continuit\u00e9 de la Grande Nuit du Kanvo organis\u00e9e en 2017, tout en marquant une nouvelle \u00e9tape avec l&rsquo;int\u00e9gration de l&rsquo;Indigo. \u00ab Depuis plusieurs ann\u00e9es, le Gouvernement travaille \u00e0 faire reconna\u00eetre le Kanvo et l&rsquo;Indigo comme les tissus identitaires du B\u00e9nin, au m\u00eame titre que d&rsquo;autres pays africains valorisent leurs propres textiles traditionnels \u00bb, a-t-il expliqu\u00e9.<\/p>\n<p style=\"text-align: justify;\">Au total, 15 cr\u00e9ateurs d\u00e9fileront lors de cette premi\u00e8re \u00e9dition, dont 10 jeunes talents et 5 stylistes confirm\u00e9s. Parmi ces derniers figurent notamment Lolo Andoche, Abbas Couture, Silviano Ulrich, Belle Enfant Fashion et Emma Style (Emmanuel Adjovi). Chacun pr\u00e9sentera une collection de cinq tenues inspir\u00e9es du th\u00e8me de cette \u00e9dition. Une collection sp\u00e9ciale sera \u00e9galement pr\u00e9sent\u00e9e par Couleur Indigo, enti\u00e8rement r\u00e9alis\u00e9e \u00e0 partir du tissu Indigo. Le podium r\u00e9unira 30 mannequins professionnels, dont 20 B\u00e9ninois et 10 mannequins internationaux venus du Nigeria, du Togo, du Burkina Faso, du Mali et de la C\u00f4te d&rsquo;Ivoire, illustrant la dimension r\u00e9gionale de l&rsquo;\u00e9v\u00e9nement.<\/p>\n<p style=\"text-align: justify;\">Au-del\u00e0 des d\u00e9fil\u00e9s, la Nuit du Kanvo et de l&rsquo;Indigo proposera une programmation artistique avec les prestations de la chanteuse b\u00e9ninoise Zeynab Habib et de Pepe Oleka, actrice et \u00e9g\u00e9rie du tissu Indigo.<\/p>\n<p style=\"text-align: justify;\">M\u00e9dard Clobechi<\/p>\n","protected":false},"excerpt":{"rendered":"<p>Mode au B\u00e9nin : la premi\u00e8re Nuit du Kanvo et de l&rsquo;Indigo veut propulser le patrimoine textile b\u00e9ninois Le Kanvo et l&rsquo;Indigo b\u00e9ninois s&rsquo;appr\u00eatent \u00e0 vivre leur plus grande c\u00e9l\u00e9bration. Le Fonds de D\u00e9veloppement de l&rsquo;Artisanat (FDA), avec l&rsquo;appui du minist\u00e8re des Petites et moyennes entreprises et de la promotion de l&#8217;emploi charg\u00e9 de la [&hellip;]<\/p>\n","protected":false},"author":4,"featured_media":86143,"comment_status":"open","ping_status":"open","sticky":false,"template":"","format":"standard","meta":{"footnotes":""},"categories":[34],"tags":[],"class_list":["post-86140","post","type-post","status-publish","format-standard","has-post-thumbnail","hentry","category-actualite"],"yoast_head":"<!-- This site is optimized with the Yoast SEO plugin v28.2 - https:\/\/yoast.com\/product\/yoast-seo-wordpress\/ -->\n<title>Mode au B\u00e9nin : la premi\u00e8re Nuit du Kanvo et de l&#039;Indigo veut propulser le patrimoine textile b\u00e9ninois - Le Potentiel<\/title>\n<meta name=\"robots\" content=\"index, follow, max-snippet:-1, max-image-preview:large, max-video-preview:-1\" \/>\n<link rel=\"canonical\" href=\"https:\/\/lepotentiel.bj\/?p=86140\" \/>\n<meta property=\"og:locale\" content=\"fr_FR\" \/>\n<meta property=\"og:type\" content=\"article\" \/>\n<meta property=\"og:title\" content=\"Mode au B\u00e9nin : la premi\u00e8re Nuit du Kanvo et de l&#039;Indigo veut propulser le patrimoine textile b\u00e9ninois - Le Potentiel\" \/>\n<meta property=\"og:description\" content=\"Mode au B\u00e9nin : la premi\u00e8re Nuit du Kanvo et de l&rsquo;Indigo veut propulser le patrimoine textile b\u00e9ninois Le Kanvo et l&rsquo;Indigo b\u00e9ninois s&rsquo;appr\u00eatent \u00e0 vivre leur plus grande c\u00e9l\u00e9bration. Le Fonds de D\u00e9veloppement de l&rsquo;Artisanat (FDA), avec l&rsquo;appui du minist\u00e8re des Petites et moyennes entreprises et de la promotion de l&#8217;emploi charg\u00e9 de la [&hellip;]\" \/>\n<meta property=\"og:url\" content=\"https:\/\/lepotentiel.bj\/?p=86140\" \/>\n<meta property=\"og:site_name\" content=\"Le Potentiel\" \/>\n<meta property=\"article:published_time\" content=\"2026-07-14T15:12:48+00:00\" \/>\n<meta property=\"article:modified_time\" content=\"2026-07-14T19:44:14+00:00\" \/>\n<meta property=\"og:image\" content=\"https:\/\/lepotentiel.bj\/wp-content\/uploads\/2026\/07\/IMG_20260714_104647-1-scaled.jpg\" \/>\n\t<meta property=\"og:image:width\" content=\"2560\" \/>\n\t<meta property=\"og:image:height\" content=\"1928\" \/>\n\t<meta property=\"og:image:type\" content=\"image\/jpeg\" \/>\n<meta name=\"author\" content=\"Le Potentiel\" \/>\n<meta name=\"twitter:card\" content=\"summary_large_image\" \/>\n<meta name=\"twitter:label1\" content=\"\u00c9crit par\" \/>\n\t<meta name=\"twitter:data1\" content=\"Le Potentiel\" \/>\n\t<meta name=\"twitter:label2\" content=\"Dur\u00e9e de lecture estim\u00e9e\" \/>\n\t<meta name=\"twitter:data2\" content=\"3 minutes\" \/>\n<script type=\"application\/ld+json\" class=\"yoast-schema-graph\">{\"@context\":\"https:\\\/\\\/schema.org\",\"@graph\":[{\"@type\":\"Article\",\"@id\":\"https:\\\/\\\/lepotentiel.bj\\\/?p=86140#article\",\"isPartOf\":{\"@id\":\"https:\\\/\\\/lepotentiel.bj\\\/?p=86140\"},\"author\":{\"name\":\"Le Potentiel\",\"@id\":\"https:\\\/\\\/lepotentiel.bj\\\/#\\\/schema\\\/person\\\/453725c41f4363806763503087c06c70\"},\"headline\":\"Mode au B\u00e9nin : la premi\u00e8re Nuit du Kanvo et de l&rsquo;Indigo veut propulser le patrimoine textile b\u00e9ninois\",\"datePublished\":\"2026-07-14T15:12:48+00:00\",\"dateModified\":\"2026-07-14T19:44:14+00:00\",\"mainEntityOfPage\":{\"@id\":\"https:\\\/\\\/lepotentiel.bj\\\/?p=86140\"},\"wordCount\":660,\"commentCount\":0,\"publisher\":{\"@id\":\"https:\\\/\\\/lepotentiel.bj\\\/#organization\"},\"image\":{\"@id\":\"https:\\\/\\\/lepotentiel.bj\\\/?p=86140#primaryimage\"},\"thumbnailUrl\":\"https:\\\/\\\/lepotentiel.bj\\\/wp-content\\\/uploads\\\/2026\\\/07\\\/IMG_20260714_104647-1-scaled.jpg\",\"articleSection\":[\"Actualit\u00e9\"],\"inLanguage\":\"fr-FR\",\"potentialAction\":[{\"@type\":\"CommentAction\",\"name\":\"Comment\",\"target\":[\"https:\\\/\\\/lepotentiel.bj\\\/?p=86140#respond\"]}]},{\"@type\":\"WebPage\",\"@id\":\"https:\\\/\\\/lepotentiel.bj\\\/?p=86140\",\"url\":\"https:\\\/\\\/lepotentiel.bj\\\/?p=86140\",\"name\":\"Mode au B\u00e9nin : la premi\u00e8re Nuit du Kanvo et de l'Indigo veut propulser le patrimoine textile b\u00e9ninois - Le Potentiel\",\"isPartOf\":{\"@id\":\"https:\\\/\\\/lepotentiel.bj\\\/#website\"},\"primaryImageOfPage\":{\"@id\":\"https:\\\/\\\/lepotentiel.bj\\\/?p=86140#primaryimage\"},\"image\":{\"@id\":\"https:\\\/\\\/lepotentiel.bj\\\/?p=86140#primaryimage\"},\"thumbnailUrl\":\"https:\\\/\\\/lepotentiel.bj\\\/wp-content\\\/uploads\\\/2026\\\/07\\\/IMG_20260714_104647-1-scaled.jpg\",\"datePublished\":\"2026-07-14T15:12:48+00:00\",\"dateModified\":\"2026-07-14T19:44:14+00:00\",\"breadcrumb\":{\"@id\":\"https:\\\/\\\/lepotentiel.bj\\\/?p=86140#breadcrumb\"},\"inLanguage\":\"fr-FR\",\"potentialAction\":[{\"@type\":\"ReadAction\",\"target\":[\"https:\\\/\\\/lepotentiel.bj\\\/?p=86140\"]}]},{\"@type\":\"ImageObject\",\"inLanguage\":\"fr-FR\",\"@id\":\"https:\\\/\\\/lepotentiel.bj\\\/?p=86140#primaryimage\",\"url\":\"https:\\\/\\\/lepotentiel.bj\\\/wp-content\\\/uploads\\\/2026\\\/07\\\/IMG_20260714_104647-1-scaled.jpg\",\"contentUrl\":\"https:\\\/\\\/lepotentiel.bj\\\/wp-content\\\/uploads\\\/2026\\\/07\\\/IMG_20260714_104647-1-scaled.jpg\",\"width\":2560,\"height\":1928},{\"@type\":\"BreadcrumbList\",\"@id\":\"https:\\\/\\\/lepotentiel.bj\\\/?p=86140#breadcrumb\",\"itemListElement\":[{\"@type\":\"ListItem\",\"position\":1,\"name\":\"Accueil\",\"item\":\"https:\\\/\\\/lepotentiel.bj\\\/\"},{\"@type\":\"ListItem\",\"position\":2,\"name\":\"Mode au B\u00e9nin : la premi\u00e8re Nuit du Kanvo et de l&rsquo;Indigo veut propulser le patrimoine textile b\u00e9ninois\"}]},{\"@type\":\"WebSite\",\"@id\":\"https:\\\/\\\/lepotentiel.bj\\\/#website\",\"url\":\"https:\\\/\\\/lepotentiel.bj\\\/\",\"name\":\"Le Potentiel\",\"description\":\"Le Potentiel, au service de l\u2019information, nous sommes les fantassins du droit de savoir\",\"publisher\":{\"@id\":\"https:\\\/\\\/lepotentiel.bj\\\/#organization\"},\"potentialAction\":[{\"@type\":\"SearchAction\",\"target\":{\"@type\":\"EntryPoint\",\"urlTemplate\":\"https:\\\/\\\/lepotentiel.bj\\\/?s={search_term_string}\"},\"query-input\":{\"@type\":\"PropertyValueSpecification\",\"valueRequired\":true,\"valueName\":\"search_term_string\"}}],\"inLanguage\":\"fr-FR\"},{\"@type\":\"Organization\",\"@id\":\"https:\\\/\\\/lepotentiel.bj\\\/#organization\",\"name\":\"Le Potentiel\",\"url\":\"https:\\\/\\\/lepotentiel.bj\\\/\",\"logo\":{\"@type\":\"ImageObject\",\"inLanguage\":\"fr-FR\",\"@id\":\"https:\\\/\\\/lepotentiel.bj\\\/#\\\/schema\\\/logo\\\/image\\\/\",\"url\":\"https:\\\/\\\/lepotentiel.bj\\\/wp-content\\\/uploads\\\/2023\\\/12\\\/logo-pot.jpg\",\"contentUrl\":\"https:\\\/\\\/lepotentiel.bj\\\/wp-content\\\/uploads\\\/2023\\\/12\\\/logo-pot.jpg\",\"width\":562,\"height\":84,\"caption\":\"Le Potentiel\"},\"image\":{\"@id\":\"https:\\\/\\\/lepotentiel.bj\\\/#\\\/schema\\\/logo\\\/image\\\/\"}},{\"@type\":\"Person\",\"@id\":\"https:\\\/\\\/lepotentiel.bj\\\/#\\\/schema\\\/person\\\/453725c41f4363806763503087c06c70\",\"name\":\"Le Potentiel\",\"image\":{\"@type\":\"ImageObject\",\"inLanguage\":\"fr-FR\",\"@id\":\"https:\\\/\\\/secure.gravatar.com\\\/avatar\\\/4085301697e4181824463b6ab1ea0ef6abfe68ad30a95258574a4b2d1c76522e?s=96&d=mm&r=g\",\"url\":\"https:\\\/\\\/secure.gravatar.com\\\/avatar\\\/4085301697e4181824463b6ab1ea0ef6abfe68ad30a95258574a4b2d1c76522e?s=96&d=mm&r=g\",\"contentUrl\":\"https:\\\/\\\/secure.gravatar.com\\\/avatar\\\/4085301697e4181824463b6ab1ea0ef6abfe68ad30a95258574a4b2d1c76522e?s=96&d=mm&r=g\",\"caption\":\"Le Potentiel\"},\"url\":\"https:\\\/\\\/lepotentiel.bj\\\/?author=4\"}]}<\/script>\n<!-- \/ Yoast SEO plugin. -->","yoast_head_json":{"title":"Mode au B\u00e9nin : la premi\u00e8re Nuit du Kanvo et de l'Indigo veut propulser le patrimoine textile b\u00e9ninois - Le Potentiel","robots":{"index":"index","follow":"follow","max-snippet":"max-snippet:-1","max-image-preview":"max-image-preview:large","max-video-preview":"max-video-preview:-1"},"canonical":"https:\/\/lepotentiel.bj\/?p=86140","og_locale":"fr_FR","og_type":"article","og_title":"Mode au B\u00e9nin : la premi\u00e8re Nuit du Kanvo et de l'Indigo veut propulser le patrimoine textile b\u00e9ninois - Le Potentiel","og_description":"Mode au B\u00e9nin : la premi\u00e8re Nuit du Kanvo et de l&rsquo;Indigo veut propulser le patrimoine textile b\u00e9ninois Le Kanvo et l&rsquo;Indigo b\u00e9ninois s&rsquo;appr\u00eatent \u00e0 vivre leur plus grande c\u00e9l\u00e9bration. Le Fonds de D\u00e9veloppement de l&rsquo;Artisanat (FDA), avec l&rsquo;appui du minist\u00e8re des Petites et moyennes entreprises et de la promotion de l&#8217;emploi charg\u00e9 de la [&hellip;]","og_url":"https:\/\/lepotentiel.bj\/?p=86140","og_site_name":"Le Potentiel","article_published_time":"2026-07-14T15:12:48+00:00","article_modified_time":"2026-07-14T19:44:14+00:00","og_image":[{"width":2560,"height":1928,"url":"https:\/\/lepotentiel.bj\/wp-content\/uploads\/2026\/07\/IMG_20260714_104647-1-scaled.jpg","type":"image\/jpeg"}],"author":"Le Potentiel","twitter_card":"summary_large_image","twitter_misc":{"\u00c9crit par":"Le Potentiel","Dur\u00e9e de lecture estim\u00e9e":"3 minutes"},"schema":{"@context":"https:\/\/schema.org","@graph":[{"@type":"Article","@id":"https:\/\/lepotentiel.bj\/?p=86140#article","isPartOf":{"@id":"https:\/\/lepotentiel.bj\/?p=86140"},"author":{"name":"Le Potentiel","@id":"https:\/\/lepotentiel.bj\/#\/schema\/person\/453725c41f4363806763503087c06c70"},"headline":"Mode au B\u00e9nin : la premi\u00e8re Nuit du Kanvo et de l&rsquo;Indigo veut propulser le patrimoine textile b\u00e9ninois","datePublished":"2026-07-14T15:12:48+00:00","dateModified":"2026-07-14T19:44:14+00:00","mainEntityOfPage":{"@id":"https:\/\/lepotentiel.bj\/?p=86140"},"wordCount":660,"commentCount":0,"publisher":{"@id":"https:\/\/lepotentiel.bj\/#organization"},"image":{"@id":"https:\/\/lepotentiel.bj\/?p=86140#primaryimage"},"thumbnailUrl":"https:\/\/lepotentiel.bj\/wp-content\/uploads\/2026\/07\/IMG_20260714_104647-1-scaled.jpg","articleSection":["Actualit\u00e9"],"inLanguage":"fr-FR","potentialAction":[{"@type":"CommentAction","name":"Comment","target":["https:\/\/lepotentiel.bj\/?p=86140#respond"]}]},{"@type":"WebPage","@id":"https:\/\/lepotentiel.bj\/?p=86140","url":"https:\/\/lepotentiel.bj\/?p=86140","name":"Mode au B\u00e9nin : la premi\u00e8re Nuit du Kanvo et de l'Indigo veut propulser le patrimoine textile b\u00e9ninois - Le Potentiel","isPartOf":{"@id":"https:\/\/lepotentiel.bj\/#website"},"primaryImageOfPage":{"@id":"https:\/\/lepotentiel.bj\/?p=86140#primaryimage"},"image":{"@id":"https:\/\/lepotentiel.bj\/?p=86140#primaryimage"},"thumbnailUrl":"https:\/\/lepotentiel.bj\/wp-content\/uploads\/2026\/07\/IMG_20260714_104647-1-scaled.jpg","datePublished":"2026-07-14T15:12:48+00:00","dateModified":"2026-07-14T19:44:14+00:00","breadcrumb":{"@id":"https:\/\/lepotentiel.bj\/?p=86140#breadcrumb"},"inLanguage":"fr-FR","potentialAction":[{"@type":"ReadAction","target":["https:\/\/lepotentiel.bj\/?p=86140"]}]},{"@type":"ImageObject","inLanguage":"fr-FR","@id":"https:\/\/lepotentiel.bj\/?p=86140#primaryimage","url":"https:\/\/lepotentiel.bj\/wp-content\/uploads\/2026\/07\/IMG_20260714_104647-1-scaled.jpg","contentUrl":"https:\/\/lepotentiel.bj\/wp-content\/uploads\/2026\/07\/IMG_20260714_104647-1-scaled.jpg","width":2560,"height":1928},{"@type":"BreadcrumbList","@id":"https:\/\/lepotentiel.bj\/?p=86140#breadcrumb","itemListElement":[{"@type":"ListItem","position":1,"name":"Accueil","item":"https:\/\/lepotentiel.bj\/"},{"@type":"ListItem","position":2,"name":"Mode au B\u00e9nin : la premi\u00e8re Nuit du Kanvo et de l&rsquo;Indigo veut propulser le patrimoine textile b\u00e9ninois"}]},{"@type":"WebSite","@id":"https:\/\/lepotentiel.bj\/#website","url":"https:\/\/lepotentiel.bj\/","name":"Le Potentiel","description":"Le Potentiel, au service de l\u2019information, nous sommes les fantassins du droit de savoir","publisher":{"@id":"https:\/\/lepotentiel.bj\/#organization"},"potentialAction":[{"@type":"SearchAction","target":{"@type":"EntryPoint","urlTemplate":"https:\/\/lepotentiel.bj\/?s={search_term_string}"},"query-input":{"@type":"PropertyValueSpecification","valueRequired":true,"valueName":"search_term_string"}}],"inLanguage":"fr-FR"},{"@type":"Organization","@id":"https:\/\/lepotentiel.bj\/#organization","name":"Le Potentiel","url":"https:\/\/lepotentiel.bj\/","logo":{"@type":"ImageObject","inLanguage":"fr-FR","@id":"https:\/\/lepotentiel.bj\/#\/schema\/logo\/image\/","url":"https:\/\/lepotentiel.bj\/wp-content\/uploads\/2023\/12\/logo-pot.jpg","contentUrl":"https:\/\/lepotentiel.bj\/wp-content\/uploads\/2023\/12\/logo-pot.jpg","width":562,"height":84,"caption":"Le Potentiel"},"image":{"@id":"https:\/\/lepotentiel.bj\/#\/schema\/logo\/image\/"}},{"@type":"Person","@id":"https:\/\/lepotentiel.bj\/#\/schema\/person\/453725c41f4363806763503087c06c70","name":"Le Potentiel","image":{"@type":"ImageObject","inLanguage":"fr-FR","@id":"https:\/\/secure.gravatar.com\/avatar\/4085301697e4181824463b6ab1ea0ef6abfe68ad30a95258574a4b2d1c76522e?s=96&d=mm&r=g","url":"https:\/\/secure.gravatar.com\/avatar\/4085301697e4181824463b6ab1ea0ef6abfe68ad30a95258574a4b2d1c76522e?s=96&d=mm&r=g","contentUrl":"https:\/\/secure.gravatar.com\/avatar\/4085301697e4181824463b6ab1ea0ef6abfe68ad30a95258574a4b2d1c76522e?s=96&d=mm&r=g","caption":"Le Potentiel"},"url":"https:\/\/lepotentiel.bj\/?author=4"}]}},"_links":{"self":[{"href":"https:\/\/lepotentiel.bj\/index.php?rest_route=\/wp\/v2\/posts\/86140","targetHints":{"allow":["GET"]}}],"collection":[{"href":"https:\/\/lepotentiel.bj\/index.php?rest_route=\/wp\/v2\/posts"}],"about":[{"href":"https:\/\/lepotentiel.bj\/index.php?rest_route=\/wp\/v2\/types\/post"}],"author":[{"embeddable":true,"href":"https:\/\/lepotentiel.bj\/index.php?rest_route=\/wp\/v2\/users\/4"}],"replies":[{"embeddable":true,"href":"https:\/\/lepotentiel.bj\/index.php?rest_route=%2Fwp%2Fv2%2Fcomments&post=86140"}],"version-history":[{"count":3,"href":"https:\/\/lepotentiel.bj\/index.php?rest_route=\/wp\/v2\/posts\/86140\/revisions"}],"predecessor-version":[{"id":86155,"href":"https:\/\/lepotentiel.bj\/index.php?rest_route=\/wp\/v2\/posts\/86140\/revisions\/86155"}],"wp:featuredmedia":[{"embeddable":true,"href":"https:\/\/lepotentiel.bj\/index.php?rest_route=\/wp\/v2\/media\/86143"}],"wp:attachment":[{"href":"https:\/\/lepotentiel.bj\/index.php?rest_route=%2Fwp%2Fv2%2Fmedia&parent=86140"}],"wp:term":[{"taxonomy":"category","embeddable":true,"href":"https:\/\/lepotentiel.bj\/index.php?rest_route=%2Fwp%2Fv2%2Fcategories&post=86140"},{"taxonomy":"post_tag","embeddable":true,"href":"https:\/\/lepotentiel.bj\/index.php?rest_route=%2Fwp%2Fv2%2Ftags&post=86140"}],"curies":[{"name":"wp","href":"https:\/\/api.w.org\/{rel}","templated":true}]}}