{"id":86146,"date":"2026-07-14T17:53:14","date_gmt":"2026-07-14T15:53:14","guid":{"rendered":"https:\/\/lepotentiel.bj\/?p=86146"},"modified":"2026-07-14T17:53:14","modified_gmt":"2026-07-14T15:53:14","slug":"senegal-une-fillette-de-2-ans-enlevee-et-tuee-apres-un-viol-presume-trois-suspects-arretes","status":"publish","type":"post","link":"https:\/\/lepotentiel.bj\/?p=86146","title":{"rendered":"S\u00e9n\u00e9gal : une fillette de 2 ans enlev\u00e9e et tu\u00e9e apr\u00e8s un viol pr\u00e9sum\u00e9, trois suspects arr\u00eat\u00e9s"},"content":{"rendered":"<p style=\"text-align: justify;\">Une fillette \u00e2g\u00e9e de deux ans a perdu la vie dans des circonstances tragiques \u00e0 Kanel, dans le nord du S\u00e9n\u00e9gal. Trois personnes, dont deux adolescents et un adulte, ont \u00e9t\u00e9 interpell\u00e9es dans le cadre de l\u2019enqu\u00eate ouverte par les autorit\u00e9s judiciaires.<\/p>\n<p style=\"text-align: justify;\">L\u2019\u00e9moi reste vif \u00e0 Kanel apr\u00e8s la disparition tragique d\u2019une fillette de deux ans. Les faits, survenus dans cette localit\u00e9 du nord du S\u00e9n\u00e9gal, ont conduit \u00e0 l\u2019ouverture d\u2019une enqu\u00eate qui a abouti \u00e0 l\u2019arrestation de trois suspects.<\/p>\n<p style=\"text-align: justify;\">\n<p style=\"text-align: justify;\">Selon les informations rapport\u00e9es par la presse s\u00e9n\u00e9galaise, la victime aurait \u00e9t\u00e9 retrouv\u00e9e sans vie apr\u00e8s avoir disparu dans la nuit. Les investigations men\u00e9es par les forces de s\u00e9curit\u00e9 ont permis d\u2019identifier puis d\u2019arr\u00eater trois personnes soup\u00e7onn\u00e9es d\u2019\u00eatre impliqu\u00e9es dans cette affaire. Les mis en cause sont deux adolescents \u00e2g\u00e9s de 13 et 17 ans ainsi qu\u2019un homme de 24 ans. Tous trois auraient reconnu les faits lors de leurs auditions, selon les \u00e9l\u00e9ments communiqu\u00e9s par les sources judiciaires cit\u00e9es.<\/p>\n<p style=\"text-align: justify;\">\n<p style=\"text-align: justify;\">Plac\u00e9s sous mandat de d\u00e9p\u00f4t, ils sont poursuivis pour plusieurs chefs d\u2019accusation, notamment association de malfaiteurs, enl\u00e8vement, viol collectif et meurtre sur une mineure. La proc\u00e9dure judiciaire suit son cours afin d\u2019\u00e9tablir avec pr\u00e9cision les circonstances de ce drame. Cette relance par ailleurs les d\u00e9bats sur la protection des enfants et la pr\u00e9vention des violences faites aux mineurs.<\/p>\n","protected":false},"excerpt":{"rendered":"<p>Une fillette \u00e2g\u00e9e de deux ans a perdu la vie dans des circonstances tragiques \u00e0 Kanel, dans le nord du S\u00e9n\u00e9gal. Trois personnes, dont deux adolescents et un adulte, ont \u00e9t\u00e9 interpell\u00e9es dans le cadre de l\u2019enqu\u00eate ouverte par les autorit\u00e9s judiciaires. L\u2019\u00e9moi reste vif \u00e0 Kanel apr\u00e8s la disparition tragique d\u2019une fillette de deux [&hellip;]<\/p>\n","protected":false},"author":18,"featured_media":86147,"comment_status":"open","ping_status":"open","sticky":false,"template":"","format":"standard","meta":{"footnotes":""},"categories":[34,44],"tags":[],"class_list":["post-86146","post","type-post","status-publish","format-standard","has-post-thumbnail","hentry","category-actualite","category-international"],"yoast_head":"<!-- This site is optimized with the Yoast SEO plugin v28.2 - https:\/\/yoast.com\/product\/yoast-seo-wordpress\/ -->\n<title>S\u00e9n\u00e9gal : une fillette de 2 ans enlev\u00e9e et tu\u00e9e apr\u00e8s un viol pr\u00e9sum\u00e9, trois suspects arr\u00eat\u00e9s - Le Potentiel<\/title>\n<meta name=\"robots\" content=\"index, follow, max-snippet:-1, max-image-preview:large, max-video-preview:-1\" \/>\n<link rel=\"canonical\" href=\"https:\/\/lepotentiel.bj\/?p=86146\" \/>\n<meta property=\"og:locale\" content=\"fr_FR\" \/>\n<meta property=\"og:type\" content=\"article\" \/>\n<meta property=\"og:title\" content=\"S\u00e9n\u00e9gal : une fillette de 2 ans enlev\u00e9e et tu\u00e9e apr\u00e8s un viol pr\u00e9sum\u00e9, trois suspects arr\u00eat\u00e9s - Le Potentiel\" \/>\n<meta property=\"og:description\" content=\"Une fillette \u00e2g\u00e9e de deux ans a perdu la vie dans des circonstances tragiques \u00e0 Kanel, dans le nord du S\u00e9n\u00e9gal. Trois personnes, dont deux adolescents et un adulte, ont \u00e9t\u00e9 interpell\u00e9es dans le cadre de l\u2019enqu\u00eate ouverte par les autorit\u00e9s judiciaires. L\u2019\u00e9moi reste vif \u00e0 Kanel apr\u00e8s la disparition tragique d\u2019une fillette de deux [&hellip;]\" \/>\n<meta property=\"og:url\" content=\"https:\/\/lepotentiel.bj\/?p=86146\" \/>\n<meta property=\"og:site_name\" content=\"Le Potentiel\" \/>\n<meta property=\"article:published_time\" content=\"2026-07-14T15:53:14+00:00\" \/>\n<meta property=\"og:image\" content=\"https:\/\/lepotentiel.bj\/wp-content\/uploads\/2026\/07\/thumb_1260x800_6a55e1a75d76f_BioXUdY1IV.jpg\" \/>\n\t<meta property=\"og:image:width\" content=\"1260\" \/>\n\t<meta property=\"og:image:height\" content=\"800\" \/>\n\t<meta property=\"og:image:type\" content=\"image\/jpeg\" \/>\n<meta name=\"author\" content=\"Laura\" \/>\n<meta name=\"twitter:card\" content=\"summary_large_image\" \/>\n<meta name=\"twitter:label1\" content=\"\u00c9crit par\" \/>\n\t<meta name=\"twitter:data1\" content=\"Laura\" \/>\n\t<meta name=\"twitter:label2\" content=\"Dur\u00e9e de lecture estim\u00e9e\" \/>\n\t<meta name=\"twitter:data2\" content=\"1 minute\" \/>\n<script type=\"application\/ld+json\" class=\"yoast-schema-graph\">{\"@context\":\"https:\\\/\\\/schema.org\",\"@graph\":[{\"@type\":\"Article\",\"@id\":\"https:\\\/\\\/lepotentiel.bj\\\/?p=86146#article\",\"isPartOf\":{\"@id\":\"https:\\\/\\\/lepotentiel.bj\\\/?p=86146\"},\"author\":{\"name\":\"Laura\",\"@id\":\"https:\\\/\\\/lepotentiel.bj\\\/#\\\/schema\\\/person\\\/001def78e1eafec4b5733ea184d49dd0\"},\"headline\":\"S\u00e9n\u00e9gal : une fillette de 2 ans enlev\u00e9e et tu\u00e9e apr\u00e8s un viol pr\u00e9sum\u00e9, trois suspects arr\u00eat\u00e9s\",\"datePublished\":\"2026-07-14T15:53:14+00:00\",\"mainEntityOfPage\":{\"@id\":\"https:\\\/\\\/lepotentiel.bj\\\/?p=86146\"},\"wordCount\":279,\"commentCount\":0,\"publisher\":{\"@id\":\"https:\\\/\\\/lepotentiel.bj\\\/#organization\"},\"image\":{\"@id\":\"https:\\\/\\\/lepotentiel.bj\\\/?p=86146#primaryimage\"},\"thumbnailUrl\":\"https:\\\/\\\/lepotentiel.bj\\\/wp-content\\\/uploads\\\/2026\\\/07\\\/thumb_1260x800_6a55e1a75d76f_BioXUdY1IV.jpg\",\"articleSection\":[\"Actualit\u00e9\",\"International\"],\"inLanguage\":\"fr-FR\",\"potentialAction\":[{\"@type\":\"CommentAction\",\"name\":\"Comment\",\"target\":[\"https:\\\/\\\/lepotentiel.bj\\\/?p=86146#respond\"]}]},{\"@type\":\"WebPage\",\"@id\":\"https:\\\/\\\/lepotentiel.bj\\\/?p=86146\",\"url\":\"https:\\\/\\\/lepotentiel.bj\\\/?p=86146\",\"name\":\"S\u00e9n\u00e9gal : une fillette de 2 ans enlev\u00e9e et tu\u00e9e apr\u00e8s un viol pr\u00e9sum\u00e9, trois suspects arr\u00eat\u00e9s - Le Potentiel\",\"isPartOf\":{\"@id\":\"https:\\\/\\\/lepotentiel.bj\\\/#website\"},\"primaryImageOfPage\":{\"@id\":\"https:\\\/\\\/lepotentiel.bj\\\/?p=86146#primaryimage\"},\"image\":{\"@id\":\"https:\\\/\\\/lepotentiel.bj\\\/?p=86146#primaryimage\"},\"thumbnailUrl\":\"https:\\\/\\\/lepotentiel.bj\\\/wp-content\\\/uploads\\\/2026\\\/07\\\/thumb_1260x800_6a55e1a75d76f_BioXUdY1IV.jpg\",\"datePublished\":\"2026-07-14T15:53:14+00:00\",\"breadcrumb\":{\"@id\":\"https:\\\/\\\/lepotentiel.bj\\\/?p=86146#breadcrumb\"},\"inLanguage\":\"fr-FR\",\"potentialAction\":[{\"@type\":\"ReadAction\",\"target\":[\"https:\\\/\\\/lepotentiel.bj\\\/?p=86146\"]}]},{\"@type\":\"ImageObject\",\"inLanguage\":\"fr-FR\",\"@id\":\"https:\\\/\\\/lepotentiel.bj\\\/?p=86146#primaryimage\",\"url\":\"https:\\\/\\\/lepotentiel.bj\\\/wp-content\\\/uploads\\\/2026\\\/07\\\/thumb_1260x800_6a55e1a75d76f_BioXUdY1IV.jpg\",\"contentUrl\":\"https:\\\/\\\/lepotentiel.bj\\\/wp-content\\\/uploads\\\/2026\\\/07\\\/thumb_1260x800_6a55e1a75d76f_BioXUdY1IV.jpg\",\"width\":1260,\"height\":800},{\"@type\":\"BreadcrumbList\",\"@id\":\"https:\\\/\\\/lepotentiel.bj\\\/?p=86146#breadcrumb\",\"itemListElement\":[{\"@type\":\"ListItem\",\"position\":1,\"name\":\"Accueil\",\"item\":\"https:\\\/\\\/lepotentiel.bj\\\/\"},{\"@type\":\"ListItem\",\"position\":2,\"name\":\"S\u00e9n\u00e9gal : une fillette de 2 ans enlev\u00e9e et tu\u00e9e apr\u00e8s un viol pr\u00e9sum\u00e9, trois suspects arr\u00eat\u00e9s\"}]},{\"@type\":\"WebSite\",\"@id\":\"https:\\\/\\\/lepotentiel.bj\\\/#website\",\"url\":\"https:\\\/\\\/lepotentiel.bj\\\/\",\"name\":\"Le Potentiel\",\"description\":\"Le Potentiel, au service de l\u2019information, nous sommes les fantassins du droit de savoir\",\"publisher\":{\"@id\":\"https:\\\/\\\/lepotentiel.bj\\\/#organization\"},\"potentialAction\":[{\"@type\":\"SearchAction\",\"target\":{\"@type\":\"EntryPoint\",\"urlTemplate\":\"https:\\\/\\\/lepotentiel.bj\\\/?s={search_term_string}\"},\"query-input\":{\"@type\":\"PropertyValueSpecification\",\"valueRequired\":true,\"valueName\":\"search_term_string\"}}],\"inLanguage\":\"fr-FR\"},{\"@type\":\"Organization\",\"@id\":\"https:\\\/\\\/lepotentiel.bj\\\/#organization\",\"name\":\"Le Potentiel\",\"url\":\"https:\\\/\\\/lepotentiel.bj\\\/\",\"logo\":{\"@type\":\"ImageObject\",\"inLanguage\":\"fr-FR\",\"@id\":\"https:\\\/\\\/lepotentiel.bj\\\/#\\\/schema\\\/logo\\\/image\\\/\",\"url\":\"https:\\\/\\\/lepotentiel.bj\\\/wp-content\\\/uploads\\\/2023\\\/12\\\/logo-pot.jpg\",\"contentUrl\":\"https:\\\/\\\/lepotentiel.bj\\\/wp-content\\\/uploads\\\/2023\\\/12\\\/logo-pot.jpg\",\"width\":562,\"height\":84,\"caption\":\"Le Potentiel\"},\"image\":{\"@id\":\"https:\\\/\\\/lepotentiel.bj\\\/#\\\/schema\\\/logo\\\/image\\\/\"}},{\"@type\":\"Person\",\"@id\":\"https:\\\/\\\/lepotentiel.bj\\\/#\\\/schema\\\/person\\\/001def78e1eafec4b5733ea184d49dd0\",\"name\":\"Laura\",\"image\":{\"@type\":\"ImageObject\",\"inLanguage\":\"fr-FR\",\"@id\":\"https:\\\/\\\/secure.gravatar.com\\\/avatar\\\/46e54a01dd5785f370a6c40e9cfe54ebcfd939154e6505072fe15421c0d32893?s=96&d=mm&r=g\",\"url\":\"https:\\\/\\\/secure.gravatar.com\\\/avatar\\\/46e54a01dd5785f370a6c40e9cfe54ebcfd939154e6505072fe15421c0d32893?s=96&d=mm&r=g\",\"contentUrl\":\"https:\\\/\\\/secure.gravatar.com\\\/avatar\\\/46e54a01dd5785f370a6c40e9cfe54ebcfd939154e6505072fe15421c0d32893?s=96&d=mm&r=g\",\"caption\":\"Laura\"},\"url\":\"https:\\\/\\\/lepotentiel.bj\\\/?author=18\"}]}<\/script>\n<!-- \/ Yoast SEO plugin. -->","yoast_head_json":{"title":"S\u00e9n\u00e9gal : une fillette de 2 ans enlev\u00e9e et tu\u00e9e apr\u00e8s un viol pr\u00e9sum\u00e9, trois suspects arr\u00eat\u00e9s - Le Potentiel","robots":{"index":"index","follow":"follow","max-snippet":"max-snippet:-1","max-image-preview":"max-image-preview:large","max-video-preview":"max-video-preview:-1"},"canonical":"https:\/\/lepotentiel.bj\/?p=86146","og_locale":"fr_FR","og_type":"article","og_title":"S\u00e9n\u00e9gal : une fillette de 2 ans enlev\u00e9e et tu\u00e9e apr\u00e8s un viol pr\u00e9sum\u00e9, trois suspects arr\u00eat\u00e9s - Le Potentiel","og_description":"Une fillette \u00e2g\u00e9e de deux ans a perdu la vie dans des circonstances tragiques \u00e0 Kanel, dans le nord du S\u00e9n\u00e9gal. Trois personnes, dont deux adolescents et un adulte, ont \u00e9t\u00e9 interpell\u00e9es dans le cadre de l\u2019enqu\u00eate ouverte par les autorit\u00e9s judiciaires. L\u2019\u00e9moi reste vif \u00e0 Kanel apr\u00e8s la disparition tragique d\u2019une fillette de deux [&hellip;]","og_url":"https:\/\/lepotentiel.bj\/?p=86146","og_site_name":"Le Potentiel","article_published_time":"2026-07-14T15:53:14+00:00","og_image":[{"width":1260,"height":800,"url":"https:\/\/lepotentiel.bj\/wp-content\/uploads\/2026\/07\/thumb_1260x800_6a55e1a75d76f_BioXUdY1IV.jpg","type":"image\/jpeg"}],"author":"Laura","twitter_card":"summary_large_image","twitter_misc":{"\u00c9crit par":"Laura","Dur\u00e9e de lecture estim\u00e9e":"1 minute"},"schema":{"@context":"https:\/\/schema.org","@graph":[{"@type":"Article","@id":"https:\/\/lepotentiel.bj\/?p=86146#article","isPartOf":{"@id":"https:\/\/lepotentiel.bj\/?p=86146"},"author":{"name":"Laura","@id":"https:\/\/lepotentiel.bj\/#\/schema\/person\/001def78e1eafec4b5733ea184d49dd0"},"headline":"S\u00e9n\u00e9gal : une fillette de 2 ans enlev\u00e9e et tu\u00e9e apr\u00e8s un viol pr\u00e9sum\u00e9, trois suspects arr\u00eat\u00e9s","datePublished":"2026-07-14T15:53:14+00:00","mainEntityOfPage":{"@id":"https:\/\/lepotentiel.bj\/?p=86146"},"wordCount":279,"commentCount":0,"publisher":{"@id":"https:\/\/lepotentiel.bj\/#organization"},"image":{"@id":"https:\/\/lepotentiel.bj\/?p=86146#primaryimage"},"thumbnailUrl":"https:\/\/lepotentiel.bj\/wp-content\/uploads\/2026\/07\/thumb_1260x800_6a55e1a75d76f_BioXUdY1IV.jpg","articleSection":["Actualit\u00e9","International"],"inLanguage":"fr-FR","potentialAction":[{"@type":"CommentAction","name":"Comment","target":["https:\/\/lepotentiel.bj\/?p=86146#respond"]}]},{"@type":"WebPage","@id":"https:\/\/lepotentiel.bj\/?p=86146","url":"https:\/\/lepotentiel.bj\/?p=86146","name":"S\u00e9n\u00e9gal : une fillette de 2 ans enlev\u00e9e et tu\u00e9e apr\u00e8s un viol pr\u00e9sum\u00e9, trois suspects arr\u00eat\u00e9s - Le Potentiel","isPartOf":{"@id":"https:\/\/lepotentiel.bj\/#website"},"primaryImageOfPage":{"@id":"https:\/\/lepotentiel.bj\/?p=86146#primaryimage"},"image":{"@id":"https:\/\/lepotentiel.bj\/?p=86146#primaryimage"},"thumbnailUrl":"https:\/\/lepotentiel.bj\/wp-content\/uploads\/2026\/07\/thumb_1260x800_6a55e1a75d76f_BioXUdY1IV.jpg","datePublished":"2026-07-14T15:53:14+00:00","breadcrumb":{"@id":"https:\/\/lepotentiel.bj\/?p=86146#breadcrumb"},"inLanguage":"fr-FR","potentialAction":[{"@type":"ReadAction","target":["https:\/\/lepotentiel.bj\/?p=86146"]}]},{"@type":"ImageObject","inLanguage":"fr-FR","@id":"https:\/\/lepotentiel.bj\/?p=86146#primaryimage","url":"https:\/\/lepotentiel.bj\/wp-content\/uploads\/2026\/07\/thumb_1260x800_6a55e1a75d76f_BioXUdY1IV.jpg","contentUrl":"https:\/\/lepotentiel.bj\/wp-content\/uploads\/2026\/07\/thumb_1260x800_6a55e1a75d76f_BioXUdY1IV.jpg","width":1260,"height":800},{"@type":"BreadcrumbList","@id":"https:\/\/lepotentiel.bj\/?p=86146#breadcrumb","itemListElement":[{"@type":"ListItem","position":1,"name":"Accueil","item":"https:\/\/lepotentiel.bj\/"},{"@type":"ListItem","position":2,"name":"S\u00e9n\u00e9gal : une fillette de 2 ans enlev\u00e9e et tu\u00e9e apr\u00e8s un viol pr\u00e9sum\u00e9, trois suspects arr\u00eat\u00e9s"}]},{"@type":"WebSite","@id":"https:\/\/lepotentiel.bj\/#website","url":"https:\/\/lepotentiel.bj\/","name":"Le Potentiel","description":"Le Potentiel, au service de l\u2019information, nous sommes les fantassins du droit de savoir","publisher":{"@id":"https:\/\/lepotentiel.bj\/#organization"},"potentialAction":[{"@type":"SearchAction","target":{"@type":"EntryPoint","urlTemplate":"https:\/\/lepotentiel.bj\/?s={search_term_string}"},"query-input":{"@type":"PropertyValueSpecification","valueRequired":true,"valueName":"search_term_string"}}],"inLanguage":"fr-FR"},{"@type":"Organization","@id":"https:\/\/lepotentiel.bj\/#organization","name":"Le Potentiel","url":"https:\/\/lepotentiel.bj\/","logo":{"@type":"ImageObject","inLanguage":"fr-FR","@id":"https:\/\/lepotentiel.bj\/#\/schema\/logo\/image\/","url":"https:\/\/lepotentiel.bj\/wp-content\/uploads\/2023\/12\/logo-pot.jpg","contentUrl":"https:\/\/lepotentiel.bj\/wp-content\/uploads\/2023\/12\/logo-pot.jpg","width":562,"height":84,"caption":"Le Potentiel"},"image":{"@id":"https:\/\/lepotentiel.bj\/#\/schema\/logo\/image\/"}},{"@type":"Person","@id":"https:\/\/lepotentiel.bj\/#\/schema\/person\/001def78e1eafec4b5733ea184d49dd0","name":"Laura","image":{"@type":"ImageObject","inLanguage":"fr-FR","@id":"https:\/\/secure.gravatar.com\/avatar\/46e54a01dd5785f370a6c40e9cfe54ebcfd939154e6505072fe15421c0d32893?s=96&d=mm&r=g","url":"https:\/\/secure.gravatar.com\/avatar\/46e54a01dd5785f370a6c40e9cfe54ebcfd939154e6505072fe15421c0d32893?s=96&d=mm&r=g","contentUrl":"https:\/\/secure.gravatar.com\/avatar\/46e54a01dd5785f370a6c40e9cfe54ebcfd939154e6505072fe15421c0d32893?s=96&d=mm&r=g","caption":"Laura"},"url":"https:\/\/lepotentiel.bj\/?author=18"}]}},"_links":{"self":[{"href":"https:\/\/lepotentiel.bj\/index.php?rest_route=\/wp\/v2\/posts\/86146","targetHints":{"allow":["GET"]}}],"collection":[{"href":"https:\/\/lepotentiel.bj\/index.php?rest_route=\/wp\/v2\/posts"}],"about":[{"href":"https:\/\/lepotentiel.bj\/index.php?rest_route=\/wp\/v2\/types\/post"}],"author":[{"embeddable":true,"href":"https:\/\/lepotentiel.bj\/index.php?rest_route=\/wp\/v2\/users\/18"}],"replies":[{"embeddable":true,"href":"https:\/\/lepotentiel.bj\/index.php?rest_route=%2Fwp%2Fv2%2Fcomments&post=86146"}],"version-history":[{"count":1,"href":"https:\/\/lepotentiel.bj\/index.php?rest_route=\/wp\/v2\/posts\/86146\/revisions"}],"predecessor-version":[{"id":86148,"href":"https:\/\/lepotentiel.bj\/index.php?rest_route=\/wp\/v2\/posts\/86146\/revisions\/86148"}],"wp:featuredmedia":[{"embeddable":true,"href":"https:\/\/lepotentiel.bj\/index.php?rest_route=\/wp\/v2\/media\/86147"}],"wp:attachment":[{"href":"https:\/\/lepotentiel.bj\/index.php?rest_route=%2Fwp%2Fv2%2Fmedia&parent=86146"}],"wp:term":[{"taxonomy":"category","embeddable":true,"href":"https:\/\/lepotentiel.bj\/index.php?rest_route=%2Fwp%2Fv2%2Fcategories&post=86146"},{"taxonomy":"post_tag","embeddable":true,"href":"https:\/\/lepotentiel.bj\/index.php?rest_route=%2Fwp%2Fv2%2Ftags&post=86146"}],"curies":[{"name":"wp","href":"https:\/\/api.w.org\/{rel}","templated":true}]}}