{"id":86149,"date":"2026-07-14T19:44:04","date_gmt":"2026-07-14T17:44:04","guid":{"rendered":"https:\/\/lepotentiel.bj\/?p=86149"},"modified":"2026-07-14T19:45:27","modified_gmt":"2026-07-14T17:45:27","slug":"86149","status":"publish","type":"post","link":"https:\/\/lepotentiel.bj\/?p=86149","title":{"rendered":"Mauritanie : deux d\u00e9put\u00e9es graci\u00e9es apr\u00e8s une condamnation \u00e0 quatre ans de prison"},"content":{"rendered":"<p style=\"text-align: justify;\">Le pr\u00e9sident mauritanien Mohamed Ould Cheikh Ghazouani a accord\u00e9 une gr\u00e2ce pr\u00e9sidentielle \u00e0 deux d\u00e9put\u00e9es abolitionnistes condamn\u00e9es quelques semaines plus t\u00f4t par la justice. Mariem Cheikh Dieng et Gamou Achour Salem, membres du parti Sawab et proches du mouvement Initiative pour la r\u00e9surgence du mouvement abolitionniste (IRA), ont \u00e9t\u00e9 lib\u00e9r\u00e9es apr\u00e8s avoir \u00e9cop\u00e9 de quatre ans de prison.<\/p>\n<p style=\"text-align: justify;\">Condamn\u00e9es en mai dernier pour des faits li\u00e9s \u00e0 des propos critiques envers le pr\u00e9sident Mohamed Ould Cheikh Ghazouani, Mariem Cheikh Dieng et Gamou Achour Salem ont b\u00e9n\u00e9fici\u00e9 d\u2019une gr\u00e2ce pr\u00e9sidentielle. Les deux \u00e9lues avaient \u00e9t\u00e9 poursuivies \u00e0 la suite de publications sur les r\u00e9seaux sociaux jug\u00e9es critiques envers le chef de l\u2019\u00c9tat. Elles \u00e9taient notamment accus\u00e9es d\u2019atteinte aux symboles de l\u2019\u00c9tat, de diffamation et d\u2019incitation \u00e0 la violence. Leur proc\u00e8s, tenu \u00e0 Nouakchott au d\u00e9but du mois de mai, s\u2019\u00e9tait d\u00e9roul\u00e9 dans un contexte de forte s\u00e9curit\u00e9. Outre la peine d\u2019emprisonnement, la justice avait \u00e9galement prononc\u00e9 la privation de leurs droits civiques, la suppression de certains contenus num\u00e9riques, ainsi que la confiscation de leurs t\u00e9l\u00e9phones et la fermeture de leurs comptes en ligne. Plus de deux mois apr\u00e8s leur condamnation, la d\u00e9cision pr\u00e9sidentielle intervient alors que les deux d\u00e9put\u00e9es avaient perdu leur qualit\u00e9 d\u2019\u00e9lues en raison de la privation de leurs droits civiques.<\/p>\n<p style=\"text-align: justify;\">Du c\u00f4t\u00e9 du mouvement Arm\u00e9e R\u00e9publicaine Irlandaise (IRA), cette gr\u00e2ce ne constitue pas un signe d\u2019apaisement. Ses responsables estiment qu\u2019elle ne r\u00e8gle pas la question des poursuites engag\u00e9es contre leurs militants et d\u00e9noncent ce qu\u2019ils consid\u00e8rent comme une atteinte aux libert\u00e9s d\u00e9mocratiques.<\/p>\n","protected":false},"excerpt":{"rendered":"<p>Le pr\u00e9sident mauritanien Mohamed Ould Cheikh Ghazouani a accord\u00e9 une gr\u00e2ce pr\u00e9sidentielle \u00e0 deux d\u00e9put\u00e9es abolitionnistes condamn\u00e9es quelques semaines plus t\u00f4t par la justice. Mariem Cheikh Dieng et Gamou Achour Salem, membres du parti Sawab et proches du mouvement Initiative pour la r\u00e9surgence du mouvement abolitionniste (IRA), ont \u00e9t\u00e9 lib\u00e9r\u00e9es apr\u00e8s avoir \u00e9cop\u00e9 de quatre [&hellip;]<\/p>\n","protected":false},"author":18,"featured_media":86150,"comment_status":"open","ping_status":"open","sticky":false,"template":"","format":"standard","meta":{"footnotes":""},"categories":[34,44],"tags":[],"class_list":["post-86149","post","type-post","status-publish","format-standard","has-post-thumbnail","hentry","category-actualite","category-international"],"yoast_head":"<!-- This site is optimized with the Yoast SEO plugin v28.2 - https:\/\/yoast.com\/product\/yoast-seo-wordpress\/ -->\n<title>Mauritanie : deux d\u00e9put\u00e9es graci\u00e9es apr\u00e8s une condamnation \u00e0 quatre ans de prison - Le Potentiel<\/title>\n<meta name=\"robots\" content=\"index, follow, max-snippet:-1, max-image-preview:large, max-video-preview:-1\" \/>\n<link rel=\"canonical\" href=\"https:\/\/lepotentiel.bj\/?p=86149\" \/>\n<meta property=\"og:locale\" content=\"fr_FR\" \/>\n<meta property=\"og:type\" content=\"article\" \/>\n<meta property=\"og:title\" content=\"Mauritanie : deux d\u00e9put\u00e9es graci\u00e9es apr\u00e8s une condamnation \u00e0 quatre ans de prison - Le Potentiel\" \/>\n<meta property=\"og:description\" content=\"Le pr\u00e9sident mauritanien Mohamed Ould Cheikh Ghazouani a accord\u00e9 une gr\u00e2ce pr\u00e9sidentielle \u00e0 deux d\u00e9put\u00e9es abolitionnistes condamn\u00e9es quelques semaines plus t\u00f4t par la justice. Mariem Cheikh Dieng et Gamou Achour Salem, membres du parti Sawab et proches du mouvement Initiative pour la r\u00e9surgence du mouvement abolitionniste (IRA), ont \u00e9t\u00e9 lib\u00e9r\u00e9es apr\u00e8s avoir \u00e9cop\u00e9 de quatre [&hellip;]\" \/>\n<meta property=\"og:url\" content=\"https:\/\/lepotentiel.bj\/?p=86149\" \/>\n<meta property=\"og:site_name\" content=\"Le Potentiel\" \/>\n<meta property=\"article:published_time\" content=\"2026-07-14T17:44:04+00:00\" \/>\n<meta property=\"article:modified_time\" content=\"2026-07-14T17:45:27+00:00\" \/>\n<meta property=\"og:image\" content=\"https:\/\/lepotentiel.bj\/wp-content\/uploads\/2026\/07\/ghazouani_686937533.jpg\" \/>\n\t<meta property=\"og:image:width\" content=\"1373\" \/>\n\t<meta property=\"og:image:height\" content=\"1078\" \/>\n\t<meta property=\"og:image:type\" content=\"image\/jpeg\" \/>\n<meta name=\"author\" content=\"Laura\" \/>\n<meta name=\"twitter:card\" content=\"summary_large_image\" \/>\n<meta name=\"twitter:label1\" content=\"\u00c9crit par\" \/>\n\t<meta name=\"twitter:data1\" content=\"Laura\" \/>\n\t<meta name=\"twitter:label2\" content=\"Dur\u00e9e de lecture estim\u00e9e\" \/>\n\t<meta name=\"twitter:data2\" content=\"2 minutes\" \/>\n<script type=\"application\/ld+json\" class=\"yoast-schema-graph\">{\"@context\":\"https:\\\/\\\/schema.org\",\"@graph\":[{\"@type\":\"Article\",\"@id\":\"https:\\\/\\\/lepotentiel.bj\\\/?p=86149#article\",\"isPartOf\":{\"@id\":\"https:\\\/\\\/lepotentiel.bj\\\/?p=86149\"},\"author\":{\"name\":\"Laura\",\"@id\":\"https:\\\/\\\/lepotentiel.bj\\\/#\\\/schema\\\/person\\\/001def78e1eafec4b5733ea184d49dd0\"},\"headline\":\"Mauritanie : deux d\u00e9put\u00e9es graci\u00e9es apr\u00e8s une condamnation \u00e0 quatre ans de prison\",\"datePublished\":\"2026-07-14T17:44:04+00:00\",\"dateModified\":\"2026-07-14T17:45:27+00:00\",\"mainEntityOfPage\":{\"@id\":\"https:\\\/\\\/lepotentiel.bj\\\/?p=86149\"},\"wordCount\":318,\"commentCount\":0,\"publisher\":{\"@id\":\"https:\\\/\\\/lepotentiel.bj\\\/#organization\"},\"image\":{\"@id\":\"https:\\\/\\\/lepotentiel.bj\\\/?p=86149#primaryimage\"},\"thumbnailUrl\":\"https:\\\/\\\/lepotentiel.bj\\\/wp-content\\\/uploads\\\/2026\\\/07\\\/ghazouani_686937533.jpg\",\"articleSection\":[\"Actualit\u00e9\",\"International\"],\"inLanguage\":\"fr-FR\",\"potentialAction\":[{\"@type\":\"CommentAction\",\"name\":\"Comment\",\"target\":[\"https:\\\/\\\/lepotentiel.bj\\\/?p=86149#respond\"]}]},{\"@type\":\"WebPage\",\"@id\":\"https:\\\/\\\/lepotentiel.bj\\\/?p=86149\",\"url\":\"https:\\\/\\\/lepotentiel.bj\\\/?p=86149\",\"name\":\"Mauritanie : deux d\u00e9put\u00e9es graci\u00e9es apr\u00e8s une condamnation \u00e0 quatre ans de prison - Le Potentiel\",\"isPartOf\":{\"@id\":\"https:\\\/\\\/lepotentiel.bj\\\/#website\"},\"primaryImageOfPage\":{\"@id\":\"https:\\\/\\\/lepotentiel.bj\\\/?p=86149#primaryimage\"},\"image\":{\"@id\":\"https:\\\/\\\/lepotentiel.bj\\\/?p=86149#primaryimage\"},\"thumbnailUrl\":\"https:\\\/\\\/lepotentiel.bj\\\/wp-content\\\/uploads\\\/2026\\\/07\\\/ghazouani_686937533.jpg\",\"datePublished\":\"2026-07-14T17:44:04+00:00\",\"dateModified\":\"2026-07-14T17:45:27+00:00\",\"breadcrumb\":{\"@id\":\"https:\\\/\\\/lepotentiel.bj\\\/?p=86149#breadcrumb\"},\"inLanguage\":\"fr-FR\",\"potentialAction\":[{\"@type\":\"ReadAction\",\"target\":[\"https:\\\/\\\/lepotentiel.bj\\\/?p=86149\"]}]},{\"@type\":\"ImageObject\",\"inLanguage\":\"fr-FR\",\"@id\":\"https:\\\/\\\/lepotentiel.bj\\\/?p=86149#primaryimage\",\"url\":\"https:\\\/\\\/lepotentiel.bj\\\/wp-content\\\/uploads\\\/2026\\\/07\\\/ghazouani_686937533.jpg\",\"contentUrl\":\"https:\\\/\\\/lepotentiel.bj\\\/wp-content\\\/uploads\\\/2026\\\/07\\\/ghazouani_686937533.jpg\",\"width\":1373,\"height\":1078},{\"@type\":\"BreadcrumbList\",\"@id\":\"https:\\\/\\\/lepotentiel.bj\\\/?p=86149#breadcrumb\",\"itemListElement\":[{\"@type\":\"ListItem\",\"position\":1,\"name\":\"Accueil\",\"item\":\"https:\\\/\\\/lepotentiel.bj\\\/\"},{\"@type\":\"ListItem\",\"position\":2,\"name\":\"Mauritanie : deux d\u00e9put\u00e9es graci\u00e9es apr\u00e8s une condamnation \u00e0 quatre ans de prison\"}]},{\"@type\":\"WebSite\",\"@id\":\"https:\\\/\\\/lepotentiel.bj\\\/#website\",\"url\":\"https:\\\/\\\/lepotentiel.bj\\\/\",\"name\":\"Le Potentiel\",\"description\":\"Le Potentiel, au service de l\u2019information, nous sommes les fantassins du droit de savoir\",\"publisher\":{\"@id\":\"https:\\\/\\\/lepotentiel.bj\\\/#organization\"},\"potentialAction\":[{\"@type\":\"SearchAction\",\"target\":{\"@type\":\"EntryPoint\",\"urlTemplate\":\"https:\\\/\\\/lepotentiel.bj\\\/?s={search_term_string}\"},\"query-input\":{\"@type\":\"PropertyValueSpecification\",\"valueRequired\":true,\"valueName\":\"search_term_string\"}}],\"inLanguage\":\"fr-FR\"},{\"@type\":\"Organization\",\"@id\":\"https:\\\/\\\/lepotentiel.bj\\\/#organization\",\"name\":\"Le Potentiel\",\"url\":\"https:\\\/\\\/lepotentiel.bj\\\/\",\"logo\":{\"@type\":\"ImageObject\",\"inLanguage\":\"fr-FR\",\"@id\":\"https:\\\/\\\/lepotentiel.bj\\\/#\\\/schema\\\/logo\\\/image\\\/\",\"url\":\"https:\\\/\\\/lepotentiel.bj\\\/wp-content\\\/uploads\\\/2023\\\/12\\\/logo-pot.jpg\",\"contentUrl\":\"https:\\\/\\\/lepotentiel.bj\\\/wp-content\\\/uploads\\\/2023\\\/12\\\/logo-pot.jpg\",\"width\":562,\"height\":84,\"caption\":\"Le Potentiel\"},\"image\":{\"@id\":\"https:\\\/\\\/lepotentiel.bj\\\/#\\\/schema\\\/logo\\\/image\\\/\"}},{\"@type\":\"Person\",\"@id\":\"https:\\\/\\\/lepotentiel.bj\\\/#\\\/schema\\\/person\\\/001def78e1eafec4b5733ea184d49dd0\",\"name\":\"Laura\",\"image\":{\"@type\":\"ImageObject\",\"inLanguage\":\"fr-FR\",\"@id\":\"https:\\\/\\\/secure.gravatar.com\\\/avatar\\\/46e54a01dd5785f370a6c40e9cfe54ebcfd939154e6505072fe15421c0d32893?s=96&d=mm&r=g\",\"url\":\"https:\\\/\\\/secure.gravatar.com\\\/avatar\\\/46e54a01dd5785f370a6c40e9cfe54ebcfd939154e6505072fe15421c0d32893?s=96&d=mm&r=g\",\"contentUrl\":\"https:\\\/\\\/secure.gravatar.com\\\/avatar\\\/46e54a01dd5785f370a6c40e9cfe54ebcfd939154e6505072fe15421c0d32893?s=96&d=mm&r=g\",\"caption\":\"Laura\"},\"url\":\"https:\\\/\\\/lepotentiel.bj\\\/?author=18\"}]}<\/script>\n<!-- \/ Yoast SEO plugin. -->","yoast_head_json":{"title":"Mauritanie : deux d\u00e9put\u00e9es graci\u00e9es apr\u00e8s une condamnation \u00e0 quatre ans de prison - Le Potentiel","robots":{"index":"index","follow":"follow","max-snippet":"max-snippet:-1","max-image-preview":"max-image-preview:large","max-video-preview":"max-video-preview:-1"},"canonical":"https:\/\/lepotentiel.bj\/?p=86149","og_locale":"fr_FR","og_type":"article","og_title":"Mauritanie : deux d\u00e9put\u00e9es graci\u00e9es apr\u00e8s une condamnation \u00e0 quatre ans de prison - Le Potentiel","og_description":"Le pr\u00e9sident mauritanien Mohamed Ould Cheikh Ghazouani a accord\u00e9 une gr\u00e2ce pr\u00e9sidentielle \u00e0 deux d\u00e9put\u00e9es abolitionnistes condamn\u00e9es quelques semaines plus t\u00f4t par la justice. Mariem Cheikh Dieng et Gamou Achour Salem, membres du parti Sawab et proches du mouvement Initiative pour la r\u00e9surgence du mouvement abolitionniste (IRA), ont \u00e9t\u00e9 lib\u00e9r\u00e9es apr\u00e8s avoir \u00e9cop\u00e9 de quatre [&hellip;]","og_url":"https:\/\/lepotentiel.bj\/?p=86149","og_site_name":"Le Potentiel","article_published_time":"2026-07-14T17:44:04+00:00","article_modified_time":"2026-07-14T17:45:27+00:00","og_image":[{"width":1373,"height":1078,"url":"https:\/\/lepotentiel.bj\/wp-content\/uploads\/2026\/07\/ghazouani_686937533.jpg","type":"image\/jpeg"}],"author":"Laura","twitter_card":"summary_large_image","twitter_misc":{"\u00c9crit par":"Laura","Dur\u00e9e de lecture estim\u00e9e":"2 minutes"},"schema":{"@context":"https:\/\/schema.org","@graph":[{"@type":"Article","@id":"https:\/\/lepotentiel.bj\/?p=86149#article","isPartOf":{"@id":"https:\/\/lepotentiel.bj\/?p=86149"},"author":{"name":"Laura","@id":"https:\/\/lepotentiel.bj\/#\/schema\/person\/001def78e1eafec4b5733ea184d49dd0"},"headline":"Mauritanie : deux d\u00e9put\u00e9es graci\u00e9es apr\u00e8s une condamnation \u00e0 quatre ans de prison","datePublished":"2026-07-14T17:44:04+00:00","dateModified":"2026-07-14T17:45:27+00:00","mainEntityOfPage":{"@id":"https:\/\/lepotentiel.bj\/?p=86149"},"wordCount":318,"commentCount":0,"publisher":{"@id":"https:\/\/lepotentiel.bj\/#organization"},"image":{"@id":"https:\/\/lepotentiel.bj\/?p=86149#primaryimage"},"thumbnailUrl":"https:\/\/lepotentiel.bj\/wp-content\/uploads\/2026\/07\/ghazouani_686937533.jpg","articleSection":["Actualit\u00e9","International"],"inLanguage":"fr-FR","potentialAction":[{"@type":"CommentAction","name":"Comment","target":["https:\/\/lepotentiel.bj\/?p=86149#respond"]}]},{"@type":"WebPage","@id":"https:\/\/lepotentiel.bj\/?p=86149","url":"https:\/\/lepotentiel.bj\/?p=86149","name":"Mauritanie : deux d\u00e9put\u00e9es graci\u00e9es apr\u00e8s une condamnation \u00e0 quatre ans de prison - Le Potentiel","isPartOf":{"@id":"https:\/\/lepotentiel.bj\/#website"},"primaryImageOfPage":{"@id":"https:\/\/lepotentiel.bj\/?p=86149#primaryimage"},"image":{"@id":"https:\/\/lepotentiel.bj\/?p=86149#primaryimage"},"thumbnailUrl":"https:\/\/lepotentiel.bj\/wp-content\/uploads\/2026\/07\/ghazouani_686937533.jpg","datePublished":"2026-07-14T17:44:04+00:00","dateModified":"2026-07-14T17:45:27+00:00","breadcrumb":{"@id":"https:\/\/lepotentiel.bj\/?p=86149#breadcrumb"},"inLanguage":"fr-FR","potentialAction":[{"@type":"ReadAction","target":["https:\/\/lepotentiel.bj\/?p=86149"]}]},{"@type":"ImageObject","inLanguage":"fr-FR","@id":"https:\/\/lepotentiel.bj\/?p=86149#primaryimage","url":"https:\/\/lepotentiel.bj\/wp-content\/uploads\/2026\/07\/ghazouani_686937533.jpg","contentUrl":"https:\/\/lepotentiel.bj\/wp-content\/uploads\/2026\/07\/ghazouani_686937533.jpg","width":1373,"height":1078},{"@type":"BreadcrumbList","@id":"https:\/\/lepotentiel.bj\/?p=86149#breadcrumb","itemListElement":[{"@type":"ListItem","position":1,"name":"Accueil","item":"https:\/\/lepotentiel.bj\/"},{"@type":"ListItem","position":2,"name":"Mauritanie : deux d\u00e9put\u00e9es graci\u00e9es apr\u00e8s une condamnation \u00e0 quatre ans de prison"}]},{"@type":"WebSite","@id":"https:\/\/lepotentiel.bj\/#website","url":"https:\/\/lepotentiel.bj\/","name":"Le Potentiel","description":"Le Potentiel, au service de l\u2019information, nous sommes les fantassins du droit de savoir","publisher":{"@id":"https:\/\/lepotentiel.bj\/#organization"},"potentialAction":[{"@type":"SearchAction","target":{"@type":"EntryPoint","urlTemplate":"https:\/\/lepotentiel.bj\/?s={search_term_string}"},"query-input":{"@type":"PropertyValueSpecification","valueRequired":true,"valueName":"search_term_string"}}],"inLanguage":"fr-FR"},{"@type":"Organization","@id":"https:\/\/lepotentiel.bj\/#organization","name":"Le Potentiel","url":"https:\/\/lepotentiel.bj\/","logo":{"@type":"ImageObject","inLanguage":"fr-FR","@id":"https:\/\/lepotentiel.bj\/#\/schema\/logo\/image\/","url":"https:\/\/lepotentiel.bj\/wp-content\/uploads\/2023\/12\/logo-pot.jpg","contentUrl":"https:\/\/lepotentiel.bj\/wp-content\/uploads\/2023\/12\/logo-pot.jpg","width":562,"height":84,"caption":"Le Potentiel"},"image":{"@id":"https:\/\/lepotentiel.bj\/#\/schema\/logo\/image\/"}},{"@type":"Person","@id":"https:\/\/lepotentiel.bj\/#\/schema\/person\/001def78e1eafec4b5733ea184d49dd0","name":"Laura","image":{"@type":"ImageObject","inLanguage":"fr-FR","@id":"https:\/\/secure.gravatar.com\/avatar\/46e54a01dd5785f370a6c40e9cfe54ebcfd939154e6505072fe15421c0d32893?s=96&d=mm&r=g","url":"https:\/\/secure.gravatar.com\/avatar\/46e54a01dd5785f370a6c40e9cfe54ebcfd939154e6505072fe15421c0d32893?s=96&d=mm&r=g","contentUrl":"https:\/\/secure.gravatar.com\/avatar\/46e54a01dd5785f370a6c40e9cfe54ebcfd939154e6505072fe15421c0d32893?s=96&d=mm&r=g","caption":"Laura"},"url":"https:\/\/lepotentiel.bj\/?author=18"}]}},"_links":{"self":[{"href":"https:\/\/lepotentiel.bj\/index.php?rest_route=\/wp\/v2\/posts\/86149","targetHints":{"allow":["GET"]}}],"collection":[{"href":"https:\/\/lepotentiel.bj\/index.php?rest_route=\/wp\/v2\/posts"}],"about":[{"href":"https:\/\/lepotentiel.bj\/index.php?rest_route=\/wp\/v2\/types\/post"}],"author":[{"embeddable":true,"href":"https:\/\/lepotentiel.bj\/index.php?rest_route=\/wp\/v2\/users\/18"}],"replies":[{"embeddable":true,"href":"https:\/\/lepotentiel.bj\/index.php?rest_route=%2Fwp%2Fv2%2Fcomments&post=86149"}],"version-history":[{"count":2,"href":"https:\/\/lepotentiel.bj\/index.php?rest_route=\/wp\/v2\/posts\/86149\/revisions"}],"predecessor-version":[{"id":86152,"href":"https:\/\/lepotentiel.bj\/index.php?rest_route=\/wp\/v2\/posts\/86149\/revisions\/86152"}],"wp:featuredmedia":[{"embeddable":true,"href":"https:\/\/lepotentiel.bj\/index.php?rest_route=\/wp\/v2\/media\/86150"}],"wp:attachment":[{"href":"https:\/\/lepotentiel.bj\/index.php?rest_route=%2Fwp%2Fv2%2Fmedia&parent=86149"}],"wp:term":[{"taxonomy":"category","embeddable":true,"href":"https:\/\/lepotentiel.bj\/index.php?rest_route=%2Fwp%2Fv2%2Fcategories&post=86149"},{"taxonomy":"post_tag","embeddable":true,"href":"https:\/\/lepotentiel.bj\/index.php?rest_route=%2Fwp%2Fv2%2Ftags&post=86149"}],"curies":[{"name":"wp","href":"https:\/\/api.w.org\/{rel}","templated":true}]}}