{"id":86153,"date":"2026-07-14T19:56:45","date_gmt":"2026-07-14T17:56:45","guid":{"rendered":"https:\/\/lepotentiel.bj\/?p=86153"},"modified":"2026-07-14T19:56:45","modified_gmt":"2026-07-14T17:56:45","slug":"affaire-kemi-seba-le-dossier-dextradition-de-nouveau-renvoye-au-11-aout","status":"publish","type":"post","link":"https:\/\/lepotentiel.bj\/?p=86153","title":{"rendered":"Affaire K\u00e9mi S\u00e9ba : le dossier d\u2019extradition de nouveau renvoy\u00e9 au 11 ao\u00fbt"},"content":{"rendered":"<p style=\"text-align: justify;\">La proc\u00e9dure judiciaire concernant K\u00e9mi S\u00e9ba en Afrique du Sud se prolonge. Les autorit\u00e9s judiciaires sud-africaines ont d\u00e9cid\u00e9 de reporter au 11 ao\u00fbt 2026 l\u2019examen du dossier de l\u2019activiste panafricaniste, initialement attendu devant les tribunaux ce mardi.<\/p>\n<p style=\"text-align: justify;\">Le dossier judiciaire de l\u2019activiste panafricaniste K\u00e9mi S\u00e9ba conna\u00eet un nouveau report.Ce nouveau renvoi retarde l\u2019\u00e9volution de la proc\u00e9dure ouverte \u00e0 la suite de son interpellation \u00e0 Pretoria. En attendant cette nouvelle audience, K\u00e9mi S\u00e9ba demeure plac\u00e9 en d\u00e9tention provisoire.<\/p>\n<p style=\"text-align: justify;\">Au c\u0153ur du dossier figure la demande d\u2019extradition introduite par les autorit\u00e9s b\u00e9ninoises. Les juridictions sud-africaines poursuivent l\u2019examen des \u00e9l\u00e9ments soumis par les diff\u00e9rentes parties avant de statuer sur la suite de la proc\u00e9dure. L\u2019affaire remonte au 13 avril 2026, date \u00e0 laquelle l\u2019activiste avait \u00e9t\u00e9 arr\u00eat\u00e9 \u00e0 Pretoria en compagnie de son fils et d\u2019un ressortissant sud-africain. Depuis cette interpellation, plusieurs audiences se sont succ\u00e9d\u00e9 sans qu\u2019une d\u00e9cision d\u00e9finitive ne soit encore rendue. Les autorit\u00e9s b\u00e9ninoises souhaitent obtenir son extradition dans le cadre d\u2019une proc\u00e9dure judiciaire. Cette derni\u00e8re porte notamment sur des accusations d\u2019incitation \u00e0 la r\u00e9bellion, en lien avec les \u00e9v\u00e9nements ayant suivi la tentative de coup d\u2019\u00c9tat de d\u00e9cembre 2025.<\/p>\n<p style=\"text-align: justify;\">La prochaine \u00e9tape de cette affaire est d\u00e9sormais fix\u00e9e au 11 ao\u00fbt 2026, date \u00e0 laquelle la justice sud-africaine devrait reprendre l\u2019examen du dossier et se prononcer sur la poursuite de la proc\u00e9dure.<\/p>\n","protected":false},"excerpt":{"rendered":"<p>La proc\u00e9dure judiciaire concernant K\u00e9mi S\u00e9ba en Afrique du Sud se prolonge. Les autorit\u00e9s judiciaires sud-africaines ont d\u00e9cid\u00e9 de reporter au 11 ao\u00fbt 2026 l\u2019examen du dossier de l\u2019activiste panafricaniste, initialement attendu devant les tribunaux ce mardi. Le dossier judiciaire de l\u2019activiste panafricaniste K\u00e9mi S\u00e9ba conna\u00eet un nouveau report.Ce nouveau renvoi retarde l\u2019\u00e9volution de la [&hellip;]<\/p>\n","protected":false},"author":18,"featured_media":85080,"comment_status":"open","ping_status":"open","sticky":false,"template":"","format":"standard","meta":{"footnotes":""},"categories":[34,44,1358],"tags":[],"class_list":["post-86153","post","type-post","status-publish","format-standard","has-post-thumbnail","hentry","category-actualite","category-international","category-justice"],"yoast_head":"<!-- This site is optimized with the Yoast SEO plugin v28.2 - https:\/\/yoast.com\/product\/yoast-seo-wordpress\/ -->\n<title>Affaire K\u00e9mi S\u00e9ba : le dossier d\u2019extradition de nouveau renvoy\u00e9 au 11 ao\u00fbt - Le Potentiel<\/title>\n<meta name=\"robots\" content=\"index, follow, max-snippet:-1, max-image-preview:large, max-video-preview:-1\" \/>\n<link rel=\"canonical\" href=\"https:\/\/lepotentiel.bj\/?p=86153\" \/>\n<meta property=\"og:locale\" content=\"fr_FR\" \/>\n<meta property=\"og:type\" content=\"article\" \/>\n<meta property=\"og:title\" content=\"Affaire K\u00e9mi S\u00e9ba : le dossier d\u2019extradition de nouveau renvoy\u00e9 au 11 ao\u00fbt - Le Potentiel\" \/>\n<meta property=\"og:description\" content=\"La proc\u00e9dure judiciaire concernant K\u00e9mi S\u00e9ba en Afrique du Sud se prolonge. Les autorit\u00e9s judiciaires sud-africaines ont d\u00e9cid\u00e9 de reporter au 11 ao\u00fbt 2026 l\u2019examen du dossier de l\u2019activiste panafricaniste, initialement attendu devant les tribunaux ce mardi. Le dossier judiciaire de l\u2019activiste panafricaniste K\u00e9mi S\u00e9ba conna\u00eet un nouveau report.Ce nouveau renvoi retarde l\u2019\u00e9volution de la [&hellip;]\" \/>\n<meta property=\"og:url\" content=\"https:\/\/lepotentiel.bj\/?p=86153\" \/>\n<meta property=\"og:site_name\" content=\"Le Potentiel\" \/>\n<meta property=\"article:published_time\" content=\"2026-07-14T17:56:45+00:00\" \/>\n<meta property=\"og:image\" content=\"https:\/\/lepotentiel.bj\/wp-content\/uploads\/2026\/06\/Kemi-Seba.webp\" \/>\n\t<meta property=\"og:image:width\" content=\"1200\" \/>\n\t<meta property=\"og:image:height\" content=\"900\" \/>\n\t<meta property=\"og:image:type\" content=\"image\/webp\" \/>\n<meta name=\"author\" content=\"Laura\" \/>\n<meta name=\"twitter:card\" content=\"summary_large_image\" \/>\n<meta name=\"twitter:label1\" content=\"\u00c9crit par\" \/>\n\t<meta name=\"twitter:data1\" content=\"Laura\" \/>\n\t<meta name=\"twitter:label2\" content=\"Dur\u00e9e de lecture estim\u00e9e\" \/>\n\t<meta name=\"twitter:data2\" content=\"1 minute\" \/>\n<script type=\"application\/ld+json\" class=\"yoast-schema-graph\">{\"@context\":\"https:\\\/\\\/schema.org\",\"@graph\":[{\"@type\":\"Article\",\"@id\":\"https:\\\/\\\/lepotentiel.bj\\\/?p=86153#article\",\"isPartOf\":{\"@id\":\"https:\\\/\\\/lepotentiel.bj\\\/?p=86153\"},\"author\":{\"name\":\"Laura\",\"@id\":\"https:\\\/\\\/lepotentiel.bj\\\/#\\\/schema\\\/person\\\/001def78e1eafec4b5733ea184d49dd0\"},\"headline\":\"Affaire K\u00e9mi S\u00e9ba : le dossier d\u2019extradition de nouveau renvoy\u00e9 au 11 ao\u00fbt\",\"datePublished\":\"2026-07-14T17:56:45+00:00\",\"mainEntityOfPage\":{\"@id\":\"https:\\\/\\\/lepotentiel.bj\\\/?p=86153\"},\"wordCount\":274,\"commentCount\":0,\"publisher\":{\"@id\":\"https:\\\/\\\/lepotentiel.bj\\\/#organization\"},\"image\":{\"@id\":\"https:\\\/\\\/lepotentiel.bj\\\/?p=86153#primaryimage\"},\"thumbnailUrl\":\"https:\\\/\\\/lepotentiel.bj\\\/wp-content\\\/uploads\\\/2026\\\/06\\\/Kemi-Seba.webp\",\"articleSection\":[\"Actualit\u00e9\",\"International\",\"Justice\"],\"inLanguage\":\"fr-FR\",\"potentialAction\":[{\"@type\":\"CommentAction\",\"name\":\"Comment\",\"target\":[\"https:\\\/\\\/lepotentiel.bj\\\/?p=86153#respond\"]}]},{\"@type\":\"WebPage\",\"@id\":\"https:\\\/\\\/lepotentiel.bj\\\/?p=86153\",\"url\":\"https:\\\/\\\/lepotentiel.bj\\\/?p=86153\",\"name\":\"Affaire K\u00e9mi S\u00e9ba : le dossier d\u2019extradition de nouveau renvoy\u00e9 au 11 ao\u00fbt - Le Potentiel\",\"isPartOf\":{\"@id\":\"https:\\\/\\\/lepotentiel.bj\\\/#website\"},\"primaryImageOfPage\":{\"@id\":\"https:\\\/\\\/lepotentiel.bj\\\/?p=86153#primaryimage\"},\"image\":{\"@id\":\"https:\\\/\\\/lepotentiel.bj\\\/?p=86153#primaryimage\"},\"thumbnailUrl\":\"https:\\\/\\\/lepotentiel.bj\\\/wp-content\\\/uploads\\\/2026\\\/06\\\/Kemi-Seba.webp\",\"datePublished\":\"2026-07-14T17:56:45+00:00\",\"breadcrumb\":{\"@id\":\"https:\\\/\\\/lepotentiel.bj\\\/?p=86153#breadcrumb\"},\"inLanguage\":\"fr-FR\",\"potentialAction\":[{\"@type\":\"ReadAction\",\"target\":[\"https:\\\/\\\/lepotentiel.bj\\\/?p=86153\"]}]},{\"@type\":\"ImageObject\",\"inLanguage\":\"fr-FR\",\"@id\":\"https:\\\/\\\/lepotentiel.bj\\\/?p=86153#primaryimage\",\"url\":\"https:\\\/\\\/lepotentiel.bj\\\/wp-content\\\/uploads\\\/2026\\\/06\\\/Kemi-Seba.webp\",\"contentUrl\":\"https:\\\/\\\/lepotentiel.bj\\\/wp-content\\\/uploads\\\/2026\\\/06\\\/Kemi-Seba.webp\",\"width\":1200,\"height\":900},{\"@type\":\"BreadcrumbList\",\"@id\":\"https:\\\/\\\/lepotentiel.bj\\\/?p=86153#breadcrumb\",\"itemListElement\":[{\"@type\":\"ListItem\",\"position\":1,\"name\":\"Accueil\",\"item\":\"https:\\\/\\\/lepotentiel.bj\\\/\"},{\"@type\":\"ListItem\",\"position\":2,\"name\":\"Affaire K\u00e9mi S\u00e9ba : le dossier d\u2019extradition de nouveau renvoy\u00e9 au 11 ao\u00fbt\"}]},{\"@type\":\"WebSite\",\"@id\":\"https:\\\/\\\/lepotentiel.bj\\\/#website\",\"url\":\"https:\\\/\\\/lepotentiel.bj\\\/\",\"name\":\"Le Potentiel\",\"description\":\"Le Potentiel, au service de l\u2019information, nous sommes les fantassins du droit de savoir\",\"publisher\":{\"@id\":\"https:\\\/\\\/lepotentiel.bj\\\/#organization\"},\"potentialAction\":[{\"@type\":\"SearchAction\",\"target\":{\"@type\":\"EntryPoint\",\"urlTemplate\":\"https:\\\/\\\/lepotentiel.bj\\\/?s={search_term_string}\"},\"query-input\":{\"@type\":\"PropertyValueSpecification\",\"valueRequired\":true,\"valueName\":\"search_term_string\"}}],\"inLanguage\":\"fr-FR\"},{\"@type\":\"Organization\",\"@id\":\"https:\\\/\\\/lepotentiel.bj\\\/#organization\",\"name\":\"Le Potentiel\",\"url\":\"https:\\\/\\\/lepotentiel.bj\\\/\",\"logo\":{\"@type\":\"ImageObject\",\"inLanguage\":\"fr-FR\",\"@id\":\"https:\\\/\\\/lepotentiel.bj\\\/#\\\/schema\\\/logo\\\/image\\\/\",\"url\":\"https:\\\/\\\/lepotentiel.bj\\\/wp-content\\\/uploads\\\/2023\\\/12\\\/logo-pot.jpg\",\"contentUrl\":\"https:\\\/\\\/lepotentiel.bj\\\/wp-content\\\/uploads\\\/2023\\\/12\\\/logo-pot.jpg\",\"width\":562,\"height\":84,\"caption\":\"Le Potentiel\"},\"image\":{\"@id\":\"https:\\\/\\\/lepotentiel.bj\\\/#\\\/schema\\\/logo\\\/image\\\/\"}},{\"@type\":\"Person\",\"@id\":\"https:\\\/\\\/lepotentiel.bj\\\/#\\\/schema\\\/person\\\/001def78e1eafec4b5733ea184d49dd0\",\"name\":\"Laura\",\"image\":{\"@type\":\"ImageObject\",\"inLanguage\":\"fr-FR\",\"@id\":\"https:\\\/\\\/secure.gravatar.com\\\/avatar\\\/46e54a01dd5785f370a6c40e9cfe54ebcfd939154e6505072fe15421c0d32893?s=96&d=mm&r=g\",\"url\":\"https:\\\/\\\/secure.gravatar.com\\\/avatar\\\/46e54a01dd5785f370a6c40e9cfe54ebcfd939154e6505072fe15421c0d32893?s=96&d=mm&r=g\",\"contentUrl\":\"https:\\\/\\\/secure.gravatar.com\\\/avatar\\\/46e54a01dd5785f370a6c40e9cfe54ebcfd939154e6505072fe15421c0d32893?s=96&d=mm&r=g\",\"caption\":\"Laura\"},\"url\":\"https:\\\/\\\/lepotentiel.bj\\\/?author=18\"}]}<\/script>\n<!-- \/ Yoast SEO plugin. -->","yoast_head_json":{"title":"Affaire K\u00e9mi S\u00e9ba : le dossier d\u2019extradition de nouveau renvoy\u00e9 au 11 ao\u00fbt - Le Potentiel","robots":{"index":"index","follow":"follow","max-snippet":"max-snippet:-1","max-image-preview":"max-image-preview:large","max-video-preview":"max-video-preview:-1"},"canonical":"https:\/\/lepotentiel.bj\/?p=86153","og_locale":"fr_FR","og_type":"article","og_title":"Affaire K\u00e9mi S\u00e9ba : le dossier d\u2019extradition de nouveau renvoy\u00e9 au 11 ao\u00fbt - Le Potentiel","og_description":"La proc\u00e9dure judiciaire concernant K\u00e9mi S\u00e9ba en Afrique du Sud se prolonge. Les autorit\u00e9s judiciaires sud-africaines ont d\u00e9cid\u00e9 de reporter au 11 ao\u00fbt 2026 l\u2019examen du dossier de l\u2019activiste panafricaniste, initialement attendu devant les tribunaux ce mardi. Le dossier judiciaire de l\u2019activiste panafricaniste K\u00e9mi S\u00e9ba conna\u00eet un nouveau report.Ce nouveau renvoi retarde l\u2019\u00e9volution de la [&hellip;]","og_url":"https:\/\/lepotentiel.bj\/?p=86153","og_site_name":"Le Potentiel","article_published_time":"2026-07-14T17:56:45+00:00","og_image":[{"width":1200,"height":900,"url":"https:\/\/lepotentiel.bj\/wp-content\/uploads\/2026\/06\/Kemi-Seba.webp","type":"image\/webp"}],"author":"Laura","twitter_card":"summary_large_image","twitter_misc":{"\u00c9crit par":"Laura","Dur\u00e9e de lecture estim\u00e9e":"1 minute"},"schema":{"@context":"https:\/\/schema.org","@graph":[{"@type":"Article","@id":"https:\/\/lepotentiel.bj\/?p=86153#article","isPartOf":{"@id":"https:\/\/lepotentiel.bj\/?p=86153"},"author":{"name":"Laura","@id":"https:\/\/lepotentiel.bj\/#\/schema\/person\/001def78e1eafec4b5733ea184d49dd0"},"headline":"Affaire K\u00e9mi S\u00e9ba : le dossier d\u2019extradition de nouveau renvoy\u00e9 au 11 ao\u00fbt","datePublished":"2026-07-14T17:56:45+00:00","mainEntityOfPage":{"@id":"https:\/\/lepotentiel.bj\/?p=86153"},"wordCount":274,"commentCount":0,"publisher":{"@id":"https:\/\/lepotentiel.bj\/#organization"},"image":{"@id":"https:\/\/lepotentiel.bj\/?p=86153#primaryimage"},"thumbnailUrl":"https:\/\/lepotentiel.bj\/wp-content\/uploads\/2026\/06\/Kemi-Seba.webp","articleSection":["Actualit\u00e9","International","Justice"],"inLanguage":"fr-FR","potentialAction":[{"@type":"CommentAction","name":"Comment","target":["https:\/\/lepotentiel.bj\/?p=86153#respond"]}]},{"@type":"WebPage","@id":"https:\/\/lepotentiel.bj\/?p=86153","url":"https:\/\/lepotentiel.bj\/?p=86153","name":"Affaire K\u00e9mi S\u00e9ba : le dossier d\u2019extradition de nouveau renvoy\u00e9 au 11 ao\u00fbt - Le Potentiel","isPartOf":{"@id":"https:\/\/lepotentiel.bj\/#website"},"primaryImageOfPage":{"@id":"https:\/\/lepotentiel.bj\/?p=86153#primaryimage"},"image":{"@id":"https:\/\/lepotentiel.bj\/?p=86153#primaryimage"},"thumbnailUrl":"https:\/\/lepotentiel.bj\/wp-content\/uploads\/2026\/06\/Kemi-Seba.webp","datePublished":"2026-07-14T17:56:45+00:00","breadcrumb":{"@id":"https:\/\/lepotentiel.bj\/?p=86153#breadcrumb"},"inLanguage":"fr-FR","potentialAction":[{"@type":"ReadAction","target":["https:\/\/lepotentiel.bj\/?p=86153"]}]},{"@type":"ImageObject","inLanguage":"fr-FR","@id":"https:\/\/lepotentiel.bj\/?p=86153#primaryimage","url":"https:\/\/lepotentiel.bj\/wp-content\/uploads\/2026\/06\/Kemi-Seba.webp","contentUrl":"https:\/\/lepotentiel.bj\/wp-content\/uploads\/2026\/06\/Kemi-Seba.webp","width":1200,"height":900},{"@type":"BreadcrumbList","@id":"https:\/\/lepotentiel.bj\/?p=86153#breadcrumb","itemListElement":[{"@type":"ListItem","position":1,"name":"Accueil","item":"https:\/\/lepotentiel.bj\/"},{"@type":"ListItem","position":2,"name":"Affaire K\u00e9mi S\u00e9ba : le dossier d\u2019extradition de nouveau renvoy\u00e9 au 11 ao\u00fbt"}]},{"@type":"WebSite","@id":"https:\/\/lepotentiel.bj\/#website","url":"https:\/\/lepotentiel.bj\/","name":"Le Potentiel","description":"Le Potentiel, au service de l\u2019information, nous sommes les fantassins du droit de savoir","publisher":{"@id":"https:\/\/lepotentiel.bj\/#organization"},"potentialAction":[{"@type":"SearchAction","target":{"@type":"EntryPoint","urlTemplate":"https:\/\/lepotentiel.bj\/?s={search_term_string}"},"query-input":{"@type":"PropertyValueSpecification","valueRequired":true,"valueName":"search_term_string"}}],"inLanguage":"fr-FR"},{"@type":"Organization","@id":"https:\/\/lepotentiel.bj\/#organization","name":"Le Potentiel","url":"https:\/\/lepotentiel.bj\/","logo":{"@type":"ImageObject","inLanguage":"fr-FR","@id":"https:\/\/lepotentiel.bj\/#\/schema\/logo\/image\/","url":"https:\/\/lepotentiel.bj\/wp-content\/uploads\/2023\/12\/logo-pot.jpg","contentUrl":"https:\/\/lepotentiel.bj\/wp-content\/uploads\/2023\/12\/logo-pot.jpg","width":562,"height":84,"caption":"Le Potentiel"},"image":{"@id":"https:\/\/lepotentiel.bj\/#\/schema\/logo\/image\/"}},{"@type":"Person","@id":"https:\/\/lepotentiel.bj\/#\/schema\/person\/001def78e1eafec4b5733ea184d49dd0","name":"Laura","image":{"@type":"ImageObject","inLanguage":"fr-FR","@id":"https:\/\/secure.gravatar.com\/avatar\/46e54a01dd5785f370a6c40e9cfe54ebcfd939154e6505072fe15421c0d32893?s=96&d=mm&r=g","url":"https:\/\/secure.gravatar.com\/avatar\/46e54a01dd5785f370a6c40e9cfe54ebcfd939154e6505072fe15421c0d32893?s=96&d=mm&r=g","contentUrl":"https:\/\/secure.gravatar.com\/avatar\/46e54a01dd5785f370a6c40e9cfe54ebcfd939154e6505072fe15421c0d32893?s=96&d=mm&r=g","caption":"Laura"},"url":"https:\/\/lepotentiel.bj\/?author=18"}]}},"_links":{"self":[{"href":"https:\/\/lepotentiel.bj\/index.php?rest_route=\/wp\/v2\/posts\/86153","targetHints":{"allow":["GET"]}}],"collection":[{"href":"https:\/\/lepotentiel.bj\/index.php?rest_route=\/wp\/v2\/posts"}],"about":[{"href":"https:\/\/lepotentiel.bj\/index.php?rest_route=\/wp\/v2\/types\/post"}],"author":[{"embeddable":true,"href":"https:\/\/lepotentiel.bj\/index.php?rest_route=\/wp\/v2\/users\/18"}],"replies":[{"embeddable":true,"href":"https:\/\/lepotentiel.bj\/index.php?rest_route=%2Fwp%2Fv2%2Fcomments&post=86153"}],"version-history":[{"count":1,"href":"https:\/\/lepotentiel.bj\/index.php?rest_route=\/wp\/v2\/posts\/86153\/revisions"}],"predecessor-version":[{"id":86154,"href":"https:\/\/lepotentiel.bj\/index.php?rest_route=\/wp\/v2\/posts\/86153\/revisions\/86154"}],"wp:featuredmedia":[{"embeddable":true,"href":"https:\/\/lepotentiel.bj\/index.php?rest_route=\/wp\/v2\/media\/85080"}],"wp:attachment":[{"href":"https:\/\/lepotentiel.bj\/index.php?rest_route=%2Fwp%2Fv2%2Fmedia&parent=86153"}],"wp:term":[{"taxonomy":"category","embeddable":true,"href":"https:\/\/lepotentiel.bj\/index.php?rest_route=%2Fwp%2Fv2%2Fcategories&post=86153"},{"taxonomy":"post_tag","embeddable":true,"href":"https:\/\/lepotentiel.bj\/index.php?rest_route=%2Fwp%2Fv2%2Ftags&post=86153"}],"curies":[{"name":"wp","href":"https:\/\/api.w.org\/{rel}","templated":true}]}}