{"id":86156,"date":"2026-07-14T22:53:20","date_gmt":"2026-07-14T20:53:20","guid":{"rendered":"https:\/\/lepotentiel.bj\/?p=86156"},"modified":"2026-07-14T22:53:20","modified_gmt":"2026-07-14T20:53:20","slug":"le-nouveau-code-des-forets-et-de-la-faune-en-debat-a-lassemblee-nationale-le-depute-paulin-akponna-defend-une-loi-tournee-vers-lavenir-des-ressources-naturelles","status":"publish","type":"post","link":"https:\/\/lepotentiel.bj\/?p=86156","title":{"rendered":"Le nouveau code des for\u00eats et de la faune en d\u00e9bat \u00e0 l&rsquo;assembl\u00e9e nationale: Le d\u00e9put\u00e9 Paulin Akponna d\u00e9fend une loi tourn\u00e9e vers l&rsquo;avenir des ressources naturelles"},"content":{"rendered":"<p>Le Code des for\u00eats et de la faune a franchi une nouvelle \u00e9tape \u00e0 l&rsquo;Assembl\u00e9e nationale. Lors des d\u00e9bats consacr\u00e9s \u00e0 l&rsquo;examen du projet de loi, le d\u00e9put\u00e9 Paulin Akponna Kingnid\u00e9 a livr\u00e9 une intervention ax\u00e9e sur les d\u00e9fis environnementaux, les enjeux \u00e9conomiques et la n\u00e9cessit\u00e9 de doter le B\u00e9nin d&rsquo;un cadre juridique adapt\u00e9 \u00e0 la gestion durable des ressources foresti\u00e8res et fauniques.<\/p>\n<p>Prenant la parole devant la repr\u00e9sentation nationale, l&rsquo;\u00e9lu a d&rsquo;abord salu\u00e9 la pr\u00e9sence des membres du gouvernement, en adressant des f\u00e9licitations au ministre du cadre de vie, du transport et du d\u00e9veloppement durable pour sa prise de fonctions.<\/p>\n<p>Pour Paulin Akponna Kingnid\u00e9, le texte arrive dans un contexte o\u00f9 \u00ab le recul du couvert v\u00e9g\u00e9tal et la menace d&rsquo;extinction qui p\u00e8se sur plusieurs esp\u00e8ces animales \u00bb imposent une r\u00e9ponse l\u00e9gislative adapt\u00e9e. Il a rappel\u00e9 que la d\u00e9forestation, la pression d\u00e9mographique, la transhumance, la chasse ill\u00e9gale, le braconnage ainsi que les insuffisances du cadre juridique figurent parmi les principales causes de cette situation.<\/p>\n<p>Au cours de son intervention, le d\u00e9put\u00e9 a rendu hommage au pr\u00e9sident Patrice Talon pour les r\u00e9formes engag\u00e9es dans le secteur. Il a \u00e9galement salu\u00e9 la continuit\u00e9 de l&rsquo;action gouvernementale conduite par le pr\u00e9sident de la R\u00e9publique, Romuald Wadagni, estimant que l&rsquo;adoption r\u00e9cente de la loi-cadre sur l&rsquo;environnement s&rsquo;inscrit dans cette m\u00eame dynamique.<\/p>\n<p>Le parlementaire a aussi f\u00e9licit\u00e9 le pr\u00e9sident de l&rsquo;Assembl\u00e9e nationale pour l&rsquo;organisation des travaux l\u00e9gislatifs, ainsi que le pr\u00e9sident de la Commission du Plan, de l&rsquo;\u00c9quipement et de la Production pour la conduite de l&rsquo;examen du dossier.<\/p>\n<p>S&rsquo;attardant sur le contenu du code des for\u00eats et de la faune, Paulin Akponna Kingnid\u00e9 a mis en avant plusieurs innovations. Il a cit\u00e9 \u00ab une vision moderne et int\u00e9gr\u00e9e de la conservation \u00bb, \u00ab une gestion fond\u00e9e sur la science et les donn\u00e9es \u00bb, le renforcement de la lutte contre la criminalit\u00e9 faunique, la mise en place de m\u00e9canismes de financement durable du secteur forestier et une implication renforc\u00e9e des communaut\u00e9s locales.<\/p>\n<p>L&rsquo;\u00e9lu a toutefois rappel\u00e9 qu&rsquo;il avait \u00e9mis des r\u00e9serves lors du s\u00e9minaire de Grand-Popo consacr\u00e9 \u00e0 l&rsquo;avant-projet de loi. Ces observations portaient sur la n\u00e9cessit\u00e9 d&rsquo;arrimer le texte \u00e0 la strat\u00e9gie nationale de d\u00e9veloppement \u00e9conomique, notamment autour des six p\u00f4les de d\u00e9veloppement territorial. Il a \u00e9galement \u00e9voqu\u00e9 les imp\u00e9ratifs li\u00e9s \u00e0 la diversification agricole, \u00e0 l&rsquo;industrialisation, \u00e0 la s\u00e9curit\u00e9 des parcs et des sites culturels face aux menaces terroristes r\u00e9gionales, ainsi qu&rsquo;au maintien d&rsquo;un approvisionnement \u00e9nerg\u00e9tique fiable.<\/p>\n<p>Apr\u00e8s les \u00e9changes intervenus en commission, Paulin Akponna Kingnid\u00e9 a estim\u00e9 que ses pr\u00e9occupations avaient \u00e9t\u00e9 prises en compte. \u00ab Mes r\u00e9serves sont ainsi devenues caduques \u00bb, a-t-il d\u00e9clar\u00e9, saluant la mise en place d&rsquo;un cadre de concertation intersectorielle destin\u00e9 \u00e0 renforcer la coordination entre les diff\u00e9rents acteurs.<\/p>\n<p>En conclusion, le d\u00e9put\u00e9 a lanc\u00e9 un appel \u00e0 ses coll\u00e8gues parlementaires, \u00ab Il ne me reste qu&rsquo;\u00e0 nous inviter \u00e0 voter, \u00e0 l&rsquo;unanimit\u00e9, favorablement pour cette loi. \u00bb Une prise de position qui traduit son soutien au code des for\u00eats et de la faune, d\u00e9sormais pr\u00e9sent\u00e9 comme un instrument au service de la gestion durable des ressources naturelles et du d\u00e9veloppement du B\u00e9nin.<br \/>\nLisez le verbatim de son intervention<\/p>\n<p>&nbsp;<\/p>\n<p><strong>INTERVENTION DU D\u00c9PUT\u00c9 PAULIN AKPONNA KINGNID\u00c9<\/strong><\/p>\n<p>&nbsp;<\/p>\n<p>Monsieur le Pr\u00e9sident de l\u2019Assembl\u00e9e Nationale,<br \/>\nJe vous remercie de m\u2019avoir donn\u00e9 la parole et je salue la pr\u00e9sence parmi nous des Ministres du Gouvernement particuli\u00e8rement le Ministre du Cadre de vie, du Transport et du D\u00e9veloppement durable lui souhaitant plein succ\u00e8s dans ses nouvelles fonctions.<\/p>\n<p>La loi soumise \u00e0 notre \u00e9tude ce jour en vue de son adoption s\u2019intitule : \u00ab\u00a0Loi portant Code des for\u00eats et de la faune en R\u00e9publique du B\u00e9nin\u00a0\u00bb<\/p>\n<p>Il ne serait pas superflu de rappeler ici les d\u00e9fis relatifs \u00e0 la gestion des for\u00eats et de la faune que sont le recul du couvert v\u00e9g\u00e9tal et la menace d\u2019extinction qui p\u00e8se sur plusieurs esp\u00e8ces animales.<\/p>\n<p>Ces d\u00e9fis, qui nous interpellent tous, ont pour causes : la d\u00e9forestation, la d\u00e9mographie et la transhumance puis la chasse ill\u00e9gale et le braconnage ainsi que l\u2019absence d\u2019un cadre juridique et institutionnel ad\u00e9quat.<\/p>\n<p>C\u2019est justement sur ce dernier point que je voudrais m\u2019arr\u00eater pour reconna\u00eetre ici publiquement le m\u00e9rite de l\u2019homme de vision, de m\u00e9thode et de rigueur qui a r\u00e9v\u00e9l\u00e9 au monde entier que \u00ab\u00a0le B\u00e9nin a v\u00e9ritablement et d\u00e9finitivement trouv\u00e9 son chemin\u00a0\u00bb, je voudrais nommer tr\u00e8s respectueusement le Pr\u00e9sident Patrice Athanase Guillaume TALON. Aussi voudrais-je reconna\u00eetre au Pr\u00e9sident de la R\u00e9publique, Son Excellence Monsieur Romuald WADAGNI, la coh\u00e9rence de son action gouvernementale, r\u00e9solument inscrite dans la continuit\u00e9, et dont la loi cadre sur l\u2019environnement vot\u00e9e hier \u00e0 l\u2019unanimit\u00e9, apr\u00e8s de longs et riches d\u00e9bats, constitue une parfaite illustration.<\/p>\n<p>Monsieur le Pr\u00e9sident de l\u2019Assembl\u00e9e Nationale, c\u2019est aussi pour moi le lieu de saluer votre g\u00e9nie pour avoir fait pass\u00e9 la loi sur l\u2019environnement avant celle-ci et f\u00e9liciter le Pr\u00e9sident de la Commission du Plan, de l\u2019Equipement et de la Production pour sa rigueur.<\/p>\n<p>Honorables D\u00e9put\u00e9s \u00e0 l\u2019Assembl\u00e9e Nationale,<br \/>\nCes d\u00e9fis appellent des r\u00e9ponses courageuses, innovantes et durables. C\u2019est pourquoi le Gouvernement, \u00e0 travers cette loi, propose une s\u00e9rie d\u2019innovations pour une gestion plus efficace de nos for\u00eats et de notre faune.<br \/>\nJe retiens entre autres innovations :<br \/>\n1. une vision moderne et int\u00e9gr\u00e9e de la conservation ;<br \/>\n2. \u2060une gestion fond\u00e9e sur la science et les donn\u00e9es ;<br \/>\n3. \u2060une lutte renforc\u00e9e contre la criminalit\u00e9 faunique ;<br \/>\n4. la proposition des m\u00e9canismes de financement durable du secteur forestier ;<br \/>\n5. une meilleure implication des communaut\u00e9s locales.<\/p>\n<p>Cependant, j\u2019ai exprim\u00e9 des r\u00e9serves lors du s\u00e9minaire de Grand-Popo sur l\u2019avant Projet de loi. Elles visent essentiellement l\u2019arrimage de ladite loi avec la strat\u00e9gie de d\u00e9veloppement \u00e9conomique du pays, qui s\u2019articule autour de six p\u00f4les de d\u00e9veloppement territorial, nouvel organe dans la structuration de la gouvernance du pays dont il conviendra d\u00e9sormais d\u2019int\u00e9grer.<\/p>\n<p>En effet, la probl\u00e9matique de la gestion des for\u00eats et de la faune est aujourd\u2019hui un enjeu majeur de d\u00e9veloppement durable. Elle consiste \u00e0 concilier la pr\u00e9servation des ressources naturelles avec les besoins \u00e9conomiques et sociaux des populations par la prise en compte des autres d\u00e9fis li\u00e9s \u00e0 la comp\u00e9titivit\u00e9 de l\u2019\u00e9conomie nationale que sont :<br \/>\n1. la poursuite de la politique de diversification agricole afin de continuer par accro\u00eetre la production nationale et r\u00e9duire la d\u00e9pendance vis-\u00e0-vis des importations ;<br \/>\n2. la poursuite de la politique d\u2019industrialisation afin de continuer par augmenter la valeur ajout\u00e9e des exportations ;<br \/>\n3. \u2060l\u2019am\u00e9lioration de la s\u00e9curit\u00e9 de nos Parcs d\u2019attractions, de nos sites culturels et historiques, face aux menaces terroristes r\u00e9gionales, afin de r\u00e9duire le risque pays et de promouvoir davantage l\u2019\u00e9cotourisme ;<br \/>\n4. \u2060le maintien d\u2019un bon mix \u00e9nerg\u00e9tique pour garantir un approvisionnement fiable et continu de l\u2019\u00e9nergie.<\/p>\n<p>\u00c0 l\u2019issue du s\u00e9minaire ainsi que des travaux de Commission qui s\u2019en sont suivis, j\u2019ai pu noter que le Gouvernement propose par ailleurs une gouvernance plus participative bas\u00e9e sur la mise en place d\u2019un cadre de concertation intersectorielle, ce qui augure d\u2019une parfaite synergie d\u2019actions entre l\u2019ensemble des parties prenantes de l\u2019\u00e9conomie nationale. Mes r\u00e9serves sont ainsi devenues caduques.<\/p>\n<p>Monsieur le Pr\u00e9sident, chers coll\u00e8gues D\u00e9put\u00e9s \u00e0 l\u2019Assembl\u00e9e Nationale, il ne me reste qu\u2019\u00e0 nous inviter \u00e0 voter, \u00e0 l\u2019unanimit\u00e9, favorablement pour cette loi.<\/p>\n<p>&nbsp;<\/p>\n<p>Je vous remercie !!!<\/p>\n","protected":false},"excerpt":{"rendered":"<p>Le Code des for\u00eats et de la faune a franchi une nouvelle \u00e9tape \u00e0 l&rsquo;Assembl\u00e9e nationale. Lors des d\u00e9bats consacr\u00e9s \u00e0 l&rsquo;examen du projet de loi, le d\u00e9put\u00e9 Paulin Akponna Kingnid\u00e9 a livr\u00e9 une intervention ax\u00e9e sur les d\u00e9fis environnementaux, les enjeux \u00e9conomiques et la n\u00e9cessit\u00e9 de doter le B\u00e9nin d&rsquo;un cadre juridique adapt\u00e9 \u00e0 [&hellip;]<\/p>\n","protected":false},"author":7,"featured_media":86157,"comment_status":"open","ping_status":"open","sticky":false,"template":"","format":"standard","meta":{"footnotes":""},"categories":[34],"tags":[22932,17085,22933,4094,22934,4055],"class_list":["post-86156","post","type-post","status-publish","format-standard","has-post-thumbnail","hentry","category-actualite","tag-assemblee-national","tag-assemblee-nationale-3","tag-code-foret","tag-declaration","tag-depute-akponna-kingnide","tag-vote"],"yoast_head":"<!-- This site is optimized with the Yoast SEO plugin v28.2 - https:\/\/yoast.com\/product\/yoast-seo-wordpress\/ -->\n<title>Le nouveau code des for\u00eats et de la faune en d\u00e9bat \u00e0 l&#039;assembl\u00e9e nationale: Le d\u00e9put\u00e9 Paulin Akponna d\u00e9fend une loi tourn\u00e9e vers l&#039;avenir des ressources naturelles - Le Potentiel<\/title>\n<meta name=\"robots\" content=\"index, follow, max-snippet:-1, max-image-preview:large, max-video-preview:-1\" \/>\n<link rel=\"canonical\" href=\"https:\/\/lepotentiel.bj\/?p=86156\" \/>\n<meta property=\"og:locale\" content=\"fr_FR\" \/>\n<meta property=\"og:type\" content=\"article\" \/>\n<meta property=\"og:title\" content=\"Le nouveau code des for\u00eats et de la faune en d\u00e9bat \u00e0 l&#039;assembl\u00e9e nationale: Le d\u00e9put\u00e9 Paulin Akponna d\u00e9fend une loi tourn\u00e9e vers l&#039;avenir des ressources naturelles - Le Potentiel\" \/>\n<meta property=\"og:description\" content=\"Le Code des for\u00eats et de la faune a franchi une nouvelle \u00e9tape \u00e0 l&rsquo;Assembl\u00e9e nationale. Lors des d\u00e9bats consacr\u00e9s \u00e0 l&rsquo;examen du projet de loi, le d\u00e9put\u00e9 Paulin Akponna Kingnid\u00e9 a livr\u00e9 une intervention ax\u00e9e sur les d\u00e9fis environnementaux, les enjeux \u00e9conomiques et la n\u00e9cessit\u00e9 de doter le B\u00e9nin d&rsquo;un cadre juridique adapt\u00e9 \u00e0 [&hellip;]\" \/>\n<meta property=\"og:url\" content=\"https:\/\/lepotentiel.bj\/?p=86156\" \/>\n<meta property=\"og:site_name\" content=\"Le Potentiel\" \/>\n<meta property=\"article:published_time\" content=\"2026-07-14T20:53:20+00:00\" \/>\n<meta property=\"og:image\" content=\"https:\/\/lepotentiel.bj\/wp-content\/uploads\/2026\/07\/IMG-20260714-WA0502.jpg\" \/>\n\t<meta property=\"og:image:width\" content=\"2560\" \/>\n\t<meta property=\"og:image:height\" content=\"1706\" \/>\n\t<meta property=\"og:image:type\" content=\"image\/jpeg\" \/>\n<meta name=\"author\" content=\"Louis\" \/>\n<meta name=\"twitter:card\" content=\"summary_large_image\" \/>\n<meta name=\"twitter:label1\" content=\"\u00c9crit par\" \/>\n\t<meta name=\"twitter:data1\" content=\"Louis\" \/>\n\t<meta name=\"twitter:label2\" content=\"Dur\u00e9e de lecture estim\u00e9e\" \/>\n\t<meta name=\"twitter:data2\" content=\"7 minutes\" \/>\n<script type=\"application\/ld+json\" class=\"yoast-schema-graph\">{\"@context\":\"https:\\\/\\\/schema.org\",\"@graph\":[{\"@type\":\"Article\",\"@id\":\"https:\\\/\\\/lepotentiel.bj\\\/?p=86156#article\",\"isPartOf\":{\"@id\":\"https:\\\/\\\/lepotentiel.bj\\\/?p=86156\"},\"author\":{\"name\":\"Louis\",\"@id\":\"https:\\\/\\\/lepotentiel.bj\\\/#\\\/schema\\\/person\\\/fdda957c384e805f0fc0d27336e2043e\"},\"headline\":\"Le nouveau code des for\u00eats et de la faune en d\u00e9bat \u00e0 l&rsquo;assembl\u00e9e nationale: Le d\u00e9put\u00e9 Paulin Akponna d\u00e9fend une loi tourn\u00e9e vers l&rsquo;avenir des ressources naturelles\",\"datePublished\":\"2026-07-14T20:53:20+00:00\",\"mainEntityOfPage\":{\"@id\":\"https:\\\/\\\/lepotentiel.bj\\\/?p=86156\"},\"wordCount\":1381,\"commentCount\":0,\"publisher\":{\"@id\":\"https:\\\/\\\/lepotentiel.bj\\\/#organization\"},\"image\":{\"@id\":\"https:\\\/\\\/lepotentiel.bj\\\/?p=86156#primaryimage\"},\"thumbnailUrl\":\"https:\\\/\\\/lepotentiel.bj\\\/wp-content\\\/uploads\\\/2026\\\/07\\\/IMG-20260714-WA0502.jpg\",\"keywords\":[\"Assembl\u00e9e national\",\"ASSEMBL\u00c9E NATIONALE\",\"code for\u00eat\",\"d\u00e9claration\",\"d\u00e9put\u00e9 Akponna Kingnid\u00e9\",\"vote\"],\"articleSection\":[\"Actualit\u00e9\"],\"inLanguage\":\"fr-FR\",\"potentialAction\":[{\"@type\":\"CommentAction\",\"name\":\"Comment\",\"target\":[\"https:\\\/\\\/lepotentiel.bj\\\/?p=86156#respond\"]}]},{\"@type\":\"WebPage\",\"@id\":\"https:\\\/\\\/lepotentiel.bj\\\/?p=86156\",\"url\":\"https:\\\/\\\/lepotentiel.bj\\\/?p=86156\",\"name\":\"Le nouveau code des for\u00eats et de la faune en d\u00e9bat \u00e0 l'assembl\u00e9e nationale: Le d\u00e9put\u00e9 Paulin Akponna d\u00e9fend une loi tourn\u00e9e vers l'avenir des ressources naturelles - Le Potentiel\",\"isPartOf\":{\"@id\":\"https:\\\/\\\/lepotentiel.bj\\\/#website\"},\"primaryImageOfPage\":{\"@id\":\"https:\\\/\\\/lepotentiel.bj\\\/?p=86156#primaryimage\"},\"image\":{\"@id\":\"https:\\\/\\\/lepotentiel.bj\\\/?p=86156#primaryimage\"},\"thumbnailUrl\":\"https:\\\/\\\/lepotentiel.bj\\\/wp-content\\\/uploads\\\/2026\\\/07\\\/IMG-20260714-WA0502.jpg\",\"datePublished\":\"2026-07-14T20:53:20+00:00\",\"breadcrumb\":{\"@id\":\"https:\\\/\\\/lepotentiel.bj\\\/?p=86156#breadcrumb\"},\"inLanguage\":\"fr-FR\",\"potentialAction\":[{\"@type\":\"ReadAction\",\"target\":[\"https:\\\/\\\/lepotentiel.bj\\\/?p=86156\"]}]},{\"@type\":\"ImageObject\",\"inLanguage\":\"fr-FR\",\"@id\":\"https:\\\/\\\/lepotentiel.bj\\\/?p=86156#primaryimage\",\"url\":\"https:\\\/\\\/lepotentiel.bj\\\/wp-content\\\/uploads\\\/2026\\\/07\\\/IMG-20260714-WA0502.jpg\",\"contentUrl\":\"https:\\\/\\\/lepotentiel.bj\\\/wp-content\\\/uploads\\\/2026\\\/07\\\/IMG-20260714-WA0502.jpg\",\"width\":2560,\"height\":1706},{\"@type\":\"BreadcrumbList\",\"@id\":\"https:\\\/\\\/lepotentiel.bj\\\/?p=86156#breadcrumb\",\"itemListElement\":[{\"@type\":\"ListItem\",\"position\":1,\"name\":\"Accueil\",\"item\":\"https:\\\/\\\/lepotentiel.bj\\\/\"},{\"@type\":\"ListItem\",\"position\":2,\"name\":\"Le nouveau code des for\u00eats et de la faune en d\u00e9bat \u00e0 l&rsquo;assembl\u00e9e nationale: Le d\u00e9put\u00e9 Paulin Akponna d\u00e9fend une loi tourn\u00e9e vers l&rsquo;avenir des ressources naturelles\"}]},{\"@type\":\"WebSite\",\"@id\":\"https:\\\/\\\/lepotentiel.bj\\\/#website\",\"url\":\"https:\\\/\\\/lepotentiel.bj\\\/\",\"name\":\"Le Potentiel\",\"description\":\"Le Potentiel, au service de l\u2019information, nous sommes les fantassins du droit de savoir\",\"publisher\":{\"@id\":\"https:\\\/\\\/lepotentiel.bj\\\/#organization\"},\"potentialAction\":[{\"@type\":\"SearchAction\",\"target\":{\"@type\":\"EntryPoint\",\"urlTemplate\":\"https:\\\/\\\/lepotentiel.bj\\\/?s={search_term_string}\"},\"query-input\":{\"@type\":\"PropertyValueSpecification\",\"valueRequired\":true,\"valueName\":\"search_term_string\"}}],\"inLanguage\":\"fr-FR\"},{\"@type\":\"Organization\",\"@id\":\"https:\\\/\\\/lepotentiel.bj\\\/#organization\",\"name\":\"Le Potentiel\",\"url\":\"https:\\\/\\\/lepotentiel.bj\\\/\",\"logo\":{\"@type\":\"ImageObject\",\"inLanguage\":\"fr-FR\",\"@id\":\"https:\\\/\\\/lepotentiel.bj\\\/#\\\/schema\\\/logo\\\/image\\\/\",\"url\":\"https:\\\/\\\/lepotentiel.bj\\\/wp-content\\\/uploads\\\/2023\\\/12\\\/logo-pot.jpg\",\"contentUrl\":\"https:\\\/\\\/lepotentiel.bj\\\/wp-content\\\/uploads\\\/2023\\\/12\\\/logo-pot.jpg\",\"width\":562,\"height\":84,\"caption\":\"Le Potentiel\"},\"image\":{\"@id\":\"https:\\\/\\\/lepotentiel.bj\\\/#\\\/schema\\\/logo\\\/image\\\/\"}},{\"@type\":\"Person\",\"@id\":\"https:\\\/\\\/lepotentiel.bj\\\/#\\\/schema\\\/person\\\/fdda957c384e805f0fc0d27336e2043e\",\"name\":\"Louis\",\"image\":{\"@type\":\"ImageObject\",\"inLanguage\":\"fr-FR\",\"@id\":\"https:\\\/\\\/secure.gravatar.com\\\/avatar\\\/6f5f11044e7478a024ffb0cdd245934f14edbbbee764f548bc3f02a02df46d9a?s=96&d=mm&r=g\",\"url\":\"https:\\\/\\\/secure.gravatar.com\\\/avatar\\\/6f5f11044e7478a024ffb0cdd245934f14edbbbee764f548bc3f02a02df46d9a?s=96&d=mm&r=g\",\"contentUrl\":\"https:\\\/\\\/secure.gravatar.com\\\/avatar\\\/6f5f11044e7478a024ffb0cdd245934f14edbbbee764f548bc3f02a02df46d9a?s=96&d=mm&r=g\",\"caption\":\"Louis\"},\"url\":\"https:\\\/\\\/lepotentiel.bj\\\/?author=7\"}]}<\/script>\n<!-- \/ Yoast SEO plugin. -->","yoast_head_json":{"title":"Le nouveau code des for\u00eats et de la faune en d\u00e9bat \u00e0 l'assembl\u00e9e nationale: Le d\u00e9put\u00e9 Paulin Akponna d\u00e9fend une loi tourn\u00e9e vers l'avenir des ressources naturelles - Le Potentiel","robots":{"index":"index","follow":"follow","max-snippet":"max-snippet:-1","max-image-preview":"max-image-preview:large","max-video-preview":"max-video-preview:-1"},"canonical":"https:\/\/lepotentiel.bj\/?p=86156","og_locale":"fr_FR","og_type":"article","og_title":"Le nouveau code des for\u00eats et de la faune en d\u00e9bat \u00e0 l'assembl\u00e9e nationale: Le d\u00e9put\u00e9 Paulin Akponna d\u00e9fend une loi tourn\u00e9e vers l'avenir des ressources naturelles - Le Potentiel","og_description":"Le Code des for\u00eats et de la faune a franchi une nouvelle \u00e9tape \u00e0 l&rsquo;Assembl\u00e9e nationale. Lors des d\u00e9bats consacr\u00e9s \u00e0 l&rsquo;examen du projet de loi, le d\u00e9put\u00e9 Paulin Akponna Kingnid\u00e9 a livr\u00e9 une intervention ax\u00e9e sur les d\u00e9fis environnementaux, les enjeux \u00e9conomiques et la n\u00e9cessit\u00e9 de doter le B\u00e9nin d&rsquo;un cadre juridique adapt\u00e9 \u00e0 [&hellip;]","og_url":"https:\/\/lepotentiel.bj\/?p=86156","og_site_name":"Le Potentiel","article_published_time":"2026-07-14T20:53:20+00:00","og_image":[{"width":2560,"height":1706,"url":"https:\/\/lepotentiel.bj\/wp-content\/uploads\/2026\/07\/IMG-20260714-WA0502.jpg","type":"image\/jpeg"}],"author":"Louis","twitter_card":"summary_large_image","twitter_misc":{"\u00c9crit par":"Louis","Dur\u00e9e de lecture estim\u00e9e":"7 minutes"},"schema":{"@context":"https:\/\/schema.org","@graph":[{"@type":"Article","@id":"https:\/\/lepotentiel.bj\/?p=86156#article","isPartOf":{"@id":"https:\/\/lepotentiel.bj\/?p=86156"},"author":{"name":"Louis","@id":"https:\/\/lepotentiel.bj\/#\/schema\/person\/fdda957c384e805f0fc0d27336e2043e"},"headline":"Le nouveau code des for\u00eats et de la faune en d\u00e9bat \u00e0 l&rsquo;assembl\u00e9e nationale: Le d\u00e9put\u00e9 Paulin Akponna d\u00e9fend une loi tourn\u00e9e vers l&rsquo;avenir des ressources naturelles","datePublished":"2026-07-14T20:53:20+00:00","mainEntityOfPage":{"@id":"https:\/\/lepotentiel.bj\/?p=86156"},"wordCount":1381,"commentCount":0,"publisher":{"@id":"https:\/\/lepotentiel.bj\/#organization"},"image":{"@id":"https:\/\/lepotentiel.bj\/?p=86156#primaryimage"},"thumbnailUrl":"https:\/\/lepotentiel.bj\/wp-content\/uploads\/2026\/07\/IMG-20260714-WA0502.jpg","keywords":["Assembl\u00e9e national","ASSEMBL\u00c9E NATIONALE","code for\u00eat","d\u00e9claration","d\u00e9put\u00e9 Akponna Kingnid\u00e9","vote"],"articleSection":["Actualit\u00e9"],"inLanguage":"fr-FR","potentialAction":[{"@type":"CommentAction","name":"Comment","target":["https:\/\/lepotentiel.bj\/?p=86156#respond"]}]},{"@type":"WebPage","@id":"https:\/\/lepotentiel.bj\/?p=86156","url":"https:\/\/lepotentiel.bj\/?p=86156","name":"Le nouveau code des for\u00eats et de la faune en d\u00e9bat \u00e0 l'assembl\u00e9e nationale: Le d\u00e9put\u00e9 Paulin Akponna d\u00e9fend une loi tourn\u00e9e vers l'avenir des ressources naturelles - Le Potentiel","isPartOf":{"@id":"https:\/\/lepotentiel.bj\/#website"},"primaryImageOfPage":{"@id":"https:\/\/lepotentiel.bj\/?p=86156#primaryimage"},"image":{"@id":"https:\/\/lepotentiel.bj\/?p=86156#primaryimage"},"thumbnailUrl":"https:\/\/lepotentiel.bj\/wp-content\/uploads\/2026\/07\/IMG-20260714-WA0502.jpg","datePublished":"2026-07-14T20:53:20+00:00","breadcrumb":{"@id":"https:\/\/lepotentiel.bj\/?p=86156#breadcrumb"},"inLanguage":"fr-FR","potentialAction":[{"@type":"ReadAction","target":["https:\/\/lepotentiel.bj\/?p=86156"]}]},{"@type":"ImageObject","inLanguage":"fr-FR","@id":"https:\/\/lepotentiel.bj\/?p=86156#primaryimage","url":"https:\/\/lepotentiel.bj\/wp-content\/uploads\/2026\/07\/IMG-20260714-WA0502.jpg","contentUrl":"https:\/\/lepotentiel.bj\/wp-content\/uploads\/2026\/07\/IMG-20260714-WA0502.jpg","width":2560,"height":1706},{"@type":"BreadcrumbList","@id":"https:\/\/lepotentiel.bj\/?p=86156#breadcrumb","itemListElement":[{"@type":"ListItem","position":1,"name":"Accueil","item":"https:\/\/lepotentiel.bj\/"},{"@type":"ListItem","position":2,"name":"Le nouveau code des for\u00eats et de la faune en d\u00e9bat \u00e0 l&rsquo;assembl\u00e9e nationale: Le d\u00e9put\u00e9 Paulin Akponna d\u00e9fend une loi tourn\u00e9e vers l&rsquo;avenir des ressources naturelles"}]},{"@type":"WebSite","@id":"https:\/\/lepotentiel.bj\/#website","url":"https:\/\/lepotentiel.bj\/","name":"Le Potentiel","description":"Le Potentiel, au service de l\u2019information, nous sommes les fantassins du droit de savoir","publisher":{"@id":"https:\/\/lepotentiel.bj\/#organization"},"potentialAction":[{"@type":"SearchAction","target":{"@type":"EntryPoint","urlTemplate":"https:\/\/lepotentiel.bj\/?s={search_term_string}"},"query-input":{"@type":"PropertyValueSpecification","valueRequired":true,"valueName":"search_term_string"}}],"inLanguage":"fr-FR"},{"@type":"Organization","@id":"https:\/\/lepotentiel.bj\/#organization","name":"Le Potentiel","url":"https:\/\/lepotentiel.bj\/","logo":{"@type":"ImageObject","inLanguage":"fr-FR","@id":"https:\/\/lepotentiel.bj\/#\/schema\/logo\/image\/","url":"https:\/\/lepotentiel.bj\/wp-content\/uploads\/2023\/12\/logo-pot.jpg","contentUrl":"https:\/\/lepotentiel.bj\/wp-content\/uploads\/2023\/12\/logo-pot.jpg","width":562,"height":84,"caption":"Le Potentiel"},"image":{"@id":"https:\/\/lepotentiel.bj\/#\/schema\/logo\/image\/"}},{"@type":"Person","@id":"https:\/\/lepotentiel.bj\/#\/schema\/person\/fdda957c384e805f0fc0d27336e2043e","name":"Louis","image":{"@type":"ImageObject","inLanguage":"fr-FR","@id":"https:\/\/secure.gravatar.com\/avatar\/6f5f11044e7478a024ffb0cdd245934f14edbbbee764f548bc3f02a02df46d9a?s=96&d=mm&r=g","url":"https:\/\/secure.gravatar.com\/avatar\/6f5f11044e7478a024ffb0cdd245934f14edbbbee764f548bc3f02a02df46d9a?s=96&d=mm&r=g","contentUrl":"https:\/\/secure.gravatar.com\/avatar\/6f5f11044e7478a024ffb0cdd245934f14edbbbee764f548bc3f02a02df46d9a?s=96&d=mm&r=g","caption":"Louis"},"url":"https:\/\/lepotentiel.bj\/?author=7"}]}},"_links":{"self":[{"href":"https:\/\/lepotentiel.bj\/index.php?rest_route=\/wp\/v2\/posts\/86156","targetHints":{"allow":["GET"]}}],"collection":[{"href":"https:\/\/lepotentiel.bj\/index.php?rest_route=\/wp\/v2\/posts"}],"about":[{"href":"https:\/\/lepotentiel.bj\/index.php?rest_route=\/wp\/v2\/types\/post"}],"author":[{"embeddable":true,"href":"https:\/\/lepotentiel.bj\/index.php?rest_route=\/wp\/v2\/users\/7"}],"replies":[{"embeddable":true,"href":"https:\/\/lepotentiel.bj\/index.php?rest_route=%2Fwp%2Fv2%2Fcomments&post=86156"}],"version-history":[{"count":1,"href":"https:\/\/lepotentiel.bj\/index.php?rest_route=\/wp\/v2\/posts\/86156\/revisions"}],"predecessor-version":[{"id":86160,"href":"https:\/\/lepotentiel.bj\/index.php?rest_route=\/wp\/v2\/posts\/86156\/revisions\/86160"}],"wp:featuredmedia":[{"embeddable":true,"href":"https:\/\/lepotentiel.bj\/index.php?rest_route=\/wp\/v2\/media\/86157"}],"wp:attachment":[{"href":"https:\/\/lepotentiel.bj\/index.php?rest_route=%2Fwp%2Fv2%2Fmedia&parent=86156"}],"wp:term":[{"taxonomy":"category","embeddable":true,"href":"https:\/\/lepotentiel.bj\/index.php?rest_route=%2Fwp%2Fv2%2Fcategories&post=86156"},{"taxonomy":"post_tag","embeddable":true,"href":"https:\/\/lepotentiel.bj\/index.php?rest_route=%2Fwp%2Fv2%2Ftags&post=86156"}],"curies":[{"name":"wp","href":"https:\/\/api.w.org\/{rel}","templated":true}]}}