{"id":86162,"date":"2026-07-15T10:02:24","date_gmt":"2026-07-15T08:02:24","guid":{"rendered":"https:\/\/lepotentiel.bj\/?p=86162"},"modified":"2026-07-15T10:17:53","modified_gmt":"2026-07-15T08:17:53","slug":"litige-autour-des-organes-juridictionnels-de-la-fbf-indemnites-impayees-bras-de-fer-entre-la-fbf-et-sa-commission-dethique-pres-de-50-millions-de-fcfa-reclames-a-la-fbf","status":"publish","type":"post","link":"https:\/\/lepotentiel.bj\/?p=86162","title":{"rendered":"Litige autour des organes juridictionnels de la FBF Indemnit\u00e9s impay\u00e9es : bras de fer entre la FBF et sa Commission d&rsquo;\u00e9thique"},"content":{"rendered":"<p style=\"text-align: justify;\">Le diff\u00e9rend opposant la F\u00e9d\u00e9ration b\u00e9ninoise de football (Fbf) aux membres de sa Commission d&rsquo;\u00e9thique franchit un nouveau palier. D&rsquo;un c\u00f4t\u00e9, les responsables de cette juridiction interne r\u00e9clament le paiement de plusieurs ann\u00e9es d&rsquo;indemnit\u00e9s qu&rsquo;ils estiment leur \u00eatre dues. De l&rsquo;autre, la F\u00e9d\u00e9ration, par l&rsquo;entremise de ses conseils, conteste ces pr\u00e9tentions et demande aux int\u00e9ress\u00e9s de produire les justificatifs \u00e9tablissant leur participation effective aux travaux de la Commission. Au c\u0153ur du dossier figurent le pr\u00e9sident de la Commission d&rsquo;\u00e9thique, ainsi que ses deux membres. \u00c0 travers une mise en demeure adress\u00e9e \u00e0 la FBF par leur conseil, ils r\u00e9clament le r\u00e8glement d&rsquo;indemnit\u00e9s qu&rsquo;ils \u00e9valuent au 19 Juin 2026 \u00e0 pr\u00e8s de 50 millions de FCFA. Les membres de la commission \u00e9thique ont \u00e9t\u00e9 \u00e9lus pour un premier mandat (2020-2024). Ce mandat a \u00e9t\u00e9 renouvel\u00e9 et court de 2024 \u00e0 2028.<\/p>\n<p style=\"text-align: justify;\">La F\u00e9d\u00e9ration exige des preuves<\/p>\n<p style=\"text-align: justify;\">Face \u00e0 cette r\u00e9clamation, la F\u00e9d\u00e9ration b\u00e9ninoise de football adopte une position diam\u00e9tralement oppos\u00e9e. Dans un courrier sign\u00e9 par son avocat, Me Rodrigue Gnasounnou, la FBF demande aux int\u00e9ress\u00e9s de produire les pi\u00e8ces permettant d&rsquo;\u00e9tablir leur participation effective aux r\u00e9unions de la Commission d&rsquo;\u00e9thique. L&rsquo;avocat sollicite notamment les proc\u00e8s-verbaux des sessions, les convocations ainsi que tout document susceptible de d\u00e9montrer que les r\u00e9unions se sont effectivement tenues et qu&rsquo;elles donnent droit au paiement d&rsquo;indemnit\u00e9s. Il rappelle \u00e9galement que ces indemnit\u00e9s ne seraient pas, selon la F\u00e9d\u00e9ration, de nature mensuelle mais conditionn\u00e9es \u00e0 la tenue r\u00e9guli\u00e8re des sessions. Autrement dit, la FBF consid\u00e8re que les demandeurs doivent apporter la preuve de l&rsquo;ex\u00e9cution effective de leurs missions avant qu&rsquo;une quelconque cr\u00e9ance puisse \u00eatre reconnue.<\/p>\n<p style=\"text-align: justify;\">Des accusations plus larges<\/p>\n<p style=\"text-align: justify;\">Au-del\u00e0 de la seule question financi\u00e8re, les membres de la Commission d&rsquo;\u00e9thique d\u00e9noncent ce qu&rsquo;ils pr\u00e9sentent comme une volont\u00e9 de marginalisation de leur organe. Ils affirment que certaines affaires ne leur auraient pas \u00e9t\u00e9 transmises malgr\u00e9 leur comp\u00e9tence et \u00e9voquent \u00e9galement des tensions apparues apr\u00e8s une d\u00e9cision rendue en d\u00e9cembre 2024 dans le dossier dit \u00ab JSO \u00bb. Ils soutiennent que cette affaire aurait conduit la F\u00e9d\u00e9ration \u00e0 suspendre certains paiements destin\u00e9s aux commissions juridictionnelles et \u00e0 tenter, sans succ\u00e8s selon eux, de mettre fin pr\u00e9matur\u00e9ment au mandat de leurs membres lors d&rsquo;une Assembl\u00e9e g\u00e9n\u00e9rale extraordinaire.<\/p>\n<p style=\"text-align: justify;\">Un contentieux appel\u00e9 \u00e0 \u00e9voluer<\/p>\n<p style=\"text-align: justify;\">\u00c0 ce stade, aucune d\u00e9cision judiciaire n&rsquo;a encore tranch\u00e9 le fond du diff\u00e9rend. Les membres de la Commission d&rsquo;\u00e9thique maintiennent leurs positions, convaincus qu&rsquo;ils ont droit de b\u00e9n\u00e9ficier des indemnit\u00e9s financi\u00e8res. De son c\u00f4t\u00e9, la F\u00e9d\u00e9ration campe sur sa demande de justification des cr\u00e9ances r\u00e9clam\u00e9es. Le dossier pourrait d\u00e9sormais \u00e9voluer vers une proc\u00e9dure contentieuse si aucun terrain d&rsquo;entente n&rsquo;est trouv\u00e9 entre les deux parties. L&rsquo;issue de ce bras de fer pourrait, au-del\u00e0 des montants r\u00e9clam\u00e9s, conduire \u00e0 une clarification des r\u00e8gles de fonctionnement et de r\u00e9mun\u00e9ration des organes juridictionnels de la F\u00e9d\u00e9ration b\u00e9ninoise de football.<\/p>\n","protected":false},"excerpt":{"rendered":"<p>Le diff\u00e9rend opposant la F\u00e9d\u00e9ration b\u00e9ninoise de football (Fbf) aux membres de sa Commission d&rsquo;\u00e9thique franchit un nouveau palier. D&rsquo;un c\u00f4t\u00e9, les responsables de cette juridiction interne r\u00e9clament le paiement de plusieurs ann\u00e9es d&rsquo;indemnit\u00e9s qu&rsquo;ils estiment leur \u00eatre dues. De l&rsquo;autre, la F\u00e9d\u00e9ration, par l&rsquo;entremise de ses conseils, conteste ces pr\u00e9tentions et demande aux int\u00e9ress\u00e9s [&hellip;]<\/p>\n","protected":false},"author":7,"featured_media":86163,"comment_status":"open","ping_status":"open","sticky":false,"template":"","format":"standard","meta":{"footnotes":""},"categories":[34],"tags":[1756,22937,22935,22936],"class_list":["post-86162","post","type-post","status-publish","format-standard","has-post-thumbnail","hentry","category-actualite","tag-federation-beninoise-de-football","tag-indemnites-impaayees","tag-litige","tag-organes-juridictionnels"],"yoast_head":"<!-- This site is optimized with the Yoast SEO plugin v28.2 - https:\/\/yoast.com\/product\/yoast-seo-wordpress\/ -->\n<title>Litige autour des organes juridictionnels de la FBF Indemnit\u00e9s impay\u00e9es : bras de fer entre la FBF et sa Commission d&#039;\u00e9thique - Le Potentiel<\/title>\n<meta name=\"robots\" content=\"index, follow, max-snippet:-1, max-image-preview:large, max-video-preview:-1\" \/>\n<link rel=\"canonical\" href=\"https:\/\/lepotentiel.bj\/?p=86162\" \/>\n<meta property=\"og:locale\" content=\"fr_FR\" \/>\n<meta property=\"og:type\" content=\"article\" \/>\n<meta property=\"og:title\" content=\"Litige autour des organes juridictionnels de la FBF Indemnit\u00e9s impay\u00e9es : bras de fer entre la FBF et sa Commission d&#039;\u00e9thique - Le Potentiel\" \/>\n<meta property=\"og:description\" content=\"Le diff\u00e9rend opposant la F\u00e9d\u00e9ration b\u00e9ninoise de football (Fbf) aux membres de sa Commission d&rsquo;\u00e9thique franchit un nouveau palier. D&rsquo;un c\u00f4t\u00e9, les responsables de cette juridiction interne r\u00e9clament le paiement de plusieurs ann\u00e9es d&rsquo;indemnit\u00e9s qu&rsquo;ils estiment leur \u00eatre dues. De l&rsquo;autre, la F\u00e9d\u00e9ration, par l&rsquo;entremise de ses conseils, conteste ces pr\u00e9tentions et demande aux int\u00e9ress\u00e9s [&hellip;]\" \/>\n<meta property=\"og:url\" content=\"https:\/\/lepotentiel.bj\/?p=86162\" \/>\n<meta property=\"og:site_name\" content=\"Le Potentiel\" \/>\n<meta property=\"article:published_time\" content=\"2026-07-15T08:02:24+00:00\" \/>\n<meta property=\"article:modified_time\" content=\"2026-07-15T08:17:53+00:00\" \/>\n<meta property=\"og:image\" content=\"https:\/\/lepotentiel.bj\/wp-content\/uploads\/2026\/07\/image3.jpg\" \/>\n\t<meta property=\"og:image:width\" content=\"720\" \/>\n\t<meta property=\"og:image:height\" content=\"540\" \/>\n\t<meta property=\"og:image:type\" content=\"image\/jpeg\" \/>\n<meta name=\"author\" content=\"Louis\" \/>\n<meta name=\"twitter:card\" content=\"summary_large_image\" \/>\n<meta name=\"twitter:label1\" content=\"\u00c9crit par\" \/>\n\t<meta name=\"twitter:data1\" content=\"Louis\" \/>\n\t<meta name=\"twitter:label2\" content=\"Dur\u00e9e de lecture estim\u00e9e\" \/>\n\t<meta name=\"twitter:data2\" content=\"3 minutes\" \/>\n<script type=\"application\/ld+json\" class=\"yoast-schema-graph\">{\"@context\":\"https:\\\/\\\/schema.org\",\"@graph\":[{\"@type\":\"Article\",\"@id\":\"https:\\\/\\\/lepotentiel.bj\\\/?p=86162#article\",\"isPartOf\":{\"@id\":\"https:\\\/\\\/lepotentiel.bj\\\/?p=86162\"},\"author\":{\"name\":\"Louis\",\"@id\":\"https:\\\/\\\/lepotentiel.bj\\\/#\\\/schema\\\/person\\\/fdda957c384e805f0fc0d27336e2043e\"},\"headline\":\"Litige autour des organes juridictionnels de la FBF Indemnit\u00e9s impay\u00e9es : bras de fer entre la FBF et sa Commission d&rsquo;\u00e9thique\",\"datePublished\":\"2026-07-15T08:02:24+00:00\",\"dateModified\":\"2026-07-15T08:17:53+00:00\",\"mainEntityOfPage\":{\"@id\":\"https:\\\/\\\/lepotentiel.bj\\\/?p=86162\"},\"wordCount\":560,\"commentCount\":0,\"publisher\":{\"@id\":\"https:\\\/\\\/lepotentiel.bj\\\/#organization\"},\"image\":{\"@id\":\"https:\\\/\\\/lepotentiel.bj\\\/?p=86162#primaryimage\"},\"thumbnailUrl\":\"https:\\\/\\\/lepotentiel.bj\\\/wp-content\\\/uploads\\\/2026\\\/07\\\/image3.jpg\",\"keywords\":[\"F\u00e9d\u00e9ration B\u00e9ninoise de Football\",\"indemnit\u00e9s impaay\u00e9es\",\"litige\",\"organes juridictionnels\"],\"articleSection\":[\"Actualit\u00e9\"],\"inLanguage\":\"fr-FR\",\"potentialAction\":[{\"@type\":\"CommentAction\",\"name\":\"Comment\",\"target\":[\"https:\\\/\\\/lepotentiel.bj\\\/?p=86162#respond\"]}]},{\"@type\":\"WebPage\",\"@id\":\"https:\\\/\\\/lepotentiel.bj\\\/?p=86162\",\"url\":\"https:\\\/\\\/lepotentiel.bj\\\/?p=86162\",\"name\":\"Litige autour des organes juridictionnels de la FBF Indemnit\u00e9s impay\u00e9es : bras de fer entre la FBF et sa Commission d'\u00e9thique - Le Potentiel\",\"isPartOf\":{\"@id\":\"https:\\\/\\\/lepotentiel.bj\\\/#website\"},\"primaryImageOfPage\":{\"@id\":\"https:\\\/\\\/lepotentiel.bj\\\/?p=86162#primaryimage\"},\"image\":{\"@id\":\"https:\\\/\\\/lepotentiel.bj\\\/?p=86162#primaryimage\"},\"thumbnailUrl\":\"https:\\\/\\\/lepotentiel.bj\\\/wp-content\\\/uploads\\\/2026\\\/07\\\/image3.jpg\",\"datePublished\":\"2026-07-15T08:02:24+00:00\",\"dateModified\":\"2026-07-15T08:17:53+00:00\",\"breadcrumb\":{\"@id\":\"https:\\\/\\\/lepotentiel.bj\\\/?p=86162#breadcrumb\"},\"inLanguage\":\"fr-FR\",\"potentialAction\":[{\"@type\":\"ReadAction\",\"target\":[\"https:\\\/\\\/lepotentiel.bj\\\/?p=86162\"]}]},{\"@type\":\"ImageObject\",\"inLanguage\":\"fr-FR\",\"@id\":\"https:\\\/\\\/lepotentiel.bj\\\/?p=86162#primaryimage\",\"url\":\"https:\\\/\\\/lepotentiel.bj\\\/wp-content\\\/uploads\\\/2026\\\/07\\\/image3.jpg\",\"contentUrl\":\"https:\\\/\\\/lepotentiel.bj\\\/wp-content\\\/uploads\\\/2026\\\/07\\\/image3.jpg\",\"width\":720,\"height\":540},{\"@type\":\"BreadcrumbList\",\"@id\":\"https:\\\/\\\/lepotentiel.bj\\\/?p=86162#breadcrumb\",\"itemListElement\":[{\"@type\":\"ListItem\",\"position\":1,\"name\":\"Accueil\",\"item\":\"https:\\\/\\\/lepotentiel.bj\\\/\"},{\"@type\":\"ListItem\",\"position\":2,\"name\":\"Litige autour des organes juridictionnels de la FBF Indemnit\u00e9s impay\u00e9es : bras de fer entre la FBF et sa Commission d&rsquo;\u00e9thique\"}]},{\"@type\":\"WebSite\",\"@id\":\"https:\\\/\\\/lepotentiel.bj\\\/#website\",\"url\":\"https:\\\/\\\/lepotentiel.bj\\\/\",\"name\":\"Le Potentiel\",\"description\":\"Le Potentiel, au service de l\u2019information, nous sommes les fantassins du droit de savoir\",\"publisher\":{\"@id\":\"https:\\\/\\\/lepotentiel.bj\\\/#organization\"},\"potentialAction\":[{\"@type\":\"SearchAction\",\"target\":{\"@type\":\"EntryPoint\",\"urlTemplate\":\"https:\\\/\\\/lepotentiel.bj\\\/?s={search_term_string}\"},\"query-input\":{\"@type\":\"PropertyValueSpecification\",\"valueRequired\":true,\"valueName\":\"search_term_string\"}}],\"inLanguage\":\"fr-FR\"},{\"@type\":\"Organization\",\"@id\":\"https:\\\/\\\/lepotentiel.bj\\\/#organization\",\"name\":\"Le Potentiel\",\"url\":\"https:\\\/\\\/lepotentiel.bj\\\/\",\"logo\":{\"@type\":\"ImageObject\",\"inLanguage\":\"fr-FR\",\"@id\":\"https:\\\/\\\/lepotentiel.bj\\\/#\\\/schema\\\/logo\\\/image\\\/\",\"url\":\"https:\\\/\\\/lepotentiel.bj\\\/wp-content\\\/uploads\\\/2023\\\/12\\\/logo-pot.jpg\",\"contentUrl\":\"https:\\\/\\\/lepotentiel.bj\\\/wp-content\\\/uploads\\\/2023\\\/12\\\/logo-pot.jpg\",\"width\":562,\"height\":84,\"caption\":\"Le Potentiel\"},\"image\":{\"@id\":\"https:\\\/\\\/lepotentiel.bj\\\/#\\\/schema\\\/logo\\\/image\\\/\"}},{\"@type\":\"Person\",\"@id\":\"https:\\\/\\\/lepotentiel.bj\\\/#\\\/schema\\\/person\\\/fdda957c384e805f0fc0d27336e2043e\",\"name\":\"Louis\",\"image\":{\"@type\":\"ImageObject\",\"inLanguage\":\"fr-FR\",\"@id\":\"https:\\\/\\\/secure.gravatar.com\\\/avatar\\\/6f5f11044e7478a024ffb0cdd245934f14edbbbee764f548bc3f02a02df46d9a?s=96&d=mm&r=g\",\"url\":\"https:\\\/\\\/secure.gravatar.com\\\/avatar\\\/6f5f11044e7478a024ffb0cdd245934f14edbbbee764f548bc3f02a02df46d9a?s=96&d=mm&r=g\",\"contentUrl\":\"https:\\\/\\\/secure.gravatar.com\\\/avatar\\\/6f5f11044e7478a024ffb0cdd245934f14edbbbee764f548bc3f02a02df46d9a?s=96&d=mm&r=g\",\"caption\":\"Louis\"},\"url\":\"https:\\\/\\\/lepotentiel.bj\\\/?author=7\"}]}<\/script>\n<!-- \/ Yoast SEO plugin. -->","yoast_head_json":{"title":"Litige autour des organes juridictionnels de la FBF Indemnit\u00e9s impay\u00e9es : bras de fer entre la FBF et sa Commission d'\u00e9thique - Le Potentiel","robots":{"index":"index","follow":"follow","max-snippet":"max-snippet:-1","max-image-preview":"max-image-preview:large","max-video-preview":"max-video-preview:-1"},"canonical":"https:\/\/lepotentiel.bj\/?p=86162","og_locale":"fr_FR","og_type":"article","og_title":"Litige autour des organes juridictionnels de la FBF Indemnit\u00e9s impay\u00e9es : bras de fer entre la FBF et sa Commission d'\u00e9thique - Le Potentiel","og_description":"Le diff\u00e9rend opposant la F\u00e9d\u00e9ration b\u00e9ninoise de football (Fbf) aux membres de sa Commission d&rsquo;\u00e9thique franchit un nouveau palier. D&rsquo;un c\u00f4t\u00e9, les responsables de cette juridiction interne r\u00e9clament le paiement de plusieurs ann\u00e9es d&rsquo;indemnit\u00e9s qu&rsquo;ils estiment leur \u00eatre dues. De l&rsquo;autre, la F\u00e9d\u00e9ration, par l&rsquo;entremise de ses conseils, conteste ces pr\u00e9tentions et demande aux int\u00e9ress\u00e9s [&hellip;]","og_url":"https:\/\/lepotentiel.bj\/?p=86162","og_site_name":"Le Potentiel","article_published_time":"2026-07-15T08:02:24+00:00","article_modified_time":"2026-07-15T08:17:53+00:00","og_image":[{"width":720,"height":540,"url":"https:\/\/lepotentiel.bj\/wp-content\/uploads\/2026\/07\/image3.jpg","type":"image\/jpeg"}],"author":"Louis","twitter_card":"summary_large_image","twitter_misc":{"\u00c9crit par":"Louis","Dur\u00e9e de lecture estim\u00e9e":"3 minutes"},"schema":{"@context":"https:\/\/schema.org","@graph":[{"@type":"Article","@id":"https:\/\/lepotentiel.bj\/?p=86162#article","isPartOf":{"@id":"https:\/\/lepotentiel.bj\/?p=86162"},"author":{"name":"Louis","@id":"https:\/\/lepotentiel.bj\/#\/schema\/person\/fdda957c384e805f0fc0d27336e2043e"},"headline":"Litige autour des organes juridictionnels de la FBF Indemnit\u00e9s impay\u00e9es : bras de fer entre la FBF et sa Commission d&rsquo;\u00e9thique","datePublished":"2026-07-15T08:02:24+00:00","dateModified":"2026-07-15T08:17:53+00:00","mainEntityOfPage":{"@id":"https:\/\/lepotentiel.bj\/?p=86162"},"wordCount":560,"commentCount":0,"publisher":{"@id":"https:\/\/lepotentiel.bj\/#organization"},"image":{"@id":"https:\/\/lepotentiel.bj\/?p=86162#primaryimage"},"thumbnailUrl":"https:\/\/lepotentiel.bj\/wp-content\/uploads\/2026\/07\/image3.jpg","keywords":["F\u00e9d\u00e9ration B\u00e9ninoise de Football","indemnit\u00e9s impaay\u00e9es","litige","organes juridictionnels"],"articleSection":["Actualit\u00e9"],"inLanguage":"fr-FR","potentialAction":[{"@type":"CommentAction","name":"Comment","target":["https:\/\/lepotentiel.bj\/?p=86162#respond"]}]},{"@type":"WebPage","@id":"https:\/\/lepotentiel.bj\/?p=86162","url":"https:\/\/lepotentiel.bj\/?p=86162","name":"Litige autour des organes juridictionnels de la FBF Indemnit\u00e9s impay\u00e9es : bras de fer entre la FBF et sa Commission d'\u00e9thique - Le Potentiel","isPartOf":{"@id":"https:\/\/lepotentiel.bj\/#website"},"primaryImageOfPage":{"@id":"https:\/\/lepotentiel.bj\/?p=86162#primaryimage"},"image":{"@id":"https:\/\/lepotentiel.bj\/?p=86162#primaryimage"},"thumbnailUrl":"https:\/\/lepotentiel.bj\/wp-content\/uploads\/2026\/07\/image3.jpg","datePublished":"2026-07-15T08:02:24+00:00","dateModified":"2026-07-15T08:17:53+00:00","breadcrumb":{"@id":"https:\/\/lepotentiel.bj\/?p=86162#breadcrumb"},"inLanguage":"fr-FR","potentialAction":[{"@type":"ReadAction","target":["https:\/\/lepotentiel.bj\/?p=86162"]}]},{"@type":"ImageObject","inLanguage":"fr-FR","@id":"https:\/\/lepotentiel.bj\/?p=86162#primaryimage","url":"https:\/\/lepotentiel.bj\/wp-content\/uploads\/2026\/07\/image3.jpg","contentUrl":"https:\/\/lepotentiel.bj\/wp-content\/uploads\/2026\/07\/image3.jpg","width":720,"height":540},{"@type":"BreadcrumbList","@id":"https:\/\/lepotentiel.bj\/?p=86162#breadcrumb","itemListElement":[{"@type":"ListItem","position":1,"name":"Accueil","item":"https:\/\/lepotentiel.bj\/"},{"@type":"ListItem","position":2,"name":"Litige autour des organes juridictionnels de la FBF Indemnit\u00e9s impay\u00e9es : bras de fer entre la FBF et sa Commission d&rsquo;\u00e9thique"}]},{"@type":"WebSite","@id":"https:\/\/lepotentiel.bj\/#website","url":"https:\/\/lepotentiel.bj\/","name":"Le Potentiel","description":"Le Potentiel, au service de l\u2019information, nous sommes les fantassins du droit de savoir","publisher":{"@id":"https:\/\/lepotentiel.bj\/#organization"},"potentialAction":[{"@type":"SearchAction","target":{"@type":"EntryPoint","urlTemplate":"https:\/\/lepotentiel.bj\/?s={search_term_string}"},"query-input":{"@type":"PropertyValueSpecification","valueRequired":true,"valueName":"search_term_string"}}],"inLanguage":"fr-FR"},{"@type":"Organization","@id":"https:\/\/lepotentiel.bj\/#organization","name":"Le Potentiel","url":"https:\/\/lepotentiel.bj\/","logo":{"@type":"ImageObject","inLanguage":"fr-FR","@id":"https:\/\/lepotentiel.bj\/#\/schema\/logo\/image\/","url":"https:\/\/lepotentiel.bj\/wp-content\/uploads\/2023\/12\/logo-pot.jpg","contentUrl":"https:\/\/lepotentiel.bj\/wp-content\/uploads\/2023\/12\/logo-pot.jpg","width":562,"height":84,"caption":"Le Potentiel"},"image":{"@id":"https:\/\/lepotentiel.bj\/#\/schema\/logo\/image\/"}},{"@type":"Person","@id":"https:\/\/lepotentiel.bj\/#\/schema\/person\/fdda957c384e805f0fc0d27336e2043e","name":"Louis","image":{"@type":"ImageObject","inLanguage":"fr-FR","@id":"https:\/\/secure.gravatar.com\/avatar\/6f5f11044e7478a024ffb0cdd245934f14edbbbee764f548bc3f02a02df46d9a?s=96&d=mm&r=g","url":"https:\/\/secure.gravatar.com\/avatar\/6f5f11044e7478a024ffb0cdd245934f14edbbbee764f548bc3f02a02df46d9a?s=96&d=mm&r=g","contentUrl":"https:\/\/secure.gravatar.com\/avatar\/6f5f11044e7478a024ffb0cdd245934f14edbbbee764f548bc3f02a02df46d9a?s=96&d=mm&r=g","caption":"Louis"},"url":"https:\/\/lepotentiel.bj\/?author=7"}]}},"_links":{"self":[{"href":"https:\/\/lepotentiel.bj\/index.php?rest_route=\/wp\/v2\/posts\/86162","targetHints":{"allow":["GET"]}}],"collection":[{"href":"https:\/\/lepotentiel.bj\/index.php?rest_route=\/wp\/v2\/posts"}],"about":[{"href":"https:\/\/lepotentiel.bj\/index.php?rest_route=\/wp\/v2\/types\/post"}],"author":[{"embeddable":true,"href":"https:\/\/lepotentiel.bj\/index.php?rest_route=\/wp\/v2\/users\/7"}],"replies":[{"embeddable":true,"href":"https:\/\/lepotentiel.bj\/index.php?rest_route=%2Fwp%2Fv2%2Fcomments&post=86162"}],"version-history":[{"count":2,"href":"https:\/\/lepotentiel.bj\/index.php?rest_route=\/wp\/v2\/posts\/86162\/revisions"}],"predecessor-version":[{"id":86166,"href":"https:\/\/lepotentiel.bj\/index.php?rest_route=\/wp\/v2\/posts\/86162\/revisions\/86166"}],"wp:featuredmedia":[{"embeddable":true,"href":"https:\/\/lepotentiel.bj\/index.php?rest_route=\/wp\/v2\/media\/86163"}],"wp:attachment":[{"href":"https:\/\/lepotentiel.bj\/index.php?rest_route=%2Fwp%2Fv2%2Fmedia&parent=86162"}],"wp:term":[{"taxonomy":"category","embeddable":true,"href":"https:\/\/lepotentiel.bj\/index.php?rest_route=%2Fwp%2Fv2%2Fcategories&post=86162"},{"taxonomy":"post_tag","embeddable":true,"href":"https:\/\/lepotentiel.bj\/index.php?rest_route=%2Fwp%2Fv2%2Ftags&post=86162"}],"curies":[{"name":"wp","href":"https:\/\/api.w.org\/{rel}","templated":true}]}}