{"id":86170,"date":"2026-07-15T10:50:02","date_gmt":"2026-07-15T08:50:02","guid":{"rendered":"https:\/\/lepotentiel.bj\/?p=86170"},"modified":"2026-07-15T10:50:02","modified_gmt":"2026-07-15T08:50:02","slug":"diplomatie-wadagni-positionne-le-benin-au-coeur-de-leconomie-africaine","status":"publish","type":"post","link":"https:\/\/lepotentiel.bj\/?p=86170","title":{"rendered":"Diplomatie : Wadagni positionne le B\u00e9nin au c\u0153ur de l&rsquo;\u00e9conomie africaine"},"content":{"rendered":"<p style=\"text-align: justify;\">\u00c0 Addis-Abeba, le Pr\u00e9sident de la R\u00e9publique, Romuald Wadagni a particip\u00e9 ce lundi 13 juillet 2026 au panel inaugural de la retraite strat\u00e9gique d&rsquo;Afreximbank. Une pr\u00e9sence qui traduit la volont\u00e9 du B\u00e9nin d&rsquo;influencer les futures orientations de financement de la principale banque panafricaine d&rsquo;import-export<\/p>\n<p style=\"text-align: justify;\">\n<p style=\"text-align: justify;\">\u00c0 Addis-Abeba, le B\u00e9nin s&rsquo;est invit\u00e9 au c\u0153ur des r\u00e9flexions qui fa\u00e7onneront les futurs financements du continent. En prenant part au panel inaugural de la retraite strat\u00e9gique d&rsquo;Afreximbank, le Pr\u00e9sident Romuald Wadagni a port\u00e9 la voix du B\u00e9nin sur des enjeux majeurs tels que l&rsquo;industrialisation, la transformation locale des ressources, les zones \u00e9conomiques sp\u00e9ciales et la num\u00e9risation des \u00e9changes africains. Pendant quatre jours, les dirigeants de la banque \u00e9laborent le Plan strat\u00e9gique VII, appel\u00e9 \u00e0 orienter plusieurs milliards de dollars d&rsquo;investissements en faveur de l&rsquo;Afrique. En intervenant d\u00e8s l&rsquo;ouverture des travaux, le chef de l&rsquo;\u00c9tat b\u00e9ninois positionne son pays parmi les acteurs qui entendent peser sur les grandes priorit\u00e9s de financement du continent. Cette pr\u00e9sence s&rsquo;inscrit dans la strat\u00e9gie de diplomatie \u00e9conomique engag\u00e9e par Cotonou. Avec des projets structurants comme la Zone industrielle de Glo-Djigb\u00e9 et une politique tourn\u00e9e vers l&rsquo;attraction des investissements, le B\u00e9nin entend renforcer sa cr\u00e9dibilit\u00e9 aupr\u00e8s des grandes institutions financi\u00e8res africaines. Institution de r\u00e9f\u00e9rence sur le continent, Afreximbank disposait, fin 2025, d&rsquo;un portefeuille de pr\u00e8s de 48,5 milliards de dollars d&rsquo;actifs et d&rsquo;engagements. Pour le B\u00e9nin, prendre part \u00e0 ces discussions repr\u00e9sente une opportunit\u00e9 de d\u00e9fendre ses priorit\u00e9s de d\u00e9veloppement tout en consolidant son influence dans les grands cercles de d\u00e9cision \u00e9conomique africains.<\/p>\n","protected":false},"excerpt":{"rendered":"<p>\u00c0 Addis-Abeba, le Pr\u00e9sident de la R\u00e9publique, Romuald Wadagni a particip\u00e9 ce lundi 13 juillet 2026 au panel inaugural de la retraite strat\u00e9gique d&rsquo;Afreximbank. Une pr\u00e9sence qui traduit la volont\u00e9 du B\u00e9nin d&rsquo;influencer les futures orientations de financement de la principale banque panafricaine d&rsquo;import-export \u00c0 Addis-Abeba, le B\u00e9nin s&rsquo;est invit\u00e9 au c\u0153ur des r\u00e9flexions qui [&hellip;]<\/p>\n","protected":false},"author":7,"featured_media":86171,"comment_status":"open","ping_status":"open","sticky":false,"template":"","format":"standard","meta":{"footnotes":""},"categories":[34],"tags":[9819,4180,22941,4227],"class_list":["post-86170","post","type-post","status-publish","format-standard","has-post-thumbnail","hentry","category-actualite","tag-economie-2","tag-ethiopie","tag-positionnement-benin","tag-wadagni"],"yoast_head":"<!-- This site is optimized with the Yoast SEO plugin v28.2 - https:\/\/yoast.com\/product\/yoast-seo-wordpress\/ -->\n<title>Diplomatie : Wadagni positionne le B\u00e9nin au c\u0153ur de l&#039;\u00e9conomie africaine - Le Potentiel<\/title>\n<meta name=\"robots\" content=\"index, follow, max-snippet:-1, max-image-preview:large, max-video-preview:-1\" \/>\n<link rel=\"canonical\" href=\"https:\/\/lepotentiel.bj\/?p=86170\" \/>\n<meta property=\"og:locale\" content=\"fr_FR\" \/>\n<meta property=\"og:type\" content=\"article\" \/>\n<meta property=\"og:title\" content=\"Diplomatie : Wadagni positionne le B\u00e9nin au c\u0153ur de l&#039;\u00e9conomie africaine - Le Potentiel\" \/>\n<meta property=\"og:description\" content=\"\u00c0 Addis-Abeba, le Pr\u00e9sident de la R\u00e9publique, Romuald Wadagni a particip\u00e9 ce lundi 13 juillet 2026 au panel inaugural de la retraite strat\u00e9gique d&rsquo;Afreximbank. Une pr\u00e9sence qui traduit la volont\u00e9 du B\u00e9nin d&rsquo;influencer les futures orientations de financement de la principale banque panafricaine d&rsquo;import-export \u00c0 Addis-Abeba, le B\u00e9nin s&rsquo;est invit\u00e9 au c\u0153ur des r\u00e9flexions qui [&hellip;]\" \/>\n<meta property=\"og:url\" content=\"https:\/\/lepotentiel.bj\/?p=86170\" \/>\n<meta property=\"og:site_name\" content=\"Le Potentiel\" \/>\n<meta property=\"article:published_time\" content=\"2026-07-15T08:50:02+00:00\" \/>\n<meta property=\"og:image\" content=\"https:\/\/lepotentiel.bj\/wp-content\/uploads\/2026\/07\/images-1.jpg\" \/>\n\t<meta property=\"og:image:width\" content=\"619\" \/>\n\t<meta property=\"og:image:height\" content=\"495\" \/>\n\t<meta property=\"og:image:type\" content=\"image\/jpeg\" \/>\n<meta name=\"author\" content=\"Louis\" \/>\n<meta name=\"twitter:card\" content=\"summary_large_image\" \/>\n<meta name=\"twitter:label1\" content=\"\u00c9crit par\" \/>\n\t<meta name=\"twitter:data1\" content=\"Louis\" \/>\n\t<meta name=\"twitter:label2\" content=\"Dur\u00e9e de lecture estim\u00e9e\" \/>\n\t<meta name=\"twitter:data2\" content=\"1 minute\" \/>\n<script type=\"application\/ld+json\" class=\"yoast-schema-graph\">{\"@context\":\"https:\\\/\\\/schema.org\",\"@graph\":[{\"@type\":\"Article\",\"@id\":\"https:\\\/\\\/lepotentiel.bj\\\/?p=86170#article\",\"isPartOf\":{\"@id\":\"https:\\\/\\\/lepotentiel.bj\\\/?p=86170\"},\"author\":{\"name\":\"Louis\",\"@id\":\"https:\\\/\\\/lepotentiel.bj\\\/#\\\/schema\\\/person\\\/fdda957c384e805f0fc0d27336e2043e\"},\"headline\":\"Diplomatie : Wadagni positionne le B\u00e9nin au c\u0153ur de l&rsquo;\u00e9conomie africaine\",\"datePublished\":\"2026-07-15T08:50:02+00:00\",\"mainEntityOfPage\":{\"@id\":\"https:\\\/\\\/lepotentiel.bj\\\/?p=86170\"},\"wordCount\":292,\"commentCount\":0,\"publisher\":{\"@id\":\"https:\\\/\\\/lepotentiel.bj\\\/#organization\"},\"image\":{\"@id\":\"https:\\\/\\\/lepotentiel.bj\\\/?p=86170#primaryimage\"},\"thumbnailUrl\":\"https:\\\/\\\/lepotentiel.bj\\\/wp-content\\\/uploads\\\/2026\\\/07\\\/images-1.jpg\",\"keywords\":[\"\u00c9conomie\",\"\u00c9thiopie\",\"positionnement B\u00e9nin\",\"Wadagni\"],\"articleSection\":[\"Actualit\u00e9\"],\"inLanguage\":\"fr-FR\",\"potentialAction\":[{\"@type\":\"CommentAction\",\"name\":\"Comment\",\"target\":[\"https:\\\/\\\/lepotentiel.bj\\\/?p=86170#respond\"]}]},{\"@type\":\"WebPage\",\"@id\":\"https:\\\/\\\/lepotentiel.bj\\\/?p=86170\",\"url\":\"https:\\\/\\\/lepotentiel.bj\\\/?p=86170\",\"name\":\"Diplomatie : Wadagni positionne le B\u00e9nin au c\u0153ur de l'\u00e9conomie africaine - Le Potentiel\",\"isPartOf\":{\"@id\":\"https:\\\/\\\/lepotentiel.bj\\\/#website\"},\"primaryImageOfPage\":{\"@id\":\"https:\\\/\\\/lepotentiel.bj\\\/?p=86170#primaryimage\"},\"image\":{\"@id\":\"https:\\\/\\\/lepotentiel.bj\\\/?p=86170#primaryimage\"},\"thumbnailUrl\":\"https:\\\/\\\/lepotentiel.bj\\\/wp-content\\\/uploads\\\/2026\\\/07\\\/images-1.jpg\",\"datePublished\":\"2026-07-15T08:50:02+00:00\",\"breadcrumb\":{\"@id\":\"https:\\\/\\\/lepotentiel.bj\\\/?p=86170#breadcrumb\"},\"inLanguage\":\"fr-FR\",\"potentialAction\":[{\"@type\":\"ReadAction\",\"target\":[\"https:\\\/\\\/lepotentiel.bj\\\/?p=86170\"]}]},{\"@type\":\"ImageObject\",\"inLanguage\":\"fr-FR\",\"@id\":\"https:\\\/\\\/lepotentiel.bj\\\/?p=86170#primaryimage\",\"url\":\"https:\\\/\\\/lepotentiel.bj\\\/wp-content\\\/uploads\\\/2026\\\/07\\\/images-1.jpg\",\"contentUrl\":\"https:\\\/\\\/lepotentiel.bj\\\/wp-content\\\/uploads\\\/2026\\\/07\\\/images-1.jpg\",\"width\":619,\"height\":495},{\"@type\":\"BreadcrumbList\",\"@id\":\"https:\\\/\\\/lepotentiel.bj\\\/?p=86170#breadcrumb\",\"itemListElement\":[{\"@type\":\"ListItem\",\"position\":1,\"name\":\"Accueil\",\"item\":\"https:\\\/\\\/lepotentiel.bj\\\/\"},{\"@type\":\"ListItem\",\"position\":2,\"name\":\"Diplomatie : Wadagni positionne le B\u00e9nin au c\u0153ur de l&rsquo;\u00e9conomie africaine\"}]},{\"@type\":\"WebSite\",\"@id\":\"https:\\\/\\\/lepotentiel.bj\\\/#website\",\"url\":\"https:\\\/\\\/lepotentiel.bj\\\/\",\"name\":\"Le Potentiel\",\"description\":\"Le Potentiel, au service de l\u2019information, nous sommes les fantassins du droit de savoir\",\"publisher\":{\"@id\":\"https:\\\/\\\/lepotentiel.bj\\\/#organization\"},\"potentialAction\":[{\"@type\":\"SearchAction\",\"target\":{\"@type\":\"EntryPoint\",\"urlTemplate\":\"https:\\\/\\\/lepotentiel.bj\\\/?s={search_term_string}\"},\"query-input\":{\"@type\":\"PropertyValueSpecification\",\"valueRequired\":true,\"valueName\":\"search_term_string\"}}],\"inLanguage\":\"fr-FR\"},{\"@type\":\"Organization\",\"@id\":\"https:\\\/\\\/lepotentiel.bj\\\/#organization\",\"name\":\"Le Potentiel\",\"url\":\"https:\\\/\\\/lepotentiel.bj\\\/\",\"logo\":{\"@type\":\"ImageObject\",\"inLanguage\":\"fr-FR\",\"@id\":\"https:\\\/\\\/lepotentiel.bj\\\/#\\\/schema\\\/logo\\\/image\\\/\",\"url\":\"https:\\\/\\\/lepotentiel.bj\\\/wp-content\\\/uploads\\\/2023\\\/12\\\/logo-pot.jpg\",\"contentUrl\":\"https:\\\/\\\/lepotentiel.bj\\\/wp-content\\\/uploads\\\/2023\\\/12\\\/logo-pot.jpg\",\"width\":562,\"height\":84,\"caption\":\"Le Potentiel\"},\"image\":{\"@id\":\"https:\\\/\\\/lepotentiel.bj\\\/#\\\/schema\\\/logo\\\/image\\\/\"}},{\"@type\":\"Person\",\"@id\":\"https:\\\/\\\/lepotentiel.bj\\\/#\\\/schema\\\/person\\\/fdda957c384e805f0fc0d27336e2043e\",\"name\":\"Louis\",\"image\":{\"@type\":\"ImageObject\",\"inLanguage\":\"fr-FR\",\"@id\":\"https:\\\/\\\/secure.gravatar.com\\\/avatar\\\/6f5f11044e7478a024ffb0cdd245934f14edbbbee764f548bc3f02a02df46d9a?s=96&d=mm&r=g\",\"url\":\"https:\\\/\\\/secure.gravatar.com\\\/avatar\\\/6f5f11044e7478a024ffb0cdd245934f14edbbbee764f548bc3f02a02df46d9a?s=96&d=mm&r=g\",\"contentUrl\":\"https:\\\/\\\/secure.gravatar.com\\\/avatar\\\/6f5f11044e7478a024ffb0cdd245934f14edbbbee764f548bc3f02a02df46d9a?s=96&d=mm&r=g\",\"caption\":\"Louis\"},\"url\":\"https:\\\/\\\/lepotentiel.bj\\\/?author=7\"}]}<\/script>\n<!-- \/ Yoast SEO plugin. -->","yoast_head_json":{"title":"Diplomatie : Wadagni positionne le B\u00e9nin au c\u0153ur de l'\u00e9conomie africaine - Le Potentiel","robots":{"index":"index","follow":"follow","max-snippet":"max-snippet:-1","max-image-preview":"max-image-preview:large","max-video-preview":"max-video-preview:-1"},"canonical":"https:\/\/lepotentiel.bj\/?p=86170","og_locale":"fr_FR","og_type":"article","og_title":"Diplomatie : Wadagni positionne le B\u00e9nin au c\u0153ur de l'\u00e9conomie africaine - Le Potentiel","og_description":"\u00c0 Addis-Abeba, le Pr\u00e9sident de la R\u00e9publique, Romuald Wadagni a particip\u00e9 ce lundi 13 juillet 2026 au panel inaugural de la retraite strat\u00e9gique d&rsquo;Afreximbank. Une pr\u00e9sence qui traduit la volont\u00e9 du B\u00e9nin d&rsquo;influencer les futures orientations de financement de la principale banque panafricaine d&rsquo;import-export \u00c0 Addis-Abeba, le B\u00e9nin s&rsquo;est invit\u00e9 au c\u0153ur des r\u00e9flexions qui [&hellip;]","og_url":"https:\/\/lepotentiel.bj\/?p=86170","og_site_name":"Le Potentiel","article_published_time":"2026-07-15T08:50:02+00:00","og_image":[{"width":619,"height":495,"url":"https:\/\/lepotentiel.bj\/wp-content\/uploads\/2026\/07\/images-1.jpg","type":"image\/jpeg"}],"author":"Louis","twitter_card":"summary_large_image","twitter_misc":{"\u00c9crit par":"Louis","Dur\u00e9e de lecture estim\u00e9e":"1 minute"},"schema":{"@context":"https:\/\/schema.org","@graph":[{"@type":"Article","@id":"https:\/\/lepotentiel.bj\/?p=86170#article","isPartOf":{"@id":"https:\/\/lepotentiel.bj\/?p=86170"},"author":{"name":"Louis","@id":"https:\/\/lepotentiel.bj\/#\/schema\/person\/fdda957c384e805f0fc0d27336e2043e"},"headline":"Diplomatie : Wadagni positionne le B\u00e9nin au c\u0153ur de l&rsquo;\u00e9conomie africaine","datePublished":"2026-07-15T08:50:02+00:00","mainEntityOfPage":{"@id":"https:\/\/lepotentiel.bj\/?p=86170"},"wordCount":292,"commentCount":0,"publisher":{"@id":"https:\/\/lepotentiel.bj\/#organization"},"image":{"@id":"https:\/\/lepotentiel.bj\/?p=86170#primaryimage"},"thumbnailUrl":"https:\/\/lepotentiel.bj\/wp-content\/uploads\/2026\/07\/images-1.jpg","keywords":["\u00c9conomie","\u00c9thiopie","positionnement B\u00e9nin","Wadagni"],"articleSection":["Actualit\u00e9"],"inLanguage":"fr-FR","potentialAction":[{"@type":"CommentAction","name":"Comment","target":["https:\/\/lepotentiel.bj\/?p=86170#respond"]}]},{"@type":"WebPage","@id":"https:\/\/lepotentiel.bj\/?p=86170","url":"https:\/\/lepotentiel.bj\/?p=86170","name":"Diplomatie : Wadagni positionne le B\u00e9nin au c\u0153ur de l'\u00e9conomie africaine - Le Potentiel","isPartOf":{"@id":"https:\/\/lepotentiel.bj\/#website"},"primaryImageOfPage":{"@id":"https:\/\/lepotentiel.bj\/?p=86170#primaryimage"},"image":{"@id":"https:\/\/lepotentiel.bj\/?p=86170#primaryimage"},"thumbnailUrl":"https:\/\/lepotentiel.bj\/wp-content\/uploads\/2026\/07\/images-1.jpg","datePublished":"2026-07-15T08:50:02+00:00","breadcrumb":{"@id":"https:\/\/lepotentiel.bj\/?p=86170#breadcrumb"},"inLanguage":"fr-FR","potentialAction":[{"@type":"ReadAction","target":["https:\/\/lepotentiel.bj\/?p=86170"]}]},{"@type":"ImageObject","inLanguage":"fr-FR","@id":"https:\/\/lepotentiel.bj\/?p=86170#primaryimage","url":"https:\/\/lepotentiel.bj\/wp-content\/uploads\/2026\/07\/images-1.jpg","contentUrl":"https:\/\/lepotentiel.bj\/wp-content\/uploads\/2026\/07\/images-1.jpg","width":619,"height":495},{"@type":"BreadcrumbList","@id":"https:\/\/lepotentiel.bj\/?p=86170#breadcrumb","itemListElement":[{"@type":"ListItem","position":1,"name":"Accueil","item":"https:\/\/lepotentiel.bj\/"},{"@type":"ListItem","position":2,"name":"Diplomatie : Wadagni positionne le B\u00e9nin au c\u0153ur de l&rsquo;\u00e9conomie africaine"}]},{"@type":"WebSite","@id":"https:\/\/lepotentiel.bj\/#website","url":"https:\/\/lepotentiel.bj\/","name":"Le Potentiel","description":"Le Potentiel, au service de l\u2019information, nous sommes les fantassins du droit de savoir","publisher":{"@id":"https:\/\/lepotentiel.bj\/#organization"},"potentialAction":[{"@type":"SearchAction","target":{"@type":"EntryPoint","urlTemplate":"https:\/\/lepotentiel.bj\/?s={search_term_string}"},"query-input":{"@type":"PropertyValueSpecification","valueRequired":true,"valueName":"search_term_string"}}],"inLanguage":"fr-FR"},{"@type":"Organization","@id":"https:\/\/lepotentiel.bj\/#organization","name":"Le Potentiel","url":"https:\/\/lepotentiel.bj\/","logo":{"@type":"ImageObject","inLanguage":"fr-FR","@id":"https:\/\/lepotentiel.bj\/#\/schema\/logo\/image\/","url":"https:\/\/lepotentiel.bj\/wp-content\/uploads\/2023\/12\/logo-pot.jpg","contentUrl":"https:\/\/lepotentiel.bj\/wp-content\/uploads\/2023\/12\/logo-pot.jpg","width":562,"height":84,"caption":"Le Potentiel"},"image":{"@id":"https:\/\/lepotentiel.bj\/#\/schema\/logo\/image\/"}},{"@type":"Person","@id":"https:\/\/lepotentiel.bj\/#\/schema\/person\/fdda957c384e805f0fc0d27336e2043e","name":"Louis","image":{"@type":"ImageObject","inLanguage":"fr-FR","@id":"https:\/\/secure.gravatar.com\/avatar\/6f5f11044e7478a024ffb0cdd245934f14edbbbee764f548bc3f02a02df46d9a?s=96&d=mm&r=g","url":"https:\/\/secure.gravatar.com\/avatar\/6f5f11044e7478a024ffb0cdd245934f14edbbbee764f548bc3f02a02df46d9a?s=96&d=mm&r=g","contentUrl":"https:\/\/secure.gravatar.com\/avatar\/6f5f11044e7478a024ffb0cdd245934f14edbbbee764f548bc3f02a02df46d9a?s=96&d=mm&r=g","caption":"Louis"},"url":"https:\/\/lepotentiel.bj\/?author=7"}]}},"_links":{"self":[{"href":"https:\/\/lepotentiel.bj\/index.php?rest_route=\/wp\/v2\/posts\/86170","targetHints":{"allow":["GET"]}}],"collection":[{"href":"https:\/\/lepotentiel.bj\/index.php?rest_route=\/wp\/v2\/posts"}],"about":[{"href":"https:\/\/lepotentiel.bj\/index.php?rest_route=\/wp\/v2\/types\/post"}],"author":[{"embeddable":true,"href":"https:\/\/lepotentiel.bj\/index.php?rest_route=\/wp\/v2\/users\/7"}],"replies":[{"embeddable":true,"href":"https:\/\/lepotentiel.bj\/index.php?rest_route=%2Fwp%2Fv2%2Fcomments&post=86170"}],"version-history":[{"count":1,"href":"https:\/\/lepotentiel.bj\/index.php?rest_route=\/wp\/v2\/posts\/86170\/revisions"}],"predecessor-version":[{"id":86172,"href":"https:\/\/lepotentiel.bj\/index.php?rest_route=\/wp\/v2\/posts\/86170\/revisions\/86172"}],"wp:featuredmedia":[{"embeddable":true,"href":"https:\/\/lepotentiel.bj\/index.php?rest_route=\/wp\/v2\/media\/86171"}],"wp:attachment":[{"href":"https:\/\/lepotentiel.bj\/index.php?rest_route=%2Fwp%2Fv2%2Fmedia&parent=86170"}],"wp:term":[{"taxonomy":"category","embeddable":true,"href":"https:\/\/lepotentiel.bj\/index.php?rest_route=%2Fwp%2Fv2%2Fcategories&post=86170"},{"taxonomy":"post_tag","embeddable":true,"href":"https:\/\/lepotentiel.bj\/index.php?rest_route=%2Fwp%2Fv2%2Ftags&post=86170"}],"curies":[{"name":"wp","href":"https:\/\/api.w.org\/{rel}","templated":true}]}}