{"id":86190,"date":"2026-07-15T15:51:13","date_gmt":"2026-07-15T13:51:13","guid":{"rendered":"https:\/\/lepotentiel.bj\/?p=86190"},"modified":"2026-07-15T15:51:13","modified_gmt":"2026-07-15T13:51:13","slug":"port-de-cotonou-de-nouvelles-exigences-douanieres-pour-les-effets-usages","status":"publish","type":"post","link":"https:\/\/lepotentiel.bj\/?p=86190","title":{"rendered":"Port de Cotonou : De nouvelles exigences douani\u00e8res pour les effets usag\u00e9s"},"content":{"rendered":"<p style=\"text-align: justify;\">Les proc\u00e9dures d\u2019enl\u00e8vement des effets usag\u00e9s au Port autonome de Cotonou conna\u00eetront des changements \u00e0 partir du 1er ao\u00fbt 2026. Les acteurs de la cha\u00eene logistique devront d\u00e9sormais respecter de nouvelles exigences fix\u00e9es par l\u2019administration douani\u00e8re b\u00e9ninoise. Officialis\u00e9e par une note circulaire en date du 6 juillet 2026 et sign\u00e9e par le Receveur des Douanes de Cotonou-Port, Issa Idrissou, cette mesure vise \u00e0 renforcer la transparence, la tra\u00e7abilit\u00e9 et le contr\u00f4le des op\u00e9rations li\u00e9es \u00e0 ces marchandises.<\/p>\n<p style=\"text-align: justify;\">D\u00e9sormais, les documents de transport relatifs aux effets usag\u00e9s devront obligatoirement mentionner des personnes morales pour les diff\u00e9rentes parties concern\u00e9es, notamment l\u2019exp\u00e9diteur, le destinataire et la personne \u00e0 notifier. Les entreprises ou entit\u00e9s cit\u00e9es devront \u00e9galement fournir des coordonn\u00e9es compl\u00e8tes et pr\u00e9cises sur les connaissements. Cette nouvelle disposition exclut ainsi les personnes physiques de ces documents pour les cargaisons concern\u00e9es. Toutefois, les exp\u00e9ditions d\u2019effets personnels ainsi que les marchandises en transit restent exempt\u00e9es de ces exigences.<\/p>\n<p style=\"text-align: justify;\">L\u2019administration douani\u00e8re entend \u00e9galement lutter contre les pratiques jug\u00e9es irr\u00e9guli\u00e8res li\u00e9es \u00e0 l\u2019utilisation des Identifiants fiscaux uniques (IFU). \u00c0 cet effet, aucune demande de modification ou de rectification des connaissements ne sera d\u00e9sormais accept\u00e9e, quel que soit le type de titre de transport utilis\u00e9.<\/p>\n<p style=\"text-align: justify;\"><strong>Laura LEKE<\/strong><\/p>\n","protected":false},"excerpt":{"rendered":"<p>Les proc\u00e9dures d\u2019enl\u00e8vement des effets usag\u00e9s au Port autonome de Cotonou conna\u00eetront des changements \u00e0 partir du 1er ao\u00fbt 2026. Les acteurs de la cha\u00eene logistique devront d\u00e9sormais respecter de nouvelles exigences fix\u00e9es par l\u2019administration douani\u00e8re b\u00e9ninoise. Officialis\u00e9e par une note circulaire en date du 6 juillet 2026 et sign\u00e9e par le Receveur des Douanes [&hellip;]<\/p>\n","protected":false},"author":18,"featured_media":86192,"comment_status":"open","ping_status":"open","sticky":false,"template":"","format":"standard","meta":{"footnotes":""},"categories":[34,42],"tags":[],"class_list":["post-86190","post","type-post","status-publish","format-standard","has-post-thumbnail","hentry","category-actualite","category-societe"],"yoast_head":"<!-- This site is optimized with the Yoast SEO plugin v28.2 - https:\/\/yoast.com\/product\/yoast-seo-wordpress\/ -->\n<title>Port de Cotonou : De nouvelles exigences douani\u00e8res pour les effets usag\u00e9s - Le Potentiel<\/title>\n<meta name=\"robots\" content=\"index, follow, max-snippet:-1, max-image-preview:large, max-video-preview:-1\" \/>\n<link rel=\"canonical\" href=\"https:\/\/lepotentiel.bj\/?p=86190\" \/>\n<meta property=\"og:locale\" content=\"fr_FR\" \/>\n<meta property=\"og:type\" content=\"article\" \/>\n<meta property=\"og:title\" content=\"Port de Cotonou : De nouvelles exigences douani\u00e8res pour les effets usag\u00e9s - Le Potentiel\" \/>\n<meta property=\"og:description\" content=\"Les proc\u00e9dures d\u2019enl\u00e8vement des effets usag\u00e9s au Port autonome de Cotonou conna\u00eetront des changements \u00e0 partir du 1er ao\u00fbt 2026. Les acteurs de la cha\u00eene logistique devront d\u00e9sormais respecter de nouvelles exigences fix\u00e9es par l\u2019administration douani\u00e8re b\u00e9ninoise. Officialis\u00e9e par une note circulaire en date du 6 juillet 2026 et sign\u00e9e par le Receveur des Douanes [&hellip;]\" \/>\n<meta property=\"og:url\" content=\"https:\/\/lepotentiel.bj\/?p=86190\" \/>\n<meta property=\"og:site_name\" content=\"Le Potentiel\" \/>\n<meta property=\"article:published_time\" content=\"2026-07-15T13:51:13+00:00\" \/>\n<meta property=\"og:image\" content=\"https:\/\/lepotentiel.bj\/wp-content\/uploads\/2026\/07\/1732644342553___media_library_original_836_535.jpg\" \/>\n\t<meta property=\"og:image:width\" content=\"836\" \/>\n\t<meta property=\"og:image:height\" content=\"535\" \/>\n\t<meta property=\"og:image:type\" content=\"image\/jpeg\" \/>\n<meta name=\"author\" content=\"Laura\" \/>\n<meta name=\"twitter:card\" content=\"summary_large_image\" \/>\n<meta name=\"twitter:label1\" content=\"\u00c9crit par\" \/>\n\t<meta name=\"twitter:data1\" content=\"Laura\" \/>\n\t<meta name=\"twitter:label2\" content=\"Dur\u00e9e de lecture estim\u00e9e\" \/>\n\t<meta name=\"twitter:data2\" content=\"1 minute\" \/>\n<script type=\"application\/ld+json\" class=\"yoast-schema-graph\">{\"@context\":\"https:\\\/\\\/schema.org\",\"@graph\":[{\"@type\":\"Article\",\"@id\":\"https:\\\/\\\/lepotentiel.bj\\\/?p=86190#article\",\"isPartOf\":{\"@id\":\"https:\\\/\\\/lepotentiel.bj\\\/?p=86190\"},\"author\":{\"name\":\"Laura\",\"@id\":\"https:\\\/\\\/lepotentiel.bj\\\/#\\\/schema\\\/person\\\/001def78e1eafec4b5733ea184d49dd0\"},\"headline\":\"Port de Cotonou : De nouvelles exigences douani\u00e8res pour les effets usag\u00e9s\",\"datePublished\":\"2026-07-15T13:51:13+00:00\",\"mainEntityOfPage\":{\"@id\":\"https:\\\/\\\/lepotentiel.bj\\\/?p=86190\"},\"wordCount\":245,\"commentCount\":0,\"publisher\":{\"@id\":\"https:\\\/\\\/lepotentiel.bj\\\/#organization\"},\"image\":{\"@id\":\"https:\\\/\\\/lepotentiel.bj\\\/?p=86190#primaryimage\"},\"thumbnailUrl\":\"https:\\\/\\\/lepotentiel.bj\\\/wp-content\\\/uploads\\\/2026\\\/07\\\/1732644342553___media_library_original_836_535.jpg\",\"articleSection\":[\"Actualit\u00e9\",\"SOCIETE\"],\"inLanguage\":\"fr-FR\",\"potentialAction\":[{\"@type\":\"CommentAction\",\"name\":\"Comment\",\"target\":[\"https:\\\/\\\/lepotentiel.bj\\\/?p=86190#respond\"]}]},{\"@type\":\"WebPage\",\"@id\":\"https:\\\/\\\/lepotentiel.bj\\\/?p=86190\",\"url\":\"https:\\\/\\\/lepotentiel.bj\\\/?p=86190\",\"name\":\"Port de Cotonou : De nouvelles exigences douani\u00e8res pour les effets usag\u00e9s - Le Potentiel\",\"isPartOf\":{\"@id\":\"https:\\\/\\\/lepotentiel.bj\\\/#website\"},\"primaryImageOfPage\":{\"@id\":\"https:\\\/\\\/lepotentiel.bj\\\/?p=86190#primaryimage\"},\"image\":{\"@id\":\"https:\\\/\\\/lepotentiel.bj\\\/?p=86190#primaryimage\"},\"thumbnailUrl\":\"https:\\\/\\\/lepotentiel.bj\\\/wp-content\\\/uploads\\\/2026\\\/07\\\/1732644342553___media_library_original_836_535.jpg\",\"datePublished\":\"2026-07-15T13:51:13+00:00\",\"breadcrumb\":{\"@id\":\"https:\\\/\\\/lepotentiel.bj\\\/?p=86190#breadcrumb\"},\"inLanguage\":\"fr-FR\",\"potentialAction\":[{\"@type\":\"ReadAction\",\"target\":[\"https:\\\/\\\/lepotentiel.bj\\\/?p=86190\"]}]},{\"@type\":\"ImageObject\",\"inLanguage\":\"fr-FR\",\"@id\":\"https:\\\/\\\/lepotentiel.bj\\\/?p=86190#primaryimage\",\"url\":\"https:\\\/\\\/lepotentiel.bj\\\/wp-content\\\/uploads\\\/2026\\\/07\\\/1732644342553___media_library_original_836_535.jpg\",\"contentUrl\":\"https:\\\/\\\/lepotentiel.bj\\\/wp-content\\\/uploads\\\/2026\\\/07\\\/1732644342553___media_library_original_836_535.jpg\",\"width\":836,\"height\":535},{\"@type\":\"BreadcrumbList\",\"@id\":\"https:\\\/\\\/lepotentiel.bj\\\/?p=86190#breadcrumb\",\"itemListElement\":[{\"@type\":\"ListItem\",\"position\":1,\"name\":\"Accueil\",\"item\":\"https:\\\/\\\/lepotentiel.bj\\\/\"},{\"@type\":\"ListItem\",\"position\":2,\"name\":\"Port de Cotonou : De nouvelles exigences douani\u00e8res pour les effets usag\u00e9s\"}]},{\"@type\":\"WebSite\",\"@id\":\"https:\\\/\\\/lepotentiel.bj\\\/#website\",\"url\":\"https:\\\/\\\/lepotentiel.bj\\\/\",\"name\":\"Le Potentiel\",\"description\":\"Le Potentiel, au service de l\u2019information, nous sommes les fantassins du droit de savoir\",\"publisher\":{\"@id\":\"https:\\\/\\\/lepotentiel.bj\\\/#organization\"},\"potentialAction\":[{\"@type\":\"SearchAction\",\"target\":{\"@type\":\"EntryPoint\",\"urlTemplate\":\"https:\\\/\\\/lepotentiel.bj\\\/?s={search_term_string}\"},\"query-input\":{\"@type\":\"PropertyValueSpecification\",\"valueRequired\":true,\"valueName\":\"search_term_string\"}}],\"inLanguage\":\"fr-FR\"},{\"@type\":\"Organization\",\"@id\":\"https:\\\/\\\/lepotentiel.bj\\\/#organization\",\"name\":\"Le Potentiel\",\"url\":\"https:\\\/\\\/lepotentiel.bj\\\/\",\"logo\":{\"@type\":\"ImageObject\",\"inLanguage\":\"fr-FR\",\"@id\":\"https:\\\/\\\/lepotentiel.bj\\\/#\\\/schema\\\/logo\\\/image\\\/\",\"url\":\"https:\\\/\\\/lepotentiel.bj\\\/wp-content\\\/uploads\\\/2023\\\/12\\\/logo-pot.jpg\",\"contentUrl\":\"https:\\\/\\\/lepotentiel.bj\\\/wp-content\\\/uploads\\\/2023\\\/12\\\/logo-pot.jpg\",\"width\":562,\"height\":84,\"caption\":\"Le Potentiel\"},\"image\":{\"@id\":\"https:\\\/\\\/lepotentiel.bj\\\/#\\\/schema\\\/logo\\\/image\\\/\"}},{\"@type\":\"Person\",\"@id\":\"https:\\\/\\\/lepotentiel.bj\\\/#\\\/schema\\\/person\\\/001def78e1eafec4b5733ea184d49dd0\",\"name\":\"Laura\",\"image\":{\"@type\":\"ImageObject\",\"inLanguage\":\"fr-FR\",\"@id\":\"https:\\\/\\\/secure.gravatar.com\\\/avatar\\\/46e54a01dd5785f370a6c40e9cfe54ebcfd939154e6505072fe15421c0d32893?s=96&d=mm&r=g\",\"url\":\"https:\\\/\\\/secure.gravatar.com\\\/avatar\\\/46e54a01dd5785f370a6c40e9cfe54ebcfd939154e6505072fe15421c0d32893?s=96&d=mm&r=g\",\"contentUrl\":\"https:\\\/\\\/secure.gravatar.com\\\/avatar\\\/46e54a01dd5785f370a6c40e9cfe54ebcfd939154e6505072fe15421c0d32893?s=96&d=mm&r=g\",\"caption\":\"Laura\"},\"url\":\"https:\\\/\\\/lepotentiel.bj\\\/?author=18\"}]}<\/script>\n<!-- \/ Yoast SEO plugin. -->","yoast_head_json":{"title":"Port de Cotonou : De nouvelles exigences douani\u00e8res pour les effets usag\u00e9s - Le Potentiel","robots":{"index":"index","follow":"follow","max-snippet":"max-snippet:-1","max-image-preview":"max-image-preview:large","max-video-preview":"max-video-preview:-1"},"canonical":"https:\/\/lepotentiel.bj\/?p=86190","og_locale":"fr_FR","og_type":"article","og_title":"Port de Cotonou : De nouvelles exigences douani\u00e8res pour les effets usag\u00e9s - Le Potentiel","og_description":"Les proc\u00e9dures d\u2019enl\u00e8vement des effets usag\u00e9s au Port autonome de Cotonou conna\u00eetront des changements \u00e0 partir du 1er ao\u00fbt 2026. Les acteurs de la cha\u00eene logistique devront d\u00e9sormais respecter de nouvelles exigences fix\u00e9es par l\u2019administration douani\u00e8re b\u00e9ninoise. Officialis\u00e9e par une note circulaire en date du 6 juillet 2026 et sign\u00e9e par le Receveur des Douanes [&hellip;]","og_url":"https:\/\/lepotentiel.bj\/?p=86190","og_site_name":"Le Potentiel","article_published_time":"2026-07-15T13:51:13+00:00","og_image":[{"width":836,"height":535,"url":"https:\/\/lepotentiel.bj\/wp-content\/uploads\/2026\/07\/1732644342553___media_library_original_836_535.jpg","type":"image\/jpeg"}],"author":"Laura","twitter_card":"summary_large_image","twitter_misc":{"\u00c9crit par":"Laura","Dur\u00e9e de lecture estim\u00e9e":"1 minute"},"schema":{"@context":"https:\/\/schema.org","@graph":[{"@type":"Article","@id":"https:\/\/lepotentiel.bj\/?p=86190#article","isPartOf":{"@id":"https:\/\/lepotentiel.bj\/?p=86190"},"author":{"name":"Laura","@id":"https:\/\/lepotentiel.bj\/#\/schema\/person\/001def78e1eafec4b5733ea184d49dd0"},"headline":"Port de Cotonou : De nouvelles exigences douani\u00e8res pour les effets usag\u00e9s","datePublished":"2026-07-15T13:51:13+00:00","mainEntityOfPage":{"@id":"https:\/\/lepotentiel.bj\/?p=86190"},"wordCount":245,"commentCount":0,"publisher":{"@id":"https:\/\/lepotentiel.bj\/#organization"},"image":{"@id":"https:\/\/lepotentiel.bj\/?p=86190#primaryimage"},"thumbnailUrl":"https:\/\/lepotentiel.bj\/wp-content\/uploads\/2026\/07\/1732644342553___media_library_original_836_535.jpg","articleSection":["Actualit\u00e9","SOCIETE"],"inLanguage":"fr-FR","potentialAction":[{"@type":"CommentAction","name":"Comment","target":["https:\/\/lepotentiel.bj\/?p=86190#respond"]}]},{"@type":"WebPage","@id":"https:\/\/lepotentiel.bj\/?p=86190","url":"https:\/\/lepotentiel.bj\/?p=86190","name":"Port de Cotonou : De nouvelles exigences douani\u00e8res pour les effets usag\u00e9s - Le Potentiel","isPartOf":{"@id":"https:\/\/lepotentiel.bj\/#website"},"primaryImageOfPage":{"@id":"https:\/\/lepotentiel.bj\/?p=86190#primaryimage"},"image":{"@id":"https:\/\/lepotentiel.bj\/?p=86190#primaryimage"},"thumbnailUrl":"https:\/\/lepotentiel.bj\/wp-content\/uploads\/2026\/07\/1732644342553___media_library_original_836_535.jpg","datePublished":"2026-07-15T13:51:13+00:00","breadcrumb":{"@id":"https:\/\/lepotentiel.bj\/?p=86190#breadcrumb"},"inLanguage":"fr-FR","potentialAction":[{"@type":"ReadAction","target":["https:\/\/lepotentiel.bj\/?p=86190"]}]},{"@type":"ImageObject","inLanguage":"fr-FR","@id":"https:\/\/lepotentiel.bj\/?p=86190#primaryimage","url":"https:\/\/lepotentiel.bj\/wp-content\/uploads\/2026\/07\/1732644342553___media_library_original_836_535.jpg","contentUrl":"https:\/\/lepotentiel.bj\/wp-content\/uploads\/2026\/07\/1732644342553___media_library_original_836_535.jpg","width":836,"height":535},{"@type":"BreadcrumbList","@id":"https:\/\/lepotentiel.bj\/?p=86190#breadcrumb","itemListElement":[{"@type":"ListItem","position":1,"name":"Accueil","item":"https:\/\/lepotentiel.bj\/"},{"@type":"ListItem","position":2,"name":"Port de Cotonou : De nouvelles exigences douani\u00e8res pour les effets usag\u00e9s"}]},{"@type":"WebSite","@id":"https:\/\/lepotentiel.bj\/#website","url":"https:\/\/lepotentiel.bj\/","name":"Le Potentiel","description":"Le Potentiel, au service de l\u2019information, nous sommes les fantassins du droit de savoir","publisher":{"@id":"https:\/\/lepotentiel.bj\/#organization"},"potentialAction":[{"@type":"SearchAction","target":{"@type":"EntryPoint","urlTemplate":"https:\/\/lepotentiel.bj\/?s={search_term_string}"},"query-input":{"@type":"PropertyValueSpecification","valueRequired":true,"valueName":"search_term_string"}}],"inLanguage":"fr-FR"},{"@type":"Organization","@id":"https:\/\/lepotentiel.bj\/#organization","name":"Le Potentiel","url":"https:\/\/lepotentiel.bj\/","logo":{"@type":"ImageObject","inLanguage":"fr-FR","@id":"https:\/\/lepotentiel.bj\/#\/schema\/logo\/image\/","url":"https:\/\/lepotentiel.bj\/wp-content\/uploads\/2023\/12\/logo-pot.jpg","contentUrl":"https:\/\/lepotentiel.bj\/wp-content\/uploads\/2023\/12\/logo-pot.jpg","width":562,"height":84,"caption":"Le Potentiel"},"image":{"@id":"https:\/\/lepotentiel.bj\/#\/schema\/logo\/image\/"}},{"@type":"Person","@id":"https:\/\/lepotentiel.bj\/#\/schema\/person\/001def78e1eafec4b5733ea184d49dd0","name":"Laura","image":{"@type":"ImageObject","inLanguage":"fr-FR","@id":"https:\/\/secure.gravatar.com\/avatar\/46e54a01dd5785f370a6c40e9cfe54ebcfd939154e6505072fe15421c0d32893?s=96&d=mm&r=g","url":"https:\/\/secure.gravatar.com\/avatar\/46e54a01dd5785f370a6c40e9cfe54ebcfd939154e6505072fe15421c0d32893?s=96&d=mm&r=g","contentUrl":"https:\/\/secure.gravatar.com\/avatar\/46e54a01dd5785f370a6c40e9cfe54ebcfd939154e6505072fe15421c0d32893?s=96&d=mm&r=g","caption":"Laura"},"url":"https:\/\/lepotentiel.bj\/?author=18"}]}},"_links":{"self":[{"href":"https:\/\/lepotentiel.bj\/index.php?rest_route=\/wp\/v2\/posts\/86190","targetHints":{"allow":["GET"]}}],"collection":[{"href":"https:\/\/lepotentiel.bj\/index.php?rest_route=\/wp\/v2\/posts"}],"about":[{"href":"https:\/\/lepotentiel.bj\/index.php?rest_route=\/wp\/v2\/types\/post"}],"author":[{"embeddable":true,"href":"https:\/\/lepotentiel.bj\/index.php?rest_route=\/wp\/v2\/users\/18"}],"replies":[{"embeddable":true,"href":"https:\/\/lepotentiel.bj\/index.php?rest_route=%2Fwp%2Fv2%2Fcomments&post=86190"}],"version-history":[{"count":1,"href":"https:\/\/lepotentiel.bj\/index.php?rest_route=\/wp\/v2\/posts\/86190\/revisions"}],"predecessor-version":[{"id":86194,"href":"https:\/\/lepotentiel.bj\/index.php?rest_route=\/wp\/v2\/posts\/86190\/revisions\/86194"}],"wp:featuredmedia":[{"embeddable":true,"href":"https:\/\/lepotentiel.bj\/index.php?rest_route=\/wp\/v2\/media\/86192"}],"wp:attachment":[{"href":"https:\/\/lepotentiel.bj\/index.php?rest_route=%2Fwp%2Fv2%2Fmedia&parent=86190"}],"wp:term":[{"taxonomy":"category","embeddable":true,"href":"https:\/\/lepotentiel.bj\/index.php?rest_route=%2Fwp%2Fv2%2Fcategories&post=86190"},{"taxonomy":"post_tag","embeddable":true,"href":"https:\/\/lepotentiel.bj\/index.php?rest_route=%2Fwp%2Fv2%2Ftags&post=86190"}],"curies":[{"name":"wp","href":"https:\/\/api.w.org\/{rel}","templated":true}]}}