{"id":86193,"date":"2026-07-15T15:53:28","date_gmt":"2026-07-15T13:53:28","guid":{"rendered":"https:\/\/lepotentiel.bj\/?p=86193"},"modified":"2026-07-15T15:53:28","modified_gmt":"2026-07-15T13:53:28","slug":"medias-au-benin-la-haac-et-canal-misent-sur-une-cooperation-renforcee","status":"publish","type":"post","link":"https:\/\/lepotentiel.bj\/?p=86193","title":{"rendered":"M\u00e9dias au B\u00e9nin : la HAAC et Canal+ misent sur une coop\u00e9ration renforc\u00e9e"},"content":{"rendered":"<p style=\"text-align: justify;\"><strong>M\u00e9dias au B\u00e9nin : la HAAC et Canal+ misent sur une coop\u00e9ration renforc\u00e9e<\/strong><\/p>\n<p style=\"text-align: justify;\">\n<strong>La coop\u00e9ration entre la Haute Autorit\u00e9 de l&rsquo;Audiovisuel et de la Communication (HAAC) et Canal+ se consolide. Le pr\u00e9sident de l&rsquo;institution de r\u00e9gulation, \u00c9douard LOKO, a re\u00e7u en audience, ce mercredi 15 juillet 2026, le Directeur g\u00e9n\u00e9ral Pay TV de Canal+ Afrique francophone, Aziz Diallo accompagn\u00e9 de la Directrice g\u00e9n\u00e9rale de Canal+ B\u00e9nin, Yacine Alao. Cette rencontre vise \u00e0 renforcer le dialogue entre le r\u00e9gulateur et l&rsquo;un des principaux acteurs du secteur audiovisuel afin d&rsquo;accompagner la modernisation et la croissance de l&rsquo;industrie des m\u00e9dias au B\u00e9nin.<\/strong><\/p>\n<p style=\"text-align: justify;\">Au terme des \u00e9changes, Aziz Diallo a expliqu\u00e9 que cette visite \u00e9tait avant tout une d\u00e9marche de reconnaissance envers le pr\u00e9sident de la HAAC. Il a salu\u00e9 les orientations strat\u00e9giques formul\u00e9es par \u00c9douard Loko lors de leur premi\u00e8re rencontre, un an plus t\u00f4t, au moment de sa prise de fonctions \u00e0 la t\u00eate des activit\u00e9s Pay TV de Canal+ Afrique francophone.<\/p>\n<p style=\"text-align: justify;\">Selon le responsable de Canal+, ces recommandations ont constitu\u00e9 un v\u00e9ritable cadre de r\u00e9f\u00e9rence dans la conduite des activit\u00e9s du groupe au B\u00e9nin. Leur mise en application, associ\u00e9e \u00e0 l&rsquo;engagement des \u00e9quipes locales, a permis \u00e0 l&rsquo;entreprise d&rsquo;enregistrer des r\u00e9sultats significatifs et de renforcer son ancrage sur le march\u00e9 b\u00e9ninois.<\/p>\n<p style=\"text-align: justify;\">Le Directeur g\u00e9n\u00e9ral Pay TV de Canal+ Afrique francophone a \u00e9galement exprim\u00e9 sa gratitude envers la HAAC et les autorit\u00e9s b\u00e9ninoises pour leur accompagnement constant. D&rsquo;apr\u00e8s lui, ce climat de collaboration favorise le d\u00e9veloppement harmonieux des activit\u00e9s de Canal+ tout en contribuant \u00e0 la professionnalisation et \u00e0 la dynamique du paysage audiovisuel national.<\/p>\n<p style=\"text-align: justify;\">\u00c0 l&rsquo;issue de cette audience, les deux parties ont r\u00e9affirm\u00e9 leur volont\u00e9 de renforcer leur coop\u00e9ration au service du d\u00e9veloppement de l&rsquo;industrie audiovisuelle b\u00e9ninoise. Canal+ a notamment annonc\u00e9 son intention d&rsquo;intensifier ses productions locales, de renforcer sa proximit\u00e9 avec les populations et de proposer des contenus toujours plus adapt\u00e9s aux attentes des abonn\u00e9s, conform\u00e9ment aux orientations des autorit\u00e9s de r\u00e9gulation.<\/p>\n<p style=\"text-align: justify;\">M\u00e9dard Clobechi<\/p>\n","protected":false},"excerpt":{"rendered":"<p>M\u00e9dias au B\u00e9nin : la HAAC et Canal+ misent sur une coop\u00e9ration renforc\u00e9e La coop\u00e9ration entre la Haute Autorit\u00e9 de l&rsquo;Audiovisuel et de la Communication (HAAC) et Canal+ se consolide. Le pr\u00e9sident de l&rsquo;institution de r\u00e9gulation, \u00c9douard LOKO, a re\u00e7u en audience, ce mercredi 15 juillet 2026, le Directeur g\u00e9n\u00e9ral Pay TV de Canal+ Afrique [&hellip;]<\/p>\n","protected":false},"author":4,"featured_media":86195,"comment_status":"open","ping_status":"open","sticky":false,"template":"","format":"standard","meta":{"footnotes":""},"categories":[34],"tags":[],"class_list":["post-86193","post","type-post","status-publish","format-standard","has-post-thumbnail","hentry","category-actualite"],"yoast_head":"<!-- This site is optimized with the Yoast SEO plugin v28.2 - https:\/\/yoast.com\/product\/yoast-seo-wordpress\/ -->\n<title>M\u00e9dias au B\u00e9nin : la HAAC et Canal+ misent sur une coop\u00e9ration renforc\u00e9e - Le Potentiel<\/title>\n<meta name=\"robots\" content=\"index, follow, max-snippet:-1, max-image-preview:large, max-video-preview:-1\" \/>\n<link rel=\"canonical\" href=\"https:\/\/lepotentiel.bj\/?p=86193\" \/>\n<meta property=\"og:locale\" content=\"fr_FR\" \/>\n<meta property=\"og:type\" content=\"article\" \/>\n<meta property=\"og:title\" content=\"M\u00e9dias au B\u00e9nin : la HAAC et Canal+ misent sur une coop\u00e9ration renforc\u00e9e - Le Potentiel\" \/>\n<meta property=\"og:description\" content=\"M\u00e9dias au B\u00e9nin : la HAAC et Canal+ misent sur une coop\u00e9ration renforc\u00e9e La coop\u00e9ration entre la Haute Autorit\u00e9 de l&rsquo;Audiovisuel et de la Communication (HAAC) et Canal+ se consolide. Le pr\u00e9sident de l&rsquo;institution de r\u00e9gulation, \u00c9douard LOKO, a re\u00e7u en audience, ce mercredi 15 juillet 2026, le Directeur g\u00e9n\u00e9ral Pay TV de Canal+ Afrique [&hellip;]\" \/>\n<meta property=\"og:url\" content=\"https:\/\/lepotentiel.bj\/?p=86193\" \/>\n<meta property=\"og:site_name\" content=\"Le Potentiel\" \/>\n<meta property=\"article:published_time\" content=\"2026-07-15T13:53:28+00:00\" \/>\n<meta property=\"og:image\" content=\"https:\/\/lepotentiel.bj\/wp-content\/uploads\/2026\/07\/IMG-20260715-WA0385.jpg\" \/>\n\t<meta property=\"og:image:width\" content=\"720\" \/>\n\t<meta property=\"og:image:height\" content=\"488\" \/>\n\t<meta property=\"og:image:type\" content=\"image\/jpeg\" \/>\n<meta name=\"author\" content=\"Le Potentiel\" \/>\n<meta name=\"twitter:card\" content=\"summary_large_image\" \/>\n<meta name=\"twitter:label1\" content=\"\u00c9crit par\" \/>\n\t<meta name=\"twitter:data1\" content=\"Le Potentiel\" \/>\n\t<meta name=\"twitter:label2\" content=\"Dur\u00e9e de lecture estim\u00e9e\" \/>\n\t<meta name=\"twitter:data2\" content=\"2 minutes\" \/>\n<script type=\"application\/ld+json\" class=\"yoast-schema-graph\">{\"@context\":\"https:\\\/\\\/schema.org\",\"@graph\":[{\"@type\":\"Article\",\"@id\":\"https:\\\/\\\/lepotentiel.bj\\\/?p=86193#article\",\"isPartOf\":{\"@id\":\"https:\\\/\\\/lepotentiel.bj\\\/?p=86193\"},\"author\":{\"name\":\"Le Potentiel\",\"@id\":\"https:\\\/\\\/lepotentiel.bj\\\/#\\\/schema\\\/person\\\/453725c41f4363806763503087c06c70\"},\"headline\":\"M\u00e9dias au B\u00e9nin : la HAAC et Canal+ misent sur une coop\u00e9ration renforc\u00e9e\",\"datePublished\":\"2026-07-15T13:53:28+00:00\",\"mainEntityOfPage\":{\"@id\":\"https:\\\/\\\/lepotentiel.bj\\\/?p=86193\"},\"wordCount\":380,\"commentCount\":0,\"publisher\":{\"@id\":\"https:\\\/\\\/lepotentiel.bj\\\/#organization\"},\"image\":{\"@id\":\"https:\\\/\\\/lepotentiel.bj\\\/?p=86193#primaryimage\"},\"thumbnailUrl\":\"https:\\\/\\\/lepotentiel.bj\\\/wp-content\\\/uploads\\\/2026\\\/07\\\/IMG-20260715-WA0385.jpg\",\"articleSection\":[\"Actualit\u00e9\"],\"inLanguage\":\"fr-FR\",\"potentialAction\":[{\"@type\":\"CommentAction\",\"name\":\"Comment\",\"target\":[\"https:\\\/\\\/lepotentiel.bj\\\/?p=86193#respond\"]}]},{\"@type\":\"WebPage\",\"@id\":\"https:\\\/\\\/lepotentiel.bj\\\/?p=86193\",\"url\":\"https:\\\/\\\/lepotentiel.bj\\\/?p=86193\",\"name\":\"M\u00e9dias au B\u00e9nin : la HAAC et Canal+ misent sur une coop\u00e9ration renforc\u00e9e - Le Potentiel\",\"isPartOf\":{\"@id\":\"https:\\\/\\\/lepotentiel.bj\\\/#website\"},\"primaryImageOfPage\":{\"@id\":\"https:\\\/\\\/lepotentiel.bj\\\/?p=86193#primaryimage\"},\"image\":{\"@id\":\"https:\\\/\\\/lepotentiel.bj\\\/?p=86193#primaryimage\"},\"thumbnailUrl\":\"https:\\\/\\\/lepotentiel.bj\\\/wp-content\\\/uploads\\\/2026\\\/07\\\/IMG-20260715-WA0385.jpg\",\"datePublished\":\"2026-07-15T13:53:28+00:00\",\"breadcrumb\":{\"@id\":\"https:\\\/\\\/lepotentiel.bj\\\/?p=86193#breadcrumb\"},\"inLanguage\":\"fr-FR\",\"potentialAction\":[{\"@type\":\"ReadAction\",\"target\":[\"https:\\\/\\\/lepotentiel.bj\\\/?p=86193\"]}]},{\"@type\":\"ImageObject\",\"inLanguage\":\"fr-FR\",\"@id\":\"https:\\\/\\\/lepotentiel.bj\\\/?p=86193#primaryimage\",\"url\":\"https:\\\/\\\/lepotentiel.bj\\\/wp-content\\\/uploads\\\/2026\\\/07\\\/IMG-20260715-WA0385.jpg\",\"contentUrl\":\"https:\\\/\\\/lepotentiel.bj\\\/wp-content\\\/uploads\\\/2026\\\/07\\\/IMG-20260715-WA0385.jpg\",\"width\":720,\"height\":488},{\"@type\":\"BreadcrumbList\",\"@id\":\"https:\\\/\\\/lepotentiel.bj\\\/?p=86193#breadcrumb\",\"itemListElement\":[{\"@type\":\"ListItem\",\"position\":1,\"name\":\"Accueil\",\"item\":\"https:\\\/\\\/lepotentiel.bj\\\/\"},{\"@type\":\"ListItem\",\"position\":2,\"name\":\"M\u00e9dias au B\u00e9nin : la HAAC et Canal+ misent sur une coop\u00e9ration renforc\u00e9e\"}]},{\"@type\":\"WebSite\",\"@id\":\"https:\\\/\\\/lepotentiel.bj\\\/#website\",\"url\":\"https:\\\/\\\/lepotentiel.bj\\\/\",\"name\":\"Le Potentiel\",\"description\":\"Le Potentiel, au service de l\u2019information, nous sommes les fantassins du droit de savoir\",\"publisher\":{\"@id\":\"https:\\\/\\\/lepotentiel.bj\\\/#organization\"},\"potentialAction\":[{\"@type\":\"SearchAction\",\"target\":{\"@type\":\"EntryPoint\",\"urlTemplate\":\"https:\\\/\\\/lepotentiel.bj\\\/?s={search_term_string}\"},\"query-input\":{\"@type\":\"PropertyValueSpecification\",\"valueRequired\":true,\"valueName\":\"search_term_string\"}}],\"inLanguage\":\"fr-FR\"},{\"@type\":\"Organization\",\"@id\":\"https:\\\/\\\/lepotentiel.bj\\\/#organization\",\"name\":\"Le Potentiel\",\"url\":\"https:\\\/\\\/lepotentiel.bj\\\/\",\"logo\":{\"@type\":\"ImageObject\",\"inLanguage\":\"fr-FR\",\"@id\":\"https:\\\/\\\/lepotentiel.bj\\\/#\\\/schema\\\/logo\\\/image\\\/\",\"url\":\"https:\\\/\\\/lepotentiel.bj\\\/wp-content\\\/uploads\\\/2023\\\/12\\\/logo-pot.jpg\",\"contentUrl\":\"https:\\\/\\\/lepotentiel.bj\\\/wp-content\\\/uploads\\\/2023\\\/12\\\/logo-pot.jpg\",\"width\":562,\"height\":84,\"caption\":\"Le Potentiel\"},\"image\":{\"@id\":\"https:\\\/\\\/lepotentiel.bj\\\/#\\\/schema\\\/logo\\\/image\\\/\"}},{\"@type\":\"Person\",\"@id\":\"https:\\\/\\\/lepotentiel.bj\\\/#\\\/schema\\\/person\\\/453725c41f4363806763503087c06c70\",\"name\":\"Le Potentiel\",\"image\":{\"@type\":\"ImageObject\",\"inLanguage\":\"fr-FR\",\"@id\":\"https:\\\/\\\/secure.gravatar.com\\\/avatar\\\/4085301697e4181824463b6ab1ea0ef6abfe68ad30a95258574a4b2d1c76522e?s=96&d=mm&r=g\",\"url\":\"https:\\\/\\\/secure.gravatar.com\\\/avatar\\\/4085301697e4181824463b6ab1ea0ef6abfe68ad30a95258574a4b2d1c76522e?s=96&d=mm&r=g\",\"contentUrl\":\"https:\\\/\\\/secure.gravatar.com\\\/avatar\\\/4085301697e4181824463b6ab1ea0ef6abfe68ad30a95258574a4b2d1c76522e?s=96&d=mm&r=g\",\"caption\":\"Le Potentiel\"},\"url\":\"https:\\\/\\\/lepotentiel.bj\\\/?author=4\"}]}<\/script>\n<!-- \/ Yoast SEO plugin. -->","yoast_head_json":{"title":"M\u00e9dias au B\u00e9nin : la HAAC et Canal+ misent sur une coop\u00e9ration renforc\u00e9e - Le Potentiel","robots":{"index":"index","follow":"follow","max-snippet":"max-snippet:-1","max-image-preview":"max-image-preview:large","max-video-preview":"max-video-preview:-1"},"canonical":"https:\/\/lepotentiel.bj\/?p=86193","og_locale":"fr_FR","og_type":"article","og_title":"M\u00e9dias au B\u00e9nin : la HAAC et Canal+ misent sur une coop\u00e9ration renforc\u00e9e - Le Potentiel","og_description":"M\u00e9dias au B\u00e9nin : la HAAC et Canal+ misent sur une coop\u00e9ration renforc\u00e9e La coop\u00e9ration entre la Haute Autorit\u00e9 de l&rsquo;Audiovisuel et de la Communication (HAAC) et Canal+ se consolide. Le pr\u00e9sident de l&rsquo;institution de r\u00e9gulation, \u00c9douard LOKO, a re\u00e7u en audience, ce mercredi 15 juillet 2026, le Directeur g\u00e9n\u00e9ral Pay TV de Canal+ Afrique [&hellip;]","og_url":"https:\/\/lepotentiel.bj\/?p=86193","og_site_name":"Le Potentiel","article_published_time":"2026-07-15T13:53:28+00:00","og_image":[{"width":720,"height":488,"url":"https:\/\/lepotentiel.bj\/wp-content\/uploads\/2026\/07\/IMG-20260715-WA0385.jpg","type":"image\/jpeg"}],"author":"Le Potentiel","twitter_card":"summary_large_image","twitter_misc":{"\u00c9crit par":"Le Potentiel","Dur\u00e9e de lecture estim\u00e9e":"2 minutes"},"schema":{"@context":"https:\/\/schema.org","@graph":[{"@type":"Article","@id":"https:\/\/lepotentiel.bj\/?p=86193#article","isPartOf":{"@id":"https:\/\/lepotentiel.bj\/?p=86193"},"author":{"name":"Le Potentiel","@id":"https:\/\/lepotentiel.bj\/#\/schema\/person\/453725c41f4363806763503087c06c70"},"headline":"M\u00e9dias au B\u00e9nin : la HAAC et Canal+ misent sur une coop\u00e9ration renforc\u00e9e","datePublished":"2026-07-15T13:53:28+00:00","mainEntityOfPage":{"@id":"https:\/\/lepotentiel.bj\/?p=86193"},"wordCount":380,"commentCount":0,"publisher":{"@id":"https:\/\/lepotentiel.bj\/#organization"},"image":{"@id":"https:\/\/lepotentiel.bj\/?p=86193#primaryimage"},"thumbnailUrl":"https:\/\/lepotentiel.bj\/wp-content\/uploads\/2026\/07\/IMG-20260715-WA0385.jpg","articleSection":["Actualit\u00e9"],"inLanguage":"fr-FR","potentialAction":[{"@type":"CommentAction","name":"Comment","target":["https:\/\/lepotentiel.bj\/?p=86193#respond"]}]},{"@type":"WebPage","@id":"https:\/\/lepotentiel.bj\/?p=86193","url":"https:\/\/lepotentiel.bj\/?p=86193","name":"M\u00e9dias au B\u00e9nin : la HAAC et Canal+ misent sur une coop\u00e9ration renforc\u00e9e - Le Potentiel","isPartOf":{"@id":"https:\/\/lepotentiel.bj\/#website"},"primaryImageOfPage":{"@id":"https:\/\/lepotentiel.bj\/?p=86193#primaryimage"},"image":{"@id":"https:\/\/lepotentiel.bj\/?p=86193#primaryimage"},"thumbnailUrl":"https:\/\/lepotentiel.bj\/wp-content\/uploads\/2026\/07\/IMG-20260715-WA0385.jpg","datePublished":"2026-07-15T13:53:28+00:00","breadcrumb":{"@id":"https:\/\/lepotentiel.bj\/?p=86193#breadcrumb"},"inLanguage":"fr-FR","potentialAction":[{"@type":"ReadAction","target":["https:\/\/lepotentiel.bj\/?p=86193"]}]},{"@type":"ImageObject","inLanguage":"fr-FR","@id":"https:\/\/lepotentiel.bj\/?p=86193#primaryimage","url":"https:\/\/lepotentiel.bj\/wp-content\/uploads\/2026\/07\/IMG-20260715-WA0385.jpg","contentUrl":"https:\/\/lepotentiel.bj\/wp-content\/uploads\/2026\/07\/IMG-20260715-WA0385.jpg","width":720,"height":488},{"@type":"BreadcrumbList","@id":"https:\/\/lepotentiel.bj\/?p=86193#breadcrumb","itemListElement":[{"@type":"ListItem","position":1,"name":"Accueil","item":"https:\/\/lepotentiel.bj\/"},{"@type":"ListItem","position":2,"name":"M\u00e9dias au B\u00e9nin : la HAAC et Canal+ misent sur une coop\u00e9ration renforc\u00e9e"}]},{"@type":"WebSite","@id":"https:\/\/lepotentiel.bj\/#website","url":"https:\/\/lepotentiel.bj\/","name":"Le Potentiel","description":"Le Potentiel, au service de l\u2019information, nous sommes les fantassins du droit de savoir","publisher":{"@id":"https:\/\/lepotentiel.bj\/#organization"},"potentialAction":[{"@type":"SearchAction","target":{"@type":"EntryPoint","urlTemplate":"https:\/\/lepotentiel.bj\/?s={search_term_string}"},"query-input":{"@type":"PropertyValueSpecification","valueRequired":true,"valueName":"search_term_string"}}],"inLanguage":"fr-FR"},{"@type":"Organization","@id":"https:\/\/lepotentiel.bj\/#organization","name":"Le Potentiel","url":"https:\/\/lepotentiel.bj\/","logo":{"@type":"ImageObject","inLanguage":"fr-FR","@id":"https:\/\/lepotentiel.bj\/#\/schema\/logo\/image\/","url":"https:\/\/lepotentiel.bj\/wp-content\/uploads\/2023\/12\/logo-pot.jpg","contentUrl":"https:\/\/lepotentiel.bj\/wp-content\/uploads\/2023\/12\/logo-pot.jpg","width":562,"height":84,"caption":"Le Potentiel"},"image":{"@id":"https:\/\/lepotentiel.bj\/#\/schema\/logo\/image\/"}},{"@type":"Person","@id":"https:\/\/lepotentiel.bj\/#\/schema\/person\/453725c41f4363806763503087c06c70","name":"Le Potentiel","image":{"@type":"ImageObject","inLanguage":"fr-FR","@id":"https:\/\/secure.gravatar.com\/avatar\/4085301697e4181824463b6ab1ea0ef6abfe68ad30a95258574a4b2d1c76522e?s=96&d=mm&r=g","url":"https:\/\/secure.gravatar.com\/avatar\/4085301697e4181824463b6ab1ea0ef6abfe68ad30a95258574a4b2d1c76522e?s=96&d=mm&r=g","contentUrl":"https:\/\/secure.gravatar.com\/avatar\/4085301697e4181824463b6ab1ea0ef6abfe68ad30a95258574a4b2d1c76522e?s=96&d=mm&r=g","caption":"Le Potentiel"},"url":"https:\/\/lepotentiel.bj\/?author=4"}]}},"_links":{"self":[{"href":"https:\/\/lepotentiel.bj\/index.php?rest_route=\/wp\/v2\/posts\/86193","targetHints":{"allow":["GET"]}}],"collection":[{"href":"https:\/\/lepotentiel.bj\/index.php?rest_route=\/wp\/v2\/posts"}],"about":[{"href":"https:\/\/lepotentiel.bj\/index.php?rest_route=\/wp\/v2\/types\/post"}],"author":[{"embeddable":true,"href":"https:\/\/lepotentiel.bj\/index.php?rest_route=\/wp\/v2\/users\/4"}],"replies":[{"embeddable":true,"href":"https:\/\/lepotentiel.bj\/index.php?rest_route=%2Fwp%2Fv2%2Fcomments&post=86193"}],"version-history":[{"count":1,"href":"https:\/\/lepotentiel.bj\/index.php?rest_route=\/wp\/v2\/posts\/86193\/revisions"}],"predecessor-version":[{"id":86196,"href":"https:\/\/lepotentiel.bj\/index.php?rest_route=\/wp\/v2\/posts\/86193\/revisions\/86196"}],"wp:featuredmedia":[{"embeddable":true,"href":"https:\/\/lepotentiel.bj\/index.php?rest_route=\/wp\/v2\/media\/86195"}],"wp:attachment":[{"href":"https:\/\/lepotentiel.bj\/index.php?rest_route=%2Fwp%2Fv2%2Fmedia&parent=86193"}],"wp:term":[{"taxonomy":"category","embeddable":true,"href":"https:\/\/lepotentiel.bj\/index.php?rest_route=%2Fwp%2Fv2%2Fcategories&post=86193"},{"taxonomy":"post_tag","embeddable":true,"href":"https:\/\/lepotentiel.bj\/index.php?rest_route=%2Fwp%2Fv2%2Ftags&post=86193"}],"curies":[{"name":"wp","href":"https:\/\/api.w.org\/{rel}","templated":true}]}}