{"id":86197,"date":"2026-07-15T15:59:54","date_gmt":"2026-07-15T13:59:54","guid":{"rendered":"https:\/\/lepotentiel.bj\/?p=86197"},"modified":"2026-07-15T15:59:54","modified_gmt":"2026-07-15T13:59:54","slug":"proces-de-laffaire-dangnivo-a-cotonou-30-ans-de-reclusion-requis-contre-codjo-alofa-et-5-ans-de-prison-ferme-contre-donatien-amoussou","status":"publish","type":"post","link":"https:\/\/lepotentiel.bj\/?p=86197","title":{"rendered":"Proc\u00e8s de l\u2019affaire Dangnivo \u00e0 Cotonou: 30 ans de r\u00e9clusion requis contre Codjo Alofa et 5 ans de prison ferme contre Donatien Amoussou"},"content":{"rendered":"<p style=\"text-align: justify;\">Le dossier Pierre Urbain Dangnivo conna\u00eet un nouveau tournant judiciaire. \u00c0 l\u2019issue de ses r\u00e9quisitions pr\u00e9sent\u00e9es ce mercredi 15 juillet 2026 devant le Tribunal de premi\u00e8re instance (Tpi) de premi\u00e8re classe de Cotonou, le minist\u00e8re public a sollicit\u00e9 une peine de 30 ans de r\u00e9clusion criminelle contre Codjo Alofa, principal accus\u00e9 dans cette affaire.<\/p>\n<p style=\"text-align: justify;\">Seize ans apr\u00e8s la disparition de Pierre Urbain Dangnivo, le proc\u00e8s devant le Tribunal de premi\u00e8re instance de premi\u00e8re classe de Cotonou franchit une nouvelle \u00e9tape. Selon les \u00e9l\u00e9ments expos\u00e9s par le parquet, les faits reproch\u00e9s \u00e0 Codjo Alofa devraient \u00eatre requalifi\u00e9s en complicit\u00e9 de meurtre avec coauteurs. Le minist\u00e8re public a \u00e9galement requis une amende de 150 millions de francs CFA \u00e0 son encontre. Au-del\u00e0 de la peine privative de libert\u00e9, le parquet a demand\u00e9 que les restes de Pierre Urbain Dangnivo soient remis \u00e0 sa famille afin qu\u2019elle puisse lui offrir une s\u00e9pulture. Le minist\u00e8re public s\u2019est aussi prononc\u00e9 sur le cas du second pr\u00e9venu, Donatien Amoussou, pour lequel il a requis cinq ans d\u2019emprisonnement ferme apr\u00e8s une requalification des faits en escroquerie.<\/p>\n<p style=\"text-align: justify;\">\n<p style=\"text-align: justify;\">Ces r\u00e9quisitions ont lieu apr\u00e8s plusieurs semaines d\u2019audiences consacr\u00e9es \u00e0 l\u2019examen des diff\u00e9rents \u00e9l\u00e9ments du dossier. T\u00e9moignages, confrontations et d\u00e9bats autour des pi\u00e8ces de la proc\u00e9dure ont rythm\u00e9 les \u00e9changes devant la juridiction.<\/p>\n<p style=\"text-align: justify;\"><strong>Retour sur les faits<\/strong><\/p>\n<p style=\"text-align: justify;\">Disparu le 17 ao\u00fbt 2010, Pierre Urbain Dangnivo, alors cadre au minist\u00e8re de l\u2019\u00e9conomie et des finances, est devenu une figure centrale d\u2019un dossier judiciaire qui a marqu\u00e9 l\u2019opinion publique b\u00e9ninoise. Les nombreuses ann\u00e9es d\u2019enqu\u00eate et les interrogations autour des circonstances de sa disparition ont fait de cette affaire l\u2019une des plus suivies du pays.<\/p>\n<p style=\"text-align: justify;\">Les r\u00e9quisitions du minist\u00e8re public ne pr\u00e9jugent pas de la d\u00e9cision finale. Il revient d\u00e9sormais au tribunal d\u2019examiner les arguments des diff\u00e9rentes parties avant de se prononcer sur le fond de l\u2019affaire. \u00c0 suivre&#8230;<\/p>\n","protected":false},"excerpt":{"rendered":"<p>Le dossier Pierre Urbain Dangnivo conna\u00eet un nouveau tournant judiciaire. \u00c0 l\u2019issue de ses r\u00e9quisitions pr\u00e9sent\u00e9es ce mercredi 15 juillet 2026 devant le Tribunal de premi\u00e8re instance (Tpi) de premi\u00e8re classe de Cotonou, le minist\u00e8re public a sollicit\u00e9 une peine de 30 ans de r\u00e9clusion criminelle contre Codjo Alofa, principal accus\u00e9 dans cette affaire. Seize [&hellip;]<\/p>\n","protected":false},"author":18,"featured_media":85330,"comment_status":"open","ping_status":"open","sticky":false,"template":"","format":"standard","meta":{"footnotes":""},"categories":[34,1358],"tags":[],"class_list":["post-86197","post","type-post","status-publish","format-standard","has-post-thumbnail","hentry","category-actualite","category-justice"],"yoast_head":"<!-- This site is optimized with the Yoast SEO plugin v28.2 - https:\/\/yoast.com\/product\/yoast-seo-wordpress\/ -->\n<title>Proc\u00e8s de l\u2019affaire Dangnivo \u00e0 Cotonou: 30 ans de r\u00e9clusion requis contre Codjo Alofa et 5 ans de prison ferme contre Donatien Amoussou - Le Potentiel<\/title>\n<meta name=\"robots\" content=\"index, follow, max-snippet:-1, max-image-preview:large, max-video-preview:-1\" \/>\n<link rel=\"canonical\" href=\"https:\/\/lepotentiel.bj\/?p=86197\" \/>\n<meta property=\"og:locale\" content=\"fr_FR\" \/>\n<meta property=\"og:type\" content=\"article\" \/>\n<meta property=\"og:title\" content=\"Proc\u00e8s de l\u2019affaire Dangnivo \u00e0 Cotonou: 30 ans de r\u00e9clusion requis contre Codjo Alofa et 5 ans de prison ferme contre Donatien Amoussou - Le Potentiel\" \/>\n<meta property=\"og:description\" content=\"Le dossier Pierre Urbain Dangnivo conna\u00eet un nouveau tournant judiciaire. \u00c0 l\u2019issue de ses r\u00e9quisitions pr\u00e9sent\u00e9es ce mercredi 15 juillet 2026 devant le Tribunal de premi\u00e8re instance (Tpi) de premi\u00e8re classe de Cotonou, le minist\u00e8re public a sollicit\u00e9 une peine de 30 ans de r\u00e9clusion criminelle contre Codjo Alofa, principal accus\u00e9 dans cette affaire. Seize [&hellip;]\" \/>\n<meta property=\"og:url\" content=\"https:\/\/lepotentiel.bj\/?p=86197\" \/>\n<meta property=\"og:site_name\" content=\"Le Potentiel\" \/>\n<meta property=\"article:published_time\" content=\"2026-07-15T13:59:54+00:00\" \/>\n<meta property=\"og:image\" content=\"https:\/\/lepotentiel.bj\/wp-content\/uploads\/2026\/06\/Tribunal-de-Cotonou-750x375-1.jpg\" \/>\n\t<meta property=\"og:image:width\" content=\"750\" \/>\n\t<meta property=\"og:image:height\" content=\"375\" \/>\n\t<meta property=\"og:image:type\" content=\"image\/jpeg\" \/>\n<meta name=\"author\" content=\"Laura\" \/>\n<meta name=\"twitter:card\" content=\"summary_large_image\" \/>\n<meta name=\"twitter:label1\" content=\"\u00c9crit par\" \/>\n\t<meta name=\"twitter:data1\" content=\"Laura\" \/>\n\t<meta name=\"twitter:label2\" content=\"Dur\u00e9e de lecture estim\u00e9e\" \/>\n\t<meta name=\"twitter:data2\" content=\"2 minutes\" \/>\n<script type=\"application\/ld+json\" class=\"yoast-schema-graph\">{\"@context\":\"https:\\\/\\\/schema.org\",\"@graph\":[{\"@type\":\"Article\",\"@id\":\"https:\\\/\\\/lepotentiel.bj\\\/?p=86197#article\",\"isPartOf\":{\"@id\":\"https:\\\/\\\/lepotentiel.bj\\\/?p=86197\"},\"author\":{\"name\":\"Laura\",\"@id\":\"https:\\\/\\\/lepotentiel.bj\\\/#\\\/schema\\\/person\\\/001def78e1eafec4b5733ea184d49dd0\"},\"headline\":\"Proc\u00e8s de l\u2019affaire Dangnivo \u00e0 Cotonou: 30 ans de r\u00e9clusion requis contre Codjo Alofa et 5 ans de prison ferme contre Donatien Amoussou\",\"datePublished\":\"2026-07-15T13:59:54+00:00\",\"mainEntityOfPage\":{\"@id\":\"https:\\\/\\\/lepotentiel.bj\\\/?p=86197\"},\"wordCount\":370,\"commentCount\":0,\"publisher\":{\"@id\":\"https:\\\/\\\/lepotentiel.bj\\\/#organization\"},\"image\":{\"@id\":\"https:\\\/\\\/lepotentiel.bj\\\/?p=86197#primaryimage\"},\"thumbnailUrl\":\"https:\\\/\\\/lepotentiel.bj\\\/wp-content\\\/uploads\\\/2026\\\/06\\\/Tribunal-de-Cotonou-750x375-1.jpg\",\"articleSection\":[\"Actualit\u00e9\",\"Justice\"],\"inLanguage\":\"fr-FR\",\"potentialAction\":[{\"@type\":\"CommentAction\",\"name\":\"Comment\",\"target\":[\"https:\\\/\\\/lepotentiel.bj\\\/?p=86197#respond\"]}]},{\"@type\":\"WebPage\",\"@id\":\"https:\\\/\\\/lepotentiel.bj\\\/?p=86197\",\"url\":\"https:\\\/\\\/lepotentiel.bj\\\/?p=86197\",\"name\":\"Proc\u00e8s de l\u2019affaire Dangnivo \u00e0 Cotonou: 30 ans de r\u00e9clusion requis contre Codjo Alofa et 5 ans de prison ferme contre Donatien Amoussou - Le Potentiel\",\"isPartOf\":{\"@id\":\"https:\\\/\\\/lepotentiel.bj\\\/#website\"},\"primaryImageOfPage\":{\"@id\":\"https:\\\/\\\/lepotentiel.bj\\\/?p=86197#primaryimage\"},\"image\":{\"@id\":\"https:\\\/\\\/lepotentiel.bj\\\/?p=86197#primaryimage\"},\"thumbnailUrl\":\"https:\\\/\\\/lepotentiel.bj\\\/wp-content\\\/uploads\\\/2026\\\/06\\\/Tribunal-de-Cotonou-750x375-1.jpg\",\"datePublished\":\"2026-07-15T13:59:54+00:00\",\"breadcrumb\":{\"@id\":\"https:\\\/\\\/lepotentiel.bj\\\/?p=86197#breadcrumb\"},\"inLanguage\":\"fr-FR\",\"potentialAction\":[{\"@type\":\"ReadAction\",\"target\":[\"https:\\\/\\\/lepotentiel.bj\\\/?p=86197\"]}]},{\"@type\":\"ImageObject\",\"inLanguage\":\"fr-FR\",\"@id\":\"https:\\\/\\\/lepotentiel.bj\\\/?p=86197#primaryimage\",\"url\":\"https:\\\/\\\/lepotentiel.bj\\\/wp-content\\\/uploads\\\/2026\\\/06\\\/Tribunal-de-Cotonou-750x375-1.jpg\",\"contentUrl\":\"https:\\\/\\\/lepotentiel.bj\\\/wp-content\\\/uploads\\\/2026\\\/06\\\/Tribunal-de-Cotonou-750x375-1.jpg\",\"width\":750,\"height\":375},{\"@type\":\"BreadcrumbList\",\"@id\":\"https:\\\/\\\/lepotentiel.bj\\\/?p=86197#breadcrumb\",\"itemListElement\":[{\"@type\":\"ListItem\",\"position\":1,\"name\":\"Accueil\",\"item\":\"https:\\\/\\\/lepotentiel.bj\\\/\"},{\"@type\":\"ListItem\",\"position\":2,\"name\":\"Proc\u00e8s de l\u2019affaire Dangnivo \u00e0 Cotonou: 30 ans de r\u00e9clusion requis contre Codjo Alofa et 5 ans de prison ferme contre Donatien Amoussou\"}]},{\"@type\":\"WebSite\",\"@id\":\"https:\\\/\\\/lepotentiel.bj\\\/#website\",\"url\":\"https:\\\/\\\/lepotentiel.bj\\\/\",\"name\":\"Le Potentiel\",\"description\":\"Le Potentiel, au service de l\u2019information, nous sommes les fantassins du droit de savoir\",\"publisher\":{\"@id\":\"https:\\\/\\\/lepotentiel.bj\\\/#organization\"},\"potentialAction\":[{\"@type\":\"SearchAction\",\"target\":{\"@type\":\"EntryPoint\",\"urlTemplate\":\"https:\\\/\\\/lepotentiel.bj\\\/?s={search_term_string}\"},\"query-input\":{\"@type\":\"PropertyValueSpecification\",\"valueRequired\":true,\"valueName\":\"search_term_string\"}}],\"inLanguage\":\"fr-FR\"},{\"@type\":\"Organization\",\"@id\":\"https:\\\/\\\/lepotentiel.bj\\\/#organization\",\"name\":\"Le Potentiel\",\"url\":\"https:\\\/\\\/lepotentiel.bj\\\/\",\"logo\":{\"@type\":\"ImageObject\",\"inLanguage\":\"fr-FR\",\"@id\":\"https:\\\/\\\/lepotentiel.bj\\\/#\\\/schema\\\/logo\\\/image\\\/\",\"url\":\"https:\\\/\\\/lepotentiel.bj\\\/wp-content\\\/uploads\\\/2023\\\/12\\\/logo-pot.jpg\",\"contentUrl\":\"https:\\\/\\\/lepotentiel.bj\\\/wp-content\\\/uploads\\\/2023\\\/12\\\/logo-pot.jpg\",\"width\":562,\"height\":84,\"caption\":\"Le Potentiel\"},\"image\":{\"@id\":\"https:\\\/\\\/lepotentiel.bj\\\/#\\\/schema\\\/logo\\\/image\\\/\"}},{\"@type\":\"Person\",\"@id\":\"https:\\\/\\\/lepotentiel.bj\\\/#\\\/schema\\\/person\\\/001def78e1eafec4b5733ea184d49dd0\",\"name\":\"Laura\",\"image\":{\"@type\":\"ImageObject\",\"inLanguage\":\"fr-FR\",\"@id\":\"https:\\\/\\\/secure.gravatar.com\\\/avatar\\\/46e54a01dd5785f370a6c40e9cfe54ebcfd939154e6505072fe15421c0d32893?s=96&d=mm&r=g\",\"url\":\"https:\\\/\\\/secure.gravatar.com\\\/avatar\\\/46e54a01dd5785f370a6c40e9cfe54ebcfd939154e6505072fe15421c0d32893?s=96&d=mm&r=g\",\"contentUrl\":\"https:\\\/\\\/secure.gravatar.com\\\/avatar\\\/46e54a01dd5785f370a6c40e9cfe54ebcfd939154e6505072fe15421c0d32893?s=96&d=mm&r=g\",\"caption\":\"Laura\"},\"url\":\"https:\\\/\\\/lepotentiel.bj\\\/?author=18\"}]}<\/script>\n<!-- \/ Yoast SEO plugin. -->","yoast_head_json":{"title":"Proc\u00e8s de l\u2019affaire Dangnivo \u00e0 Cotonou: 30 ans de r\u00e9clusion requis contre Codjo Alofa et 5 ans de prison ferme contre Donatien Amoussou - Le Potentiel","robots":{"index":"index","follow":"follow","max-snippet":"max-snippet:-1","max-image-preview":"max-image-preview:large","max-video-preview":"max-video-preview:-1"},"canonical":"https:\/\/lepotentiel.bj\/?p=86197","og_locale":"fr_FR","og_type":"article","og_title":"Proc\u00e8s de l\u2019affaire Dangnivo \u00e0 Cotonou: 30 ans de r\u00e9clusion requis contre Codjo Alofa et 5 ans de prison ferme contre Donatien Amoussou - Le Potentiel","og_description":"Le dossier Pierre Urbain Dangnivo conna\u00eet un nouveau tournant judiciaire. \u00c0 l\u2019issue de ses r\u00e9quisitions pr\u00e9sent\u00e9es ce mercredi 15 juillet 2026 devant le Tribunal de premi\u00e8re instance (Tpi) de premi\u00e8re classe de Cotonou, le minist\u00e8re public a sollicit\u00e9 une peine de 30 ans de r\u00e9clusion criminelle contre Codjo Alofa, principal accus\u00e9 dans cette affaire. Seize [&hellip;]","og_url":"https:\/\/lepotentiel.bj\/?p=86197","og_site_name":"Le Potentiel","article_published_time":"2026-07-15T13:59:54+00:00","og_image":[{"width":750,"height":375,"url":"https:\/\/lepotentiel.bj\/wp-content\/uploads\/2026\/06\/Tribunal-de-Cotonou-750x375-1.jpg","type":"image\/jpeg"}],"author":"Laura","twitter_card":"summary_large_image","twitter_misc":{"\u00c9crit par":"Laura","Dur\u00e9e de lecture estim\u00e9e":"2 minutes"},"schema":{"@context":"https:\/\/schema.org","@graph":[{"@type":"Article","@id":"https:\/\/lepotentiel.bj\/?p=86197#article","isPartOf":{"@id":"https:\/\/lepotentiel.bj\/?p=86197"},"author":{"name":"Laura","@id":"https:\/\/lepotentiel.bj\/#\/schema\/person\/001def78e1eafec4b5733ea184d49dd0"},"headline":"Proc\u00e8s de l\u2019affaire Dangnivo \u00e0 Cotonou: 30 ans de r\u00e9clusion requis contre Codjo Alofa et 5 ans de prison ferme contre Donatien Amoussou","datePublished":"2026-07-15T13:59:54+00:00","mainEntityOfPage":{"@id":"https:\/\/lepotentiel.bj\/?p=86197"},"wordCount":370,"commentCount":0,"publisher":{"@id":"https:\/\/lepotentiel.bj\/#organization"},"image":{"@id":"https:\/\/lepotentiel.bj\/?p=86197#primaryimage"},"thumbnailUrl":"https:\/\/lepotentiel.bj\/wp-content\/uploads\/2026\/06\/Tribunal-de-Cotonou-750x375-1.jpg","articleSection":["Actualit\u00e9","Justice"],"inLanguage":"fr-FR","potentialAction":[{"@type":"CommentAction","name":"Comment","target":["https:\/\/lepotentiel.bj\/?p=86197#respond"]}]},{"@type":"WebPage","@id":"https:\/\/lepotentiel.bj\/?p=86197","url":"https:\/\/lepotentiel.bj\/?p=86197","name":"Proc\u00e8s de l\u2019affaire Dangnivo \u00e0 Cotonou: 30 ans de r\u00e9clusion requis contre Codjo Alofa et 5 ans de prison ferme contre Donatien Amoussou - Le Potentiel","isPartOf":{"@id":"https:\/\/lepotentiel.bj\/#website"},"primaryImageOfPage":{"@id":"https:\/\/lepotentiel.bj\/?p=86197#primaryimage"},"image":{"@id":"https:\/\/lepotentiel.bj\/?p=86197#primaryimage"},"thumbnailUrl":"https:\/\/lepotentiel.bj\/wp-content\/uploads\/2026\/06\/Tribunal-de-Cotonou-750x375-1.jpg","datePublished":"2026-07-15T13:59:54+00:00","breadcrumb":{"@id":"https:\/\/lepotentiel.bj\/?p=86197#breadcrumb"},"inLanguage":"fr-FR","potentialAction":[{"@type":"ReadAction","target":["https:\/\/lepotentiel.bj\/?p=86197"]}]},{"@type":"ImageObject","inLanguage":"fr-FR","@id":"https:\/\/lepotentiel.bj\/?p=86197#primaryimage","url":"https:\/\/lepotentiel.bj\/wp-content\/uploads\/2026\/06\/Tribunal-de-Cotonou-750x375-1.jpg","contentUrl":"https:\/\/lepotentiel.bj\/wp-content\/uploads\/2026\/06\/Tribunal-de-Cotonou-750x375-1.jpg","width":750,"height":375},{"@type":"BreadcrumbList","@id":"https:\/\/lepotentiel.bj\/?p=86197#breadcrumb","itemListElement":[{"@type":"ListItem","position":1,"name":"Accueil","item":"https:\/\/lepotentiel.bj\/"},{"@type":"ListItem","position":2,"name":"Proc\u00e8s de l\u2019affaire Dangnivo \u00e0 Cotonou: 30 ans de r\u00e9clusion requis contre Codjo Alofa et 5 ans de prison ferme contre Donatien Amoussou"}]},{"@type":"WebSite","@id":"https:\/\/lepotentiel.bj\/#website","url":"https:\/\/lepotentiel.bj\/","name":"Le Potentiel","description":"Le Potentiel, au service de l\u2019information, nous sommes les fantassins du droit de savoir","publisher":{"@id":"https:\/\/lepotentiel.bj\/#organization"},"potentialAction":[{"@type":"SearchAction","target":{"@type":"EntryPoint","urlTemplate":"https:\/\/lepotentiel.bj\/?s={search_term_string}"},"query-input":{"@type":"PropertyValueSpecification","valueRequired":true,"valueName":"search_term_string"}}],"inLanguage":"fr-FR"},{"@type":"Organization","@id":"https:\/\/lepotentiel.bj\/#organization","name":"Le Potentiel","url":"https:\/\/lepotentiel.bj\/","logo":{"@type":"ImageObject","inLanguage":"fr-FR","@id":"https:\/\/lepotentiel.bj\/#\/schema\/logo\/image\/","url":"https:\/\/lepotentiel.bj\/wp-content\/uploads\/2023\/12\/logo-pot.jpg","contentUrl":"https:\/\/lepotentiel.bj\/wp-content\/uploads\/2023\/12\/logo-pot.jpg","width":562,"height":84,"caption":"Le Potentiel"},"image":{"@id":"https:\/\/lepotentiel.bj\/#\/schema\/logo\/image\/"}},{"@type":"Person","@id":"https:\/\/lepotentiel.bj\/#\/schema\/person\/001def78e1eafec4b5733ea184d49dd0","name":"Laura","image":{"@type":"ImageObject","inLanguage":"fr-FR","@id":"https:\/\/secure.gravatar.com\/avatar\/46e54a01dd5785f370a6c40e9cfe54ebcfd939154e6505072fe15421c0d32893?s=96&d=mm&r=g","url":"https:\/\/secure.gravatar.com\/avatar\/46e54a01dd5785f370a6c40e9cfe54ebcfd939154e6505072fe15421c0d32893?s=96&d=mm&r=g","contentUrl":"https:\/\/secure.gravatar.com\/avatar\/46e54a01dd5785f370a6c40e9cfe54ebcfd939154e6505072fe15421c0d32893?s=96&d=mm&r=g","caption":"Laura"},"url":"https:\/\/lepotentiel.bj\/?author=18"}]}},"_links":{"self":[{"href":"https:\/\/lepotentiel.bj\/index.php?rest_route=\/wp\/v2\/posts\/86197","targetHints":{"allow":["GET"]}}],"collection":[{"href":"https:\/\/lepotentiel.bj\/index.php?rest_route=\/wp\/v2\/posts"}],"about":[{"href":"https:\/\/lepotentiel.bj\/index.php?rest_route=\/wp\/v2\/types\/post"}],"author":[{"embeddable":true,"href":"https:\/\/lepotentiel.bj\/index.php?rest_route=\/wp\/v2\/users\/18"}],"replies":[{"embeddable":true,"href":"https:\/\/lepotentiel.bj\/index.php?rest_route=%2Fwp%2Fv2%2Fcomments&post=86197"}],"version-history":[{"count":1,"href":"https:\/\/lepotentiel.bj\/index.php?rest_route=\/wp\/v2\/posts\/86197\/revisions"}],"predecessor-version":[{"id":86199,"href":"https:\/\/lepotentiel.bj\/index.php?rest_route=\/wp\/v2\/posts\/86197\/revisions\/86199"}],"wp:featuredmedia":[{"embeddable":true,"href":"https:\/\/lepotentiel.bj\/index.php?rest_route=\/wp\/v2\/media\/85330"}],"wp:attachment":[{"href":"https:\/\/lepotentiel.bj\/index.php?rest_route=%2Fwp%2Fv2%2Fmedia&parent=86197"}],"wp:term":[{"taxonomy":"category","embeddable":true,"href":"https:\/\/lepotentiel.bj\/index.php?rest_route=%2Fwp%2Fv2%2Fcategories&post=86197"},{"taxonomy":"post_tag","embeddable":true,"href":"https:\/\/lepotentiel.bj\/index.php?rest_route=%2Fwp%2Fv2%2Ftags&post=86197"}],"curies":[{"name":"wp","href":"https:\/\/api.w.org\/{rel}","templated":true}]}}