{"id":86207,"date":"2026-07-15T22:41:12","date_gmt":"2026-07-15T20:41:12","guid":{"rendered":"https:\/\/lepotentiel.bj\/?p=86207"},"modified":"2026-07-15T22:41:12","modified_gmt":"2026-07-15T20:41:12","slug":"proces-pour-presume-complot-au-mali-six-officiers-devant-la-justice","status":"publish","type":"post","link":"https:\/\/lepotentiel.bj\/?p=86207","title":{"rendered":"Proc\u00e8s pour pr\u00e9sum\u00e9 complot au Mali : six officiers devant la justice"},"content":{"rendered":"<p style=\"text-align: justify;\"><strong>Proc\u00e8s pour pr\u00e9sum\u00e9 complot au Mali : six officiers devant la justice<\/strong><\/p>\n<p style=\"text-align: justify;\">\n<p style=\"text-align: justify;\"><strong>La chambre criminelle de la Cour d&rsquo;appel de Bamako a ouvert le proc\u00e8s de six proches de l&rsquo;ancien pr\u00e9sident de la Transition, Bah N&rsquo;Daw, poursuivis pour un pr\u00e9sum\u00e9 complot contre le gouvernement malien. Cette audience marque leur premi\u00e8re comparution devant une juridiction de jugement apr\u00e8s pr\u00e8s de cinq ann\u00e9es de d\u00e9tention. Il s&rsquo;agit d&rsquo;une affaire qui suscite de vives interrogations sur le fonctionnement de la justice durant la transition militaire<\/strong>.<\/p>\n<p style=\"text-align: justify;\">Parmi les accus\u00e9s figurent notamment l&rsquo;ancien directeur de la S\u00e9curit\u00e9 d&rsquo;\u00c9tat, le colonel Kassoum Go\u00efta, ainsi que l&rsquo;ex-secr\u00e9taire g\u00e9n\u00e9ral de la pr\u00e9sidence, Kalilou Doumbia, deux anciens responsables ayant exerc\u00e9 sous le r\u00e9gime de Bah N&rsquo;Daw avant son renversement par les militaires en 2021.<\/p>\n<p style=\"text-align: justify;\">Jusqu&rsquo;\u00e0 pr\u00e9sent, les autorit\u00e9s maliennes n&rsquo;ont pas communiqu\u00e9 publiquement les faits pr\u00e9cis qui fondent les poursuites engag\u00e9es contre les six pr\u00e9venus. L&rsquo;affaire est pr\u00e9sent\u00e9e par l&rsquo;accusation comme un dossier de pr\u00e9sum\u00e9 complot contre le gouvernement, sans que les \u00e9l\u00e9ments de preuve ou les circonstances d\u00e9taill\u00e9es des faits n&rsquo;aient \u00e9t\u00e9 rendus publics.<\/p>\n<p style=\"text-align: justify;\">De son c\u00f4t\u00e9, la d\u00e9fense conteste fermement les accusations. Les avocats estiment que ce dossier rev\u00eat un caract\u00e8re politique et cible d&rsquo;anciens collaborateurs de Bah N&rsquo;Daw, \u00e9vinc\u00e9 du pouvoir lors du coup d&rsquo;\u00c9tat de 2021. Ils soutiennent \u00e9galement que leurs clients auraient subi des actes de torture et n&rsquo;auraient pas b\u00e9n\u00e9fici\u00e9 de soins m\u00e9dicaux appropri\u00e9s durant leur incarc\u00e9ration. Pour les conseils des accus\u00e9s, cette audience repr\u00e9sente la premi\u00e8re v\u00e9ritable opportunit\u00e9 pour leurs clients de r\u00e9pondre aux accusations port\u00e9es contre eux, de pr\u00e9senter leurs moyens de d\u00e9fense et de solliciter un acquittement devant la justice.<\/p>\n<p style=\"text-align: justify;\">Ce proc\u00e8s intervient dans un contexte de transition militaire marqu\u00e9 par une multiplication des proc\u00e9dures judiciaires pour des faits de complot pr\u00e9sum\u00e9 contre le r\u00e9gime.<\/p>\n<p style=\"text-align: justify;\">\nM\u00e9dard Clobechi<\/p>\n","protected":false},"excerpt":{"rendered":"<p>Proc\u00e8s pour pr\u00e9sum\u00e9 complot au Mali : six officiers devant la justice La chambre criminelle de la Cour d&rsquo;appel de Bamako a ouvert le proc\u00e8s de six proches de l&rsquo;ancien pr\u00e9sident de la Transition, Bah N&rsquo;Daw, poursuivis pour un pr\u00e9sum\u00e9 complot contre le gouvernement malien. Cette audience marque leur premi\u00e8re comparution devant une juridiction de [&hellip;]<\/p>\n","protected":false},"author":4,"featured_media":86208,"comment_status":"open","ping_status":"open","sticky":false,"template":"","format":"standard","meta":{"footnotes":""},"categories":[34],"tags":[],"class_list":["post-86207","post","type-post","status-publish","format-standard","has-post-thumbnail","hentry","category-actualite"],"yoast_head":"<!-- This site is optimized with the Yoast SEO plugin v28.2 - https:\/\/yoast.com\/product\/yoast-seo-wordpress\/ -->\n<title>Proc\u00e8s pour pr\u00e9sum\u00e9 complot au Mali : six officiers devant la justice - Le Potentiel<\/title>\n<meta name=\"robots\" content=\"index, follow, max-snippet:-1, max-image-preview:large, max-video-preview:-1\" \/>\n<link rel=\"canonical\" href=\"https:\/\/lepotentiel.bj\/?p=86207\" \/>\n<meta property=\"og:locale\" content=\"fr_FR\" \/>\n<meta property=\"og:type\" content=\"article\" \/>\n<meta property=\"og:title\" content=\"Proc\u00e8s pour pr\u00e9sum\u00e9 complot au Mali : six officiers devant la justice - Le Potentiel\" \/>\n<meta property=\"og:description\" content=\"Proc\u00e8s pour pr\u00e9sum\u00e9 complot au Mali : six officiers devant la justice La chambre criminelle de la Cour d&rsquo;appel de Bamako a ouvert le proc\u00e8s de six proches de l&rsquo;ancien pr\u00e9sident de la Transition, Bah N&rsquo;Daw, poursuivis pour un pr\u00e9sum\u00e9 complot contre le gouvernement malien. Cette audience marque leur premi\u00e8re comparution devant une juridiction de [&hellip;]\" \/>\n<meta property=\"og:url\" content=\"https:\/\/lepotentiel.bj\/?p=86207\" \/>\n<meta property=\"og:site_name\" content=\"Le Potentiel\" \/>\n<meta property=\"article:published_time\" content=\"2026-07-15T20:41:12+00:00\" \/>\n<meta property=\"og:image\" content=\"https:\/\/lepotentiel.bj\/wp-content\/uploads\/2026\/07\/mali6.jpg\" \/>\n\t<meta property=\"og:image:width\" content=\"1215\" \/>\n\t<meta property=\"og:image:height\" content=\"805\" \/>\n\t<meta property=\"og:image:type\" content=\"image\/jpeg\" \/>\n<meta name=\"author\" content=\"Le Potentiel\" \/>\n<meta name=\"twitter:card\" content=\"summary_large_image\" \/>\n<meta name=\"twitter:label1\" content=\"\u00c9crit par\" \/>\n\t<meta name=\"twitter:data1\" content=\"Le Potentiel\" \/>\n\t<meta name=\"twitter:label2\" content=\"Dur\u00e9e de lecture estim\u00e9e\" \/>\n\t<meta name=\"twitter:data2\" content=\"2 minutes\" \/>\n<script type=\"application\/ld+json\" class=\"yoast-schema-graph\">{\"@context\":\"https:\\\/\\\/schema.org\",\"@graph\":[{\"@type\":\"Article\",\"@id\":\"https:\\\/\\\/lepotentiel.bj\\\/?p=86207#article\",\"isPartOf\":{\"@id\":\"https:\\\/\\\/lepotentiel.bj\\\/?p=86207\"},\"author\":{\"name\":\"Le Potentiel\",\"@id\":\"https:\\\/\\\/lepotentiel.bj\\\/#\\\/schema\\\/person\\\/453725c41f4363806763503087c06c70\"},\"headline\":\"Proc\u00e8s pour pr\u00e9sum\u00e9 complot au Mali : six officiers devant la justice\",\"datePublished\":\"2026-07-15T20:41:12+00:00\",\"mainEntityOfPage\":{\"@id\":\"https:\\\/\\\/lepotentiel.bj\\\/?p=86207\"},\"wordCount\":360,\"commentCount\":0,\"publisher\":{\"@id\":\"https:\\\/\\\/lepotentiel.bj\\\/#organization\"},\"image\":{\"@id\":\"https:\\\/\\\/lepotentiel.bj\\\/?p=86207#primaryimage\"},\"thumbnailUrl\":\"https:\\\/\\\/lepotentiel.bj\\\/wp-content\\\/uploads\\\/2026\\\/07\\\/mali6.jpg\",\"articleSection\":[\"Actualit\u00e9\"],\"inLanguage\":\"fr-FR\",\"potentialAction\":[{\"@type\":\"CommentAction\",\"name\":\"Comment\",\"target\":[\"https:\\\/\\\/lepotentiel.bj\\\/?p=86207#respond\"]}]},{\"@type\":\"WebPage\",\"@id\":\"https:\\\/\\\/lepotentiel.bj\\\/?p=86207\",\"url\":\"https:\\\/\\\/lepotentiel.bj\\\/?p=86207\",\"name\":\"Proc\u00e8s pour pr\u00e9sum\u00e9 complot au Mali : six officiers devant la justice - Le Potentiel\",\"isPartOf\":{\"@id\":\"https:\\\/\\\/lepotentiel.bj\\\/#website\"},\"primaryImageOfPage\":{\"@id\":\"https:\\\/\\\/lepotentiel.bj\\\/?p=86207#primaryimage\"},\"image\":{\"@id\":\"https:\\\/\\\/lepotentiel.bj\\\/?p=86207#primaryimage\"},\"thumbnailUrl\":\"https:\\\/\\\/lepotentiel.bj\\\/wp-content\\\/uploads\\\/2026\\\/07\\\/mali6.jpg\",\"datePublished\":\"2026-07-15T20:41:12+00:00\",\"breadcrumb\":{\"@id\":\"https:\\\/\\\/lepotentiel.bj\\\/?p=86207#breadcrumb\"},\"inLanguage\":\"fr-FR\",\"potentialAction\":[{\"@type\":\"ReadAction\",\"target\":[\"https:\\\/\\\/lepotentiel.bj\\\/?p=86207\"]}]},{\"@type\":\"ImageObject\",\"inLanguage\":\"fr-FR\",\"@id\":\"https:\\\/\\\/lepotentiel.bj\\\/?p=86207#primaryimage\",\"url\":\"https:\\\/\\\/lepotentiel.bj\\\/wp-content\\\/uploads\\\/2026\\\/07\\\/mali6.jpg\",\"contentUrl\":\"https:\\\/\\\/lepotentiel.bj\\\/wp-content\\\/uploads\\\/2026\\\/07\\\/mali6.jpg\",\"width\":1215,\"height\":805},{\"@type\":\"BreadcrumbList\",\"@id\":\"https:\\\/\\\/lepotentiel.bj\\\/?p=86207#breadcrumb\",\"itemListElement\":[{\"@type\":\"ListItem\",\"position\":1,\"name\":\"Accueil\",\"item\":\"https:\\\/\\\/lepotentiel.bj\\\/\"},{\"@type\":\"ListItem\",\"position\":2,\"name\":\"Proc\u00e8s pour pr\u00e9sum\u00e9 complot au Mali : six officiers devant la justice\"}]},{\"@type\":\"WebSite\",\"@id\":\"https:\\\/\\\/lepotentiel.bj\\\/#website\",\"url\":\"https:\\\/\\\/lepotentiel.bj\\\/\",\"name\":\"Le Potentiel\",\"description\":\"Le Potentiel, au service de l\u2019information, nous sommes les fantassins du droit de savoir\",\"publisher\":{\"@id\":\"https:\\\/\\\/lepotentiel.bj\\\/#organization\"},\"potentialAction\":[{\"@type\":\"SearchAction\",\"target\":{\"@type\":\"EntryPoint\",\"urlTemplate\":\"https:\\\/\\\/lepotentiel.bj\\\/?s={search_term_string}\"},\"query-input\":{\"@type\":\"PropertyValueSpecification\",\"valueRequired\":true,\"valueName\":\"search_term_string\"}}],\"inLanguage\":\"fr-FR\"},{\"@type\":\"Organization\",\"@id\":\"https:\\\/\\\/lepotentiel.bj\\\/#organization\",\"name\":\"Le Potentiel\",\"url\":\"https:\\\/\\\/lepotentiel.bj\\\/\",\"logo\":{\"@type\":\"ImageObject\",\"inLanguage\":\"fr-FR\",\"@id\":\"https:\\\/\\\/lepotentiel.bj\\\/#\\\/schema\\\/logo\\\/image\\\/\",\"url\":\"https:\\\/\\\/lepotentiel.bj\\\/wp-content\\\/uploads\\\/2023\\\/12\\\/logo-pot.jpg\",\"contentUrl\":\"https:\\\/\\\/lepotentiel.bj\\\/wp-content\\\/uploads\\\/2023\\\/12\\\/logo-pot.jpg\",\"width\":562,\"height\":84,\"caption\":\"Le Potentiel\"},\"image\":{\"@id\":\"https:\\\/\\\/lepotentiel.bj\\\/#\\\/schema\\\/logo\\\/image\\\/\"}},{\"@type\":\"Person\",\"@id\":\"https:\\\/\\\/lepotentiel.bj\\\/#\\\/schema\\\/person\\\/453725c41f4363806763503087c06c70\",\"name\":\"Le Potentiel\",\"image\":{\"@type\":\"ImageObject\",\"inLanguage\":\"fr-FR\",\"@id\":\"https:\\\/\\\/secure.gravatar.com\\\/avatar\\\/4085301697e4181824463b6ab1ea0ef6abfe68ad30a95258574a4b2d1c76522e?s=96&d=mm&r=g\",\"url\":\"https:\\\/\\\/secure.gravatar.com\\\/avatar\\\/4085301697e4181824463b6ab1ea0ef6abfe68ad30a95258574a4b2d1c76522e?s=96&d=mm&r=g\",\"contentUrl\":\"https:\\\/\\\/secure.gravatar.com\\\/avatar\\\/4085301697e4181824463b6ab1ea0ef6abfe68ad30a95258574a4b2d1c76522e?s=96&d=mm&r=g\",\"caption\":\"Le Potentiel\"},\"url\":\"https:\\\/\\\/lepotentiel.bj\\\/?author=4\"}]}<\/script>\n<!-- \/ Yoast SEO plugin. -->","yoast_head_json":{"title":"Proc\u00e8s pour pr\u00e9sum\u00e9 complot au Mali : six officiers devant la justice - Le Potentiel","robots":{"index":"index","follow":"follow","max-snippet":"max-snippet:-1","max-image-preview":"max-image-preview:large","max-video-preview":"max-video-preview:-1"},"canonical":"https:\/\/lepotentiel.bj\/?p=86207","og_locale":"fr_FR","og_type":"article","og_title":"Proc\u00e8s pour pr\u00e9sum\u00e9 complot au Mali : six officiers devant la justice - Le Potentiel","og_description":"Proc\u00e8s pour pr\u00e9sum\u00e9 complot au Mali : six officiers devant la justice La chambre criminelle de la Cour d&rsquo;appel de Bamako a ouvert le proc\u00e8s de six proches de l&rsquo;ancien pr\u00e9sident de la Transition, Bah N&rsquo;Daw, poursuivis pour un pr\u00e9sum\u00e9 complot contre le gouvernement malien. Cette audience marque leur premi\u00e8re comparution devant une juridiction de [&hellip;]","og_url":"https:\/\/lepotentiel.bj\/?p=86207","og_site_name":"Le Potentiel","article_published_time":"2026-07-15T20:41:12+00:00","og_image":[{"width":1215,"height":805,"url":"https:\/\/lepotentiel.bj\/wp-content\/uploads\/2026\/07\/mali6.jpg","type":"image\/jpeg"}],"author":"Le Potentiel","twitter_card":"summary_large_image","twitter_misc":{"\u00c9crit par":"Le Potentiel","Dur\u00e9e de lecture estim\u00e9e":"2 minutes"},"schema":{"@context":"https:\/\/schema.org","@graph":[{"@type":"Article","@id":"https:\/\/lepotentiel.bj\/?p=86207#article","isPartOf":{"@id":"https:\/\/lepotentiel.bj\/?p=86207"},"author":{"name":"Le Potentiel","@id":"https:\/\/lepotentiel.bj\/#\/schema\/person\/453725c41f4363806763503087c06c70"},"headline":"Proc\u00e8s pour pr\u00e9sum\u00e9 complot au Mali : six officiers devant la justice","datePublished":"2026-07-15T20:41:12+00:00","mainEntityOfPage":{"@id":"https:\/\/lepotentiel.bj\/?p=86207"},"wordCount":360,"commentCount":0,"publisher":{"@id":"https:\/\/lepotentiel.bj\/#organization"},"image":{"@id":"https:\/\/lepotentiel.bj\/?p=86207#primaryimage"},"thumbnailUrl":"https:\/\/lepotentiel.bj\/wp-content\/uploads\/2026\/07\/mali6.jpg","articleSection":["Actualit\u00e9"],"inLanguage":"fr-FR","potentialAction":[{"@type":"CommentAction","name":"Comment","target":["https:\/\/lepotentiel.bj\/?p=86207#respond"]}]},{"@type":"WebPage","@id":"https:\/\/lepotentiel.bj\/?p=86207","url":"https:\/\/lepotentiel.bj\/?p=86207","name":"Proc\u00e8s pour pr\u00e9sum\u00e9 complot au Mali : six officiers devant la justice - Le Potentiel","isPartOf":{"@id":"https:\/\/lepotentiel.bj\/#website"},"primaryImageOfPage":{"@id":"https:\/\/lepotentiel.bj\/?p=86207#primaryimage"},"image":{"@id":"https:\/\/lepotentiel.bj\/?p=86207#primaryimage"},"thumbnailUrl":"https:\/\/lepotentiel.bj\/wp-content\/uploads\/2026\/07\/mali6.jpg","datePublished":"2026-07-15T20:41:12+00:00","breadcrumb":{"@id":"https:\/\/lepotentiel.bj\/?p=86207#breadcrumb"},"inLanguage":"fr-FR","potentialAction":[{"@type":"ReadAction","target":["https:\/\/lepotentiel.bj\/?p=86207"]}]},{"@type":"ImageObject","inLanguage":"fr-FR","@id":"https:\/\/lepotentiel.bj\/?p=86207#primaryimage","url":"https:\/\/lepotentiel.bj\/wp-content\/uploads\/2026\/07\/mali6.jpg","contentUrl":"https:\/\/lepotentiel.bj\/wp-content\/uploads\/2026\/07\/mali6.jpg","width":1215,"height":805},{"@type":"BreadcrumbList","@id":"https:\/\/lepotentiel.bj\/?p=86207#breadcrumb","itemListElement":[{"@type":"ListItem","position":1,"name":"Accueil","item":"https:\/\/lepotentiel.bj\/"},{"@type":"ListItem","position":2,"name":"Proc\u00e8s pour pr\u00e9sum\u00e9 complot au Mali : six officiers devant la justice"}]},{"@type":"WebSite","@id":"https:\/\/lepotentiel.bj\/#website","url":"https:\/\/lepotentiel.bj\/","name":"Le Potentiel","description":"Le Potentiel, au service de l\u2019information, nous sommes les fantassins du droit de savoir","publisher":{"@id":"https:\/\/lepotentiel.bj\/#organization"},"potentialAction":[{"@type":"SearchAction","target":{"@type":"EntryPoint","urlTemplate":"https:\/\/lepotentiel.bj\/?s={search_term_string}"},"query-input":{"@type":"PropertyValueSpecification","valueRequired":true,"valueName":"search_term_string"}}],"inLanguage":"fr-FR"},{"@type":"Organization","@id":"https:\/\/lepotentiel.bj\/#organization","name":"Le Potentiel","url":"https:\/\/lepotentiel.bj\/","logo":{"@type":"ImageObject","inLanguage":"fr-FR","@id":"https:\/\/lepotentiel.bj\/#\/schema\/logo\/image\/","url":"https:\/\/lepotentiel.bj\/wp-content\/uploads\/2023\/12\/logo-pot.jpg","contentUrl":"https:\/\/lepotentiel.bj\/wp-content\/uploads\/2023\/12\/logo-pot.jpg","width":562,"height":84,"caption":"Le Potentiel"},"image":{"@id":"https:\/\/lepotentiel.bj\/#\/schema\/logo\/image\/"}},{"@type":"Person","@id":"https:\/\/lepotentiel.bj\/#\/schema\/person\/453725c41f4363806763503087c06c70","name":"Le Potentiel","image":{"@type":"ImageObject","inLanguage":"fr-FR","@id":"https:\/\/secure.gravatar.com\/avatar\/4085301697e4181824463b6ab1ea0ef6abfe68ad30a95258574a4b2d1c76522e?s=96&d=mm&r=g","url":"https:\/\/secure.gravatar.com\/avatar\/4085301697e4181824463b6ab1ea0ef6abfe68ad30a95258574a4b2d1c76522e?s=96&d=mm&r=g","contentUrl":"https:\/\/secure.gravatar.com\/avatar\/4085301697e4181824463b6ab1ea0ef6abfe68ad30a95258574a4b2d1c76522e?s=96&d=mm&r=g","caption":"Le Potentiel"},"url":"https:\/\/lepotentiel.bj\/?author=4"}]}},"_links":{"self":[{"href":"https:\/\/lepotentiel.bj\/index.php?rest_route=\/wp\/v2\/posts\/86207","targetHints":{"allow":["GET"]}}],"collection":[{"href":"https:\/\/lepotentiel.bj\/index.php?rest_route=\/wp\/v2\/posts"}],"about":[{"href":"https:\/\/lepotentiel.bj\/index.php?rest_route=\/wp\/v2\/types\/post"}],"author":[{"embeddable":true,"href":"https:\/\/lepotentiel.bj\/index.php?rest_route=\/wp\/v2\/users\/4"}],"replies":[{"embeddable":true,"href":"https:\/\/lepotentiel.bj\/index.php?rest_route=%2Fwp%2Fv2%2Fcomments&post=86207"}],"version-history":[{"count":1,"href":"https:\/\/lepotentiel.bj\/index.php?rest_route=\/wp\/v2\/posts\/86207\/revisions"}],"predecessor-version":[{"id":86209,"href":"https:\/\/lepotentiel.bj\/index.php?rest_route=\/wp\/v2\/posts\/86207\/revisions\/86209"}],"wp:featuredmedia":[{"embeddable":true,"href":"https:\/\/lepotentiel.bj\/index.php?rest_route=\/wp\/v2\/media\/86208"}],"wp:attachment":[{"href":"https:\/\/lepotentiel.bj\/index.php?rest_route=%2Fwp%2Fv2%2Fmedia&parent=86207"}],"wp:term":[{"taxonomy":"category","embeddable":true,"href":"https:\/\/lepotentiel.bj\/index.php?rest_route=%2Fwp%2Fv2%2Fcategories&post=86207"},{"taxonomy":"post_tag","embeddable":true,"href":"https:\/\/lepotentiel.bj\/index.php?rest_route=%2Fwp%2Fv2%2Ftags&post=86207"}],"curies":[{"name":"wp","href":"https:\/\/api.w.org\/{rel}","templated":true}]}}