{"id":86272,"date":"2026-07-17T16:17:08","date_gmt":"2026-07-17T14:17:08","guid":{"rendered":"https:\/\/lepotentiel.bj\/?p=86272"},"modified":"2026-07-17T16:17:08","modified_gmt":"2026-07-17T14:17:08","slug":"coupe-du-monde-feminine-u20-2026-les-amazones-du-benin-lancent-leur-preparation-avec-un-groupe-de-38-joueuses","status":"publish","type":"post","link":"https:\/\/lepotentiel.bj\/?p=86272","title":{"rendered":"Coupe du Monde f\u00e9minine U20 2026 : les Amazones du B\u00e9nin lancent leur pr\u00e9paration avec un groupe de 38 joueuses"},"content":{"rendered":"<p style=\"text-align: justify;\"><strong>Coupe du Monde f\u00e9minine U20 2026 : les Amazones du B\u00e9nin lancent leur pr\u00e9paration avec un groupe de 38 joueuses<\/strong><\/p>\n<p style=\"text-align: justify;\"><strong>Les Amazones U20 du B\u00e9nin ont d\u00e9marr\u00e9 ce jeudi \u00e0 Cotonou leur pr\u00e9paration pour la Coupe du Monde f\u00e9minine U20 de la FIFA. La comp\u00e9tition se d\u00e9roulera du 5 au 27 septembre 2026 en Pologne. Cette premi\u00e8re \u00e9tape du rassemblement symbolise le d\u00e9but de la derni\u00e8re ligne droite vers la plus prestigieuse comp\u00e9tition mondiale de la cat\u00e9gorie.<\/strong><\/p>\n<p style=\"text-align: justify;\">Pour ce premier stage, le s\u00e9lectionneur national Ouz\u00e9rou Abdoulaye a retenu 38 joueuses. Selon le staff technique, cette large pr\u00e9s\u00e9lection permettra d&rsquo;\u00e9valuer les performances des talents \u00e9mergents issus du championnat national et d&rsquo;identifier les \u00e9l\u00e9ments les plus aptes \u00e0 d\u00e9fendre les couleurs du B\u00e9nin sur la sc\u00e8ne internationale. \u00c0 travers cette phase de pr\u00e9paration, l&rsquo;encadrement technique entend mettre en place les bases tactiques, physiques et mentales du groupe avant de r\u00e9duire progressivement l&rsquo;effectif. L&rsquo;objectif affich\u00e9 est de constituer une \u00e9quipe comp\u00e9titive capable de repr\u00e9senter dignement le football f\u00e9minin b\u00e9ninois lors de ce rendez-vous mondial.<\/p>\n<p style=\"text-align: justify;\">Apr\u00e8s ce stage organis\u00e9 \u00e0 Cotonou, les joueuses qui seront retenues poursuivront leur pr\u00e9paration en France au cours du mois d&rsquo;ao\u00fbt. Cette mise au vert permettra au staff technique d&rsquo;intensifier les s\u00e9ances de travail et d&rsquo;affiner les derniers r\u00e9glages avant le d\u00e9part pour la Pologne.<\/p>\n<p style=\"text-align: justify;\">M\u00e9dard Clobechi<\/p>\n","protected":false},"excerpt":{"rendered":"<p>Coupe du Monde f\u00e9minine U20 2026 : les Amazones du B\u00e9nin lancent leur pr\u00e9paration avec un groupe de 38 joueuses Les Amazones U20 du B\u00e9nin ont d\u00e9marr\u00e9 ce jeudi \u00e0 Cotonou leur pr\u00e9paration pour la Coupe du Monde f\u00e9minine U20 de la FIFA. La comp\u00e9tition se d\u00e9roulera du 5 au 27 septembre 2026 en Pologne. [&hellip;]<\/p>\n","protected":false},"author":4,"featured_media":86273,"comment_status":"open","ping_status":"open","sticky":false,"template":"","format":"standard","meta":{"footnotes":""},"categories":[34],"tags":[],"class_list":["post-86272","post","type-post","status-publish","format-standard","has-post-thumbnail","hentry","category-actualite"],"yoast_head":"<!-- This site is optimized with the Yoast SEO plugin v28.2 - https:\/\/yoast.com\/product\/yoast-seo-wordpress\/ -->\n<title>Coupe du Monde f\u00e9minine U20 2026 : les Amazones du B\u00e9nin lancent leur pr\u00e9paration avec un groupe de 38 joueuses - Le Potentiel<\/title>\n<meta name=\"robots\" content=\"index, follow, max-snippet:-1, max-image-preview:large, max-video-preview:-1\" \/>\n<link rel=\"canonical\" href=\"https:\/\/lepotentiel.bj\/?p=86272\" \/>\n<meta property=\"og:locale\" content=\"fr_FR\" \/>\n<meta property=\"og:type\" content=\"article\" \/>\n<meta property=\"og:title\" content=\"Coupe du Monde f\u00e9minine U20 2026 : les Amazones du B\u00e9nin lancent leur pr\u00e9paration avec un groupe de 38 joueuses - Le Potentiel\" \/>\n<meta property=\"og:description\" content=\"Coupe du Monde f\u00e9minine U20 2026 : les Amazones du B\u00e9nin lancent leur pr\u00e9paration avec un groupe de 38 joueuses Les Amazones U20 du B\u00e9nin ont d\u00e9marr\u00e9 ce jeudi \u00e0 Cotonou leur pr\u00e9paration pour la Coupe du Monde f\u00e9minine U20 de la FIFA. La comp\u00e9tition se d\u00e9roulera du 5 au 27 septembre 2026 en Pologne. [&hellip;]\" \/>\n<meta property=\"og:url\" content=\"https:\/\/lepotentiel.bj\/?p=86272\" \/>\n<meta property=\"og:site_name\" content=\"Le Potentiel\" \/>\n<meta property=\"article:published_time\" content=\"2026-07-17T14:17:08+00:00\" \/>\n<meta property=\"og:image\" content=\"https:\/\/lepotentiel.bj\/wp-content\/uploads\/2026\/07\/Design-sans-titre-2026-07-17T153330.695-768x423-1.webp\" \/>\n\t<meta property=\"og:image:width\" content=\"768\" \/>\n\t<meta property=\"og:image:height\" content=\"423\" \/>\n\t<meta property=\"og:image:type\" content=\"image\/webp\" \/>\n<meta name=\"author\" content=\"Le Potentiel\" \/>\n<meta name=\"twitter:card\" content=\"summary_large_image\" \/>\n<meta name=\"twitter:label1\" content=\"\u00c9crit par\" \/>\n\t<meta name=\"twitter:data1\" content=\"Le Potentiel\" \/>\n\t<meta name=\"twitter:label2\" content=\"Dur\u00e9e de lecture estim\u00e9e\" \/>\n\t<meta name=\"twitter:data2\" content=\"1 minute\" \/>\n<script type=\"application\/ld+json\" class=\"yoast-schema-graph\">{\"@context\":\"https:\\\/\\\/schema.org\",\"@graph\":[{\"@type\":\"Article\",\"@id\":\"https:\\\/\\\/lepotentiel.bj\\\/?p=86272#article\",\"isPartOf\":{\"@id\":\"https:\\\/\\\/lepotentiel.bj\\\/?p=86272\"},\"author\":{\"name\":\"Le Potentiel\",\"@id\":\"https:\\\/\\\/lepotentiel.bj\\\/#\\\/schema\\\/person\\\/453725c41f4363806763503087c06c70\"},\"headline\":\"Coupe du Monde f\u00e9minine U20 2026 : les Amazones du B\u00e9nin lancent leur pr\u00e9paration avec un groupe de 38 joueuses\",\"datePublished\":\"2026-07-17T14:17:08+00:00\",\"mainEntityOfPage\":{\"@id\":\"https:\\\/\\\/lepotentiel.bj\\\/?p=86272\"},\"wordCount\":263,\"commentCount\":0,\"publisher\":{\"@id\":\"https:\\\/\\\/lepotentiel.bj\\\/#organization\"},\"image\":{\"@id\":\"https:\\\/\\\/lepotentiel.bj\\\/?p=86272#primaryimage\"},\"thumbnailUrl\":\"https:\\\/\\\/lepotentiel.bj\\\/wp-content\\\/uploads\\\/2026\\\/07\\\/Design-sans-titre-2026-07-17T153330.695-768x423-1.webp\",\"articleSection\":[\"Actualit\u00e9\"],\"inLanguage\":\"fr-FR\",\"potentialAction\":[{\"@type\":\"CommentAction\",\"name\":\"Comment\",\"target\":[\"https:\\\/\\\/lepotentiel.bj\\\/?p=86272#respond\"]}]},{\"@type\":\"WebPage\",\"@id\":\"https:\\\/\\\/lepotentiel.bj\\\/?p=86272\",\"url\":\"https:\\\/\\\/lepotentiel.bj\\\/?p=86272\",\"name\":\"Coupe du Monde f\u00e9minine U20 2026 : les Amazones du B\u00e9nin lancent leur pr\u00e9paration avec un groupe de 38 joueuses - Le Potentiel\",\"isPartOf\":{\"@id\":\"https:\\\/\\\/lepotentiel.bj\\\/#website\"},\"primaryImageOfPage\":{\"@id\":\"https:\\\/\\\/lepotentiel.bj\\\/?p=86272#primaryimage\"},\"image\":{\"@id\":\"https:\\\/\\\/lepotentiel.bj\\\/?p=86272#primaryimage\"},\"thumbnailUrl\":\"https:\\\/\\\/lepotentiel.bj\\\/wp-content\\\/uploads\\\/2026\\\/07\\\/Design-sans-titre-2026-07-17T153330.695-768x423-1.webp\",\"datePublished\":\"2026-07-17T14:17:08+00:00\",\"breadcrumb\":{\"@id\":\"https:\\\/\\\/lepotentiel.bj\\\/?p=86272#breadcrumb\"},\"inLanguage\":\"fr-FR\",\"potentialAction\":[{\"@type\":\"ReadAction\",\"target\":[\"https:\\\/\\\/lepotentiel.bj\\\/?p=86272\"]}]},{\"@type\":\"ImageObject\",\"inLanguage\":\"fr-FR\",\"@id\":\"https:\\\/\\\/lepotentiel.bj\\\/?p=86272#primaryimage\",\"url\":\"https:\\\/\\\/lepotentiel.bj\\\/wp-content\\\/uploads\\\/2026\\\/07\\\/Design-sans-titre-2026-07-17T153330.695-768x423-1.webp\",\"contentUrl\":\"https:\\\/\\\/lepotentiel.bj\\\/wp-content\\\/uploads\\\/2026\\\/07\\\/Design-sans-titre-2026-07-17T153330.695-768x423-1.webp\",\"width\":768,\"height\":423},{\"@type\":\"BreadcrumbList\",\"@id\":\"https:\\\/\\\/lepotentiel.bj\\\/?p=86272#breadcrumb\",\"itemListElement\":[{\"@type\":\"ListItem\",\"position\":1,\"name\":\"Accueil\",\"item\":\"https:\\\/\\\/lepotentiel.bj\\\/\"},{\"@type\":\"ListItem\",\"position\":2,\"name\":\"Coupe du Monde f\u00e9minine U20 2026 : les Amazones du B\u00e9nin lancent leur pr\u00e9paration avec un groupe de 38 joueuses\"}]},{\"@type\":\"WebSite\",\"@id\":\"https:\\\/\\\/lepotentiel.bj\\\/#website\",\"url\":\"https:\\\/\\\/lepotentiel.bj\\\/\",\"name\":\"Le Potentiel\",\"description\":\"Le Potentiel, au service de l\u2019information, nous sommes les fantassins du droit de savoir\",\"publisher\":{\"@id\":\"https:\\\/\\\/lepotentiel.bj\\\/#organization\"},\"potentialAction\":[{\"@type\":\"SearchAction\",\"target\":{\"@type\":\"EntryPoint\",\"urlTemplate\":\"https:\\\/\\\/lepotentiel.bj\\\/?s={search_term_string}\"},\"query-input\":{\"@type\":\"PropertyValueSpecification\",\"valueRequired\":true,\"valueName\":\"search_term_string\"}}],\"inLanguage\":\"fr-FR\"},{\"@type\":\"Organization\",\"@id\":\"https:\\\/\\\/lepotentiel.bj\\\/#organization\",\"name\":\"Le Potentiel\",\"url\":\"https:\\\/\\\/lepotentiel.bj\\\/\",\"logo\":{\"@type\":\"ImageObject\",\"inLanguage\":\"fr-FR\",\"@id\":\"https:\\\/\\\/lepotentiel.bj\\\/#\\\/schema\\\/logo\\\/image\\\/\",\"url\":\"https:\\\/\\\/lepotentiel.bj\\\/wp-content\\\/uploads\\\/2023\\\/12\\\/logo-pot.jpg\",\"contentUrl\":\"https:\\\/\\\/lepotentiel.bj\\\/wp-content\\\/uploads\\\/2023\\\/12\\\/logo-pot.jpg\",\"width\":562,\"height\":84,\"caption\":\"Le Potentiel\"},\"image\":{\"@id\":\"https:\\\/\\\/lepotentiel.bj\\\/#\\\/schema\\\/logo\\\/image\\\/\"}},{\"@type\":\"Person\",\"@id\":\"https:\\\/\\\/lepotentiel.bj\\\/#\\\/schema\\\/person\\\/453725c41f4363806763503087c06c70\",\"name\":\"Le Potentiel\",\"image\":{\"@type\":\"ImageObject\",\"inLanguage\":\"fr-FR\",\"@id\":\"https:\\\/\\\/secure.gravatar.com\\\/avatar\\\/4085301697e4181824463b6ab1ea0ef6abfe68ad30a95258574a4b2d1c76522e?s=96&d=mm&r=g\",\"url\":\"https:\\\/\\\/secure.gravatar.com\\\/avatar\\\/4085301697e4181824463b6ab1ea0ef6abfe68ad30a95258574a4b2d1c76522e?s=96&d=mm&r=g\",\"contentUrl\":\"https:\\\/\\\/secure.gravatar.com\\\/avatar\\\/4085301697e4181824463b6ab1ea0ef6abfe68ad30a95258574a4b2d1c76522e?s=96&d=mm&r=g\",\"caption\":\"Le Potentiel\"},\"url\":\"https:\\\/\\\/lepotentiel.bj\\\/?author=4\"}]}<\/script>\n<!-- \/ Yoast SEO plugin. -->","yoast_head_json":{"title":"Coupe du Monde f\u00e9minine U20 2026 : les Amazones du B\u00e9nin lancent leur pr\u00e9paration avec un groupe de 38 joueuses - Le Potentiel","robots":{"index":"index","follow":"follow","max-snippet":"max-snippet:-1","max-image-preview":"max-image-preview:large","max-video-preview":"max-video-preview:-1"},"canonical":"https:\/\/lepotentiel.bj\/?p=86272","og_locale":"fr_FR","og_type":"article","og_title":"Coupe du Monde f\u00e9minine U20 2026 : les Amazones du B\u00e9nin lancent leur pr\u00e9paration avec un groupe de 38 joueuses - Le Potentiel","og_description":"Coupe du Monde f\u00e9minine U20 2026 : les Amazones du B\u00e9nin lancent leur pr\u00e9paration avec un groupe de 38 joueuses Les Amazones U20 du B\u00e9nin ont d\u00e9marr\u00e9 ce jeudi \u00e0 Cotonou leur pr\u00e9paration pour la Coupe du Monde f\u00e9minine U20 de la FIFA. La comp\u00e9tition se d\u00e9roulera du 5 au 27 septembre 2026 en Pologne. [&hellip;]","og_url":"https:\/\/lepotentiel.bj\/?p=86272","og_site_name":"Le Potentiel","article_published_time":"2026-07-17T14:17:08+00:00","og_image":[{"width":768,"height":423,"url":"https:\/\/lepotentiel.bj\/wp-content\/uploads\/2026\/07\/Design-sans-titre-2026-07-17T153330.695-768x423-1.webp","type":"image\/webp"}],"author":"Le Potentiel","twitter_card":"summary_large_image","twitter_misc":{"\u00c9crit par":"Le Potentiel","Dur\u00e9e de lecture estim\u00e9e":"1 minute"},"schema":{"@context":"https:\/\/schema.org","@graph":[{"@type":"Article","@id":"https:\/\/lepotentiel.bj\/?p=86272#article","isPartOf":{"@id":"https:\/\/lepotentiel.bj\/?p=86272"},"author":{"name":"Le Potentiel","@id":"https:\/\/lepotentiel.bj\/#\/schema\/person\/453725c41f4363806763503087c06c70"},"headline":"Coupe du Monde f\u00e9minine U20 2026 : les Amazones du B\u00e9nin lancent leur pr\u00e9paration avec un groupe de 38 joueuses","datePublished":"2026-07-17T14:17:08+00:00","mainEntityOfPage":{"@id":"https:\/\/lepotentiel.bj\/?p=86272"},"wordCount":263,"commentCount":0,"publisher":{"@id":"https:\/\/lepotentiel.bj\/#organization"},"image":{"@id":"https:\/\/lepotentiel.bj\/?p=86272#primaryimage"},"thumbnailUrl":"https:\/\/lepotentiel.bj\/wp-content\/uploads\/2026\/07\/Design-sans-titre-2026-07-17T153330.695-768x423-1.webp","articleSection":["Actualit\u00e9"],"inLanguage":"fr-FR","potentialAction":[{"@type":"CommentAction","name":"Comment","target":["https:\/\/lepotentiel.bj\/?p=86272#respond"]}]},{"@type":"WebPage","@id":"https:\/\/lepotentiel.bj\/?p=86272","url":"https:\/\/lepotentiel.bj\/?p=86272","name":"Coupe du Monde f\u00e9minine U20 2026 : les Amazones du B\u00e9nin lancent leur pr\u00e9paration avec un groupe de 38 joueuses - Le Potentiel","isPartOf":{"@id":"https:\/\/lepotentiel.bj\/#website"},"primaryImageOfPage":{"@id":"https:\/\/lepotentiel.bj\/?p=86272#primaryimage"},"image":{"@id":"https:\/\/lepotentiel.bj\/?p=86272#primaryimage"},"thumbnailUrl":"https:\/\/lepotentiel.bj\/wp-content\/uploads\/2026\/07\/Design-sans-titre-2026-07-17T153330.695-768x423-1.webp","datePublished":"2026-07-17T14:17:08+00:00","breadcrumb":{"@id":"https:\/\/lepotentiel.bj\/?p=86272#breadcrumb"},"inLanguage":"fr-FR","potentialAction":[{"@type":"ReadAction","target":["https:\/\/lepotentiel.bj\/?p=86272"]}]},{"@type":"ImageObject","inLanguage":"fr-FR","@id":"https:\/\/lepotentiel.bj\/?p=86272#primaryimage","url":"https:\/\/lepotentiel.bj\/wp-content\/uploads\/2026\/07\/Design-sans-titre-2026-07-17T153330.695-768x423-1.webp","contentUrl":"https:\/\/lepotentiel.bj\/wp-content\/uploads\/2026\/07\/Design-sans-titre-2026-07-17T153330.695-768x423-1.webp","width":768,"height":423},{"@type":"BreadcrumbList","@id":"https:\/\/lepotentiel.bj\/?p=86272#breadcrumb","itemListElement":[{"@type":"ListItem","position":1,"name":"Accueil","item":"https:\/\/lepotentiel.bj\/"},{"@type":"ListItem","position":2,"name":"Coupe du Monde f\u00e9minine U20 2026 : les Amazones du B\u00e9nin lancent leur pr\u00e9paration avec un groupe de 38 joueuses"}]},{"@type":"WebSite","@id":"https:\/\/lepotentiel.bj\/#website","url":"https:\/\/lepotentiel.bj\/","name":"Le Potentiel","description":"Le Potentiel, au service de l\u2019information, nous sommes les fantassins du droit de savoir","publisher":{"@id":"https:\/\/lepotentiel.bj\/#organization"},"potentialAction":[{"@type":"SearchAction","target":{"@type":"EntryPoint","urlTemplate":"https:\/\/lepotentiel.bj\/?s={search_term_string}"},"query-input":{"@type":"PropertyValueSpecification","valueRequired":true,"valueName":"search_term_string"}}],"inLanguage":"fr-FR"},{"@type":"Organization","@id":"https:\/\/lepotentiel.bj\/#organization","name":"Le Potentiel","url":"https:\/\/lepotentiel.bj\/","logo":{"@type":"ImageObject","inLanguage":"fr-FR","@id":"https:\/\/lepotentiel.bj\/#\/schema\/logo\/image\/","url":"https:\/\/lepotentiel.bj\/wp-content\/uploads\/2023\/12\/logo-pot.jpg","contentUrl":"https:\/\/lepotentiel.bj\/wp-content\/uploads\/2023\/12\/logo-pot.jpg","width":562,"height":84,"caption":"Le Potentiel"},"image":{"@id":"https:\/\/lepotentiel.bj\/#\/schema\/logo\/image\/"}},{"@type":"Person","@id":"https:\/\/lepotentiel.bj\/#\/schema\/person\/453725c41f4363806763503087c06c70","name":"Le Potentiel","image":{"@type":"ImageObject","inLanguage":"fr-FR","@id":"https:\/\/secure.gravatar.com\/avatar\/4085301697e4181824463b6ab1ea0ef6abfe68ad30a95258574a4b2d1c76522e?s=96&d=mm&r=g","url":"https:\/\/secure.gravatar.com\/avatar\/4085301697e4181824463b6ab1ea0ef6abfe68ad30a95258574a4b2d1c76522e?s=96&d=mm&r=g","contentUrl":"https:\/\/secure.gravatar.com\/avatar\/4085301697e4181824463b6ab1ea0ef6abfe68ad30a95258574a4b2d1c76522e?s=96&d=mm&r=g","caption":"Le Potentiel"},"url":"https:\/\/lepotentiel.bj\/?author=4"}]}},"_links":{"self":[{"href":"https:\/\/lepotentiel.bj\/index.php?rest_route=\/wp\/v2\/posts\/86272","targetHints":{"allow":["GET"]}}],"collection":[{"href":"https:\/\/lepotentiel.bj\/index.php?rest_route=\/wp\/v2\/posts"}],"about":[{"href":"https:\/\/lepotentiel.bj\/index.php?rest_route=\/wp\/v2\/types\/post"}],"author":[{"embeddable":true,"href":"https:\/\/lepotentiel.bj\/index.php?rest_route=\/wp\/v2\/users\/4"}],"replies":[{"embeddable":true,"href":"https:\/\/lepotentiel.bj\/index.php?rest_route=%2Fwp%2Fv2%2Fcomments&post=86272"}],"version-history":[{"count":1,"href":"https:\/\/lepotentiel.bj\/index.php?rest_route=\/wp\/v2\/posts\/86272\/revisions"}],"predecessor-version":[{"id":86274,"href":"https:\/\/lepotentiel.bj\/index.php?rest_route=\/wp\/v2\/posts\/86272\/revisions\/86274"}],"wp:featuredmedia":[{"embeddable":true,"href":"https:\/\/lepotentiel.bj\/index.php?rest_route=\/wp\/v2\/media\/86273"}],"wp:attachment":[{"href":"https:\/\/lepotentiel.bj\/index.php?rest_route=%2Fwp%2Fv2%2Fmedia&parent=86272"}],"wp:term":[{"taxonomy":"category","embeddable":true,"href":"https:\/\/lepotentiel.bj\/index.php?rest_route=%2Fwp%2Fv2%2Fcategories&post=86272"},{"taxonomy":"post_tag","embeddable":true,"href":"https:\/\/lepotentiel.bj\/index.php?rest_route=%2Fwp%2Fv2%2Ftags&post=86272"}],"curies":[{"name":"wp","href":"https:\/\/api.w.org\/{rel}","templated":true}]}}