{"id":86278,"date":"2026-07-17T16:33:22","date_gmt":"2026-07-17T14:33:22","guid":{"rendered":"https:\/\/lepotentiel.bj\/?p=86278"},"modified":"2026-07-17T16:34:17","modified_gmt":"2026-07-17T14:34:17","slug":"baccalaureat-2026-au-benin-loffice-du-baccalaureat-fixe-les-dates-de-consultations-de-copies-et-des-epreuves-des-cas-reserves","status":"publish","type":"post","link":"https:\/\/lepotentiel.bj\/?p=86278","title":{"rendered":"Baccalaur\u00e9at 2026 au B\u00e9nin : l&rsquo;Office du Baccalaur\u00e9at fixe les dates de consultations de copies et des \u00e9preuves des cas r\u00e9serv\u00e9s"},"content":{"rendered":"<p style=\"text-align: justify;\"><strong>Baccalaur\u00e9at 2026 au B\u00e9nin : l&rsquo;Office du Baccalaur\u00e9at fixe les dates de consultations de copies et des \u00e9preuves des cas r\u00e9serv\u00e9s<\/strong><\/p>\n<p style=\"text-align: justify;\"><strong>L&rsquo;Office du Baccalaur\u00e9at a lanc\u00e9 les op\u00e9rations relatives aux\u00a0consultations de copies et \u00e0 la prise en charge des candidats d\u00e9clar\u00e9s \u00ab cas r\u00e9serv\u00e9s \u00bb \u00e0 l&rsquo;issue de la session de juin 2026. Selon un communiqu\u00e9 sign\u00e9 par son directeur, Alphonse da Silva ces d\u00e9marches d\u00e9buteront le lundi 20 juillet 2026.<\/strong><\/p>\n<p style=\"text-align: justify;\">\n<p style=\"text-align: justify;\">L&rsquo;institution pr\u00e9cise que les candidats d\u00e9sireux de consulter leurs copies pourront accomplir les formalit\u00e9s du 20 au 27 juillet 2026. \u00ab Les candidats concern\u00e9s sont invit\u00e9s \u00e0 d\u00e9poser un dossier complet aupr\u00e8s des services comp\u00e9tents de l&rsquo;Office du Baccalaur\u00e9at \u00bb, indique le communiqu\u00e9.<\/p>\n<p style=\"text-align: justify;\">\n<p style=\"text-align: justify;\">Pour \u00eatre recevable, chaque demande devra comprendre une photocopie du relev\u00e9 de notes, un formulaire de renseignements ainsi qu&rsquo;une quittance, disponible au secr\u00e9tariat de l&rsquo;Office du Baccalaur\u00e9at. Les autorit\u00e9s invitent les candidats \u00e0 respecter scrupuleusement ces exigences afin de faciliter le traitement des dossiers dans les d\u00e9lais impartis. Des pr\u00e9cisions ont \u00e9t\u00e9 apport\u00e9es \u00e9galement aux candidats admissibles class\u00e9s en \u00ab cas r\u00e9serv\u00e9s \u00bb, notamment ceux qui n&rsquo;ont pas pu participer aux \u00e9preuves d&rsquo;\u00c9ducation physique et sportive (EPS) pour des motifs m\u00e9dicaux. Ces candidats feront l&rsquo;objet d&rsquo;un dispositif sp\u00e9cifique leur permettant de r\u00e9gulariser leur situation conform\u00e9ment aux dispositions en vigueur.<\/p>\n<p style=\"text-align: justify;\">\n<p style=\"text-align: justify;\">M\u00e9dard Clobechi<\/p>\n","protected":false},"excerpt":{"rendered":"<p>Baccalaur\u00e9at 2026 au B\u00e9nin : l&rsquo;Office du Baccalaur\u00e9at fixe les dates de consultations de copies et des \u00e9preuves des cas r\u00e9serv\u00e9s L&rsquo;Office du Baccalaur\u00e9at a lanc\u00e9 les op\u00e9rations relatives aux\u00a0consultations de copies et \u00e0 la prise en charge des candidats d\u00e9clar\u00e9s \u00ab cas r\u00e9serv\u00e9s \u00bb \u00e0 l&rsquo;issue de la session de juin 2026. Selon un [&hellip;]<\/p>\n","protected":false},"author":4,"featured_media":79268,"comment_status":"open","ping_status":"open","sticky":false,"template":"","format":"standard","meta":{"footnotes":""},"categories":[34,137],"tags":[],"class_list":["post-86278","post","type-post","status-publish","format-standard","has-post-thumbnail","hentry","category-actualite","category-education"],"yoast_head":"<!-- This site is optimized with the Yoast SEO plugin v28.2 - https:\/\/yoast.com\/product\/yoast-seo-wordpress\/ -->\n<title>Baccalaur\u00e9at 2026 au B\u00e9nin : l&#039;Office du Baccalaur\u00e9at fixe les dates de consultations de copies et des \u00e9preuves des cas r\u00e9serv\u00e9s - Le Potentiel<\/title>\n<meta name=\"robots\" content=\"index, follow, max-snippet:-1, max-image-preview:large, max-video-preview:-1\" \/>\n<link rel=\"canonical\" href=\"https:\/\/lepotentiel.bj\/?p=86278\" \/>\n<meta property=\"og:locale\" content=\"fr_FR\" \/>\n<meta property=\"og:type\" content=\"article\" \/>\n<meta property=\"og:title\" content=\"Baccalaur\u00e9at 2026 au B\u00e9nin : l&#039;Office du Baccalaur\u00e9at fixe les dates de consultations de copies et des \u00e9preuves des cas r\u00e9serv\u00e9s - Le Potentiel\" \/>\n<meta property=\"og:description\" content=\"Baccalaur\u00e9at 2026 au B\u00e9nin : l&rsquo;Office du Baccalaur\u00e9at fixe les dates de consultations de copies et des \u00e9preuves des cas r\u00e9serv\u00e9s L&rsquo;Office du Baccalaur\u00e9at a lanc\u00e9 les op\u00e9rations relatives aux\u00a0consultations de copies et \u00e0 la prise en charge des candidats d\u00e9clar\u00e9s \u00ab cas r\u00e9serv\u00e9s \u00bb \u00e0 l&rsquo;issue de la session de juin 2026. Selon un [&hellip;]\" \/>\n<meta property=\"og:url\" content=\"https:\/\/lepotentiel.bj\/?p=86278\" \/>\n<meta property=\"og:site_name\" content=\"Le Potentiel\" \/>\n<meta property=\"article:published_time\" content=\"2026-07-17T14:33:22+00:00\" \/>\n<meta property=\"article:modified_time\" content=\"2026-07-17T14:34:17+00:00\" \/>\n<meta property=\"og:image\" content=\"https:\/\/lepotentiel.bj\/wp-content\/uploads\/2026\/01\/office-du-baccalaureat-1.jpeg\" \/>\n\t<meta property=\"og:image:width\" content=\"1080\" \/>\n\t<meta property=\"og:image:height\" content=\"826\" \/>\n\t<meta property=\"og:image:type\" content=\"image\/jpeg\" \/>\n<meta name=\"author\" content=\"Le Potentiel\" \/>\n<meta name=\"twitter:card\" content=\"summary_large_image\" \/>\n<meta name=\"twitter:label1\" content=\"\u00c9crit par\" \/>\n\t<meta name=\"twitter:data1\" content=\"Le Potentiel\" \/>\n\t<meta name=\"twitter:label2\" content=\"Dur\u00e9e de lecture estim\u00e9e\" \/>\n\t<meta name=\"twitter:data2\" content=\"1 minute\" \/>\n<script type=\"application\/ld+json\" class=\"yoast-schema-graph\">{\"@context\":\"https:\\\/\\\/schema.org\",\"@graph\":[{\"@type\":\"Article\",\"@id\":\"https:\\\/\\\/lepotentiel.bj\\\/?p=86278#article\",\"isPartOf\":{\"@id\":\"https:\\\/\\\/lepotentiel.bj\\\/?p=86278\"},\"author\":{\"name\":\"Le Potentiel\",\"@id\":\"https:\\\/\\\/lepotentiel.bj\\\/#\\\/schema\\\/person\\\/453725c41f4363806763503087c06c70\"},\"headline\":\"Baccalaur\u00e9at 2026 au B\u00e9nin : l&rsquo;Office du Baccalaur\u00e9at fixe les dates de consultations de copies et des \u00e9preuves des cas r\u00e9serv\u00e9s\",\"datePublished\":\"2026-07-17T14:33:22+00:00\",\"dateModified\":\"2026-07-17T14:34:17+00:00\",\"mainEntityOfPage\":{\"@id\":\"https:\\\/\\\/lepotentiel.bj\\\/?p=86278\"},\"wordCount\":259,\"commentCount\":0,\"publisher\":{\"@id\":\"https:\\\/\\\/lepotentiel.bj\\\/#organization\"},\"image\":{\"@id\":\"https:\\\/\\\/lepotentiel.bj\\\/?p=86278#primaryimage\"},\"thumbnailUrl\":\"https:\\\/\\\/lepotentiel.bj\\\/wp-content\\\/uploads\\\/2026\\\/01\\\/office-du-baccalaureat-1.jpeg\",\"articleSection\":[\"Actualit\u00e9\",\"Education\"],\"inLanguage\":\"fr-FR\",\"potentialAction\":[{\"@type\":\"CommentAction\",\"name\":\"Comment\",\"target\":[\"https:\\\/\\\/lepotentiel.bj\\\/?p=86278#respond\"]}]},{\"@type\":\"WebPage\",\"@id\":\"https:\\\/\\\/lepotentiel.bj\\\/?p=86278\",\"url\":\"https:\\\/\\\/lepotentiel.bj\\\/?p=86278\",\"name\":\"Baccalaur\u00e9at 2026 au B\u00e9nin : l'Office du Baccalaur\u00e9at fixe les dates de consultations de copies et des \u00e9preuves des cas r\u00e9serv\u00e9s - Le Potentiel\",\"isPartOf\":{\"@id\":\"https:\\\/\\\/lepotentiel.bj\\\/#website\"},\"primaryImageOfPage\":{\"@id\":\"https:\\\/\\\/lepotentiel.bj\\\/?p=86278#primaryimage\"},\"image\":{\"@id\":\"https:\\\/\\\/lepotentiel.bj\\\/?p=86278#primaryimage\"},\"thumbnailUrl\":\"https:\\\/\\\/lepotentiel.bj\\\/wp-content\\\/uploads\\\/2026\\\/01\\\/office-du-baccalaureat-1.jpeg\",\"datePublished\":\"2026-07-17T14:33:22+00:00\",\"dateModified\":\"2026-07-17T14:34:17+00:00\",\"breadcrumb\":{\"@id\":\"https:\\\/\\\/lepotentiel.bj\\\/?p=86278#breadcrumb\"},\"inLanguage\":\"fr-FR\",\"potentialAction\":[{\"@type\":\"ReadAction\",\"target\":[\"https:\\\/\\\/lepotentiel.bj\\\/?p=86278\"]}]},{\"@type\":\"ImageObject\",\"inLanguage\":\"fr-FR\",\"@id\":\"https:\\\/\\\/lepotentiel.bj\\\/?p=86278#primaryimage\",\"url\":\"https:\\\/\\\/lepotentiel.bj\\\/wp-content\\\/uploads\\\/2026\\\/01\\\/office-du-baccalaureat-1.jpeg\",\"contentUrl\":\"https:\\\/\\\/lepotentiel.bj\\\/wp-content\\\/uploads\\\/2026\\\/01\\\/office-du-baccalaureat-1.jpeg\",\"width\":1080,\"height\":826},{\"@type\":\"BreadcrumbList\",\"@id\":\"https:\\\/\\\/lepotentiel.bj\\\/?p=86278#breadcrumb\",\"itemListElement\":[{\"@type\":\"ListItem\",\"position\":1,\"name\":\"Accueil\",\"item\":\"https:\\\/\\\/lepotentiel.bj\\\/\"},{\"@type\":\"ListItem\",\"position\":2,\"name\":\"Baccalaur\u00e9at 2026 au B\u00e9nin : l&rsquo;Office du Baccalaur\u00e9at fixe les dates de consultations de copies et des \u00e9preuves des cas r\u00e9serv\u00e9s\"}]},{\"@type\":\"WebSite\",\"@id\":\"https:\\\/\\\/lepotentiel.bj\\\/#website\",\"url\":\"https:\\\/\\\/lepotentiel.bj\\\/\",\"name\":\"Le Potentiel\",\"description\":\"Le Potentiel, au service de l\u2019information, nous sommes les fantassins du droit de savoir\",\"publisher\":{\"@id\":\"https:\\\/\\\/lepotentiel.bj\\\/#organization\"},\"potentialAction\":[{\"@type\":\"SearchAction\",\"target\":{\"@type\":\"EntryPoint\",\"urlTemplate\":\"https:\\\/\\\/lepotentiel.bj\\\/?s={search_term_string}\"},\"query-input\":{\"@type\":\"PropertyValueSpecification\",\"valueRequired\":true,\"valueName\":\"search_term_string\"}}],\"inLanguage\":\"fr-FR\"},{\"@type\":\"Organization\",\"@id\":\"https:\\\/\\\/lepotentiel.bj\\\/#organization\",\"name\":\"Le Potentiel\",\"url\":\"https:\\\/\\\/lepotentiel.bj\\\/\",\"logo\":{\"@type\":\"ImageObject\",\"inLanguage\":\"fr-FR\",\"@id\":\"https:\\\/\\\/lepotentiel.bj\\\/#\\\/schema\\\/logo\\\/image\\\/\",\"url\":\"https:\\\/\\\/lepotentiel.bj\\\/wp-content\\\/uploads\\\/2023\\\/12\\\/logo-pot.jpg\",\"contentUrl\":\"https:\\\/\\\/lepotentiel.bj\\\/wp-content\\\/uploads\\\/2023\\\/12\\\/logo-pot.jpg\",\"width\":562,\"height\":84,\"caption\":\"Le Potentiel\"},\"image\":{\"@id\":\"https:\\\/\\\/lepotentiel.bj\\\/#\\\/schema\\\/logo\\\/image\\\/\"}},{\"@type\":\"Person\",\"@id\":\"https:\\\/\\\/lepotentiel.bj\\\/#\\\/schema\\\/person\\\/453725c41f4363806763503087c06c70\",\"name\":\"Le Potentiel\",\"image\":{\"@type\":\"ImageObject\",\"inLanguage\":\"fr-FR\",\"@id\":\"https:\\\/\\\/secure.gravatar.com\\\/avatar\\\/4085301697e4181824463b6ab1ea0ef6abfe68ad30a95258574a4b2d1c76522e?s=96&d=mm&r=g\",\"url\":\"https:\\\/\\\/secure.gravatar.com\\\/avatar\\\/4085301697e4181824463b6ab1ea0ef6abfe68ad30a95258574a4b2d1c76522e?s=96&d=mm&r=g\",\"contentUrl\":\"https:\\\/\\\/secure.gravatar.com\\\/avatar\\\/4085301697e4181824463b6ab1ea0ef6abfe68ad30a95258574a4b2d1c76522e?s=96&d=mm&r=g\",\"caption\":\"Le Potentiel\"},\"url\":\"https:\\\/\\\/lepotentiel.bj\\\/?author=4\"}]}<\/script>\n<!-- \/ Yoast SEO plugin. -->","yoast_head_json":{"title":"Baccalaur\u00e9at 2026 au B\u00e9nin : l'Office du Baccalaur\u00e9at fixe les dates de consultations de copies et des \u00e9preuves des cas r\u00e9serv\u00e9s - Le Potentiel","robots":{"index":"index","follow":"follow","max-snippet":"max-snippet:-1","max-image-preview":"max-image-preview:large","max-video-preview":"max-video-preview:-1"},"canonical":"https:\/\/lepotentiel.bj\/?p=86278","og_locale":"fr_FR","og_type":"article","og_title":"Baccalaur\u00e9at 2026 au B\u00e9nin : l'Office du Baccalaur\u00e9at fixe les dates de consultations de copies et des \u00e9preuves des cas r\u00e9serv\u00e9s - Le Potentiel","og_description":"Baccalaur\u00e9at 2026 au B\u00e9nin : l&rsquo;Office du Baccalaur\u00e9at fixe les dates de consultations de copies et des \u00e9preuves des cas r\u00e9serv\u00e9s L&rsquo;Office du Baccalaur\u00e9at a lanc\u00e9 les op\u00e9rations relatives aux\u00a0consultations de copies et \u00e0 la prise en charge des candidats d\u00e9clar\u00e9s \u00ab cas r\u00e9serv\u00e9s \u00bb \u00e0 l&rsquo;issue de la session de juin 2026. Selon un [&hellip;]","og_url":"https:\/\/lepotentiel.bj\/?p=86278","og_site_name":"Le Potentiel","article_published_time":"2026-07-17T14:33:22+00:00","article_modified_time":"2026-07-17T14:34:17+00:00","og_image":[{"width":1080,"height":826,"url":"https:\/\/lepotentiel.bj\/wp-content\/uploads\/2026\/01\/office-du-baccalaureat-1.jpeg","type":"image\/jpeg"}],"author":"Le Potentiel","twitter_card":"summary_large_image","twitter_misc":{"\u00c9crit par":"Le Potentiel","Dur\u00e9e de lecture estim\u00e9e":"1 minute"},"schema":{"@context":"https:\/\/schema.org","@graph":[{"@type":"Article","@id":"https:\/\/lepotentiel.bj\/?p=86278#article","isPartOf":{"@id":"https:\/\/lepotentiel.bj\/?p=86278"},"author":{"name":"Le Potentiel","@id":"https:\/\/lepotentiel.bj\/#\/schema\/person\/453725c41f4363806763503087c06c70"},"headline":"Baccalaur\u00e9at 2026 au B\u00e9nin : l&rsquo;Office du Baccalaur\u00e9at fixe les dates de consultations de copies et des \u00e9preuves des cas r\u00e9serv\u00e9s","datePublished":"2026-07-17T14:33:22+00:00","dateModified":"2026-07-17T14:34:17+00:00","mainEntityOfPage":{"@id":"https:\/\/lepotentiel.bj\/?p=86278"},"wordCount":259,"commentCount":0,"publisher":{"@id":"https:\/\/lepotentiel.bj\/#organization"},"image":{"@id":"https:\/\/lepotentiel.bj\/?p=86278#primaryimage"},"thumbnailUrl":"https:\/\/lepotentiel.bj\/wp-content\/uploads\/2026\/01\/office-du-baccalaureat-1.jpeg","articleSection":["Actualit\u00e9","Education"],"inLanguage":"fr-FR","potentialAction":[{"@type":"CommentAction","name":"Comment","target":["https:\/\/lepotentiel.bj\/?p=86278#respond"]}]},{"@type":"WebPage","@id":"https:\/\/lepotentiel.bj\/?p=86278","url":"https:\/\/lepotentiel.bj\/?p=86278","name":"Baccalaur\u00e9at 2026 au B\u00e9nin : l'Office du Baccalaur\u00e9at fixe les dates de consultations de copies et des \u00e9preuves des cas r\u00e9serv\u00e9s - Le Potentiel","isPartOf":{"@id":"https:\/\/lepotentiel.bj\/#website"},"primaryImageOfPage":{"@id":"https:\/\/lepotentiel.bj\/?p=86278#primaryimage"},"image":{"@id":"https:\/\/lepotentiel.bj\/?p=86278#primaryimage"},"thumbnailUrl":"https:\/\/lepotentiel.bj\/wp-content\/uploads\/2026\/01\/office-du-baccalaureat-1.jpeg","datePublished":"2026-07-17T14:33:22+00:00","dateModified":"2026-07-17T14:34:17+00:00","breadcrumb":{"@id":"https:\/\/lepotentiel.bj\/?p=86278#breadcrumb"},"inLanguage":"fr-FR","potentialAction":[{"@type":"ReadAction","target":["https:\/\/lepotentiel.bj\/?p=86278"]}]},{"@type":"ImageObject","inLanguage":"fr-FR","@id":"https:\/\/lepotentiel.bj\/?p=86278#primaryimage","url":"https:\/\/lepotentiel.bj\/wp-content\/uploads\/2026\/01\/office-du-baccalaureat-1.jpeg","contentUrl":"https:\/\/lepotentiel.bj\/wp-content\/uploads\/2026\/01\/office-du-baccalaureat-1.jpeg","width":1080,"height":826},{"@type":"BreadcrumbList","@id":"https:\/\/lepotentiel.bj\/?p=86278#breadcrumb","itemListElement":[{"@type":"ListItem","position":1,"name":"Accueil","item":"https:\/\/lepotentiel.bj\/"},{"@type":"ListItem","position":2,"name":"Baccalaur\u00e9at 2026 au B\u00e9nin : l&rsquo;Office du Baccalaur\u00e9at fixe les dates de consultations de copies et des \u00e9preuves des cas r\u00e9serv\u00e9s"}]},{"@type":"WebSite","@id":"https:\/\/lepotentiel.bj\/#website","url":"https:\/\/lepotentiel.bj\/","name":"Le Potentiel","description":"Le Potentiel, au service de l\u2019information, nous sommes les fantassins du droit de savoir","publisher":{"@id":"https:\/\/lepotentiel.bj\/#organization"},"potentialAction":[{"@type":"SearchAction","target":{"@type":"EntryPoint","urlTemplate":"https:\/\/lepotentiel.bj\/?s={search_term_string}"},"query-input":{"@type":"PropertyValueSpecification","valueRequired":true,"valueName":"search_term_string"}}],"inLanguage":"fr-FR"},{"@type":"Organization","@id":"https:\/\/lepotentiel.bj\/#organization","name":"Le Potentiel","url":"https:\/\/lepotentiel.bj\/","logo":{"@type":"ImageObject","inLanguage":"fr-FR","@id":"https:\/\/lepotentiel.bj\/#\/schema\/logo\/image\/","url":"https:\/\/lepotentiel.bj\/wp-content\/uploads\/2023\/12\/logo-pot.jpg","contentUrl":"https:\/\/lepotentiel.bj\/wp-content\/uploads\/2023\/12\/logo-pot.jpg","width":562,"height":84,"caption":"Le Potentiel"},"image":{"@id":"https:\/\/lepotentiel.bj\/#\/schema\/logo\/image\/"}},{"@type":"Person","@id":"https:\/\/lepotentiel.bj\/#\/schema\/person\/453725c41f4363806763503087c06c70","name":"Le Potentiel","image":{"@type":"ImageObject","inLanguage":"fr-FR","@id":"https:\/\/secure.gravatar.com\/avatar\/4085301697e4181824463b6ab1ea0ef6abfe68ad30a95258574a4b2d1c76522e?s=96&d=mm&r=g","url":"https:\/\/secure.gravatar.com\/avatar\/4085301697e4181824463b6ab1ea0ef6abfe68ad30a95258574a4b2d1c76522e?s=96&d=mm&r=g","contentUrl":"https:\/\/secure.gravatar.com\/avatar\/4085301697e4181824463b6ab1ea0ef6abfe68ad30a95258574a4b2d1c76522e?s=96&d=mm&r=g","caption":"Le Potentiel"},"url":"https:\/\/lepotentiel.bj\/?author=4"}]}},"_links":{"self":[{"href":"https:\/\/lepotentiel.bj\/index.php?rest_route=\/wp\/v2\/posts\/86278","targetHints":{"allow":["GET"]}}],"collection":[{"href":"https:\/\/lepotentiel.bj\/index.php?rest_route=\/wp\/v2\/posts"}],"about":[{"href":"https:\/\/lepotentiel.bj\/index.php?rest_route=\/wp\/v2\/types\/post"}],"author":[{"embeddable":true,"href":"https:\/\/lepotentiel.bj\/index.php?rest_route=\/wp\/v2\/users\/4"}],"replies":[{"embeddable":true,"href":"https:\/\/lepotentiel.bj\/index.php?rest_route=%2Fwp%2Fv2%2Fcomments&post=86278"}],"version-history":[{"count":1,"href":"https:\/\/lepotentiel.bj\/index.php?rest_route=\/wp\/v2\/posts\/86278\/revisions"}],"predecessor-version":[{"id":86279,"href":"https:\/\/lepotentiel.bj\/index.php?rest_route=\/wp\/v2\/posts\/86278\/revisions\/86279"}],"wp:featuredmedia":[{"embeddable":true,"href":"https:\/\/lepotentiel.bj\/index.php?rest_route=\/wp\/v2\/media\/79268"}],"wp:attachment":[{"href":"https:\/\/lepotentiel.bj\/index.php?rest_route=%2Fwp%2Fv2%2Fmedia&parent=86278"}],"wp:term":[{"taxonomy":"category","embeddable":true,"href":"https:\/\/lepotentiel.bj\/index.php?rest_route=%2Fwp%2Fv2%2Fcategories&post=86278"},{"taxonomy":"post_tag","embeddable":true,"href":"https:\/\/lepotentiel.bj\/index.php?rest_route=%2Fwp%2Fv2%2Ftags&post=86278"}],"curies":[{"name":"wp","href":"https:\/\/api.w.org\/{rel}","templated":true}]}}