{"id":86281,"date":"2026-07-17T17:47:37","date_gmt":"2026-07-17T15:47:37","guid":{"rendered":"https:\/\/lepotentiel.bj\/?p=86281"},"modified":"2026-07-17T17:47:37","modified_gmt":"2026-07-17T15:47:37","slug":"cour-speciale-des-affaires-foncieres-csaf-le-dossier-zangan-rattrape-janvier-koty-place-sous-mandat-de-depot","status":"publish","type":"post","link":"https:\/\/lepotentiel.bj\/?p=86281","title":{"rendered":"Cour sp\u00e9ciale des affaires fonci\u00e8res (CSAF): Le dossier Zangan rattrape Janvier KOTY, plac\u00e9 sous mandat de d\u00e9p\u00f4t"},"content":{"rendered":"<p style=\"text-align: justify;\">Affaire Zangan. Ce dossier foncier continue d&rsquo;alourdir son bilan judiciaire. Le c\u00e9l\u00e8bre homme d&rsquo;affaires Janvier KOTY a \u00e9t\u00e9 arr\u00eat\u00e9 puis plac\u00e9 sous mandat de d\u00e9p\u00f4t, ce jeudi 16 juillet 2026, par la Cour sp\u00e9ciale des affaires fonci\u00e8res (CSAF). Selon les informations recueillies par le pool foncier du D\u00e9partement Enqu\u00eate et Investigation (DEI) du Groupe de presse Le Potentiel, il est poursuivi pour faux en \u00e9criture publique et complicit\u00e9 de stellionat.<\/p>\n<p style=\"text-align: justify;\">Cette arrestation intervient dans le cadre de l&rsquo;affaire impliquant Augustin TCHOUKPEVI, plus connu sous le nom de Zangan, plac\u00e9 en d\u00e9tention pr\u00e9ventive depuis un an. Au fil des investigations, ce dossier est devenu l&rsquo;un des contentieux fonciers les plus suivis devant la juridiction sp\u00e9cialis\u00e9e.<\/p>\n<p style=\"text-align: justify;\">Au c\u0153ur de la proc\u00e9dure se trouve un titre foncier dont l&rsquo;\u00e9tablissement est entour\u00e9 de nombreuses irr\u00e9gularit\u00e9s. Les investigations ont mis en lumi\u00e8re des erreurs graves dans la cha\u00eene de traitement du dossier. Cette affaire a d\u00e9j\u00e0 conduit \u00e0 l&rsquo;incarc\u00e9ration de deux agents des imp\u00f4ts, qui restent d\u00e9tenus.<\/p>\n<p style=\"text-align: justify;\">Avec l&rsquo;\u00e9crou de Janvier KOTY, le nombre de personnes arr\u00eat\u00e9es dans cette proc\u00e9dure passe d\u00e9sormais \u00e0 quatre. D&rsquo;apr\u00e8s les informations du DEI, l&rsquo;homme d&rsquo;affaires faisait l&rsquo;objet de recherches depuis pr\u00e8s d&rsquo;un an. Un mandat d&rsquo;arr\u00eat avait d&rsquo;ailleurs \u00e9t\u00e9 d\u00e9cern\u00e9 contre lui plusieurs mois auparavant.<\/p>\n<p style=\"text-align: justify;\">C&rsquo;est finalement en se pr\u00e9sentant \u00e0 la CSAF, jeudi, qu&rsquo;il a \u00e9t\u00e9 interpell\u00e9 en ex\u00e9cution de ce mandat. Aussit\u00f4t arr\u00eat\u00e9, il a \u00e9t\u00e9 conduit devant les autorit\u00e9s judiciaires avant d&rsquo;\u00eatre plac\u00e9 sous mandat de d\u00e9p\u00f4t. Il devra \u00eatre entendu sur les faits qui lui sont reproch\u00e9s au cours de la suite de l&rsquo;instruction.<\/p>\n<p style=\"text-align: justify;\">Au-del\u00e0 des personnes mises en cause, cette proc\u00e9dure rappelle une r\u00e9alit\u00e9 douloureuse, derri\u00e8re les dossiers fonciers se trouvent souvent des familles, des patrimoines et des ann\u00e9es d&rsquo;incertitude. Chaque d\u00e9cision de justice est attendue avec espoir par ceux qui r\u00e9clament que toute la lumi\u00e8re soit faite sur les responsabilit\u00e9s de chacun.<\/p>\n<p style=\"text-align: justify;\">Dans les milieux judiciaires, cette \u00e9volution est \u00e9galement per\u00e7ue comme une illustration de la politique p\u00e9nale conduite au sein des juridictions sp\u00e9cialis\u00e9es. Plusieurs observateurs saluent les efforts entrepris sous l&rsquo;impulsion du garde des Sceaux, ministre de la Justice, Yvon DETCHENOU, en faveur du traitement des dossiers complexes, notamment ceux li\u00e9s au foncier, avec pour objectif de renforcer la lutte contre la fraude et les infractions portant atteinte au patrimoine foncier.<\/p>\n<p style=\"text-align: justify;\"><strong>Joseph Sossou<\/strong><\/p>\n","protected":false},"excerpt":{"rendered":"<p>Affaire Zangan. Ce dossier foncier continue d&rsquo;alourdir son bilan judiciaire. Le c\u00e9l\u00e8bre homme d&rsquo;affaires Janvier KOTY a \u00e9t\u00e9 arr\u00eat\u00e9 puis plac\u00e9 sous mandat de d\u00e9p\u00f4t, ce jeudi 16 juillet 2026, par la Cour sp\u00e9ciale des affaires fonci\u00e8res (CSAF). Selon les informations recueillies par le pool foncier du D\u00e9partement Enqu\u00eate et Investigation (DEI) du Groupe de [&hellip;]<\/p>\n","protected":false},"author":18,"featured_media":85239,"comment_status":"open","ping_status":"open","sticky":false,"template":"","format":"standard","meta":{"footnotes":""},"categories":[34,1358],"tags":[],"class_list":["post-86281","post","type-post","status-publish","format-standard","has-post-thumbnail","hentry","category-actualite","category-justice"],"yoast_head":"<!-- This site is optimized with the Yoast SEO plugin v28.2 - https:\/\/yoast.com\/product\/yoast-seo-wordpress\/ -->\n<title>Cour sp\u00e9ciale des affaires fonci\u00e8res (CSAF): Le dossier Zangan rattrape Janvier KOTY, plac\u00e9 sous mandat de d\u00e9p\u00f4t - Le Potentiel<\/title>\n<meta name=\"robots\" content=\"index, follow, max-snippet:-1, max-image-preview:large, max-video-preview:-1\" \/>\n<link rel=\"canonical\" href=\"https:\/\/lepotentiel.bj\/?p=86281\" \/>\n<meta property=\"og:locale\" content=\"fr_FR\" \/>\n<meta property=\"og:type\" content=\"article\" \/>\n<meta property=\"og:title\" content=\"Cour sp\u00e9ciale des affaires fonci\u00e8res (CSAF): Le dossier Zangan rattrape Janvier KOTY, plac\u00e9 sous mandat de d\u00e9p\u00f4t - Le Potentiel\" \/>\n<meta property=\"og:description\" content=\"Affaire Zangan. Ce dossier foncier continue d&rsquo;alourdir son bilan judiciaire. Le c\u00e9l\u00e8bre homme d&rsquo;affaires Janvier KOTY a \u00e9t\u00e9 arr\u00eat\u00e9 puis plac\u00e9 sous mandat de d\u00e9p\u00f4t, ce jeudi 16 juillet 2026, par la Cour sp\u00e9ciale des affaires fonci\u00e8res (CSAF). Selon les informations recueillies par le pool foncier du D\u00e9partement Enqu\u00eate et Investigation (DEI) du Groupe de [&hellip;]\" \/>\n<meta property=\"og:url\" content=\"https:\/\/lepotentiel.bj\/?p=86281\" \/>\n<meta property=\"og:site_name\" content=\"Le Potentiel\" \/>\n<meta property=\"article:published_time\" content=\"2026-07-17T15:47:37+00:00\" \/>\n<meta property=\"og:image\" content=\"https:\/\/lepotentiel.bj\/wp-content\/uploads\/2026\/06\/IMG-20260602-WA0008-1.jpg\" \/>\n\t<meta property=\"og:image:width\" content=\"1080\" \/>\n\t<meta property=\"og:image:height\" content=\"694\" \/>\n\t<meta property=\"og:image:type\" content=\"image\/jpeg\" \/>\n<meta name=\"author\" content=\"Laura\" \/>\n<meta name=\"twitter:card\" content=\"summary_large_image\" \/>\n<meta name=\"twitter:label1\" content=\"\u00c9crit par\" \/>\n\t<meta name=\"twitter:data1\" content=\"Laura\" \/>\n\t<meta name=\"twitter:label2\" content=\"Dur\u00e9e de lecture estim\u00e9e\" \/>\n\t<meta name=\"twitter:data2\" content=\"2 minutes\" \/>\n<script type=\"application\/ld+json\" class=\"yoast-schema-graph\">{\"@context\":\"https:\\\/\\\/schema.org\",\"@graph\":[{\"@type\":\"Article\",\"@id\":\"https:\\\/\\\/lepotentiel.bj\\\/?p=86281#article\",\"isPartOf\":{\"@id\":\"https:\\\/\\\/lepotentiel.bj\\\/?p=86281\"},\"author\":{\"name\":\"Laura\",\"@id\":\"https:\\\/\\\/lepotentiel.bj\\\/#\\\/schema\\\/person\\\/001def78e1eafec4b5733ea184d49dd0\"},\"headline\":\"Cour sp\u00e9ciale des affaires fonci\u00e8res (CSAF): Le dossier Zangan rattrape Janvier KOTY, plac\u00e9 sous mandat de d\u00e9p\u00f4t\",\"datePublished\":\"2026-07-17T15:47:37+00:00\",\"mainEntityOfPage\":{\"@id\":\"https:\\\/\\\/lepotentiel.bj\\\/?p=86281\"},\"wordCount\":452,\"commentCount\":0,\"publisher\":{\"@id\":\"https:\\\/\\\/lepotentiel.bj\\\/#organization\"},\"image\":{\"@id\":\"https:\\\/\\\/lepotentiel.bj\\\/?p=86281#primaryimage\"},\"thumbnailUrl\":\"https:\\\/\\\/lepotentiel.bj\\\/wp-content\\\/uploads\\\/2026\\\/06\\\/IMG-20260602-WA0008-1.jpg\",\"articleSection\":[\"Actualit\u00e9\",\"Justice\"],\"inLanguage\":\"fr-FR\",\"potentialAction\":[{\"@type\":\"CommentAction\",\"name\":\"Comment\",\"target\":[\"https:\\\/\\\/lepotentiel.bj\\\/?p=86281#respond\"]}]},{\"@type\":\"WebPage\",\"@id\":\"https:\\\/\\\/lepotentiel.bj\\\/?p=86281\",\"url\":\"https:\\\/\\\/lepotentiel.bj\\\/?p=86281\",\"name\":\"Cour sp\u00e9ciale des affaires fonci\u00e8res (CSAF): Le dossier Zangan rattrape Janvier KOTY, plac\u00e9 sous mandat de d\u00e9p\u00f4t - Le Potentiel\",\"isPartOf\":{\"@id\":\"https:\\\/\\\/lepotentiel.bj\\\/#website\"},\"primaryImageOfPage\":{\"@id\":\"https:\\\/\\\/lepotentiel.bj\\\/?p=86281#primaryimage\"},\"image\":{\"@id\":\"https:\\\/\\\/lepotentiel.bj\\\/?p=86281#primaryimage\"},\"thumbnailUrl\":\"https:\\\/\\\/lepotentiel.bj\\\/wp-content\\\/uploads\\\/2026\\\/06\\\/IMG-20260602-WA0008-1.jpg\",\"datePublished\":\"2026-07-17T15:47:37+00:00\",\"breadcrumb\":{\"@id\":\"https:\\\/\\\/lepotentiel.bj\\\/?p=86281#breadcrumb\"},\"inLanguage\":\"fr-FR\",\"potentialAction\":[{\"@type\":\"ReadAction\",\"target\":[\"https:\\\/\\\/lepotentiel.bj\\\/?p=86281\"]}]},{\"@type\":\"ImageObject\",\"inLanguage\":\"fr-FR\",\"@id\":\"https:\\\/\\\/lepotentiel.bj\\\/?p=86281#primaryimage\",\"url\":\"https:\\\/\\\/lepotentiel.bj\\\/wp-content\\\/uploads\\\/2026\\\/06\\\/IMG-20260602-WA0008-1.jpg\",\"contentUrl\":\"https:\\\/\\\/lepotentiel.bj\\\/wp-content\\\/uploads\\\/2026\\\/06\\\/IMG-20260602-WA0008-1.jpg\",\"width\":1080,\"height\":694},{\"@type\":\"BreadcrumbList\",\"@id\":\"https:\\\/\\\/lepotentiel.bj\\\/?p=86281#breadcrumb\",\"itemListElement\":[{\"@type\":\"ListItem\",\"position\":1,\"name\":\"Accueil\",\"item\":\"https:\\\/\\\/lepotentiel.bj\\\/\"},{\"@type\":\"ListItem\",\"position\":2,\"name\":\"Cour sp\u00e9ciale des affaires fonci\u00e8res (CSAF): Le dossier Zangan rattrape Janvier KOTY, plac\u00e9 sous mandat de d\u00e9p\u00f4t\"}]},{\"@type\":\"WebSite\",\"@id\":\"https:\\\/\\\/lepotentiel.bj\\\/#website\",\"url\":\"https:\\\/\\\/lepotentiel.bj\\\/\",\"name\":\"Le Potentiel\",\"description\":\"Le Potentiel, au service de l\u2019information, nous sommes les fantassins du droit de savoir\",\"publisher\":{\"@id\":\"https:\\\/\\\/lepotentiel.bj\\\/#organization\"},\"potentialAction\":[{\"@type\":\"SearchAction\",\"target\":{\"@type\":\"EntryPoint\",\"urlTemplate\":\"https:\\\/\\\/lepotentiel.bj\\\/?s={search_term_string}\"},\"query-input\":{\"@type\":\"PropertyValueSpecification\",\"valueRequired\":true,\"valueName\":\"search_term_string\"}}],\"inLanguage\":\"fr-FR\"},{\"@type\":\"Organization\",\"@id\":\"https:\\\/\\\/lepotentiel.bj\\\/#organization\",\"name\":\"Le Potentiel\",\"url\":\"https:\\\/\\\/lepotentiel.bj\\\/\",\"logo\":{\"@type\":\"ImageObject\",\"inLanguage\":\"fr-FR\",\"@id\":\"https:\\\/\\\/lepotentiel.bj\\\/#\\\/schema\\\/logo\\\/image\\\/\",\"url\":\"https:\\\/\\\/lepotentiel.bj\\\/wp-content\\\/uploads\\\/2023\\\/12\\\/logo-pot.jpg\",\"contentUrl\":\"https:\\\/\\\/lepotentiel.bj\\\/wp-content\\\/uploads\\\/2023\\\/12\\\/logo-pot.jpg\",\"width\":562,\"height\":84,\"caption\":\"Le Potentiel\"},\"image\":{\"@id\":\"https:\\\/\\\/lepotentiel.bj\\\/#\\\/schema\\\/logo\\\/image\\\/\"}},{\"@type\":\"Person\",\"@id\":\"https:\\\/\\\/lepotentiel.bj\\\/#\\\/schema\\\/person\\\/001def78e1eafec4b5733ea184d49dd0\",\"name\":\"Laura\",\"image\":{\"@type\":\"ImageObject\",\"inLanguage\":\"fr-FR\",\"@id\":\"https:\\\/\\\/secure.gravatar.com\\\/avatar\\\/46e54a01dd5785f370a6c40e9cfe54ebcfd939154e6505072fe15421c0d32893?s=96&d=mm&r=g\",\"url\":\"https:\\\/\\\/secure.gravatar.com\\\/avatar\\\/46e54a01dd5785f370a6c40e9cfe54ebcfd939154e6505072fe15421c0d32893?s=96&d=mm&r=g\",\"contentUrl\":\"https:\\\/\\\/secure.gravatar.com\\\/avatar\\\/46e54a01dd5785f370a6c40e9cfe54ebcfd939154e6505072fe15421c0d32893?s=96&d=mm&r=g\",\"caption\":\"Laura\"},\"url\":\"https:\\\/\\\/lepotentiel.bj\\\/?author=18\"}]}<\/script>\n<!-- \/ Yoast SEO plugin. -->","yoast_head_json":{"title":"Cour sp\u00e9ciale des affaires fonci\u00e8res (CSAF): Le dossier Zangan rattrape Janvier KOTY, plac\u00e9 sous mandat de d\u00e9p\u00f4t - Le Potentiel","robots":{"index":"index","follow":"follow","max-snippet":"max-snippet:-1","max-image-preview":"max-image-preview:large","max-video-preview":"max-video-preview:-1"},"canonical":"https:\/\/lepotentiel.bj\/?p=86281","og_locale":"fr_FR","og_type":"article","og_title":"Cour sp\u00e9ciale des affaires fonci\u00e8res (CSAF): Le dossier Zangan rattrape Janvier KOTY, plac\u00e9 sous mandat de d\u00e9p\u00f4t - Le Potentiel","og_description":"Affaire Zangan. Ce dossier foncier continue d&rsquo;alourdir son bilan judiciaire. Le c\u00e9l\u00e8bre homme d&rsquo;affaires Janvier KOTY a \u00e9t\u00e9 arr\u00eat\u00e9 puis plac\u00e9 sous mandat de d\u00e9p\u00f4t, ce jeudi 16 juillet 2026, par la Cour sp\u00e9ciale des affaires fonci\u00e8res (CSAF). Selon les informations recueillies par le pool foncier du D\u00e9partement Enqu\u00eate et Investigation (DEI) du Groupe de [&hellip;]","og_url":"https:\/\/lepotentiel.bj\/?p=86281","og_site_name":"Le Potentiel","article_published_time":"2026-07-17T15:47:37+00:00","og_image":[{"width":1080,"height":694,"url":"https:\/\/lepotentiel.bj\/wp-content\/uploads\/2026\/06\/IMG-20260602-WA0008-1.jpg","type":"image\/jpeg"}],"author":"Laura","twitter_card":"summary_large_image","twitter_misc":{"\u00c9crit par":"Laura","Dur\u00e9e de lecture estim\u00e9e":"2 minutes"},"schema":{"@context":"https:\/\/schema.org","@graph":[{"@type":"Article","@id":"https:\/\/lepotentiel.bj\/?p=86281#article","isPartOf":{"@id":"https:\/\/lepotentiel.bj\/?p=86281"},"author":{"name":"Laura","@id":"https:\/\/lepotentiel.bj\/#\/schema\/person\/001def78e1eafec4b5733ea184d49dd0"},"headline":"Cour sp\u00e9ciale des affaires fonci\u00e8res (CSAF): Le dossier Zangan rattrape Janvier KOTY, plac\u00e9 sous mandat de d\u00e9p\u00f4t","datePublished":"2026-07-17T15:47:37+00:00","mainEntityOfPage":{"@id":"https:\/\/lepotentiel.bj\/?p=86281"},"wordCount":452,"commentCount":0,"publisher":{"@id":"https:\/\/lepotentiel.bj\/#organization"},"image":{"@id":"https:\/\/lepotentiel.bj\/?p=86281#primaryimage"},"thumbnailUrl":"https:\/\/lepotentiel.bj\/wp-content\/uploads\/2026\/06\/IMG-20260602-WA0008-1.jpg","articleSection":["Actualit\u00e9","Justice"],"inLanguage":"fr-FR","potentialAction":[{"@type":"CommentAction","name":"Comment","target":["https:\/\/lepotentiel.bj\/?p=86281#respond"]}]},{"@type":"WebPage","@id":"https:\/\/lepotentiel.bj\/?p=86281","url":"https:\/\/lepotentiel.bj\/?p=86281","name":"Cour sp\u00e9ciale des affaires fonci\u00e8res (CSAF): Le dossier Zangan rattrape Janvier KOTY, plac\u00e9 sous mandat de d\u00e9p\u00f4t - Le Potentiel","isPartOf":{"@id":"https:\/\/lepotentiel.bj\/#website"},"primaryImageOfPage":{"@id":"https:\/\/lepotentiel.bj\/?p=86281#primaryimage"},"image":{"@id":"https:\/\/lepotentiel.bj\/?p=86281#primaryimage"},"thumbnailUrl":"https:\/\/lepotentiel.bj\/wp-content\/uploads\/2026\/06\/IMG-20260602-WA0008-1.jpg","datePublished":"2026-07-17T15:47:37+00:00","breadcrumb":{"@id":"https:\/\/lepotentiel.bj\/?p=86281#breadcrumb"},"inLanguage":"fr-FR","potentialAction":[{"@type":"ReadAction","target":["https:\/\/lepotentiel.bj\/?p=86281"]}]},{"@type":"ImageObject","inLanguage":"fr-FR","@id":"https:\/\/lepotentiel.bj\/?p=86281#primaryimage","url":"https:\/\/lepotentiel.bj\/wp-content\/uploads\/2026\/06\/IMG-20260602-WA0008-1.jpg","contentUrl":"https:\/\/lepotentiel.bj\/wp-content\/uploads\/2026\/06\/IMG-20260602-WA0008-1.jpg","width":1080,"height":694},{"@type":"BreadcrumbList","@id":"https:\/\/lepotentiel.bj\/?p=86281#breadcrumb","itemListElement":[{"@type":"ListItem","position":1,"name":"Accueil","item":"https:\/\/lepotentiel.bj\/"},{"@type":"ListItem","position":2,"name":"Cour sp\u00e9ciale des affaires fonci\u00e8res (CSAF): Le dossier Zangan rattrape Janvier KOTY, plac\u00e9 sous mandat de d\u00e9p\u00f4t"}]},{"@type":"WebSite","@id":"https:\/\/lepotentiel.bj\/#website","url":"https:\/\/lepotentiel.bj\/","name":"Le Potentiel","description":"Le Potentiel, au service de l\u2019information, nous sommes les fantassins du droit de savoir","publisher":{"@id":"https:\/\/lepotentiel.bj\/#organization"},"potentialAction":[{"@type":"SearchAction","target":{"@type":"EntryPoint","urlTemplate":"https:\/\/lepotentiel.bj\/?s={search_term_string}"},"query-input":{"@type":"PropertyValueSpecification","valueRequired":true,"valueName":"search_term_string"}}],"inLanguage":"fr-FR"},{"@type":"Organization","@id":"https:\/\/lepotentiel.bj\/#organization","name":"Le Potentiel","url":"https:\/\/lepotentiel.bj\/","logo":{"@type":"ImageObject","inLanguage":"fr-FR","@id":"https:\/\/lepotentiel.bj\/#\/schema\/logo\/image\/","url":"https:\/\/lepotentiel.bj\/wp-content\/uploads\/2023\/12\/logo-pot.jpg","contentUrl":"https:\/\/lepotentiel.bj\/wp-content\/uploads\/2023\/12\/logo-pot.jpg","width":562,"height":84,"caption":"Le Potentiel"},"image":{"@id":"https:\/\/lepotentiel.bj\/#\/schema\/logo\/image\/"}},{"@type":"Person","@id":"https:\/\/lepotentiel.bj\/#\/schema\/person\/001def78e1eafec4b5733ea184d49dd0","name":"Laura","image":{"@type":"ImageObject","inLanguage":"fr-FR","@id":"https:\/\/secure.gravatar.com\/avatar\/46e54a01dd5785f370a6c40e9cfe54ebcfd939154e6505072fe15421c0d32893?s=96&d=mm&r=g","url":"https:\/\/secure.gravatar.com\/avatar\/46e54a01dd5785f370a6c40e9cfe54ebcfd939154e6505072fe15421c0d32893?s=96&d=mm&r=g","contentUrl":"https:\/\/secure.gravatar.com\/avatar\/46e54a01dd5785f370a6c40e9cfe54ebcfd939154e6505072fe15421c0d32893?s=96&d=mm&r=g","caption":"Laura"},"url":"https:\/\/lepotentiel.bj\/?author=18"}]}},"_links":{"self":[{"href":"https:\/\/lepotentiel.bj\/index.php?rest_route=\/wp\/v2\/posts\/86281","targetHints":{"allow":["GET"]}}],"collection":[{"href":"https:\/\/lepotentiel.bj\/index.php?rest_route=\/wp\/v2\/posts"}],"about":[{"href":"https:\/\/lepotentiel.bj\/index.php?rest_route=\/wp\/v2\/types\/post"}],"author":[{"embeddable":true,"href":"https:\/\/lepotentiel.bj\/index.php?rest_route=\/wp\/v2\/users\/18"}],"replies":[{"embeddable":true,"href":"https:\/\/lepotentiel.bj\/index.php?rest_route=%2Fwp%2Fv2%2Fcomments&post=86281"}],"version-history":[{"count":1,"href":"https:\/\/lepotentiel.bj\/index.php?rest_route=\/wp\/v2\/posts\/86281\/revisions"}],"predecessor-version":[{"id":86283,"href":"https:\/\/lepotentiel.bj\/index.php?rest_route=\/wp\/v2\/posts\/86281\/revisions\/86283"}],"wp:featuredmedia":[{"embeddable":true,"href":"https:\/\/lepotentiel.bj\/index.php?rest_route=\/wp\/v2\/media\/85239"}],"wp:attachment":[{"href":"https:\/\/lepotentiel.bj\/index.php?rest_route=%2Fwp%2Fv2%2Fmedia&parent=86281"}],"wp:term":[{"taxonomy":"category","embeddable":true,"href":"https:\/\/lepotentiel.bj\/index.php?rest_route=%2Fwp%2Fv2%2Fcategories&post=86281"},{"taxonomy":"post_tag","embeddable":true,"href":"https:\/\/lepotentiel.bj\/index.php?rest_route=%2Fwp%2Fv2%2Ftags&post=86281"}],"curies":[{"name":"wp","href":"https:\/\/api.w.org\/{rel}","templated":true}]}}