{"id":86289,"date":"2026-07-17T18:56:45","date_gmt":"2026-07-17T16:56:45","guid":{"rendered":"https:\/\/lepotentiel.bj\/?p=86289"},"modified":"2026-07-17T18:56:45","modified_gmt":"2026-07-17T16:56:45","slug":"audience-au-palais-de-la-marina-romuald-wadagni-et-la-banque-mondiale-renforcent-les-axes-de-cooperation","status":"publish","type":"post","link":"https:\/\/lepotentiel.bj\/?p=86289","title":{"rendered":"Audience au Palais de la Marina : Romuald Wadagni et la Banque mondiale renforcent les axes de coop\u00e9ration"},"content":{"rendered":"<p style=\"text-align: justify;\">Le pr\u00e9sident de la R\u00e9publique du B\u00e9nin, Romuald Wadagni, a re\u00e7u en audience, ce vendredi 17 juillet 2026 au Palais de la Marina \u00e0 Cotonou, la directrice g\u00e9n\u00e9rale des op\u00e9rations du Groupe de la Banque mondiale, Anna Bjerde. Cette rencontre a port\u00e9 sur le renforcement de la coop\u00e9ration entre le B\u00e9nin et l\u2019institution financi\u00e8re internationale, notamment autour des priorit\u00e9s de d\u00e9veloppement du pays.<\/p>\n<p><img fetchpriority=\"high\" decoding=\"async\" class=\"alignnone size-medium wp-image-86290\" src=\"https:\/\/lepotentiel.bj\/wp-content\/uploads\/2026\/07\/IMG-20260717-WA0150-300x169.jpg\" alt=\"\" width=\"300\" height=\"169\" srcset=\"https:\/\/lepotentiel.bj\/wp-content\/uploads\/2026\/07\/IMG-20260717-WA0150-300x169.jpg 300w, https:\/\/lepotentiel.bj\/wp-content\/uploads\/2026\/07\/IMG-20260717-WA0150-1024x576.jpg 1024w, https:\/\/lepotentiel.bj\/wp-content\/uploads\/2026\/07\/IMG-20260717-WA0150-768x432.jpg 768w, https:\/\/lepotentiel.bj\/wp-content\/uploads\/2026\/07\/IMG-20260717-WA0150.jpg 1280w\" sizes=\"(max-width: 300px) 100vw, 300px\" \/><\/p>\n<p style=\"text-align: justify;\">En visite officielle au B\u00e9nin dans le cadre d\u2019une tourn\u00e9e r\u00e9gionale, Anna Bjerde \u00e9tait accompagn\u00e9e d\u2019une d\u00e9l\u00e9gation comprenant notamment Ousmane Diagana, vice-pr\u00e9sident de la Banque mondiale pour l\u2019Afrique de l\u2019Ouest et du Centre. Les \u00e9changes avec le chef de l\u2019\u00c9tat ont permis de r\u00e9affirmer l\u2019engagement de la Banque mondiale \u00e0 soutenir les r\u00e9formes et les ambitions de d\u00e9veloppement du B\u00e9nin. \u00c0 l\u2019issue de l\u2019audience, la responsable de l\u2019institution a annonc\u00e9 le lancement d\u2019un nouveau programme de coop\u00e9ration align\u00e9 sur la Vision 2060 du B\u00e9nin. Ce cadre d\u2019intervention devra notamment contribuer \u00e0 la r\u00e9duction de l\u2019extr\u00eame pauvret\u00e9, au d\u00e9veloppement \u00e9quilibr\u00e9 des territoires et \u00e0 l\u2019am\u00e9lioration des conditions de vie des populations. L\u2019agriculture figure parmi les secteurs prioritaires de cette nouvelle phase de collaboration. Les interventions envisag\u00e9es devraient porter sur l\u2019am\u00e9lioration de la productivit\u00e9 agricole, l\u2019augmentation des revenus des producteurs et le renforcement de la r\u00e9silience des communaut\u00e9s rurales.\u00ab Nous entendons accompagner la mise en \u0153uvre de cette vision afin de contribuer \u00e0 la r\u00e9duction de l\u2019extr\u00eame pauvret\u00e9 qui constitue l\u2019une des priorit\u00e9s du Chef de l\u2019\u00c9tat \u00bb, a d\u00e9clar\u00e9 Anna Bjerde.<\/p>\n<p style=\"text-align: justify;\">Au cours de son s\u00e9jour au B\u00e9nin, Anna Bjerde a \u00e9galement pr\u00e9sid\u00e9 plusieurs activit\u00e9s, dont la signature d\u2019accords de financement relatifs aux projets Dogo Bis, Prime Gaz, Dares et Alafia (Nutrition). La directrice g\u00e9n\u00e9rale des op\u00e9rations de la Banque mondiale a aussi proc\u00e9d\u00e9 au lancement du partenariat pays 2026-2036, un document strat\u00e9gique destin\u00e9 \u00e0 d\u00e9finir les axes de coop\u00e9ration entre les deux parties pour la prochaine d\u00e9cennie.<\/p>\n<p style=\"text-align: justify;\">\u00c0 travers ce nouveau cadre de partenariat, le B\u00e9nin et la Banque mondiale entendent renforcer leurs actions dans des secteurs cl\u00e9s tels que l\u2019\u00e9nergie, l\u2019agriculture, la nutrition, l\u2019industrialisation et l\u2019insertion socio-\u00e9conomique des jeunes. Une coop\u00e9ration appel\u00e9e \u00e0 accompagner les objectifs de croissance inclusive et de d\u00e9veloppement durable du pays.<\/p>\n<p style=\"text-align: justify;\"><strong>Laura LEKE<\/strong><\/p>\n","protected":false},"excerpt":{"rendered":"<p>Le pr\u00e9sident de la R\u00e9publique du B\u00e9nin, Romuald Wadagni, a re\u00e7u en audience, ce vendredi 17 juillet 2026 au Palais de la Marina \u00e0 Cotonou, la directrice g\u00e9n\u00e9rale des op\u00e9rations du Groupe de la Banque mondiale, Anna Bjerde. Cette rencontre a port\u00e9 sur le renforcement de la coop\u00e9ration entre le B\u00e9nin et l\u2019institution financi\u00e8re internationale, [&hellip;]<\/p>\n","protected":false},"author":18,"featured_media":86291,"comment_status":"open","ping_status":"open","sticky":false,"template":"","format":"standard","meta":{"footnotes":""},"categories":[34,4603],"tags":[],"class_list":["post-86289","post","type-post","status-publish","format-standard","has-post-thumbnail","hentry","category-actualite","category-diplomatie"],"yoast_head":"<!-- This site is optimized with the Yoast SEO plugin v28.2 - https:\/\/yoast.com\/product\/yoast-seo-wordpress\/ -->\n<title>Audience au Palais de la Marina : Romuald Wadagni et la Banque mondiale renforcent les axes de coop\u00e9ration - Le Potentiel<\/title>\n<meta name=\"robots\" content=\"index, follow, max-snippet:-1, max-image-preview:large, max-video-preview:-1\" \/>\n<link rel=\"canonical\" href=\"https:\/\/lepotentiel.bj\/?p=86289\" \/>\n<meta property=\"og:locale\" content=\"fr_FR\" \/>\n<meta property=\"og:type\" content=\"article\" \/>\n<meta property=\"og:title\" content=\"Audience au Palais de la Marina : Romuald Wadagni et la Banque mondiale renforcent les axes de coop\u00e9ration - Le Potentiel\" \/>\n<meta property=\"og:description\" content=\"Le pr\u00e9sident de la R\u00e9publique du B\u00e9nin, Romuald Wadagni, a re\u00e7u en audience, ce vendredi 17 juillet 2026 au Palais de la Marina \u00e0 Cotonou, la directrice g\u00e9n\u00e9rale des op\u00e9rations du Groupe de la Banque mondiale, Anna Bjerde. Cette rencontre a port\u00e9 sur le renforcement de la coop\u00e9ration entre le B\u00e9nin et l\u2019institution financi\u00e8re internationale, [&hellip;]\" \/>\n<meta property=\"og:url\" content=\"https:\/\/lepotentiel.bj\/?p=86289\" \/>\n<meta property=\"og:site_name\" content=\"Le Potentiel\" \/>\n<meta property=\"article:published_time\" content=\"2026-07-17T16:56:45+00:00\" \/>\n<meta property=\"og:image\" content=\"https:\/\/lepotentiel.bj\/wp-content\/uploads\/2026\/07\/489300857770001784299967.jpg\" \/>\n\t<meta property=\"og:image:width\" content=\"1520\" \/>\n\t<meta property=\"og:image:height\" content=\"856\" \/>\n\t<meta property=\"og:image:type\" content=\"image\/jpeg\" \/>\n<meta name=\"author\" content=\"Laura\" \/>\n<meta name=\"twitter:card\" content=\"summary_large_image\" \/>\n<meta name=\"twitter:label1\" content=\"\u00c9crit par\" \/>\n\t<meta name=\"twitter:data1\" content=\"Laura\" \/>\n\t<meta name=\"twitter:label2\" content=\"Dur\u00e9e de lecture estim\u00e9e\" \/>\n\t<meta name=\"twitter:data2\" content=\"2 minutes\" \/>\n<script type=\"application\/ld+json\" class=\"yoast-schema-graph\">{\"@context\":\"https:\\\/\\\/schema.org\",\"@graph\":[{\"@type\":\"Article\",\"@id\":\"https:\\\/\\\/lepotentiel.bj\\\/?p=86289#article\",\"isPartOf\":{\"@id\":\"https:\\\/\\\/lepotentiel.bj\\\/?p=86289\"},\"author\":{\"name\":\"Laura\",\"@id\":\"https:\\\/\\\/lepotentiel.bj\\\/#\\\/schema\\\/person\\\/001def78e1eafec4b5733ea184d49dd0\"},\"headline\":\"Audience au Palais de la Marina : Romuald Wadagni et la Banque mondiale renforcent les axes de coop\u00e9ration\",\"datePublished\":\"2026-07-17T16:56:45+00:00\",\"mainEntityOfPage\":{\"@id\":\"https:\\\/\\\/lepotentiel.bj\\\/?p=86289\"},\"wordCount\":446,\"commentCount\":0,\"publisher\":{\"@id\":\"https:\\\/\\\/lepotentiel.bj\\\/#organization\"},\"image\":{\"@id\":\"https:\\\/\\\/lepotentiel.bj\\\/?p=86289#primaryimage\"},\"thumbnailUrl\":\"https:\\\/\\\/lepotentiel.bj\\\/wp-content\\\/uploads\\\/2026\\\/07\\\/489300857770001784299967.jpg\",\"articleSection\":[\"Actualit\u00e9\",\"Diplomatie\"],\"inLanguage\":\"fr-FR\",\"potentialAction\":[{\"@type\":\"CommentAction\",\"name\":\"Comment\",\"target\":[\"https:\\\/\\\/lepotentiel.bj\\\/?p=86289#respond\"]}]},{\"@type\":\"WebPage\",\"@id\":\"https:\\\/\\\/lepotentiel.bj\\\/?p=86289\",\"url\":\"https:\\\/\\\/lepotentiel.bj\\\/?p=86289\",\"name\":\"Audience au Palais de la Marina : Romuald Wadagni et la Banque mondiale renforcent les axes de coop\u00e9ration - Le Potentiel\",\"isPartOf\":{\"@id\":\"https:\\\/\\\/lepotentiel.bj\\\/#website\"},\"primaryImageOfPage\":{\"@id\":\"https:\\\/\\\/lepotentiel.bj\\\/?p=86289#primaryimage\"},\"image\":{\"@id\":\"https:\\\/\\\/lepotentiel.bj\\\/?p=86289#primaryimage\"},\"thumbnailUrl\":\"https:\\\/\\\/lepotentiel.bj\\\/wp-content\\\/uploads\\\/2026\\\/07\\\/489300857770001784299967.jpg\",\"datePublished\":\"2026-07-17T16:56:45+00:00\",\"breadcrumb\":{\"@id\":\"https:\\\/\\\/lepotentiel.bj\\\/?p=86289#breadcrumb\"},\"inLanguage\":\"fr-FR\",\"potentialAction\":[{\"@type\":\"ReadAction\",\"target\":[\"https:\\\/\\\/lepotentiel.bj\\\/?p=86289\"]}]},{\"@type\":\"ImageObject\",\"inLanguage\":\"fr-FR\",\"@id\":\"https:\\\/\\\/lepotentiel.bj\\\/?p=86289#primaryimage\",\"url\":\"https:\\\/\\\/lepotentiel.bj\\\/wp-content\\\/uploads\\\/2026\\\/07\\\/489300857770001784299967.jpg\",\"contentUrl\":\"https:\\\/\\\/lepotentiel.bj\\\/wp-content\\\/uploads\\\/2026\\\/07\\\/489300857770001784299967.jpg\",\"width\":1520,\"height\":856},{\"@type\":\"BreadcrumbList\",\"@id\":\"https:\\\/\\\/lepotentiel.bj\\\/?p=86289#breadcrumb\",\"itemListElement\":[{\"@type\":\"ListItem\",\"position\":1,\"name\":\"Accueil\",\"item\":\"https:\\\/\\\/lepotentiel.bj\\\/\"},{\"@type\":\"ListItem\",\"position\":2,\"name\":\"Audience au Palais de la Marina : Romuald Wadagni et la Banque mondiale renforcent les axes de coop\u00e9ration\"}]},{\"@type\":\"WebSite\",\"@id\":\"https:\\\/\\\/lepotentiel.bj\\\/#website\",\"url\":\"https:\\\/\\\/lepotentiel.bj\\\/\",\"name\":\"Le Potentiel\",\"description\":\"Le Potentiel, au service de l\u2019information, nous sommes les fantassins du droit de savoir\",\"publisher\":{\"@id\":\"https:\\\/\\\/lepotentiel.bj\\\/#organization\"},\"potentialAction\":[{\"@type\":\"SearchAction\",\"target\":{\"@type\":\"EntryPoint\",\"urlTemplate\":\"https:\\\/\\\/lepotentiel.bj\\\/?s={search_term_string}\"},\"query-input\":{\"@type\":\"PropertyValueSpecification\",\"valueRequired\":true,\"valueName\":\"search_term_string\"}}],\"inLanguage\":\"fr-FR\"},{\"@type\":\"Organization\",\"@id\":\"https:\\\/\\\/lepotentiel.bj\\\/#organization\",\"name\":\"Le Potentiel\",\"url\":\"https:\\\/\\\/lepotentiel.bj\\\/\",\"logo\":{\"@type\":\"ImageObject\",\"inLanguage\":\"fr-FR\",\"@id\":\"https:\\\/\\\/lepotentiel.bj\\\/#\\\/schema\\\/logo\\\/image\\\/\",\"url\":\"https:\\\/\\\/lepotentiel.bj\\\/wp-content\\\/uploads\\\/2023\\\/12\\\/logo-pot.jpg\",\"contentUrl\":\"https:\\\/\\\/lepotentiel.bj\\\/wp-content\\\/uploads\\\/2023\\\/12\\\/logo-pot.jpg\",\"width\":562,\"height\":84,\"caption\":\"Le Potentiel\"},\"image\":{\"@id\":\"https:\\\/\\\/lepotentiel.bj\\\/#\\\/schema\\\/logo\\\/image\\\/\"}},{\"@type\":\"Person\",\"@id\":\"https:\\\/\\\/lepotentiel.bj\\\/#\\\/schema\\\/person\\\/001def78e1eafec4b5733ea184d49dd0\",\"name\":\"Laura\",\"image\":{\"@type\":\"ImageObject\",\"inLanguage\":\"fr-FR\",\"@id\":\"https:\\\/\\\/secure.gravatar.com\\\/avatar\\\/46e54a01dd5785f370a6c40e9cfe54ebcfd939154e6505072fe15421c0d32893?s=96&d=mm&r=g\",\"url\":\"https:\\\/\\\/secure.gravatar.com\\\/avatar\\\/46e54a01dd5785f370a6c40e9cfe54ebcfd939154e6505072fe15421c0d32893?s=96&d=mm&r=g\",\"contentUrl\":\"https:\\\/\\\/secure.gravatar.com\\\/avatar\\\/46e54a01dd5785f370a6c40e9cfe54ebcfd939154e6505072fe15421c0d32893?s=96&d=mm&r=g\",\"caption\":\"Laura\"},\"url\":\"https:\\\/\\\/lepotentiel.bj\\\/?author=18\"}]}<\/script>\n<!-- \/ Yoast SEO plugin. -->","yoast_head_json":{"title":"Audience au Palais de la Marina : Romuald Wadagni et la Banque mondiale renforcent les axes de coop\u00e9ration - Le Potentiel","robots":{"index":"index","follow":"follow","max-snippet":"max-snippet:-1","max-image-preview":"max-image-preview:large","max-video-preview":"max-video-preview:-1"},"canonical":"https:\/\/lepotentiel.bj\/?p=86289","og_locale":"fr_FR","og_type":"article","og_title":"Audience au Palais de la Marina : Romuald Wadagni et la Banque mondiale renforcent les axes de coop\u00e9ration - Le Potentiel","og_description":"Le pr\u00e9sident de la R\u00e9publique du B\u00e9nin, Romuald Wadagni, a re\u00e7u en audience, ce vendredi 17 juillet 2026 au Palais de la Marina \u00e0 Cotonou, la directrice g\u00e9n\u00e9rale des op\u00e9rations du Groupe de la Banque mondiale, Anna Bjerde. Cette rencontre a port\u00e9 sur le renforcement de la coop\u00e9ration entre le B\u00e9nin et l\u2019institution financi\u00e8re internationale, [&hellip;]","og_url":"https:\/\/lepotentiel.bj\/?p=86289","og_site_name":"Le Potentiel","article_published_time":"2026-07-17T16:56:45+00:00","og_image":[{"width":1520,"height":856,"url":"https:\/\/lepotentiel.bj\/wp-content\/uploads\/2026\/07\/489300857770001784299967.jpg","type":"image\/jpeg"}],"author":"Laura","twitter_card":"summary_large_image","twitter_misc":{"\u00c9crit par":"Laura","Dur\u00e9e de lecture estim\u00e9e":"2 minutes"},"schema":{"@context":"https:\/\/schema.org","@graph":[{"@type":"Article","@id":"https:\/\/lepotentiel.bj\/?p=86289#article","isPartOf":{"@id":"https:\/\/lepotentiel.bj\/?p=86289"},"author":{"name":"Laura","@id":"https:\/\/lepotentiel.bj\/#\/schema\/person\/001def78e1eafec4b5733ea184d49dd0"},"headline":"Audience au Palais de la Marina : Romuald Wadagni et la Banque mondiale renforcent les axes de coop\u00e9ration","datePublished":"2026-07-17T16:56:45+00:00","mainEntityOfPage":{"@id":"https:\/\/lepotentiel.bj\/?p=86289"},"wordCount":446,"commentCount":0,"publisher":{"@id":"https:\/\/lepotentiel.bj\/#organization"},"image":{"@id":"https:\/\/lepotentiel.bj\/?p=86289#primaryimage"},"thumbnailUrl":"https:\/\/lepotentiel.bj\/wp-content\/uploads\/2026\/07\/489300857770001784299967.jpg","articleSection":["Actualit\u00e9","Diplomatie"],"inLanguage":"fr-FR","potentialAction":[{"@type":"CommentAction","name":"Comment","target":["https:\/\/lepotentiel.bj\/?p=86289#respond"]}]},{"@type":"WebPage","@id":"https:\/\/lepotentiel.bj\/?p=86289","url":"https:\/\/lepotentiel.bj\/?p=86289","name":"Audience au Palais de la Marina : Romuald Wadagni et la Banque mondiale renforcent les axes de coop\u00e9ration - Le Potentiel","isPartOf":{"@id":"https:\/\/lepotentiel.bj\/#website"},"primaryImageOfPage":{"@id":"https:\/\/lepotentiel.bj\/?p=86289#primaryimage"},"image":{"@id":"https:\/\/lepotentiel.bj\/?p=86289#primaryimage"},"thumbnailUrl":"https:\/\/lepotentiel.bj\/wp-content\/uploads\/2026\/07\/489300857770001784299967.jpg","datePublished":"2026-07-17T16:56:45+00:00","breadcrumb":{"@id":"https:\/\/lepotentiel.bj\/?p=86289#breadcrumb"},"inLanguage":"fr-FR","potentialAction":[{"@type":"ReadAction","target":["https:\/\/lepotentiel.bj\/?p=86289"]}]},{"@type":"ImageObject","inLanguage":"fr-FR","@id":"https:\/\/lepotentiel.bj\/?p=86289#primaryimage","url":"https:\/\/lepotentiel.bj\/wp-content\/uploads\/2026\/07\/489300857770001784299967.jpg","contentUrl":"https:\/\/lepotentiel.bj\/wp-content\/uploads\/2026\/07\/489300857770001784299967.jpg","width":1520,"height":856},{"@type":"BreadcrumbList","@id":"https:\/\/lepotentiel.bj\/?p=86289#breadcrumb","itemListElement":[{"@type":"ListItem","position":1,"name":"Accueil","item":"https:\/\/lepotentiel.bj\/"},{"@type":"ListItem","position":2,"name":"Audience au Palais de la Marina : Romuald Wadagni et la Banque mondiale renforcent les axes de coop\u00e9ration"}]},{"@type":"WebSite","@id":"https:\/\/lepotentiel.bj\/#website","url":"https:\/\/lepotentiel.bj\/","name":"Le Potentiel","description":"Le Potentiel, au service de l\u2019information, nous sommes les fantassins du droit de savoir","publisher":{"@id":"https:\/\/lepotentiel.bj\/#organization"},"potentialAction":[{"@type":"SearchAction","target":{"@type":"EntryPoint","urlTemplate":"https:\/\/lepotentiel.bj\/?s={search_term_string}"},"query-input":{"@type":"PropertyValueSpecification","valueRequired":true,"valueName":"search_term_string"}}],"inLanguage":"fr-FR"},{"@type":"Organization","@id":"https:\/\/lepotentiel.bj\/#organization","name":"Le Potentiel","url":"https:\/\/lepotentiel.bj\/","logo":{"@type":"ImageObject","inLanguage":"fr-FR","@id":"https:\/\/lepotentiel.bj\/#\/schema\/logo\/image\/","url":"https:\/\/lepotentiel.bj\/wp-content\/uploads\/2023\/12\/logo-pot.jpg","contentUrl":"https:\/\/lepotentiel.bj\/wp-content\/uploads\/2023\/12\/logo-pot.jpg","width":562,"height":84,"caption":"Le Potentiel"},"image":{"@id":"https:\/\/lepotentiel.bj\/#\/schema\/logo\/image\/"}},{"@type":"Person","@id":"https:\/\/lepotentiel.bj\/#\/schema\/person\/001def78e1eafec4b5733ea184d49dd0","name":"Laura","image":{"@type":"ImageObject","inLanguage":"fr-FR","@id":"https:\/\/secure.gravatar.com\/avatar\/46e54a01dd5785f370a6c40e9cfe54ebcfd939154e6505072fe15421c0d32893?s=96&d=mm&r=g","url":"https:\/\/secure.gravatar.com\/avatar\/46e54a01dd5785f370a6c40e9cfe54ebcfd939154e6505072fe15421c0d32893?s=96&d=mm&r=g","contentUrl":"https:\/\/secure.gravatar.com\/avatar\/46e54a01dd5785f370a6c40e9cfe54ebcfd939154e6505072fe15421c0d32893?s=96&d=mm&r=g","caption":"Laura"},"url":"https:\/\/lepotentiel.bj\/?author=18"}]}},"_links":{"self":[{"href":"https:\/\/lepotentiel.bj\/index.php?rest_route=\/wp\/v2\/posts\/86289","targetHints":{"allow":["GET"]}}],"collection":[{"href":"https:\/\/lepotentiel.bj\/index.php?rest_route=\/wp\/v2\/posts"}],"about":[{"href":"https:\/\/lepotentiel.bj\/index.php?rest_route=\/wp\/v2\/types\/post"}],"author":[{"embeddable":true,"href":"https:\/\/lepotentiel.bj\/index.php?rest_route=\/wp\/v2\/users\/18"}],"replies":[{"embeddable":true,"href":"https:\/\/lepotentiel.bj\/index.php?rest_route=%2Fwp%2Fv2%2Fcomments&post=86289"}],"version-history":[{"count":1,"href":"https:\/\/lepotentiel.bj\/index.php?rest_route=\/wp\/v2\/posts\/86289\/revisions"}],"predecessor-version":[{"id":86292,"href":"https:\/\/lepotentiel.bj\/index.php?rest_route=\/wp\/v2\/posts\/86289\/revisions\/86292"}],"wp:featuredmedia":[{"embeddable":true,"href":"https:\/\/lepotentiel.bj\/index.php?rest_route=\/wp\/v2\/media\/86291"}],"wp:attachment":[{"href":"https:\/\/lepotentiel.bj\/index.php?rest_route=%2Fwp%2Fv2%2Fmedia&parent=86289"}],"wp:term":[{"taxonomy":"category","embeddable":true,"href":"https:\/\/lepotentiel.bj\/index.php?rest_route=%2Fwp%2Fv2%2Fcategories&post=86289"},{"taxonomy":"post_tag","embeddable":true,"href":"https:\/\/lepotentiel.bj\/index.php?rest_route=%2Fwp%2Fv2%2Ftags&post=86289"}],"curies":[{"name":"wp","href":"https:\/\/api.w.org\/{rel}","templated":true}]}}