{"id":86293,"date":"2026-07-17T19:35:51","date_gmt":"2026-07-17T17:35:51","guid":{"rendered":"https:\/\/lepotentiel.bj\/?p=86293"},"modified":"2026-07-17T19:35:51","modified_gmt":"2026-07-17T17:35:51","slug":"apres-deux-ans-dabsence-macky-sall-revient-au-senegal-accueil-triomphal-video","status":"publish","type":"post","link":"https:\/\/lepotentiel.bj\/?p=86293","title":{"rendered":"Apr\u00e8s deux ans d&rsquo;absence : Macky Sall revient au S\u00e9n\u00e9gal, accueil triomphal (Vid\u00e9o)"},"content":{"rendered":"<p style=\"text-align: justify;\">Apr\u00e8s deux ans d&rsquo;absence : Macky Sall revient au S\u00e9n\u00e9gal, accueil triomphal<\/p>\n<p style=\"text-align: justify;\">\n<p style=\"text-align: justify;\">L&rsquo;ancien pr\u00e9sident s\u00e9n\u00e9galais Macky Sall est arriv\u00e9 \u00e0 Dakar ce vendredi 17 juillet 2026. Il s&rsquo;agit de son premier retour au S\u00e9n\u00e9gal depuis son d\u00e9part du pouvoir en avril 2024, apr\u00e8s douze ann\u00e9es pass\u00e9es \u00e0 la t\u00eate de l&rsquo;\u00c9tat. Cette visite, annonc\u00e9e depuis plusieurs jours, intervient dans le cadre de sa candidature au poste de Secr\u00e9taire g\u00e9n\u00e9ral des Nations Unies. Selon les informations communiqu\u00e9es par les autorit\u00e9s et confirm\u00e9es par son entourage, Macky Sall doit s&rsquo;entretenir avec son successeur, le pr\u00e9sident Bassirou Diomaye Faye. Cette rencontre est particuli\u00e8rement attendue dans un contexte o\u00f9 les regards sont tourn\u00e9s vers l&rsquo;\u00e9volution de la sc\u00e8ne politique s\u00e9n\u00e9galaise et les ambitions diplomatiques de l&rsquo;ancien dirigeant.<\/p>\n<div style=\"width: 1280px;\" class=\"wp-video\"><video class=\"wp-video-shortcode\" id=\"video-86293-1\" width=\"1280\" height=\"720\" preload=\"metadata\" controls=\"controls\"><source type=\"video\/mp4\" src=\"https:\/\/lepotentiel.bj\/wp-content\/uploads\/2026\/07\/VID-20260717-WA0287.mp4?_=1\" \/><a href=\"https:\/\/lepotentiel.bj\/wp-content\/uploads\/2026\/07\/VID-20260717-WA0287.mp4\">https:\/\/lepotentiel.bj\/wp-content\/uploads\/2026\/07\/VID-20260717-WA0287.mp4<\/a><\/video><\/div>\n<div style=\"width: 1280px;\" class=\"wp-video\"><video class=\"wp-video-shortcode\" id=\"video-86293-2\" width=\"1280\" height=\"720\" preload=\"metadata\" controls=\"controls\"><source type=\"video\/mp4\" src=\"https:\/\/lepotentiel.bj\/wp-content\/uploads\/2026\/07\/VID-20260717-WA0287.mp4?_=2\" \/><a href=\"https:\/\/lepotentiel.bj\/wp-content\/uploads\/2026\/07\/VID-20260717-WA0287.mp4\">https:\/\/lepotentiel.bj\/wp-content\/uploads\/2026\/07\/VID-20260717-WA0287.mp4<\/a><\/video><\/div>\n<p style=\"text-align: justify;\">Les premi\u00e8res images diffus\u00e9es de son arriv\u00e9e \u00e0 l&rsquo;a\u00e9roport de Dakar t\u00e9moignent d&rsquo;un retour hautement symbolique. Il s&rsquo;agit de la premi\u00e8re pr\u00e9sence de Macky Sall sur le sol s\u00e9n\u00e9galais depuis la fin de son mandat pr\u00e9sidentiel en 2024, au terme de deux quinquennats cons\u00e9cutifs. Le Pastef de Ousmane Sonko est totalement contre ce retour. Car, pour eux, Macky Sall devrait r\u00e9pondre \u00e0 plusieurs actes pos\u00e9s \u00e0 la t\u00eate du pays.<\/p>\n<p style=\"text-align: justify;\">M\u00e9dard Clobechi<\/p>\n","protected":false},"excerpt":{"rendered":"<p>Apr\u00e8s deux ans d&rsquo;absence : Macky Sall revient au S\u00e9n\u00e9gal, accueil triomphal L&rsquo;ancien pr\u00e9sident s\u00e9n\u00e9galais Macky Sall est arriv\u00e9 \u00e0 Dakar ce vendredi 17 juillet 2026. Il s&rsquo;agit de son premier retour au S\u00e9n\u00e9gal depuis son d\u00e9part du pouvoir en avril 2024, apr\u00e8s douze ann\u00e9es pass\u00e9es \u00e0 la t\u00eate de l&rsquo;\u00c9tat. Cette visite, annonc\u00e9e depuis [&hellip;]<\/p>\n","protected":false},"author":4,"featured_media":86295,"comment_status":"open","ping_status":"open","sticky":false,"template":"","format":"standard","meta":{"footnotes":""},"categories":[34],"tags":[],"class_list":["post-86293","post","type-post","status-publish","format-standard","has-post-thumbnail","hentry","category-actualite"],"yoast_head":"<!-- This site is optimized with the Yoast SEO plugin v28.2 - https:\/\/yoast.com\/product\/yoast-seo-wordpress\/ -->\n<title>Apr\u00e8s deux ans d&#039;absence : Macky Sall revient au S\u00e9n\u00e9gal, accueil triomphal (Vid\u00e9o) - Le Potentiel<\/title>\n<meta name=\"robots\" content=\"index, follow, max-snippet:-1, max-image-preview:large, max-video-preview:-1\" \/>\n<link rel=\"canonical\" href=\"https:\/\/lepotentiel.bj\/?p=86293\" \/>\n<meta property=\"og:locale\" content=\"fr_FR\" \/>\n<meta property=\"og:type\" content=\"article\" \/>\n<meta property=\"og:title\" content=\"Apr\u00e8s deux ans d&#039;absence : Macky Sall revient au S\u00e9n\u00e9gal, accueil triomphal (Vid\u00e9o) - Le Potentiel\" \/>\n<meta property=\"og:description\" content=\"Apr\u00e8s deux ans d&rsquo;absence : Macky Sall revient au S\u00e9n\u00e9gal, accueil triomphal L&rsquo;ancien pr\u00e9sident s\u00e9n\u00e9galais Macky Sall est arriv\u00e9 \u00e0 Dakar ce vendredi 17 juillet 2026. Il s&rsquo;agit de son premier retour au S\u00e9n\u00e9gal depuis son d\u00e9part du pouvoir en avril 2024, apr\u00e8s douze ann\u00e9es pass\u00e9es \u00e0 la t\u00eate de l&rsquo;\u00c9tat. Cette visite, annonc\u00e9e depuis [&hellip;]\" \/>\n<meta property=\"og:url\" content=\"https:\/\/lepotentiel.bj\/?p=86293\" \/>\n<meta property=\"og:site_name\" content=\"Le Potentiel\" \/>\n<meta property=\"article:published_time\" content=\"2026-07-17T17:35:51+00:00\" \/>\n<meta property=\"og:image\" content=\"https:\/\/lepotentiel.bj\/wp-content\/uploads\/2026\/07\/IMG-20260717-WA0288.jpg\" \/>\n\t<meta property=\"og:image:width\" content=\"1280\" \/>\n\t<meta property=\"og:image:height\" content=\"948\" \/>\n\t<meta property=\"og:image:type\" content=\"image\/jpeg\" \/>\n<meta name=\"author\" content=\"Le Potentiel\" \/>\n<meta name=\"twitter:card\" content=\"summary_large_image\" \/>\n<meta name=\"twitter:label1\" content=\"\u00c9crit par\" \/>\n\t<meta name=\"twitter:data1\" content=\"Le Potentiel\" \/>\n\t<meta name=\"twitter:label2\" content=\"Dur\u00e9e de lecture estim\u00e9e\" \/>\n\t<meta name=\"twitter:data2\" content=\"1 minute\" \/>\n<script type=\"application\/ld+json\" class=\"yoast-schema-graph\">{\"@context\":\"https:\\\/\\\/schema.org\",\"@graph\":[{\"@type\":\"Article\",\"@id\":\"https:\\\/\\\/lepotentiel.bj\\\/?p=86293#article\",\"isPartOf\":{\"@id\":\"https:\\\/\\\/lepotentiel.bj\\\/?p=86293\"},\"author\":{\"name\":\"Le Potentiel\",\"@id\":\"https:\\\/\\\/lepotentiel.bj\\\/#\\\/schema\\\/person\\\/453725c41f4363806763503087c06c70\"},\"headline\":\"Apr\u00e8s deux ans d&rsquo;absence : Macky Sall revient au S\u00e9n\u00e9gal, accueil triomphal (Vid\u00e9o)\",\"datePublished\":\"2026-07-17T17:35:51+00:00\",\"mainEntityOfPage\":{\"@id\":\"https:\\\/\\\/lepotentiel.bj\\\/?p=86293\"},\"wordCount\":270,\"commentCount\":0,\"publisher\":{\"@id\":\"https:\\\/\\\/lepotentiel.bj\\\/#organization\"},\"image\":{\"@id\":\"https:\\\/\\\/lepotentiel.bj\\\/?p=86293#primaryimage\"},\"thumbnailUrl\":\"https:\\\/\\\/lepotentiel.bj\\\/wp-content\\\/uploads\\\/2026\\\/07\\\/IMG-20260717-WA0288.jpg\",\"articleSection\":[\"Actualit\u00e9\"],\"inLanguage\":\"fr-FR\",\"potentialAction\":[{\"@type\":\"CommentAction\",\"name\":\"Comment\",\"target\":[\"https:\\\/\\\/lepotentiel.bj\\\/?p=86293#respond\"]}]},{\"@type\":\"WebPage\",\"@id\":\"https:\\\/\\\/lepotentiel.bj\\\/?p=86293\",\"url\":\"https:\\\/\\\/lepotentiel.bj\\\/?p=86293\",\"name\":\"Apr\u00e8s deux ans d'absence : Macky Sall revient au S\u00e9n\u00e9gal, accueil triomphal (Vid\u00e9o) - Le Potentiel\",\"isPartOf\":{\"@id\":\"https:\\\/\\\/lepotentiel.bj\\\/#website\"},\"primaryImageOfPage\":{\"@id\":\"https:\\\/\\\/lepotentiel.bj\\\/?p=86293#primaryimage\"},\"image\":{\"@id\":\"https:\\\/\\\/lepotentiel.bj\\\/?p=86293#primaryimage\"},\"thumbnailUrl\":\"https:\\\/\\\/lepotentiel.bj\\\/wp-content\\\/uploads\\\/2026\\\/07\\\/IMG-20260717-WA0288.jpg\",\"datePublished\":\"2026-07-17T17:35:51+00:00\",\"breadcrumb\":{\"@id\":\"https:\\\/\\\/lepotentiel.bj\\\/?p=86293#breadcrumb\"},\"inLanguage\":\"fr-FR\",\"potentialAction\":[{\"@type\":\"ReadAction\",\"target\":[\"https:\\\/\\\/lepotentiel.bj\\\/?p=86293\"]}]},{\"@type\":\"ImageObject\",\"inLanguage\":\"fr-FR\",\"@id\":\"https:\\\/\\\/lepotentiel.bj\\\/?p=86293#primaryimage\",\"url\":\"https:\\\/\\\/lepotentiel.bj\\\/wp-content\\\/uploads\\\/2026\\\/07\\\/IMG-20260717-WA0288.jpg\",\"contentUrl\":\"https:\\\/\\\/lepotentiel.bj\\\/wp-content\\\/uploads\\\/2026\\\/07\\\/IMG-20260717-WA0288.jpg\",\"width\":1280,\"height\":948},{\"@type\":\"BreadcrumbList\",\"@id\":\"https:\\\/\\\/lepotentiel.bj\\\/?p=86293#breadcrumb\",\"itemListElement\":[{\"@type\":\"ListItem\",\"position\":1,\"name\":\"Accueil\",\"item\":\"https:\\\/\\\/lepotentiel.bj\\\/\"},{\"@type\":\"ListItem\",\"position\":2,\"name\":\"Apr\u00e8s deux ans d&rsquo;absence : Macky Sall revient au S\u00e9n\u00e9gal, accueil triomphal (Vid\u00e9o)\"}]},{\"@type\":\"WebSite\",\"@id\":\"https:\\\/\\\/lepotentiel.bj\\\/#website\",\"url\":\"https:\\\/\\\/lepotentiel.bj\\\/\",\"name\":\"Le Potentiel\",\"description\":\"Le Potentiel, au service de l\u2019information, nous sommes les fantassins du droit de savoir\",\"publisher\":{\"@id\":\"https:\\\/\\\/lepotentiel.bj\\\/#organization\"},\"potentialAction\":[{\"@type\":\"SearchAction\",\"target\":{\"@type\":\"EntryPoint\",\"urlTemplate\":\"https:\\\/\\\/lepotentiel.bj\\\/?s={search_term_string}\"},\"query-input\":{\"@type\":\"PropertyValueSpecification\",\"valueRequired\":true,\"valueName\":\"search_term_string\"}}],\"inLanguage\":\"fr-FR\"},{\"@type\":\"Organization\",\"@id\":\"https:\\\/\\\/lepotentiel.bj\\\/#organization\",\"name\":\"Le Potentiel\",\"url\":\"https:\\\/\\\/lepotentiel.bj\\\/\",\"logo\":{\"@type\":\"ImageObject\",\"inLanguage\":\"fr-FR\",\"@id\":\"https:\\\/\\\/lepotentiel.bj\\\/#\\\/schema\\\/logo\\\/image\\\/\",\"url\":\"https:\\\/\\\/lepotentiel.bj\\\/wp-content\\\/uploads\\\/2023\\\/12\\\/logo-pot.jpg\",\"contentUrl\":\"https:\\\/\\\/lepotentiel.bj\\\/wp-content\\\/uploads\\\/2023\\\/12\\\/logo-pot.jpg\",\"width\":562,\"height\":84,\"caption\":\"Le Potentiel\"},\"image\":{\"@id\":\"https:\\\/\\\/lepotentiel.bj\\\/#\\\/schema\\\/logo\\\/image\\\/\"}},{\"@type\":\"Person\",\"@id\":\"https:\\\/\\\/lepotentiel.bj\\\/#\\\/schema\\\/person\\\/453725c41f4363806763503087c06c70\",\"name\":\"Le Potentiel\",\"image\":{\"@type\":\"ImageObject\",\"inLanguage\":\"fr-FR\",\"@id\":\"https:\\\/\\\/secure.gravatar.com\\\/avatar\\\/4085301697e4181824463b6ab1ea0ef6abfe68ad30a95258574a4b2d1c76522e?s=96&d=mm&r=g\",\"url\":\"https:\\\/\\\/secure.gravatar.com\\\/avatar\\\/4085301697e4181824463b6ab1ea0ef6abfe68ad30a95258574a4b2d1c76522e?s=96&d=mm&r=g\",\"contentUrl\":\"https:\\\/\\\/secure.gravatar.com\\\/avatar\\\/4085301697e4181824463b6ab1ea0ef6abfe68ad30a95258574a4b2d1c76522e?s=96&d=mm&r=g\",\"caption\":\"Le Potentiel\"},\"url\":\"https:\\\/\\\/lepotentiel.bj\\\/?author=4\"}]}<\/script>\n<!-- \/ Yoast SEO plugin. -->","yoast_head_json":{"title":"Apr\u00e8s deux ans d'absence : Macky Sall revient au S\u00e9n\u00e9gal, accueil triomphal (Vid\u00e9o) - Le Potentiel","robots":{"index":"index","follow":"follow","max-snippet":"max-snippet:-1","max-image-preview":"max-image-preview:large","max-video-preview":"max-video-preview:-1"},"canonical":"https:\/\/lepotentiel.bj\/?p=86293","og_locale":"fr_FR","og_type":"article","og_title":"Apr\u00e8s deux ans d'absence : Macky Sall revient au S\u00e9n\u00e9gal, accueil triomphal (Vid\u00e9o) - Le Potentiel","og_description":"Apr\u00e8s deux ans d&rsquo;absence : Macky Sall revient au S\u00e9n\u00e9gal, accueil triomphal L&rsquo;ancien pr\u00e9sident s\u00e9n\u00e9galais Macky Sall est arriv\u00e9 \u00e0 Dakar ce vendredi 17 juillet 2026. Il s&rsquo;agit de son premier retour au S\u00e9n\u00e9gal depuis son d\u00e9part du pouvoir en avril 2024, apr\u00e8s douze ann\u00e9es pass\u00e9es \u00e0 la t\u00eate de l&rsquo;\u00c9tat. Cette visite, annonc\u00e9e depuis [&hellip;]","og_url":"https:\/\/lepotentiel.bj\/?p=86293","og_site_name":"Le Potentiel","article_published_time":"2026-07-17T17:35:51+00:00","og_image":[{"width":1280,"height":948,"url":"https:\/\/lepotentiel.bj\/wp-content\/uploads\/2026\/07\/IMG-20260717-WA0288.jpg","type":"image\/jpeg"}],"author":"Le Potentiel","twitter_card":"summary_large_image","twitter_misc":{"\u00c9crit par":"Le Potentiel","Dur\u00e9e de lecture estim\u00e9e":"1 minute"},"schema":{"@context":"https:\/\/schema.org","@graph":[{"@type":"Article","@id":"https:\/\/lepotentiel.bj\/?p=86293#article","isPartOf":{"@id":"https:\/\/lepotentiel.bj\/?p=86293"},"author":{"name":"Le Potentiel","@id":"https:\/\/lepotentiel.bj\/#\/schema\/person\/453725c41f4363806763503087c06c70"},"headline":"Apr\u00e8s deux ans d&rsquo;absence : Macky Sall revient au S\u00e9n\u00e9gal, accueil triomphal (Vid\u00e9o)","datePublished":"2026-07-17T17:35:51+00:00","mainEntityOfPage":{"@id":"https:\/\/lepotentiel.bj\/?p=86293"},"wordCount":270,"commentCount":0,"publisher":{"@id":"https:\/\/lepotentiel.bj\/#organization"},"image":{"@id":"https:\/\/lepotentiel.bj\/?p=86293#primaryimage"},"thumbnailUrl":"https:\/\/lepotentiel.bj\/wp-content\/uploads\/2026\/07\/IMG-20260717-WA0288.jpg","articleSection":["Actualit\u00e9"],"inLanguage":"fr-FR","potentialAction":[{"@type":"CommentAction","name":"Comment","target":["https:\/\/lepotentiel.bj\/?p=86293#respond"]}]},{"@type":"WebPage","@id":"https:\/\/lepotentiel.bj\/?p=86293","url":"https:\/\/lepotentiel.bj\/?p=86293","name":"Apr\u00e8s deux ans d'absence : Macky Sall revient au S\u00e9n\u00e9gal, accueil triomphal (Vid\u00e9o) - Le Potentiel","isPartOf":{"@id":"https:\/\/lepotentiel.bj\/#website"},"primaryImageOfPage":{"@id":"https:\/\/lepotentiel.bj\/?p=86293#primaryimage"},"image":{"@id":"https:\/\/lepotentiel.bj\/?p=86293#primaryimage"},"thumbnailUrl":"https:\/\/lepotentiel.bj\/wp-content\/uploads\/2026\/07\/IMG-20260717-WA0288.jpg","datePublished":"2026-07-17T17:35:51+00:00","breadcrumb":{"@id":"https:\/\/lepotentiel.bj\/?p=86293#breadcrumb"},"inLanguage":"fr-FR","potentialAction":[{"@type":"ReadAction","target":["https:\/\/lepotentiel.bj\/?p=86293"]}]},{"@type":"ImageObject","inLanguage":"fr-FR","@id":"https:\/\/lepotentiel.bj\/?p=86293#primaryimage","url":"https:\/\/lepotentiel.bj\/wp-content\/uploads\/2026\/07\/IMG-20260717-WA0288.jpg","contentUrl":"https:\/\/lepotentiel.bj\/wp-content\/uploads\/2026\/07\/IMG-20260717-WA0288.jpg","width":1280,"height":948},{"@type":"BreadcrumbList","@id":"https:\/\/lepotentiel.bj\/?p=86293#breadcrumb","itemListElement":[{"@type":"ListItem","position":1,"name":"Accueil","item":"https:\/\/lepotentiel.bj\/"},{"@type":"ListItem","position":2,"name":"Apr\u00e8s deux ans d&rsquo;absence : Macky Sall revient au S\u00e9n\u00e9gal, accueil triomphal (Vid\u00e9o)"}]},{"@type":"WebSite","@id":"https:\/\/lepotentiel.bj\/#website","url":"https:\/\/lepotentiel.bj\/","name":"Le Potentiel","description":"Le Potentiel, au service de l\u2019information, nous sommes les fantassins du droit de savoir","publisher":{"@id":"https:\/\/lepotentiel.bj\/#organization"},"potentialAction":[{"@type":"SearchAction","target":{"@type":"EntryPoint","urlTemplate":"https:\/\/lepotentiel.bj\/?s={search_term_string}"},"query-input":{"@type":"PropertyValueSpecification","valueRequired":true,"valueName":"search_term_string"}}],"inLanguage":"fr-FR"},{"@type":"Organization","@id":"https:\/\/lepotentiel.bj\/#organization","name":"Le Potentiel","url":"https:\/\/lepotentiel.bj\/","logo":{"@type":"ImageObject","inLanguage":"fr-FR","@id":"https:\/\/lepotentiel.bj\/#\/schema\/logo\/image\/","url":"https:\/\/lepotentiel.bj\/wp-content\/uploads\/2023\/12\/logo-pot.jpg","contentUrl":"https:\/\/lepotentiel.bj\/wp-content\/uploads\/2023\/12\/logo-pot.jpg","width":562,"height":84,"caption":"Le Potentiel"},"image":{"@id":"https:\/\/lepotentiel.bj\/#\/schema\/logo\/image\/"}},{"@type":"Person","@id":"https:\/\/lepotentiel.bj\/#\/schema\/person\/453725c41f4363806763503087c06c70","name":"Le Potentiel","image":{"@type":"ImageObject","inLanguage":"fr-FR","@id":"https:\/\/secure.gravatar.com\/avatar\/4085301697e4181824463b6ab1ea0ef6abfe68ad30a95258574a4b2d1c76522e?s=96&d=mm&r=g","url":"https:\/\/secure.gravatar.com\/avatar\/4085301697e4181824463b6ab1ea0ef6abfe68ad30a95258574a4b2d1c76522e?s=96&d=mm&r=g","contentUrl":"https:\/\/secure.gravatar.com\/avatar\/4085301697e4181824463b6ab1ea0ef6abfe68ad30a95258574a4b2d1c76522e?s=96&d=mm&r=g","caption":"Le Potentiel"},"url":"https:\/\/lepotentiel.bj\/?author=4"}]}},"_links":{"self":[{"href":"https:\/\/lepotentiel.bj\/index.php?rest_route=\/wp\/v2\/posts\/86293","targetHints":{"allow":["GET"]}}],"collection":[{"href":"https:\/\/lepotentiel.bj\/index.php?rest_route=\/wp\/v2\/posts"}],"about":[{"href":"https:\/\/lepotentiel.bj\/index.php?rest_route=\/wp\/v2\/types\/post"}],"author":[{"embeddable":true,"href":"https:\/\/lepotentiel.bj\/index.php?rest_route=\/wp\/v2\/users\/4"}],"replies":[{"embeddable":true,"href":"https:\/\/lepotentiel.bj\/index.php?rest_route=%2Fwp%2Fv2%2Fcomments&post=86293"}],"version-history":[{"count":1,"href":"https:\/\/lepotentiel.bj\/index.php?rest_route=\/wp\/v2\/posts\/86293\/revisions"}],"predecessor-version":[{"id":86296,"href":"https:\/\/lepotentiel.bj\/index.php?rest_route=\/wp\/v2\/posts\/86293\/revisions\/86296"}],"wp:featuredmedia":[{"embeddable":true,"href":"https:\/\/lepotentiel.bj\/index.php?rest_route=\/wp\/v2\/media\/86295"}],"wp:attachment":[{"href":"https:\/\/lepotentiel.bj\/index.php?rest_route=%2Fwp%2Fv2%2Fmedia&parent=86293"}],"wp:term":[{"taxonomy":"category","embeddable":true,"href":"https:\/\/lepotentiel.bj\/index.php?rest_route=%2Fwp%2Fv2%2Fcategories&post=86293"},{"taxonomy":"post_tag","embeddable":true,"href":"https:\/\/lepotentiel.bj\/index.php?rest_route=%2Fwp%2Fv2%2Ftags&post=86293"}],"curies":[{"name":"wp","href":"https:\/\/api.w.org\/{rel}","templated":true}]}}