{"id":86300,"date":"2026-07-18T07:12:52","date_gmt":"2026-07-18T05:12:52","guid":{"rendered":"https:\/\/lepotentiel.bj\/?p=86300"},"modified":"2026-07-18T07:12:52","modified_gmt":"2026-07-18T05:12:52","slug":"macky-sall-candidat-au-poste-de-secretaire-general-de-lonu-bassirou-diomaye-recoit-son-predecesseur-au-palais","status":"publish","type":"post","link":"https:\/\/lepotentiel.bj\/?p=86300","title":{"rendered":"Macky Sall candidat au poste de Secr\u00e9taire g\u00e9n\u00e9ral de l&rsquo;ONU : Bassirou Diomaye re\u00e7oit son pr\u00e9d\u00e9cesseur au Palais\u00a0"},"content":{"rendered":"<p style=\"text-align: justify;\"><strong>Macky Sall candidat au poste de Secr\u00e9taire g\u00e9n\u00e9ral de l&rsquo;ONU : Bassirou Diomaye re\u00e7oit son pr\u00e9d\u00e9cesseur au Palais\u00a0<\/strong><\/p>\n<p style=\"text-align: justify;\"><strong>Le pr\u00e9sident s\u00e9n\u00e9galais Bassirou Diomaye Faye a re\u00e7u ce vendredi, son pr\u00e9d\u00e9cesseur Macky Sall. Il est venu lui annoncer sa candidature au poste de Secr\u00e9taire g\u00e9n\u00e9ral de l&rsquo;Organisation des Nations Unies (ONU) et solliciter le soutien de l&rsquo;\u00c9tat du S\u00e9n\u00e9gal pour cette ambition internationale.<\/strong><\/p>\n<p style=\"text-align: justify;\">Selon la pr\u00e9sidence de la R\u00e9publique, l&rsquo;ancien chef de l&rsquo;\u00c9tat a inform\u00e9 \u00ab de vive voix \u00bb le pr\u00e9sident Bassirou Diomaye Faye de sa candidature, dans un contexte o\u00f9 le processus de s\u00e9lection du prochain Secr\u00e9taire g\u00e9n\u00e9ral de l&rsquo;ONU a \u00e9t\u00e9 officiellement lanc\u00e9 le 25 novembre 2025 \u00e0 New York. Macky Sall a \u00e9galement pr\u00e9sent\u00e9 l&rsquo;\u00e9tat d&rsquo;avancement de sa campagne diplomatique et sollicit\u00e9 l&rsquo;appui des autorit\u00e9s s\u00e9n\u00e9galaises.<\/p>\n<p style=\"text-align: justify;\">\u00c0 l&rsquo;issue de l&rsquo;entretien, le chef de l&rsquo;\u00c9tat a \u00ab \u00e9cout\u00e9 son h\u00f4te avec courtoisie et salu\u00e9 sa d\u00e9marche \u00bb, selon les autorit\u00e9s. Le gouvernement s\u00e9n\u00e9galais souligne que cette audience montre le respect des institutions r\u00e9publicaines et la continuit\u00e9 de l&rsquo;\u00c9tat, au-del\u00e0 des alternances politiques. \u00ab Au-del\u00e0 des trajectoires et des convictions de chacun, cette rencontre est un symbole de la continuit\u00e9 de l&rsquo;\u00c9tat et de la permanence des institutions, par-del\u00e0 les alternances \u00bb, indique la Pr\u00e9sidence de la R\u00e9publique.<\/p>\n<p style=\"text-align: justify;\">Dans cette dynamique, Macky Sall s&rsquo;est engag\u00e9 \u00e0 tenir r\u00e9guli\u00e8rement inform\u00e9 le pr\u00e9sident Bassirou Diomaye Faye de l&rsquo;\u00e9volution de sa candidature tout au long de la proc\u00e9dure de s\u00e9lection engag\u00e9e par les Nations Unies.<\/p>\n<p style=\"text-align: justify;\">Cette rencontre intervient alors que la d\u00e9signation du futur Secr\u00e9taire g\u00e9n\u00e9ral de l&rsquo;ONU suscite une forte attention diplomatique. Si sa candidature est soutenue par le S\u00e9n\u00e9gal, Macky Sall devra ensuite rallier un large consensus au sein des \u00c9tats membres de l&rsquo;organisation avant la nomination du prochain dirigeant des Nations Unies.<\/p>\n<p style=\"text-align: justify;\">M\u00e9dard Clobechi<\/p>\n","protected":false},"excerpt":{"rendered":"<p>Macky Sall candidat au poste de Secr\u00e9taire g\u00e9n\u00e9ral de l&rsquo;ONU : Bassirou Diomaye re\u00e7oit son pr\u00e9d\u00e9cesseur au Palais\u00a0 Le pr\u00e9sident s\u00e9n\u00e9galais Bassirou Diomaye Faye a re\u00e7u ce vendredi, son pr\u00e9d\u00e9cesseur Macky Sall. Il est venu lui annoncer sa candidature au poste de Secr\u00e9taire g\u00e9n\u00e9ral de l&rsquo;Organisation des Nations Unies (ONU) et solliciter le soutien de [&hellip;]<\/p>\n","protected":false},"author":4,"featured_media":86301,"comment_status":"open","ping_status":"open","sticky":false,"template":"","format":"standard","meta":{"footnotes":""},"categories":[34,4603],"tags":[],"class_list":["post-86300","post","type-post","status-publish","format-standard","has-post-thumbnail","hentry","category-actualite","category-diplomatie"],"yoast_head":"<!-- This site is optimized with the Yoast SEO plugin v28.2 - https:\/\/yoast.com\/product\/yoast-seo-wordpress\/ -->\n<title>Macky Sall candidat au poste de Secr\u00e9taire g\u00e9n\u00e9ral de l&#039;ONU : Bassirou Diomaye re\u00e7oit son pr\u00e9d\u00e9cesseur au Palais\u00a0 - Le Potentiel<\/title>\n<meta name=\"robots\" content=\"index, follow, max-snippet:-1, max-image-preview:large, max-video-preview:-1\" \/>\n<link rel=\"canonical\" href=\"https:\/\/lepotentiel.bj\/?p=86300\" \/>\n<meta property=\"og:locale\" content=\"fr_FR\" \/>\n<meta property=\"og:type\" content=\"article\" \/>\n<meta property=\"og:title\" content=\"Macky Sall candidat au poste de Secr\u00e9taire g\u00e9n\u00e9ral de l&#039;ONU : Bassirou Diomaye re\u00e7oit son pr\u00e9d\u00e9cesseur au Palais\u00a0 - Le Potentiel\" \/>\n<meta property=\"og:description\" content=\"Macky Sall candidat au poste de Secr\u00e9taire g\u00e9n\u00e9ral de l&rsquo;ONU : Bassirou Diomaye re\u00e7oit son pr\u00e9d\u00e9cesseur au Palais\u00a0 Le pr\u00e9sident s\u00e9n\u00e9galais Bassirou Diomaye Faye a re\u00e7u ce vendredi, son pr\u00e9d\u00e9cesseur Macky Sall. Il est venu lui annoncer sa candidature au poste de Secr\u00e9taire g\u00e9n\u00e9ral de l&rsquo;Organisation des Nations Unies (ONU) et solliciter le soutien de [&hellip;]\" \/>\n<meta property=\"og:url\" content=\"https:\/\/lepotentiel.bj\/?p=86300\" \/>\n<meta property=\"og:site_name\" content=\"Le Potentiel\" \/>\n<meta property=\"article:published_time\" content=\"2026-07-18T05:12:52+00:00\" \/>\n<meta property=\"og:image\" content=\"https:\/\/lepotentiel.bj\/wp-content\/uploads\/2026\/07\/1784323474298.jpg\" \/>\n\t<meta property=\"og:image:width\" content=\"720\" \/>\n\t<meta property=\"og:image:height\" content=\"517\" \/>\n\t<meta property=\"og:image:type\" content=\"image\/jpeg\" \/>\n<meta name=\"author\" content=\"Le Potentiel\" \/>\n<meta name=\"twitter:card\" content=\"summary_large_image\" \/>\n<meta name=\"twitter:label1\" content=\"\u00c9crit par\" \/>\n\t<meta name=\"twitter:data1\" content=\"Le Potentiel\" \/>\n\t<meta name=\"twitter:label2\" content=\"Dur\u00e9e de lecture estim\u00e9e\" \/>\n\t<meta name=\"twitter:data2\" content=\"2 minutes\" \/>\n<script type=\"application\/ld+json\" class=\"yoast-schema-graph\">{\"@context\":\"https:\\\/\\\/schema.org\",\"@graph\":[{\"@type\":\"Article\",\"@id\":\"https:\\\/\\\/lepotentiel.bj\\\/?p=86300#article\",\"isPartOf\":{\"@id\":\"https:\\\/\\\/lepotentiel.bj\\\/?p=86300\"},\"author\":{\"name\":\"Le Potentiel\",\"@id\":\"https:\\\/\\\/lepotentiel.bj\\\/#\\\/schema\\\/person\\\/453725c41f4363806763503087c06c70\"},\"headline\":\"Macky Sall candidat au poste de Secr\u00e9taire g\u00e9n\u00e9ral de l&rsquo;ONU : Bassirou Diomaye re\u00e7oit son pr\u00e9d\u00e9cesseur au Palais\u00a0\",\"datePublished\":\"2026-07-18T05:12:52+00:00\",\"mainEntityOfPage\":{\"@id\":\"https:\\\/\\\/lepotentiel.bj\\\/?p=86300\"},\"wordCount\":362,\"commentCount\":0,\"publisher\":{\"@id\":\"https:\\\/\\\/lepotentiel.bj\\\/#organization\"},\"image\":{\"@id\":\"https:\\\/\\\/lepotentiel.bj\\\/?p=86300#primaryimage\"},\"thumbnailUrl\":\"https:\\\/\\\/lepotentiel.bj\\\/wp-content\\\/uploads\\\/2026\\\/07\\\/1784323474298.jpg\",\"articleSection\":[\"Actualit\u00e9\",\"Diplomatie\"],\"inLanguage\":\"fr-FR\",\"potentialAction\":[{\"@type\":\"CommentAction\",\"name\":\"Comment\",\"target\":[\"https:\\\/\\\/lepotentiel.bj\\\/?p=86300#respond\"]}]},{\"@type\":\"WebPage\",\"@id\":\"https:\\\/\\\/lepotentiel.bj\\\/?p=86300\",\"url\":\"https:\\\/\\\/lepotentiel.bj\\\/?p=86300\",\"name\":\"Macky Sall candidat au poste de Secr\u00e9taire g\u00e9n\u00e9ral de l'ONU : Bassirou Diomaye re\u00e7oit son pr\u00e9d\u00e9cesseur au Palais\u00a0 - Le Potentiel\",\"isPartOf\":{\"@id\":\"https:\\\/\\\/lepotentiel.bj\\\/#website\"},\"primaryImageOfPage\":{\"@id\":\"https:\\\/\\\/lepotentiel.bj\\\/?p=86300#primaryimage\"},\"image\":{\"@id\":\"https:\\\/\\\/lepotentiel.bj\\\/?p=86300#primaryimage\"},\"thumbnailUrl\":\"https:\\\/\\\/lepotentiel.bj\\\/wp-content\\\/uploads\\\/2026\\\/07\\\/1784323474298.jpg\",\"datePublished\":\"2026-07-18T05:12:52+00:00\",\"breadcrumb\":{\"@id\":\"https:\\\/\\\/lepotentiel.bj\\\/?p=86300#breadcrumb\"},\"inLanguage\":\"fr-FR\",\"potentialAction\":[{\"@type\":\"ReadAction\",\"target\":[\"https:\\\/\\\/lepotentiel.bj\\\/?p=86300\"]}]},{\"@type\":\"ImageObject\",\"inLanguage\":\"fr-FR\",\"@id\":\"https:\\\/\\\/lepotentiel.bj\\\/?p=86300#primaryimage\",\"url\":\"https:\\\/\\\/lepotentiel.bj\\\/wp-content\\\/uploads\\\/2026\\\/07\\\/1784323474298.jpg\",\"contentUrl\":\"https:\\\/\\\/lepotentiel.bj\\\/wp-content\\\/uploads\\\/2026\\\/07\\\/1784323474298.jpg\",\"width\":720,\"height\":517},{\"@type\":\"BreadcrumbList\",\"@id\":\"https:\\\/\\\/lepotentiel.bj\\\/?p=86300#breadcrumb\",\"itemListElement\":[{\"@type\":\"ListItem\",\"position\":1,\"name\":\"Accueil\",\"item\":\"https:\\\/\\\/lepotentiel.bj\\\/\"},{\"@type\":\"ListItem\",\"position\":2,\"name\":\"Macky Sall candidat au poste de Secr\u00e9taire g\u00e9n\u00e9ral de l&rsquo;ONU : Bassirou Diomaye re\u00e7oit son pr\u00e9d\u00e9cesseur au Palais\u00a0\"}]},{\"@type\":\"WebSite\",\"@id\":\"https:\\\/\\\/lepotentiel.bj\\\/#website\",\"url\":\"https:\\\/\\\/lepotentiel.bj\\\/\",\"name\":\"Le Potentiel\",\"description\":\"Le Potentiel, au service de l\u2019information, nous sommes les fantassins du droit de savoir\",\"publisher\":{\"@id\":\"https:\\\/\\\/lepotentiel.bj\\\/#organization\"},\"potentialAction\":[{\"@type\":\"SearchAction\",\"target\":{\"@type\":\"EntryPoint\",\"urlTemplate\":\"https:\\\/\\\/lepotentiel.bj\\\/?s={search_term_string}\"},\"query-input\":{\"@type\":\"PropertyValueSpecification\",\"valueRequired\":true,\"valueName\":\"search_term_string\"}}],\"inLanguage\":\"fr-FR\"},{\"@type\":\"Organization\",\"@id\":\"https:\\\/\\\/lepotentiel.bj\\\/#organization\",\"name\":\"Le Potentiel\",\"url\":\"https:\\\/\\\/lepotentiel.bj\\\/\",\"logo\":{\"@type\":\"ImageObject\",\"inLanguage\":\"fr-FR\",\"@id\":\"https:\\\/\\\/lepotentiel.bj\\\/#\\\/schema\\\/logo\\\/image\\\/\",\"url\":\"https:\\\/\\\/lepotentiel.bj\\\/wp-content\\\/uploads\\\/2023\\\/12\\\/logo-pot.jpg\",\"contentUrl\":\"https:\\\/\\\/lepotentiel.bj\\\/wp-content\\\/uploads\\\/2023\\\/12\\\/logo-pot.jpg\",\"width\":562,\"height\":84,\"caption\":\"Le Potentiel\"},\"image\":{\"@id\":\"https:\\\/\\\/lepotentiel.bj\\\/#\\\/schema\\\/logo\\\/image\\\/\"}},{\"@type\":\"Person\",\"@id\":\"https:\\\/\\\/lepotentiel.bj\\\/#\\\/schema\\\/person\\\/453725c41f4363806763503087c06c70\",\"name\":\"Le Potentiel\",\"image\":{\"@type\":\"ImageObject\",\"inLanguage\":\"fr-FR\",\"@id\":\"https:\\\/\\\/secure.gravatar.com\\\/avatar\\\/4085301697e4181824463b6ab1ea0ef6abfe68ad30a95258574a4b2d1c76522e?s=96&d=mm&r=g\",\"url\":\"https:\\\/\\\/secure.gravatar.com\\\/avatar\\\/4085301697e4181824463b6ab1ea0ef6abfe68ad30a95258574a4b2d1c76522e?s=96&d=mm&r=g\",\"contentUrl\":\"https:\\\/\\\/secure.gravatar.com\\\/avatar\\\/4085301697e4181824463b6ab1ea0ef6abfe68ad30a95258574a4b2d1c76522e?s=96&d=mm&r=g\",\"caption\":\"Le Potentiel\"},\"url\":\"https:\\\/\\\/lepotentiel.bj\\\/?author=4\"}]}<\/script>\n<!-- \/ Yoast SEO plugin. -->","yoast_head_json":{"title":"Macky Sall candidat au poste de Secr\u00e9taire g\u00e9n\u00e9ral de l'ONU : Bassirou Diomaye re\u00e7oit son pr\u00e9d\u00e9cesseur au Palais\u00a0 - Le Potentiel","robots":{"index":"index","follow":"follow","max-snippet":"max-snippet:-1","max-image-preview":"max-image-preview:large","max-video-preview":"max-video-preview:-1"},"canonical":"https:\/\/lepotentiel.bj\/?p=86300","og_locale":"fr_FR","og_type":"article","og_title":"Macky Sall candidat au poste de Secr\u00e9taire g\u00e9n\u00e9ral de l'ONU : Bassirou Diomaye re\u00e7oit son pr\u00e9d\u00e9cesseur au Palais\u00a0 - Le Potentiel","og_description":"Macky Sall candidat au poste de Secr\u00e9taire g\u00e9n\u00e9ral de l&rsquo;ONU : Bassirou Diomaye re\u00e7oit son pr\u00e9d\u00e9cesseur au Palais\u00a0 Le pr\u00e9sident s\u00e9n\u00e9galais Bassirou Diomaye Faye a re\u00e7u ce vendredi, son pr\u00e9d\u00e9cesseur Macky Sall. Il est venu lui annoncer sa candidature au poste de Secr\u00e9taire g\u00e9n\u00e9ral de l&rsquo;Organisation des Nations Unies (ONU) et solliciter le soutien de [&hellip;]","og_url":"https:\/\/lepotentiel.bj\/?p=86300","og_site_name":"Le Potentiel","article_published_time":"2026-07-18T05:12:52+00:00","og_image":[{"width":720,"height":517,"url":"https:\/\/lepotentiel.bj\/wp-content\/uploads\/2026\/07\/1784323474298.jpg","type":"image\/jpeg"}],"author":"Le Potentiel","twitter_card":"summary_large_image","twitter_misc":{"\u00c9crit par":"Le Potentiel","Dur\u00e9e de lecture estim\u00e9e":"2 minutes"},"schema":{"@context":"https:\/\/schema.org","@graph":[{"@type":"Article","@id":"https:\/\/lepotentiel.bj\/?p=86300#article","isPartOf":{"@id":"https:\/\/lepotentiel.bj\/?p=86300"},"author":{"name":"Le Potentiel","@id":"https:\/\/lepotentiel.bj\/#\/schema\/person\/453725c41f4363806763503087c06c70"},"headline":"Macky Sall candidat au poste de Secr\u00e9taire g\u00e9n\u00e9ral de l&rsquo;ONU : Bassirou Diomaye re\u00e7oit son pr\u00e9d\u00e9cesseur au Palais\u00a0","datePublished":"2026-07-18T05:12:52+00:00","mainEntityOfPage":{"@id":"https:\/\/lepotentiel.bj\/?p=86300"},"wordCount":362,"commentCount":0,"publisher":{"@id":"https:\/\/lepotentiel.bj\/#organization"},"image":{"@id":"https:\/\/lepotentiel.bj\/?p=86300#primaryimage"},"thumbnailUrl":"https:\/\/lepotentiel.bj\/wp-content\/uploads\/2026\/07\/1784323474298.jpg","articleSection":["Actualit\u00e9","Diplomatie"],"inLanguage":"fr-FR","potentialAction":[{"@type":"CommentAction","name":"Comment","target":["https:\/\/lepotentiel.bj\/?p=86300#respond"]}]},{"@type":"WebPage","@id":"https:\/\/lepotentiel.bj\/?p=86300","url":"https:\/\/lepotentiel.bj\/?p=86300","name":"Macky Sall candidat au poste de Secr\u00e9taire g\u00e9n\u00e9ral de l'ONU : Bassirou Diomaye re\u00e7oit son pr\u00e9d\u00e9cesseur au Palais\u00a0 - Le Potentiel","isPartOf":{"@id":"https:\/\/lepotentiel.bj\/#website"},"primaryImageOfPage":{"@id":"https:\/\/lepotentiel.bj\/?p=86300#primaryimage"},"image":{"@id":"https:\/\/lepotentiel.bj\/?p=86300#primaryimage"},"thumbnailUrl":"https:\/\/lepotentiel.bj\/wp-content\/uploads\/2026\/07\/1784323474298.jpg","datePublished":"2026-07-18T05:12:52+00:00","breadcrumb":{"@id":"https:\/\/lepotentiel.bj\/?p=86300#breadcrumb"},"inLanguage":"fr-FR","potentialAction":[{"@type":"ReadAction","target":["https:\/\/lepotentiel.bj\/?p=86300"]}]},{"@type":"ImageObject","inLanguage":"fr-FR","@id":"https:\/\/lepotentiel.bj\/?p=86300#primaryimage","url":"https:\/\/lepotentiel.bj\/wp-content\/uploads\/2026\/07\/1784323474298.jpg","contentUrl":"https:\/\/lepotentiel.bj\/wp-content\/uploads\/2026\/07\/1784323474298.jpg","width":720,"height":517},{"@type":"BreadcrumbList","@id":"https:\/\/lepotentiel.bj\/?p=86300#breadcrumb","itemListElement":[{"@type":"ListItem","position":1,"name":"Accueil","item":"https:\/\/lepotentiel.bj\/"},{"@type":"ListItem","position":2,"name":"Macky Sall candidat au poste de Secr\u00e9taire g\u00e9n\u00e9ral de l&rsquo;ONU : Bassirou Diomaye re\u00e7oit son pr\u00e9d\u00e9cesseur au Palais\u00a0"}]},{"@type":"WebSite","@id":"https:\/\/lepotentiel.bj\/#website","url":"https:\/\/lepotentiel.bj\/","name":"Le Potentiel","description":"Le Potentiel, au service de l\u2019information, nous sommes les fantassins du droit de savoir","publisher":{"@id":"https:\/\/lepotentiel.bj\/#organization"},"potentialAction":[{"@type":"SearchAction","target":{"@type":"EntryPoint","urlTemplate":"https:\/\/lepotentiel.bj\/?s={search_term_string}"},"query-input":{"@type":"PropertyValueSpecification","valueRequired":true,"valueName":"search_term_string"}}],"inLanguage":"fr-FR"},{"@type":"Organization","@id":"https:\/\/lepotentiel.bj\/#organization","name":"Le Potentiel","url":"https:\/\/lepotentiel.bj\/","logo":{"@type":"ImageObject","inLanguage":"fr-FR","@id":"https:\/\/lepotentiel.bj\/#\/schema\/logo\/image\/","url":"https:\/\/lepotentiel.bj\/wp-content\/uploads\/2023\/12\/logo-pot.jpg","contentUrl":"https:\/\/lepotentiel.bj\/wp-content\/uploads\/2023\/12\/logo-pot.jpg","width":562,"height":84,"caption":"Le Potentiel"},"image":{"@id":"https:\/\/lepotentiel.bj\/#\/schema\/logo\/image\/"}},{"@type":"Person","@id":"https:\/\/lepotentiel.bj\/#\/schema\/person\/453725c41f4363806763503087c06c70","name":"Le Potentiel","image":{"@type":"ImageObject","inLanguage":"fr-FR","@id":"https:\/\/secure.gravatar.com\/avatar\/4085301697e4181824463b6ab1ea0ef6abfe68ad30a95258574a4b2d1c76522e?s=96&d=mm&r=g","url":"https:\/\/secure.gravatar.com\/avatar\/4085301697e4181824463b6ab1ea0ef6abfe68ad30a95258574a4b2d1c76522e?s=96&d=mm&r=g","contentUrl":"https:\/\/secure.gravatar.com\/avatar\/4085301697e4181824463b6ab1ea0ef6abfe68ad30a95258574a4b2d1c76522e?s=96&d=mm&r=g","caption":"Le Potentiel"},"url":"https:\/\/lepotentiel.bj\/?author=4"}]}},"_links":{"self":[{"href":"https:\/\/lepotentiel.bj\/index.php?rest_route=\/wp\/v2\/posts\/86300","targetHints":{"allow":["GET"]}}],"collection":[{"href":"https:\/\/lepotentiel.bj\/index.php?rest_route=\/wp\/v2\/posts"}],"about":[{"href":"https:\/\/lepotentiel.bj\/index.php?rest_route=\/wp\/v2\/types\/post"}],"author":[{"embeddable":true,"href":"https:\/\/lepotentiel.bj\/index.php?rest_route=\/wp\/v2\/users\/4"}],"replies":[{"embeddable":true,"href":"https:\/\/lepotentiel.bj\/index.php?rest_route=%2Fwp%2Fv2%2Fcomments&post=86300"}],"version-history":[{"count":1,"href":"https:\/\/lepotentiel.bj\/index.php?rest_route=\/wp\/v2\/posts\/86300\/revisions"}],"predecessor-version":[{"id":86302,"href":"https:\/\/lepotentiel.bj\/index.php?rest_route=\/wp\/v2\/posts\/86300\/revisions\/86302"}],"wp:featuredmedia":[{"embeddable":true,"href":"https:\/\/lepotentiel.bj\/index.php?rest_route=\/wp\/v2\/media\/86301"}],"wp:attachment":[{"href":"https:\/\/lepotentiel.bj\/index.php?rest_route=%2Fwp%2Fv2%2Fmedia&parent=86300"}],"wp:term":[{"taxonomy":"category","embeddable":true,"href":"https:\/\/lepotentiel.bj\/index.php?rest_route=%2Fwp%2Fv2%2Fcategories&post=86300"},{"taxonomy":"post_tag","embeddable":true,"href":"https:\/\/lepotentiel.bj\/index.php?rest_route=%2Fwp%2Fv2%2Ftags&post=86300"}],"curies":[{"name":"wp","href":"https:\/\/api.w.org\/{rel}","templated":true}]}}