{"id":86308,"date":"2026-07-18T14:11:00","date_gmt":"2026-07-18T12:11:00","guid":{"rendered":"https:\/\/lepotentiel.bj\/?p=86308"},"modified":"2026-07-18T14:11:00","modified_gmt":"2026-07-18T12:11:00","slug":"societe-nationale-des-eaux-du-benin-le-silence-sabat-sur-la-soneb-apres-la-disparition-dun-directeur","status":"publish","type":"post","link":"https:\/\/lepotentiel.bj\/?p=86308","title":{"rendered":"Soci\u00e9t\u00e9 nationale des eaux du B\u00e9nin: Le silence s&rsquo;abat sur la Soneb apr\u00e8s la disparition d&rsquo;un directeur"},"content":{"rendered":"<p style=\"text-align: justify;\">Le d\u00e9c\u00e8s survenu dans la nuit du vendredi 17 au samedi 18 juillet 2026 frappe de plein fouet la Soneb et attriste de nombreux agents, anciens collaborateurs et proches. Au sein de l&rsquo;entreprise publique, la nouvelle s&rsquo;est r\u00e9pandue avec une grande \u00e9motion, tant l&rsquo;homme aura consacr\u00e9 une part importante de sa carri\u00e8re au service de la Soci\u00e9t\u00e9 nationale des eaux du B\u00e9nin.<\/p>\n<p style=\"text-align: justify;\">Pendant de longues ann\u00e9es, il a occup\u00e9 des fonctions de premier plan au sein de la Soneb. Son parcours est \u00e9troitement li\u00e9 \u00e0 l&rsquo;histoire r\u00e9cente de l&rsquo;entreprise, o\u00f9 il a particip\u00e9 \u00e0 la gestion administrative et financi\u00e8re, tout en accompagnant plusieurs \u00e9tapes de son \u00e9volution.<\/p>\n<p style=\"text-align: justify;\">Avant ses derni\u00e8res responsabilit\u00e9s, il avait dirig\u00e9 la Soci\u00e9t\u00e9 nationale des eaux du B\u00e9nin en qualit\u00e9 de directeur g\u00e9n\u00e9ral du 31 d\u00e9cembre 2009 jusqu&rsquo;en juin 2012. \u00c0 l&rsquo;issue de ce mandat, il avait c\u00e9d\u00e9 sa place \u00e0 David Babalola avant de poursuivre son engagement au sein de la soci\u00e9t\u00e9.<\/p>\n<p style=\"text-align: justify;\">Depuis 2018, il occupait les fonctions de directeur de l&rsquo;Administration et des Finances (DAF). Jusqu&rsquo;\u00e0 son dernier souffle, il est rest\u00e9 au service de l&rsquo;entreprise, o\u00f9 son exp\u00e9rience et sa connaissance des rouages administratifs \u00e9taient reconnues par ses coll\u00e8gues.<\/p>\n<p style=\"text-align: justify;\">Avec ce d\u00e9c\u00e8s, la Soneb perd un cadre qui aura travers\u00e9 plusieurs p\u00e9riodes de son histoire et accompagn\u00e9 de nombreuses \u00e9quipes. Sa disparition laisse un vide au sein de l&rsquo;institution et suscite une vive \u00e9motion dans les milieux administratif et public.<\/p>\n<p><img fetchpriority=\"high\" decoding=\"async\" class=\"alignnone size-medium wp-image-86310\" src=\"https:\/\/lepotentiel.bj\/wp-content\/uploads\/2026\/07\/IMG-20260718-WA0061-300x201.jpg\" alt=\"\" width=\"300\" height=\"201\" srcset=\"https:\/\/lepotentiel.bj\/wp-content\/uploads\/2026\/07\/IMG-20260718-WA0061-300x201.jpg 300w, https:\/\/lepotentiel.bj\/wp-content\/uploads\/2026\/07\/IMG-20260718-WA0061.jpg 715w\" sizes=\"(max-width: 300px) 100vw, 300px\" \/><\/p>\n<p style=\"text-align: justify;\">Le disparu se nomme Adrien Dossou, ancien directeur g\u00e9n\u00e9ral de la Soci\u00e9t\u00e9 nationale des eaux du B\u00e9nin (Soneb) et directeur de l&rsquo;Administration et des Finances en fonction depuis 2018 jusqu&rsquo;\u00e0 son d\u00e9c\u00e8s.<\/p>\n<p style=\"text-align: justify;\">\nJoseph Sossou<\/p>\n","protected":false},"excerpt":{"rendered":"<p>Le d\u00e9c\u00e8s survenu dans la nuit du vendredi 17 au samedi 18 juillet 2026 frappe de plein fouet la Soneb et attriste de nombreux agents, anciens collaborateurs et proches. Au sein de l&rsquo;entreprise publique, la nouvelle s&rsquo;est r\u00e9pandue avec une grande \u00e9motion, tant l&rsquo;homme aura consacr\u00e9 une part importante de sa carri\u00e8re au service de [&hellip;]<\/p>\n","protected":false},"author":7,"featured_media":86309,"comment_status":"open","ping_status":"open","sticky":false,"template":"","format":"standard","meta":{"footnotes":""},"categories":[34],"tags":[18510,9450,7382,83],"class_list":["post-86308","post","type-post","status-publish","format-standard","has-post-thumbnail","hentry","category-actualite","tag-directeur","tag-disparition","tag-silence","tag-soneb"],"yoast_head":"<!-- This site is optimized with the Yoast SEO plugin v28.2 - https:\/\/yoast.com\/product\/yoast-seo-wordpress\/ -->\n<title>Soci\u00e9t\u00e9 nationale des eaux du B\u00e9nin: Le silence s&#039;abat sur la Soneb apr\u00e8s la disparition d&#039;un directeur - Le Potentiel<\/title>\n<meta name=\"robots\" content=\"index, follow, max-snippet:-1, max-image-preview:large, max-video-preview:-1\" \/>\n<link rel=\"canonical\" href=\"https:\/\/lepotentiel.bj\/?p=86308\" \/>\n<meta property=\"og:locale\" content=\"fr_FR\" \/>\n<meta property=\"og:type\" content=\"article\" \/>\n<meta property=\"og:title\" content=\"Soci\u00e9t\u00e9 nationale des eaux du B\u00e9nin: Le silence s&#039;abat sur la Soneb apr\u00e8s la disparition d&#039;un directeur - Le Potentiel\" \/>\n<meta property=\"og:description\" content=\"Le d\u00e9c\u00e8s survenu dans la nuit du vendredi 17 au samedi 18 juillet 2026 frappe de plein fouet la Soneb et attriste de nombreux agents, anciens collaborateurs et proches. Au sein de l&rsquo;entreprise publique, la nouvelle s&rsquo;est r\u00e9pandue avec une grande \u00e9motion, tant l&rsquo;homme aura consacr\u00e9 une part importante de sa carri\u00e8re au service de [&hellip;]\" \/>\n<meta property=\"og:url\" content=\"https:\/\/lepotentiel.bj\/?p=86308\" \/>\n<meta property=\"og:site_name\" content=\"Le Potentiel\" \/>\n<meta property=\"article:published_time\" content=\"2026-07-18T12:11:00+00:00\" \/>\n<meta property=\"og:image\" content=\"https:\/\/lepotentiel.bj\/wp-content\/uploads\/2026\/07\/SONEB3.jpg\" \/>\n\t<meta property=\"og:image:width\" content=\"720\" \/>\n\t<meta property=\"og:image:height\" content=\"483\" \/>\n\t<meta property=\"og:image:type\" content=\"image\/jpeg\" \/>\n<meta name=\"author\" content=\"Louis\" \/>\n<meta name=\"twitter:card\" content=\"summary_large_image\" \/>\n<meta name=\"twitter:label1\" content=\"\u00c9crit par\" \/>\n\t<meta name=\"twitter:data1\" content=\"Louis\" \/>\n\t<meta name=\"twitter:label2\" content=\"Dur\u00e9e de lecture estim\u00e9e\" \/>\n\t<meta name=\"twitter:data2\" content=\"1 minute\" \/>\n<script type=\"application\/ld+json\" class=\"yoast-schema-graph\">{\"@context\":\"https:\\\/\\\/schema.org\",\"@graph\":[{\"@type\":\"Article\",\"@id\":\"https:\\\/\\\/lepotentiel.bj\\\/?p=86308#article\",\"isPartOf\":{\"@id\":\"https:\\\/\\\/lepotentiel.bj\\\/?p=86308\"},\"author\":{\"name\":\"Louis\",\"@id\":\"https:\\\/\\\/lepotentiel.bj\\\/#\\\/schema\\\/person\\\/fdda957c384e805f0fc0d27336e2043e\"},\"headline\":\"Soci\u00e9t\u00e9 nationale des eaux du B\u00e9nin: Le silence s&rsquo;abat sur la Soneb apr\u00e8s la disparition d&rsquo;un directeur\",\"datePublished\":\"2026-07-18T12:11:00+00:00\",\"mainEntityOfPage\":{\"@id\":\"https:\\\/\\\/lepotentiel.bj\\\/?p=86308\"},\"wordCount\":307,\"commentCount\":0,\"publisher\":{\"@id\":\"https:\\\/\\\/lepotentiel.bj\\\/#organization\"},\"image\":{\"@id\":\"https:\\\/\\\/lepotentiel.bj\\\/?p=86308#primaryimage\"},\"thumbnailUrl\":\"https:\\\/\\\/lepotentiel.bj\\\/wp-content\\\/uploads\\\/2026\\\/07\\\/SONEB3.jpg\",\"keywords\":[\"DIRECTEUR\",\"disparition\",\"Silence\",\"SONEB\"],\"articleSection\":[\"Actualit\u00e9\"],\"inLanguage\":\"fr-FR\",\"potentialAction\":[{\"@type\":\"CommentAction\",\"name\":\"Comment\",\"target\":[\"https:\\\/\\\/lepotentiel.bj\\\/?p=86308#respond\"]}]},{\"@type\":\"WebPage\",\"@id\":\"https:\\\/\\\/lepotentiel.bj\\\/?p=86308\",\"url\":\"https:\\\/\\\/lepotentiel.bj\\\/?p=86308\",\"name\":\"Soci\u00e9t\u00e9 nationale des eaux du B\u00e9nin: Le silence s'abat sur la Soneb apr\u00e8s la disparition d'un directeur - Le Potentiel\",\"isPartOf\":{\"@id\":\"https:\\\/\\\/lepotentiel.bj\\\/#website\"},\"primaryImageOfPage\":{\"@id\":\"https:\\\/\\\/lepotentiel.bj\\\/?p=86308#primaryimage\"},\"image\":{\"@id\":\"https:\\\/\\\/lepotentiel.bj\\\/?p=86308#primaryimage\"},\"thumbnailUrl\":\"https:\\\/\\\/lepotentiel.bj\\\/wp-content\\\/uploads\\\/2026\\\/07\\\/SONEB3.jpg\",\"datePublished\":\"2026-07-18T12:11:00+00:00\",\"breadcrumb\":{\"@id\":\"https:\\\/\\\/lepotentiel.bj\\\/?p=86308#breadcrumb\"},\"inLanguage\":\"fr-FR\",\"potentialAction\":[{\"@type\":\"ReadAction\",\"target\":[\"https:\\\/\\\/lepotentiel.bj\\\/?p=86308\"]}]},{\"@type\":\"ImageObject\",\"inLanguage\":\"fr-FR\",\"@id\":\"https:\\\/\\\/lepotentiel.bj\\\/?p=86308#primaryimage\",\"url\":\"https:\\\/\\\/lepotentiel.bj\\\/wp-content\\\/uploads\\\/2026\\\/07\\\/SONEB3.jpg\",\"contentUrl\":\"https:\\\/\\\/lepotentiel.bj\\\/wp-content\\\/uploads\\\/2026\\\/07\\\/SONEB3.jpg\",\"width\":720,\"height\":483},{\"@type\":\"BreadcrumbList\",\"@id\":\"https:\\\/\\\/lepotentiel.bj\\\/?p=86308#breadcrumb\",\"itemListElement\":[{\"@type\":\"ListItem\",\"position\":1,\"name\":\"Accueil\",\"item\":\"https:\\\/\\\/lepotentiel.bj\\\/\"},{\"@type\":\"ListItem\",\"position\":2,\"name\":\"Soci\u00e9t\u00e9 nationale des eaux du B\u00e9nin: Le silence s&rsquo;abat sur la Soneb apr\u00e8s la disparition d&rsquo;un directeur\"}]},{\"@type\":\"WebSite\",\"@id\":\"https:\\\/\\\/lepotentiel.bj\\\/#website\",\"url\":\"https:\\\/\\\/lepotentiel.bj\\\/\",\"name\":\"Le Potentiel\",\"description\":\"Le Potentiel, au service de l\u2019information, nous sommes les fantassins du droit de savoir\",\"publisher\":{\"@id\":\"https:\\\/\\\/lepotentiel.bj\\\/#organization\"},\"potentialAction\":[{\"@type\":\"SearchAction\",\"target\":{\"@type\":\"EntryPoint\",\"urlTemplate\":\"https:\\\/\\\/lepotentiel.bj\\\/?s={search_term_string}\"},\"query-input\":{\"@type\":\"PropertyValueSpecification\",\"valueRequired\":true,\"valueName\":\"search_term_string\"}}],\"inLanguage\":\"fr-FR\"},{\"@type\":\"Organization\",\"@id\":\"https:\\\/\\\/lepotentiel.bj\\\/#organization\",\"name\":\"Le Potentiel\",\"url\":\"https:\\\/\\\/lepotentiel.bj\\\/\",\"logo\":{\"@type\":\"ImageObject\",\"inLanguage\":\"fr-FR\",\"@id\":\"https:\\\/\\\/lepotentiel.bj\\\/#\\\/schema\\\/logo\\\/image\\\/\",\"url\":\"https:\\\/\\\/lepotentiel.bj\\\/wp-content\\\/uploads\\\/2023\\\/12\\\/logo-pot.jpg\",\"contentUrl\":\"https:\\\/\\\/lepotentiel.bj\\\/wp-content\\\/uploads\\\/2023\\\/12\\\/logo-pot.jpg\",\"width\":562,\"height\":84,\"caption\":\"Le Potentiel\"},\"image\":{\"@id\":\"https:\\\/\\\/lepotentiel.bj\\\/#\\\/schema\\\/logo\\\/image\\\/\"}},{\"@type\":\"Person\",\"@id\":\"https:\\\/\\\/lepotentiel.bj\\\/#\\\/schema\\\/person\\\/fdda957c384e805f0fc0d27336e2043e\",\"name\":\"Louis\",\"image\":{\"@type\":\"ImageObject\",\"inLanguage\":\"fr-FR\",\"@id\":\"https:\\\/\\\/secure.gravatar.com\\\/avatar\\\/6f5f11044e7478a024ffb0cdd245934f14edbbbee764f548bc3f02a02df46d9a?s=96&d=mm&r=g\",\"url\":\"https:\\\/\\\/secure.gravatar.com\\\/avatar\\\/6f5f11044e7478a024ffb0cdd245934f14edbbbee764f548bc3f02a02df46d9a?s=96&d=mm&r=g\",\"contentUrl\":\"https:\\\/\\\/secure.gravatar.com\\\/avatar\\\/6f5f11044e7478a024ffb0cdd245934f14edbbbee764f548bc3f02a02df46d9a?s=96&d=mm&r=g\",\"caption\":\"Louis\"},\"url\":\"https:\\\/\\\/lepotentiel.bj\\\/?author=7\"}]}<\/script>\n<!-- \/ Yoast SEO plugin. -->","yoast_head_json":{"title":"Soci\u00e9t\u00e9 nationale des eaux du B\u00e9nin: Le silence s'abat sur la Soneb apr\u00e8s la disparition d'un directeur - Le Potentiel","robots":{"index":"index","follow":"follow","max-snippet":"max-snippet:-1","max-image-preview":"max-image-preview:large","max-video-preview":"max-video-preview:-1"},"canonical":"https:\/\/lepotentiel.bj\/?p=86308","og_locale":"fr_FR","og_type":"article","og_title":"Soci\u00e9t\u00e9 nationale des eaux du B\u00e9nin: Le silence s'abat sur la Soneb apr\u00e8s la disparition d'un directeur - Le Potentiel","og_description":"Le d\u00e9c\u00e8s survenu dans la nuit du vendredi 17 au samedi 18 juillet 2026 frappe de plein fouet la Soneb et attriste de nombreux agents, anciens collaborateurs et proches. Au sein de l&rsquo;entreprise publique, la nouvelle s&rsquo;est r\u00e9pandue avec une grande \u00e9motion, tant l&rsquo;homme aura consacr\u00e9 une part importante de sa carri\u00e8re au service de [&hellip;]","og_url":"https:\/\/lepotentiel.bj\/?p=86308","og_site_name":"Le Potentiel","article_published_time":"2026-07-18T12:11:00+00:00","og_image":[{"width":720,"height":483,"url":"https:\/\/lepotentiel.bj\/wp-content\/uploads\/2026\/07\/SONEB3.jpg","type":"image\/jpeg"}],"author":"Louis","twitter_card":"summary_large_image","twitter_misc":{"\u00c9crit par":"Louis","Dur\u00e9e de lecture estim\u00e9e":"1 minute"},"schema":{"@context":"https:\/\/schema.org","@graph":[{"@type":"Article","@id":"https:\/\/lepotentiel.bj\/?p=86308#article","isPartOf":{"@id":"https:\/\/lepotentiel.bj\/?p=86308"},"author":{"name":"Louis","@id":"https:\/\/lepotentiel.bj\/#\/schema\/person\/fdda957c384e805f0fc0d27336e2043e"},"headline":"Soci\u00e9t\u00e9 nationale des eaux du B\u00e9nin: Le silence s&rsquo;abat sur la Soneb apr\u00e8s la disparition d&rsquo;un directeur","datePublished":"2026-07-18T12:11:00+00:00","mainEntityOfPage":{"@id":"https:\/\/lepotentiel.bj\/?p=86308"},"wordCount":307,"commentCount":0,"publisher":{"@id":"https:\/\/lepotentiel.bj\/#organization"},"image":{"@id":"https:\/\/lepotentiel.bj\/?p=86308#primaryimage"},"thumbnailUrl":"https:\/\/lepotentiel.bj\/wp-content\/uploads\/2026\/07\/SONEB3.jpg","keywords":["DIRECTEUR","disparition","Silence","SONEB"],"articleSection":["Actualit\u00e9"],"inLanguage":"fr-FR","potentialAction":[{"@type":"CommentAction","name":"Comment","target":["https:\/\/lepotentiel.bj\/?p=86308#respond"]}]},{"@type":"WebPage","@id":"https:\/\/lepotentiel.bj\/?p=86308","url":"https:\/\/lepotentiel.bj\/?p=86308","name":"Soci\u00e9t\u00e9 nationale des eaux du B\u00e9nin: Le silence s'abat sur la Soneb apr\u00e8s la disparition d'un directeur - Le Potentiel","isPartOf":{"@id":"https:\/\/lepotentiel.bj\/#website"},"primaryImageOfPage":{"@id":"https:\/\/lepotentiel.bj\/?p=86308#primaryimage"},"image":{"@id":"https:\/\/lepotentiel.bj\/?p=86308#primaryimage"},"thumbnailUrl":"https:\/\/lepotentiel.bj\/wp-content\/uploads\/2026\/07\/SONEB3.jpg","datePublished":"2026-07-18T12:11:00+00:00","breadcrumb":{"@id":"https:\/\/lepotentiel.bj\/?p=86308#breadcrumb"},"inLanguage":"fr-FR","potentialAction":[{"@type":"ReadAction","target":["https:\/\/lepotentiel.bj\/?p=86308"]}]},{"@type":"ImageObject","inLanguage":"fr-FR","@id":"https:\/\/lepotentiel.bj\/?p=86308#primaryimage","url":"https:\/\/lepotentiel.bj\/wp-content\/uploads\/2026\/07\/SONEB3.jpg","contentUrl":"https:\/\/lepotentiel.bj\/wp-content\/uploads\/2026\/07\/SONEB3.jpg","width":720,"height":483},{"@type":"BreadcrumbList","@id":"https:\/\/lepotentiel.bj\/?p=86308#breadcrumb","itemListElement":[{"@type":"ListItem","position":1,"name":"Accueil","item":"https:\/\/lepotentiel.bj\/"},{"@type":"ListItem","position":2,"name":"Soci\u00e9t\u00e9 nationale des eaux du B\u00e9nin: Le silence s&rsquo;abat sur la Soneb apr\u00e8s la disparition d&rsquo;un directeur"}]},{"@type":"WebSite","@id":"https:\/\/lepotentiel.bj\/#website","url":"https:\/\/lepotentiel.bj\/","name":"Le Potentiel","description":"Le Potentiel, au service de l\u2019information, nous sommes les fantassins du droit de savoir","publisher":{"@id":"https:\/\/lepotentiel.bj\/#organization"},"potentialAction":[{"@type":"SearchAction","target":{"@type":"EntryPoint","urlTemplate":"https:\/\/lepotentiel.bj\/?s={search_term_string}"},"query-input":{"@type":"PropertyValueSpecification","valueRequired":true,"valueName":"search_term_string"}}],"inLanguage":"fr-FR"},{"@type":"Organization","@id":"https:\/\/lepotentiel.bj\/#organization","name":"Le Potentiel","url":"https:\/\/lepotentiel.bj\/","logo":{"@type":"ImageObject","inLanguage":"fr-FR","@id":"https:\/\/lepotentiel.bj\/#\/schema\/logo\/image\/","url":"https:\/\/lepotentiel.bj\/wp-content\/uploads\/2023\/12\/logo-pot.jpg","contentUrl":"https:\/\/lepotentiel.bj\/wp-content\/uploads\/2023\/12\/logo-pot.jpg","width":562,"height":84,"caption":"Le Potentiel"},"image":{"@id":"https:\/\/lepotentiel.bj\/#\/schema\/logo\/image\/"}},{"@type":"Person","@id":"https:\/\/lepotentiel.bj\/#\/schema\/person\/fdda957c384e805f0fc0d27336e2043e","name":"Louis","image":{"@type":"ImageObject","inLanguage":"fr-FR","@id":"https:\/\/secure.gravatar.com\/avatar\/6f5f11044e7478a024ffb0cdd245934f14edbbbee764f548bc3f02a02df46d9a?s=96&d=mm&r=g","url":"https:\/\/secure.gravatar.com\/avatar\/6f5f11044e7478a024ffb0cdd245934f14edbbbee764f548bc3f02a02df46d9a?s=96&d=mm&r=g","contentUrl":"https:\/\/secure.gravatar.com\/avatar\/6f5f11044e7478a024ffb0cdd245934f14edbbbee764f548bc3f02a02df46d9a?s=96&d=mm&r=g","caption":"Louis"},"url":"https:\/\/lepotentiel.bj\/?author=7"}]}},"_links":{"self":[{"href":"https:\/\/lepotentiel.bj\/index.php?rest_route=\/wp\/v2\/posts\/86308","targetHints":{"allow":["GET"]}}],"collection":[{"href":"https:\/\/lepotentiel.bj\/index.php?rest_route=\/wp\/v2\/posts"}],"about":[{"href":"https:\/\/lepotentiel.bj\/index.php?rest_route=\/wp\/v2\/types\/post"}],"author":[{"embeddable":true,"href":"https:\/\/lepotentiel.bj\/index.php?rest_route=\/wp\/v2\/users\/7"}],"replies":[{"embeddable":true,"href":"https:\/\/lepotentiel.bj\/index.php?rest_route=%2Fwp%2Fv2%2Fcomments&post=86308"}],"version-history":[{"count":1,"href":"https:\/\/lepotentiel.bj\/index.php?rest_route=\/wp\/v2\/posts\/86308\/revisions"}],"predecessor-version":[{"id":86311,"href":"https:\/\/lepotentiel.bj\/index.php?rest_route=\/wp\/v2\/posts\/86308\/revisions\/86311"}],"wp:featuredmedia":[{"embeddable":true,"href":"https:\/\/lepotentiel.bj\/index.php?rest_route=\/wp\/v2\/media\/86309"}],"wp:attachment":[{"href":"https:\/\/lepotentiel.bj\/index.php?rest_route=%2Fwp%2Fv2%2Fmedia&parent=86308"}],"wp:term":[{"taxonomy":"category","embeddable":true,"href":"https:\/\/lepotentiel.bj\/index.php?rest_route=%2Fwp%2Fv2%2Fcategories&post=86308"},{"taxonomy":"post_tag","embeddable":true,"href":"https:\/\/lepotentiel.bj\/index.php?rest_route=%2Fwp%2Fv2%2Ftags&post=86308"}],"curies":[{"name":"wp","href":"https:\/\/api.w.org\/{rel}","templated":true}]}}