{"id":86467,"date":"2026-08-11T17:25:10","date_gmt":"2026-08-11T15:25:10","guid":{"rendered":"https:\/\/lepotentiel.bj\/?p=86467"},"modified":"2026-08-11T17:25:10","modified_gmt":"2026-08-11T15:25:10","slug":"sommet-de-lotan-donald-trump-quitte-a-bord-dun-avion-secret-face-aux-menaces-iraniennes","status":"publish","type":"post","link":"https:\/\/lepotentiel.bj\/?p=86467","title":{"rendered":"Sommet de l\u2019OTAN : Donald Trump quitte \u00e0 bord d\u2019un avion secret face aux menaces iraniennes"},"content":{"rendered":"<p style=\"text-align: justify;\">Donald Trump aurait \u00e9t\u00e9 discr\u00e8tement \u00e9vacu\u00e9 de son avion pr\u00e9sidentiel apr\u00e8s le sommet de l\u2019OTAN en Turquie, en raison de menaces iraniennes visant potentiellement le pr\u00e9sident am\u00e9ricain et son appareil. L\u2019information, r\u00e9v\u00e9l\u00e9e par le Washington Post, met en lumi\u00e8re les mesures de s\u00e9curit\u00e9 exceptionnelles prises autour du d\u00e9placement du chef de la Maison-Blanche.<\/p>\n<p style=\"text-align: justify;\">\n<p style=\"text-align: justify;\">\n<p style=\"text-align: justify;\">D\u00e9but juillet, Donald Trump s\u2019\u00e9tait rendu \u00e0 Ankara \u00e0 bord d\u2019un nouvel avion pr\u00e9sidentiel modernis\u00e9, offert par le Qatar. \u00c0 l\u2019issue de sa visite, il avait annonc\u00e9 qu\u2019il utiliserait un ancien mod\u00e8le d\u2019Air Force One pour une partie de son trajet retour vers Washington.<\/p>\n<p style=\"text-align: justify;\">\n<p style=\"text-align: justify;\">Le 8 juillet, les images diffus\u00e9es par les m\u00e9dias montraient effectivement le pr\u00e9sident am\u00e9ricain embarquant \u00e0 Ankara \u00e0 bord du jet pr\u00e9sidentiel. Mais derri\u00e8re cette s\u00e9quence publique se serait d\u00e9roul\u00e9e une op\u00e9ration secr\u00e8te.<\/p>\n<p style=\"text-align: justify;\">\n<p style=\"text-align: justify;\">Selon le Washington Post, Donald Trump aurait \u00e9t\u00e9 discr\u00e8tement extrait de l\u2019avion pr\u00e9sidentiel \u00e0 l\u2019aide d\u2019un camion de restauration a\u00e9roportuaire, normalement destin\u00e9 \u00e0 approvisionner les appareils en repas et provisions. Le pr\u00e9sident am\u00e9ricain aurait ensuite pris place \u00e0 bord d\u2019un C-32A, un avion militaire plus petit utilis\u00e9 par l\u2019US Air Force.<\/p>\n<p style=\"text-align: justify;\">\n<p style=\"text-align: justify;\">Apr\u00e8s une escale au Royaume-Uni, Donald Trump aurait retrouv\u00e9 son \u00e9quipe de la Maison-Blanche ainsi que les journalistes qui accompagnaient son d\u00e9placement. Il aurait alors poursuivi son voyage vers les \u00c9tats-Unis \u00e0 bord de l\u2019avion offert par le Qatar.<\/p>\n<p style=\"text-align: justify;\">\n<p style=\"text-align: justify;\">Cette man\u0153uvre aurait \u00e9t\u00e9 d\u00e9cid\u00e9e pour des raisons de s\u00e9curit\u00e9. Selon le quotidien am\u00e9ricain, les services de renseignement craignaient une \u00e9ventuelle attaque iranienne visant Donald Trump ou son avion. Le New York Times et CBS News avaient d\u00e9j\u00e0 rapport\u00e9 que des responsables am\u00e9ricains avaient alert\u00e9 sur l\u2019existence de menaces potentielles contre le pr\u00e9sident.<\/p>\n<p style=\"text-align: justify;\">\n<p style=\"text-align: justify;\">Interrog\u00e9 sur ces menaces lors de son retour aux \u00c9tats-Unis, Donald Trump avait reconnu faire r\u00e9guli\u00e8rement l\u2019objet de menaces. \u00ab Je suis constamment menac\u00e9 \u00bb, avait-il d\u00e9clar\u00e9, avant d\u2019ajouter que les journalistes voyageant avec lui seraient \u00e9galement expos\u00e9s en cas d\u2019attaque.<\/p>\n<p style=\"text-align: justify;\">\n<p style=\"text-align: justify;\"><strong>M\u00e9dard Clobechi<\/strong><\/p>\n","protected":false},"excerpt":{"rendered":"<p>Donald Trump aurait \u00e9t\u00e9 discr\u00e8tement \u00e9vacu\u00e9 de son avion pr\u00e9sidentiel apr\u00e8s le sommet de l\u2019OTAN en Turquie, en raison de menaces iraniennes visant potentiellement le pr\u00e9sident am\u00e9ricain et son appareil. L\u2019information, r\u00e9v\u00e9l\u00e9e par le Washington Post, met en lumi\u00e8re les mesures de s\u00e9curit\u00e9 exceptionnelles prises autour du d\u00e9placement du chef de la Maison-Blanche. D\u00e9but juillet, [&hellip;]<\/p>\n","protected":false},"author":18,"featured_media":86468,"comment_status":"open","ping_status":"open","sticky":false,"template":"","format":"standard","meta":{"footnotes":""},"categories":[34,44],"tags":[],"class_list":["post-86467","post","type-post","status-publish","format-standard","has-post-thumbnail","hentry","category-actualite","category-international"],"yoast_head":"<!-- This site is optimized with the Yoast SEO plugin v28.2 - https:\/\/yoast.com\/product\/yoast-seo-wordpress\/ -->\n<title>Sommet de l\u2019OTAN : Donald Trump quitte \u00e0 bord d\u2019un avion secret face aux menaces iraniennes - Le Potentiel<\/title>\n<meta name=\"robots\" content=\"index, follow, max-snippet:-1, max-image-preview:large, max-video-preview:-1\" \/>\n<link rel=\"canonical\" href=\"https:\/\/lepotentiel.bj\/?p=86467\" \/>\n<meta property=\"og:locale\" content=\"fr_FR\" \/>\n<meta property=\"og:type\" content=\"article\" \/>\n<meta property=\"og:title\" content=\"Sommet de l\u2019OTAN : Donald Trump quitte \u00e0 bord d\u2019un avion secret face aux menaces iraniennes - Le Potentiel\" \/>\n<meta property=\"og:description\" content=\"Donald Trump aurait \u00e9t\u00e9 discr\u00e8tement \u00e9vacu\u00e9 de son avion pr\u00e9sidentiel apr\u00e8s le sommet de l\u2019OTAN en Turquie, en raison de menaces iraniennes visant potentiellement le pr\u00e9sident am\u00e9ricain et son appareil. L\u2019information, r\u00e9v\u00e9l\u00e9e par le Washington Post, met en lumi\u00e8re les mesures de s\u00e9curit\u00e9 exceptionnelles prises autour du d\u00e9placement du chef de la Maison-Blanche. D\u00e9but juillet, [&hellip;]\" \/>\n<meta property=\"og:url\" content=\"https:\/\/lepotentiel.bj\/?p=86467\" \/>\n<meta property=\"og:site_name\" content=\"Le Potentiel\" \/>\n<meta property=\"article:published_time\" content=\"2026-08-11T15:25:10+00:00\" \/>\n<meta property=\"og:image\" content=\"https:\/\/lepotentiel.bj\/wp-content\/uploads\/2026\/08\/IMG-20260811-WA0176.jpg\" \/>\n\t<meta property=\"og:image:width\" content=\"464\" \/>\n\t<meta property=\"og:image:height\" content=\"261\" \/>\n\t<meta property=\"og:image:type\" content=\"image\/jpeg\" \/>\n<meta name=\"author\" content=\"Laura\" \/>\n<meta name=\"twitter:card\" content=\"summary_large_image\" \/>\n<meta name=\"twitter:label1\" content=\"\u00c9crit par\" \/>\n\t<meta name=\"twitter:data1\" content=\"Laura\" \/>\n\t<meta name=\"twitter:label2\" content=\"Dur\u00e9e de lecture estim\u00e9e\" \/>\n\t<meta name=\"twitter:data2\" content=\"2 minutes\" \/>\n<script type=\"application\/ld+json\" class=\"yoast-schema-graph\">{\"@context\":\"https:\\\/\\\/schema.org\",\"@graph\":[{\"@type\":\"Article\",\"@id\":\"https:\\\/\\\/lepotentiel.bj\\\/?p=86467#article\",\"isPartOf\":{\"@id\":\"https:\\\/\\\/lepotentiel.bj\\\/?p=86467\"},\"author\":{\"name\":\"Laura\",\"@id\":\"https:\\\/\\\/lepotentiel.bj\\\/#\\\/schema\\\/person\\\/001def78e1eafec4b5733ea184d49dd0\"},\"headline\":\"Sommet de l\u2019OTAN : Donald Trump quitte \u00e0 bord d\u2019un avion secret face aux menaces iraniennes\",\"datePublished\":\"2026-08-11T15:25:10+00:00\",\"mainEntityOfPage\":{\"@id\":\"https:\\\/\\\/lepotentiel.bj\\\/?p=86467\"},\"wordCount\":383,\"commentCount\":0,\"publisher\":{\"@id\":\"https:\\\/\\\/lepotentiel.bj\\\/#organization\"},\"image\":{\"@id\":\"https:\\\/\\\/lepotentiel.bj\\\/?p=86467#primaryimage\"},\"thumbnailUrl\":\"https:\\\/\\\/lepotentiel.bj\\\/wp-content\\\/uploads\\\/2026\\\/08\\\/IMG-20260811-WA0176.jpg\",\"articleSection\":[\"Actualit\u00e9\",\"International\"],\"inLanguage\":\"fr-FR\",\"potentialAction\":[{\"@type\":\"CommentAction\",\"name\":\"Comment\",\"target\":[\"https:\\\/\\\/lepotentiel.bj\\\/?p=86467#respond\"]}]},{\"@type\":\"WebPage\",\"@id\":\"https:\\\/\\\/lepotentiel.bj\\\/?p=86467\",\"url\":\"https:\\\/\\\/lepotentiel.bj\\\/?p=86467\",\"name\":\"Sommet de l\u2019OTAN : Donald Trump quitte \u00e0 bord d\u2019un avion secret face aux menaces iraniennes - Le Potentiel\",\"isPartOf\":{\"@id\":\"https:\\\/\\\/lepotentiel.bj\\\/#website\"},\"primaryImageOfPage\":{\"@id\":\"https:\\\/\\\/lepotentiel.bj\\\/?p=86467#primaryimage\"},\"image\":{\"@id\":\"https:\\\/\\\/lepotentiel.bj\\\/?p=86467#primaryimage\"},\"thumbnailUrl\":\"https:\\\/\\\/lepotentiel.bj\\\/wp-content\\\/uploads\\\/2026\\\/08\\\/IMG-20260811-WA0176.jpg\",\"datePublished\":\"2026-08-11T15:25:10+00:00\",\"breadcrumb\":{\"@id\":\"https:\\\/\\\/lepotentiel.bj\\\/?p=86467#breadcrumb\"},\"inLanguage\":\"fr-FR\",\"potentialAction\":[{\"@type\":\"ReadAction\",\"target\":[\"https:\\\/\\\/lepotentiel.bj\\\/?p=86467\"]}]},{\"@type\":\"ImageObject\",\"inLanguage\":\"fr-FR\",\"@id\":\"https:\\\/\\\/lepotentiel.bj\\\/?p=86467#primaryimage\",\"url\":\"https:\\\/\\\/lepotentiel.bj\\\/wp-content\\\/uploads\\\/2026\\\/08\\\/IMG-20260811-WA0176.jpg\",\"contentUrl\":\"https:\\\/\\\/lepotentiel.bj\\\/wp-content\\\/uploads\\\/2026\\\/08\\\/IMG-20260811-WA0176.jpg\",\"width\":464,\"height\":261},{\"@type\":\"BreadcrumbList\",\"@id\":\"https:\\\/\\\/lepotentiel.bj\\\/?p=86467#breadcrumb\",\"itemListElement\":[{\"@type\":\"ListItem\",\"position\":1,\"name\":\"Accueil\",\"item\":\"https:\\\/\\\/lepotentiel.bj\\\/\"},{\"@type\":\"ListItem\",\"position\":2,\"name\":\"Sommet de l\u2019OTAN : Donald Trump quitte \u00e0 bord d\u2019un avion secret face aux menaces iraniennes\"}]},{\"@type\":\"WebSite\",\"@id\":\"https:\\\/\\\/lepotentiel.bj\\\/#website\",\"url\":\"https:\\\/\\\/lepotentiel.bj\\\/\",\"name\":\"Le Potentiel\",\"description\":\"Le Potentiel, au service de l\u2019information, nous sommes les fantassins du droit de savoir\",\"publisher\":{\"@id\":\"https:\\\/\\\/lepotentiel.bj\\\/#organization\"},\"potentialAction\":[{\"@type\":\"SearchAction\",\"target\":{\"@type\":\"EntryPoint\",\"urlTemplate\":\"https:\\\/\\\/lepotentiel.bj\\\/?s={search_term_string}\"},\"query-input\":{\"@type\":\"PropertyValueSpecification\",\"valueRequired\":true,\"valueName\":\"search_term_string\"}}],\"inLanguage\":\"fr-FR\"},{\"@type\":\"Organization\",\"@id\":\"https:\\\/\\\/lepotentiel.bj\\\/#organization\",\"name\":\"Le Potentiel\",\"url\":\"https:\\\/\\\/lepotentiel.bj\\\/\",\"logo\":{\"@type\":\"ImageObject\",\"inLanguage\":\"fr-FR\",\"@id\":\"https:\\\/\\\/lepotentiel.bj\\\/#\\\/schema\\\/logo\\\/image\\\/\",\"url\":\"https:\\\/\\\/lepotentiel.bj\\\/wp-content\\\/uploads\\\/2023\\\/12\\\/logo-pot.jpg\",\"contentUrl\":\"https:\\\/\\\/lepotentiel.bj\\\/wp-content\\\/uploads\\\/2023\\\/12\\\/logo-pot.jpg\",\"width\":562,\"height\":84,\"caption\":\"Le Potentiel\"},\"image\":{\"@id\":\"https:\\\/\\\/lepotentiel.bj\\\/#\\\/schema\\\/logo\\\/image\\\/\"}},{\"@type\":\"Person\",\"@id\":\"https:\\\/\\\/lepotentiel.bj\\\/#\\\/schema\\\/person\\\/001def78e1eafec4b5733ea184d49dd0\",\"name\":\"Laura\",\"image\":{\"@type\":\"ImageObject\",\"inLanguage\":\"fr-FR\",\"@id\":\"https:\\\/\\\/secure.gravatar.com\\\/avatar\\\/46e54a01dd5785f370a6c40e9cfe54ebcfd939154e6505072fe15421c0d32893?s=96&d=mm&r=g\",\"url\":\"https:\\\/\\\/secure.gravatar.com\\\/avatar\\\/46e54a01dd5785f370a6c40e9cfe54ebcfd939154e6505072fe15421c0d32893?s=96&d=mm&r=g\",\"contentUrl\":\"https:\\\/\\\/secure.gravatar.com\\\/avatar\\\/46e54a01dd5785f370a6c40e9cfe54ebcfd939154e6505072fe15421c0d32893?s=96&d=mm&r=g\",\"caption\":\"Laura\"},\"url\":\"https:\\\/\\\/lepotentiel.bj\\\/?author=18\"}]}<\/script>\n<!-- \/ Yoast SEO plugin. -->","yoast_head_json":{"title":"Sommet de l\u2019OTAN : Donald Trump quitte \u00e0 bord d\u2019un avion secret face aux menaces iraniennes - Le Potentiel","robots":{"index":"index","follow":"follow","max-snippet":"max-snippet:-1","max-image-preview":"max-image-preview:large","max-video-preview":"max-video-preview:-1"},"canonical":"https:\/\/lepotentiel.bj\/?p=86467","og_locale":"fr_FR","og_type":"article","og_title":"Sommet de l\u2019OTAN : Donald Trump quitte \u00e0 bord d\u2019un avion secret face aux menaces iraniennes - Le Potentiel","og_description":"Donald Trump aurait \u00e9t\u00e9 discr\u00e8tement \u00e9vacu\u00e9 de son avion pr\u00e9sidentiel apr\u00e8s le sommet de l\u2019OTAN en Turquie, en raison de menaces iraniennes visant potentiellement le pr\u00e9sident am\u00e9ricain et son appareil. L\u2019information, r\u00e9v\u00e9l\u00e9e par le Washington Post, met en lumi\u00e8re les mesures de s\u00e9curit\u00e9 exceptionnelles prises autour du d\u00e9placement du chef de la Maison-Blanche. D\u00e9but juillet, [&hellip;]","og_url":"https:\/\/lepotentiel.bj\/?p=86467","og_site_name":"Le Potentiel","article_published_time":"2026-08-11T15:25:10+00:00","og_image":[{"width":464,"height":261,"url":"https:\/\/lepotentiel.bj\/wp-content\/uploads\/2026\/08\/IMG-20260811-WA0176.jpg","type":"image\/jpeg"}],"author":"Laura","twitter_card":"summary_large_image","twitter_misc":{"\u00c9crit par":"Laura","Dur\u00e9e de lecture estim\u00e9e":"2 minutes"},"schema":{"@context":"https:\/\/schema.org","@graph":[{"@type":"Article","@id":"https:\/\/lepotentiel.bj\/?p=86467#article","isPartOf":{"@id":"https:\/\/lepotentiel.bj\/?p=86467"},"author":{"name":"Laura","@id":"https:\/\/lepotentiel.bj\/#\/schema\/person\/001def78e1eafec4b5733ea184d49dd0"},"headline":"Sommet de l\u2019OTAN : Donald Trump quitte \u00e0 bord d\u2019un avion secret face aux menaces iraniennes","datePublished":"2026-08-11T15:25:10+00:00","mainEntityOfPage":{"@id":"https:\/\/lepotentiel.bj\/?p=86467"},"wordCount":383,"commentCount":0,"publisher":{"@id":"https:\/\/lepotentiel.bj\/#organization"},"image":{"@id":"https:\/\/lepotentiel.bj\/?p=86467#primaryimage"},"thumbnailUrl":"https:\/\/lepotentiel.bj\/wp-content\/uploads\/2026\/08\/IMG-20260811-WA0176.jpg","articleSection":["Actualit\u00e9","International"],"inLanguage":"fr-FR","potentialAction":[{"@type":"CommentAction","name":"Comment","target":["https:\/\/lepotentiel.bj\/?p=86467#respond"]}]},{"@type":"WebPage","@id":"https:\/\/lepotentiel.bj\/?p=86467","url":"https:\/\/lepotentiel.bj\/?p=86467","name":"Sommet de l\u2019OTAN : Donald Trump quitte \u00e0 bord d\u2019un avion secret face aux menaces iraniennes - Le Potentiel","isPartOf":{"@id":"https:\/\/lepotentiel.bj\/#website"},"primaryImageOfPage":{"@id":"https:\/\/lepotentiel.bj\/?p=86467#primaryimage"},"image":{"@id":"https:\/\/lepotentiel.bj\/?p=86467#primaryimage"},"thumbnailUrl":"https:\/\/lepotentiel.bj\/wp-content\/uploads\/2026\/08\/IMG-20260811-WA0176.jpg","datePublished":"2026-08-11T15:25:10+00:00","breadcrumb":{"@id":"https:\/\/lepotentiel.bj\/?p=86467#breadcrumb"},"inLanguage":"fr-FR","potentialAction":[{"@type":"ReadAction","target":["https:\/\/lepotentiel.bj\/?p=86467"]}]},{"@type":"ImageObject","inLanguage":"fr-FR","@id":"https:\/\/lepotentiel.bj\/?p=86467#primaryimage","url":"https:\/\/lepotentiel.bj\/wp-content\/uploads\/2026\/08\/IMG-20260811-WA0176.jpg","contentUrl":"https:\/\/lepotentiel.bj\/wp-content\/uploads\/2026\/08\/IMG-20260811-WA0176.jpg","width":464,"height":261},{"@type":"BreadcrumbList","@id":"https:\/\/lepotentiel.bj\/?p=86467#breadcrumb","itemListElement":[{"@type":"ListItem","position":1,"name":"Accueil","item":"https:\/\/lepotentiel.bj\/"},{"@type":"ListItem","position":2,"name":"Sommet de l\u2019OTAN : Donald Trump quitte \u00e0 bord d\u2019un avion secret face aux menaces iraniennes"}]},{"@type":"WebSite","@id":"https:\/\/lepotentiel.bj\/#website","url":"https:\/\/lepotentiel.bj\/","name":"Le Potentiel","description":"Le Potentiel, au service de l\u2019information, nous sommes les fantassins du droit de savoir","publisher":{"@id":"https:\/\/lepotentiel.bj\/#organization"},"potentialAction":[{"@type":"SearchAction","target":{"@type":"EntryPoint","urlTemplate":"https:\/\/lepotentiel.bj\/?s={search_term_string}"},"query-input":{"@type":"PropertyValueSpecification","valueRequired":true,"valueName":"search_term_string"}}],"inLanguage":"fr-FR"},{"@type":"Organization","@id":"https:\/\/lepotentiel.bj\/#organization","name":"Le Potentiel","url":"https:\/\/lepotentiel.bj\/","logo":{"@type":"ImageObject","inLanguage":"fr-FR","@id":"https:\/\/lepotentiel.bj\/#\/schema\/logo\/image\/","url":"https:\/\/lepotentiel.bj\/wp-content\/uploads\/2023\/12\/logo-pot.jpg","contentUrl":"https:\/\/lepotentiel.bj\/wp-content\/uploads\/2023\/12\/logo-pot.jpg","width":562,"height":84,"caption":"Le Potentiel"},"image":{"@id":"https:\/\/lepotentiel.bj\/#\/schema\/logo\/image\/"}},{"@type":"Person","@id":"https:\/\/lepotentiel.bj\/#\/schema\/person\/001def78e1eafec4b5733ea184d49dd0","name":"Laura","image":{"@type":"ImageObject","inLanguage":"fr-FR","@id":"https:\/\/secure.gravatar.com\/avatar\/46e54a01dd5785f370a6c40e9cfe54ebcfd939154e6505072fe15421c0d32893?s=96&d=mm&r=g","url":"https:\/\/secure.gravatar.com\/avatar\/46e54a01dd5785f370a6c40e9cfe54ebcfd939154e6505072fe15421c0d32893?s=96&d=mm&r=g","contentUrl":"https:\/\/secure.gravatar.com\/avatar\/46e54a01dd5785f370a6c40e9cfe54ebcfd939154e6505072fe15421c0d32893?s=96&d=mm&r=g","caption":"Laura"},"url":"https:\/\/lepotentiel.bj\/?author=18"}]}},"_links":{"self":[{"href":"https:\/\/lepotentiel.bj\/index.php?rest_route=\/wp\/v2\/posts\/86467","targetHints":{"allow":["GET"]}}],"collection":[{"href":"https:\/\/lepotentiel.bj\/index.php?rest_route=\/wp\/v2\/posts"}],"about":[{"href":"https:\/\/lepotentiel.bj\/index.php?rest_route=\/wp\/v2\/types\/post"}],"author":[{"embeddable":true,"href":"https:\/\/lepotentiel.bj\/index.php?rest_route=\/wp\/v2\/users\/18"}],"replies":[{"embeddable":true,"href":"https:\/\/lepotentiel.bj\/index.php?rest_route=%2Fwp%2Fv2%2Fcomments&post=86467"}],"version-history":[{"count":1,"href":"https:\/\/lepotentiel.bj\/index.php?rest_route=\/wp\/v2\/posts\/86467\/revisions"}],"predecessor-version":[{"id":86469,"href":"https:\/\/lepotentiel.bj\/index.php?rest_route=\/wp\/v2\/posts\/86467\/revisions\/86469"}],"wp:featuredmedia":[{"embeddable":true,"href":"https:\/\/lepotentiel.bj\/index.php?rest_route=\/wp\/v2\/media\/86468"}],"wp:attachment":[{"href":"https:\/\/lepotentiel.bj\/index.php?rest_route=%2Fwp%2Fv2%2Fmedia&parent=86467"}],"wp:term":[{"taxonomy":"category","embeddable":true,"href":"https:\/\/lepotentiel.bj\/index.php?rest_route=%2Fwp%2Fv2%2Fcategories&post=86467"},{"taxonomy":"post_tag","embeddable":true,"href":"https:\/\/lepotentiel.bj\/index.php?rest_route=%2Fwp%2Fv2%2Ftags&post=86467"}],"curies":[{"name":"wp","href":"https:\/\/api.w.org\/{rel}","templated":true}]}}