{"id":87270,"date":"2026-08-31T23:26:26","date_gmt":"2026-08-31T21:26:26","guid":{"rendered":"https:\/\/lepotentiel.bj\/?p=87270"},"modified":"2026-08-31T23:26:26","modified_gmt":"2026-08-31T21:26:26","slug":"21e-session-extraordinaire-de-la-conference-des-chefs-detat-de-lua-le-benin-reaffirme-son-engagement-pour-la-paix-et-la-stabilite-sur-le-continent","status":"publish","type":"post","link":"https:\/\/lepotentiel.bj\/?p=87270","title":{"rendered":"21e session extraordinaire de la Conf\u00e9rence des chefs d&rsquo;\u00c9tat de l&rsquo;UA : le B\u00e9nin r\u00e9affirme son engagement pour la paix et la stabilit\u00e9 sur le continent"},"content":{"rendered":"<p style=\"text-align: justify;\">Le B\u00e9nin a une fois encore r\u00e9affirm\u00e9 son engagement en faveur de la paix et de la s\u00e9curit\u00e9 sur le continent africain lors d&rsquo;une grande rencontre qui s&rsquo;est tenue en Angola. En effet, le pays a particip\u00e9 ce dimanche 30 Ao\u00fbt 2026 \u00e0 Luanda, \u00e0 la 26e session extraordinaire du Conseil ex\u00e9cutif ainsi qu\u2019\u00e0 la 21e session extraordinaire de la Conf\u00e9rence des chefs d\u2019\u00c9tat et de gouvernement de l\u2019Union africaine (UA).<\/p>\n<p style=\"text-align: justify;\">Ces rencontres au sommet ont \u00e9t\u00e9 consacr\u00e9es au renforcement des m\u00e9canismes africains de pr\u00e9vention, de gestion et de r\u00e9solution des conflits, dans un contexte marqu\u00e9 par plusieurs d\u00e9fis s\u00e9curitaires sur le continent.<\/p>\n<p style=\"text-align: justify;\">La ministre des Affaires \u00e9trang\u00e8res, Corinne Amori Brunet, qui portait la voix du B\u00e9nin \u00e0 ces sessions, a r\u00e9affirm\u00e9 la volont\u00e9 de son pays, de contribuer activement aux initiatives continentales en faveur de la stabilit\u00e9.<\/p>\n<p style=\"text-align: justify;\">Cette participation intervient \u00e0 quelques jours de la pr\u00e9sidence tournante du Conseil de paix et de s\u00e9curit\u00e9 de l\u2019UA, que le B\u00e9nin assumera en septembre 2026.<\/p>\n<p style=\"text-align: justify;\">\nL.T.<\/p>\n","protected":false},"excerpt":{"rendered":"<p>Le B\u00e9nin a une fois encore r\u00e9affirm\u00e9 son engagement en faveur de la paix et de la s\u00e9curit\u00e9 sur le continent africain lors d&rsquo;une grande rencontre qui s&rsquo;est tenue en Angola. En effet, le pays a particip\u00e9 ce dimanche 30 Ao\u00fbt 2026 \u00e0 Luanda, \u00e0 la 26e session extraordinaire du Conseil ex\u00e9cutif ainsi qu\u2019\u00e0 la [&hellip;]<\/p>\n","protected":false},"author":5,"featured_media":87271,"comment_status":"open","ping_status":"open","sticky":false,"template":"","format":"standard","meta":{"footnotes":""},"categories":[34],"tags":[23032,2486,16310,23033,3669],"class_list":["post-87270","post","type-post","status-publish","format-standard","has-post-thumbnail","hentry","category-actualite","tag-21e-session-extraordinaire","tag-chefs-detat","tag-corinne-amori-brunet","tag-paix-et-stabilite","tag-union-africaine"],"yoast_head":"<!-- This site is optimized with the Yoast SEO plugin v28.2 - https:\/\/yoast.com\/product\/yoast-seo-wordpress\/ -->\n<title>21e session extraordinaire de la Conf\u00e9rence des chefs d&#039;\u00c9tat de l&#039;UA : le B\u00e9nin r\u00e9affirme son engagement pour la paix et la stabilit\u00e9 sur le continent - Le Potentiel<\/title>\n<meta name=\"robots\" content=\"index, follow, max-snippet:-1, max-image-preview:large, max-video-preview:-1\" \/>\n<link rel=\"canonical\" href=\"https:\/\/lepotentiel.bj\/?p=87270\" \/>\n<meta property=\"og:locale\" content=\"fr_FR\" \/>\n<meta property=\"og:type\" content=\"article\" \/>\n<meta property=\"og:title\" content=\"21e session extraordinaire de la Conf\u00e9rence des chefs d&#039;\u00c9tat de l&#039;UA : le B\u00e9nin r\u00e9affirme son engagement pour la paix et la stabilit\u00e9 sur le continent - Le Potentiel\" \/>\n<meta property=\"og:description\" content=\"Le B\u00e9nin a une fois encore r\u00e9affirm\u00e9 son engagement en faveur de la paix et de la s\u00e9curit\u00e9 sur le continent africain lors d&rsquo;une grande rencontre qui s&rsquo;est tenue en Angola. En effet, le pays a particip\u00e9 ce dimanche 30 Ao\u00fbt 2026 \u00e0 Luanda, \u00e0 la 26e session extraordinaire du Conseil ex\u00e9cutif ainsi qu\u2019\u00e0 la [&hellip;]\" \/>\n<meta property=\"og:url\" content=\"https:\/\/lepotentiel.bj\/?p=87270\" \/>\n<meta property=\"og:site_name\" content=\"Le Potentiel\" \/>\n<meta property=\"article:published_time\" content=\"2026-08-31T21:26:26+00:00\" \/>\n<meta property=\"og:image\" content=\"https:\/\/lepotentiel.bj\/wp-content\/uploads\/2026\/08\/FB_IMG_1788210211847.jpg\" \/>\n\t<meta property=\"og:image:width\" content=\"2048\" \/>\n\t<meta property=\"og:image:height\" content=\"1365\" \/>\n\t<meta property=\"og:image:type\" content=\"image\/jpeg\" \/>\n<meta name=\"author\" content=\"Le Potentiel\" \/>\n<meta name=\"twitter:card\" content=\"summary_large_image\" \/>\n<meta name=\"twitter:label1\" content=\"\u00c9crit par\" \/>\n\t<meta name=\"twitter:data1\" content=\"Le Potentiel\" \/>\n\t<meta name=\"twitter:label2\" content=\"Dur\u00e9e de lecture estim\u00e9e\" \/>\n\t<meta name=\"twitter:data2\" content=\"2 minutes\" \/>\n<script type=\"application\/ld+json\" class=\"yoast-schema-graph\">{\"@context\":\"https:\\\/\\\/schema.org\",\"@graph\":[{\"@type\":\"Article\",\"@id\":\"https:\\\/\\\/lepotentiel.bj\\\/?p=87270#article\",\"isPartOf\":{\"@id\":\"https:\\\/\\\/lepotentiel.bj\\\/?p=87270\"},\"author\":{\"name\":\"Le Potentiel\",\"@id\":\"https:\\\/\\\/lepotentiel.bj\\\/#\\\/schema\\\/person\\\/cb15d8bafe79d5fa11fb582bc3b19933\"},\"headline\":\"21e session extraordinaire de la Conf\u00e9rence des chefs d&rsquo;\u00c9tat de l&rsquo;UA : le B\u00e9nin r\u00e9affirme son engagement pour la paix et la stabilit\u00e9 sur le continent\",\"datePublished\":\"2026-08-31T21:26:26+00:00\",\"mainEntityOfPage\":{\"@id\":\"https:\\\/\\\/lepotentiel.bj\\\/?p=87270\"},\"wordCount\":209,\"commentCount\":0,\"publisher\":{\"@id\":\"https:\\\/\\\/lepotentiel.bj\\\/#organization\"},\"image\":{\"@id\":\"https:\\\/\\\/lepotentiel.bj\\\/?p=87270#primaryimage\"},\"thumbnailUrl\":\"https:\\\/\\\/lepotentiel.bj\\\/wp-content\\\/uploads\\\/2026\\\/08\\\/FB_IMG_1788210211847.jpg\",\"keywords\":[\"21e session extraordinaire\",\"chefs d'\u00c9tat\",\"Corinne Amori Brunet\",\"paix et stabilit\u00e9\",\"Union Africaine\"],\"articleSection\":[\"Actualit\u00e9\"],\"inLanguage\":\"fr-FR\",\"potentialAction\":[{\"@type\":\"CommentAction\",\"name\":\"Comment\",\"target\":[\"https:\\\/\\\/lepotentiel.bj\\\/?p=87270#respond\"]}]},{\"@type\":\"WebPage\",\"@id\":\"https:\\\/\\\/lepotentiel.bj\\\/?p=87270\",\"url\":\"https:\\\/\\\/lepotentiel.bj\\\/?p=87270\",\"name\":\"21e session extraordinaire de la Conf\u00e9rence des chefs d'\u00c9tat de l'UA : le B\u00e9nin r\u00e9affirme son engagement pour la paix et la stabilit\u00e9 sur le continent - Le Potentiel\",\"isPartOf\":{\"@id\":\"https:\\\/\\\/lepotentiel.bj\\\/#website\"},\"primaryImageOfPage\":{\"@id\":\"https:\\\/\\\/lepotentiel.bj\\\/?p=87270#primaryimage\"},\"image\":{\"@id\":\"https:\\\/\\\/lepotentiel.bj\\\/?p=87270#primaryimage\"},\"thumbnailUrl\":\"https:\\\/\\\/lepotentiel.bj\\\/wp-content\\\/uploads\\\/2026\\\/08\\\/FB_IMG_1788210211847.jpg\",\"datePublished\":\"2026-08-31T21:26:26+00:00\",\"breadcrumb\":{\"@id\":\"https:\\\/\\\/lepotentiel.bj\\\/?p=87270#breadcrumb\"},\"inLanguage\":\"fr-FR\",\"potentialAction\":[{\"@type\":\"ReadAction\",\"target\":[\"https:\\\/\\\/lepotentiel.bj\\\/?p=87270\"]}]},{\"@type\":\"ImageObject\",\"inLanguage\":\"fr-FR\",\"@id\":\"https:\\\/\\\/lepotentiel.bj\\\/?p=87270#primaryimage\",\"url\":\"https:\\\/\\\/lepotentiel.bj\\\/wp-content\\\/uploads\\\/2026\\\/08\\\/FB_IMG_1788210211847.jpg\",\"contentUrl\":\"https:\\\/\\\/lepotentiel.bj\\\/wp-content\\\/uploads\\\/2026\\\/08\\\/FB_IMG_1788210211847.jpg\",\"width\":2048,\"height\":1365},{\"@type\":\"BreadcrumbList\",\"@id\":\"https:\\\/\\\/lepotentiel.bj\\\/?p=87270#breadcrumb\",\"itemListElement\":[{\"@type\":\"ListItem\",\"position\":1,\"name\":\"Accueil\",\"item\":\"https:\\\/\\\/lepotentiel.bj\\\/\"},{\"@type\":\"ListItem\",\"position\":2,\"name\":\"21e session extraordinaire de la Conf\u00e9rence des chefs d&rsquo;\u00c9tat de l&rsquo;UA : le B\u00e9nin r\u00e9affirme son engagement pour la paix et la stabilit\u00e9 sur le continent\"}]},{\"@type\":\"WebSite\",\"@id\":\"https:\\\/\\\/lepotentiel.bj\\\/#website\",\"url\":\"https:\\\/\\\/lepotentiel.bj\\\/\",\"name\":\"Le Potentiel\",\"description\":\"Le Potentiel, au service de l\u2019information, nous sommes les fantassins du droit de savoir\",\"publisher\":{\"@id\":\"https:\\\/\\\/lepotentiel.bj\\\/#organization\"},\"potentialAction\":[{\"@type\":\"SearchAction\",\"target\":{\"@type\":\"EntryPoint\",\"urlTemplate\":\"https:\\\/\\\/lepotentiel.bj\\\/?s={search_term_string}\"},\"query-input\":{\"@type\":\"PropertyValueSpecification\",\"valueRequired\":true,\"valueName\":\"search_term_string\"}}],\"inLanguage\":\"fr-FR\"},{\"@type\":\"Organization\",\"@id\":\"https:\\\/\\\/lepotentiel.bj\\\/#organization\",\"name\":\"Le Potentiel\",\"url\":\"https:\\\/\\\/lepotentiel.bj\\\/\",\"logo\":{\"@type\":\"ImageObject\",\"inLanguage\":\"fr-FR\",\"@id\":\"https:\\\/\\\/lepotentiel.bj\\\/#\\\/schema\\\/logo\\\/image\\\/\",\"url\":\"https:\\\/\\\/lepotentiel.bj\\\/wp-content\\\/uploads\\\/2023\\\/12\\\/logo-pot.jpg\",\"contentUrl\":\"https:\\\/\\\/lepotentiel.bj\\\/wp-content\\\/uploads\\\/2023\\\/12\\\/logo-pot.jpg\",\"width\":562,\"height\":84,\"caption\":\"Le Potentiel\"},\"image\":{\"@id\":\"https:\\\/\\\/lepotentiel.bj\\\/#\\\/schema\\\/logo\\\/image\\\/\"}},{\"@type\":\"Person\",\"@id\":\"https:\\\/\\\/lepotentiel.bj\\\/#\\\/schema\\\/person\\\/cb15d8bafe79d5fa11fb582bc3b19933\",\"name\":\"Le Potentiel\",\"image\":{\"@type\":\"ImageObject\",\"inLanguage\":\"fr-FR\",\"@id\":\"https:\\\/\\\/secure.gravatar.com\\\/avatar\\\/e995068ee8869823619e38dfe44b1eea0056624289dbcce435f70fef3411808d?s=96&d=mm&r=g\",\"url\":\"https:\\\/\\\/secure.gravatar.com\\\/avatar\\\/e995068ee8869823619e38dfe44b1eea0056624289dbcce435f70fef3411808d?s=96&d=mm&r=g\",\"contentUrl\":\"https:\\\/\\\/secure.gravatar.com\\\/avatar\\\/e995068ee8869823619e38dfe44b1eea0056624289dbcce435f70fef3411808d?s=96&d=mm&r=g\",\"caption\":\"Le Potentiel\"},\"url\":\"https:\\\/\\\/lepotentiel.bj\\\/?author=5\"}]}<\/script>\n<!-- \/ Yoast SEO plugin. -->","yoast_head_json":{"title":"21e session extraordinaire de la Conf\u00e9rence des chefs d'\u00c9tat de l'UA : le B\u00e9nin r\u00e9affirme son engagement pour la paix et la stabilit\u00e9 sur le continent - Le Potentiel","robots":{"index":"index","follow":"follow","max-snippet":"max-snippet:-1","max-image-preview":"max-image-preview:large","max-video-preview":"max-video-preview:-1"},"canonical":"https:\/\/lepotentiel.bj\/?p=87270","og_locale":"fr_FR","og_type":"article","og_title":"21e session extraordinaire de la Conf\u00e9rence des chefs d'\u00c9tat de l'UA : le B\u00e9nin r\u00e9affirme son engagement pour la paix et la stabilit\u00e9 sur le continent - Le Potentiel","og_description":"Le B\u00e9nin a une fois encore r\u00e9affirm\u00e9 son engagement en faveur de la paix et de la s\u00e9curit\u00e9 sur le continent africain lors d&rsquo;une grande rencontre qui s&rsquo;est tenue en Angola. En effet, le pays a particip\u00e9 ce dimanche 30 Ao\u00fbt 2026 \u00e0 Luanda, \u00e0 la 26e session extraordinaire du Conseil ex\u00e9cutif ainsi qu\u2019\u00e0 la [&hellip;]","og_url":"https:\/\/lepotentiel.bj\/?p=87270","og_site_name":"Le Potentiel","article_published_time":"2026-08-31T21:26:26+00:00","og_image":[{"width":2048,"height":1365,"url":"https:\/\/lepotentiel.bj\/wp-content\/uploads\/2026\/08\/FB_IMG_1788210211847.jpg","type":"image\/jpeg"}],"author":"Le Potentiel","twitter_card":"summary_large_image","twitter_misc":{"\u00c9crit par":"Le Potentiel","Dur\u00e9e de lecture estim\u00e9e":"2 minutes"},"schema":{"@context":"https:\/\/schema.org","@graph":[{"@type":"Article","@id":"https:\/\/lepotentiel.bj\/?p=87270#article","isPartOf":{"@id":"https:\/\/lepotentiel.bj\/?p=87270"},"author":{"name":"Le Potentiel","@id":"https:\/\/lepotentiel.bj\/#\/schema\/person\/cb15d8bafe79d5fa11fb582bc3b19933"},"headline":"21e session extraordinaire de la Conf\u00e9rence des chefs d&rsquo;\u00c9tat de l&rsquo;UA : le B\u00e9nin r\u00e9affirme son engagement pour la paix et la stabilit\u00e9 sur le continent","datePublished":"2026-08-31T21:26:26+00:00","mainEntityOfPage":{"@id":"https:\/\/lepotentiel.bj\/?p=87270"},"wordCount":209,"commentCount":0,"publisher":{"@id":"https:\/\/lepotentiel.bj\/#organization"},"image":{"@id":"https:\/\/lepotentiel.bj\/?p=87270#primaryimage"},"thumbnailUrl":"https:\/\/lepotentiel.bj\/wp-content\/uploads\/2026\/08\/FB_IMG_1788210211847.jpg","keywords":["21e session extraordinaire","chefs d'\u00c9tat","Corinne Amori Brunet","paix et stabilit\u00e9","Union Africaine"],"articleSection":["Actualit\u00e9"],"inLanguage":"fr-FR","potentialAction":[{"@type":"CommentAction","name":"Comment","target":["https:\/\/lepotentiel.bj\/?p=87270#respond"]}]},{"@type":"WebPage","@id":"https:\/\/lepotentiel.bj\/?p=87270","url":"https:\/\/lepotentiel.bj\/?p=87270","name":"21e session extraordinaire de la Conf\u00e9rence des chefs d'\u00c9tat de l'UA : le B\u00e9nin r\u00e9affirme son engagement pour la paix et la stabilit\u00e9 sur le continent - Le Potentiel","isPartOf":{"@id":"https:\/\/lepotentiel.bj\/#website"},"primaryImageOfPage":{"@id":"https:\/\/lepotentiel.bj\/?p=87270#primaryimage"},"image":{"@id":"https:\/\/lepotentiel.bj\/?p=87270#primaryimage"},"thumbnailUrl":"https:\/\/lepotentiel.bj\/wp-content\/uploads\/2026\/08\/FB_IMG_1788210211847.jpg","datePublished":"2026-08-31T21:26:26+00:00","breadcrumb":{"@id":"https:\/\/lepotentiel.bj\/?p=87270#breadcrumb"},"inLanguage":"fr-FR","potentialAction":[{"@type":"ReadAction","target":["https:\/\/lepotentiel.bj\/?p=87270"]}]},{"@type":"ImageObject","inLanguage":"fr-FR","@id":"https:\/\/lepotentiel.bj\/?p=87270#primaryimage","url":"https:\/\/lepotentiel.bj\/wp-content\/uploads\/2026\/08\/FB_IMG_1788210211847.jpg","contentUrl":"https:\/\/lepotentiel.bj\/wp-content\/uploads\/2026\/08\/FB_IMG_1788210211847.jpg","width":2048,"height":1365},{"@type":"BreadcrumbList","@id":"https:\/\/lepotentiel.bj\/?p=87270#breadcrumb","itemListElement":[{"@type":"ListItem","position":1,"name":"Accueil","item":"https:\/\/lepotentiel.bj\/"},{"@type":"ListItem","position":2,"name":"21e session extraordinaire de la Conf\u00e9rence des chefs d&rsquo;\u00c9tat de l&rsquo;UA : le B\u00e9nin r\u00e9affirme son engagement pour la paix et la stabilit\u00e9 sur le continent"}]},{"@type":"WebSite","@id":"https:\/\/lepotentiel.bj\/#website","url":"https:\/\/lepotentiel.bj\/","name":"Le Potentiel","description":"Le Potentiel, au service de l\u2019information, nous sommes les fantassins du droit de savoir","publisher":{"@id":"https:\/\/lepotentiel.bj\/#organization"},"potentialAction":[{"@type":"SearchAction","target":{"@type":"EntryPoint","urlTemplate":"https:\/\/lepotentiel.bj\/?s={search_term_string}"},"query-input":{"@type":"PropertyValueSpecification","valueRequired":true,"valueName":"search_term_string"}}],"inLanguage":"fr-FR"},{"@type":"Organization","@id":"https:\/\/lepotentiel.bj\/#organization","name":"Le Potentiel","url":"https:\/\/lepotentiel.bj\/","logo":{"@type":"ImageObject","inLanguage":"fr-FR","@id":"https:\/\/lepotentiel.bj\/#\/schema\/logo\/image\/","url":"https:\/\/lepotentiel.bj\/wp-content\/uploads\/2023\/12\/logo-pot.jpg","contentUrl":"https:\/\/lepotentiel.bj\/wp-content\/uploads\/2023\/12\/logo-pot.jpg","width":562,"height":84,"caption":"Le Potentiel"},"image":{"@id":"https:\/\/lepotentiel.bj\/#\/schema\/logo\/image\/"}},{"@type":"Person","@id":"https:\/\/lepotentiel.bj\/#\/schema\/person\/cb15d8bafe79d5fa11fb582bc3b19933","name":"Le Potentiel","image":{"@type":"ImageObject","inLanguage":"fr-FR","@id":"https:\/\/secure.gravatar.com\/avatar\/e995068ee8869823619e38dfe44b1eea0056624289dbcce435f70fef3411808d?s=96&d=mm&r=g","url":"https:\/\/secure.gravatar.com\/avatar\/e995068ee8869823619e38dfe44b1eea0056624289dbcce435f70fef3411808d?s=96&d=mm&r=g","contentUrl":"https:\/\/secure.gravatar.com\/avatar\/e995068ee8869823619e38dfe44b1eea0056624289dbcce435f70fef3411808d?s=96&d=mm&r=g","caption":"Le Potentiel"},"url":"https:\/\/lepotentiel.bj\/?author=5"}]}},"_links":{"self":[{"href":"https:\/\/lepotentiel.bj\/index.php?rest_route=\/wp\/v2\/posts\/87270","targetHints":{"allow":["GET"]}}],"collection":[{"href":"https:\/\/lepotentiel.bj\/index.php?rest_route=\/wp\/v2\/posts"}],"about":[{"href":"https:\/\/lepotentiel.bj\/index.php?rest_route=\/wp\/v2\/types\/post"}],"author":[{"embeddable":true,"href":"https:\/\/lepotentiel.bj\/index.php?rest_route=\/wp\/v2\/users\/5"}],"replies":[{"embeddable":true,"href":"https:\/\/lepotentiel.bj\/index.php?rest_route=%2Fwp%2Fv2%2Fcomments&post=87270"}],"version-history":[{"count":1,"href":"https:\/\/lepotentiel.bj\/index.php?rest_route=\/wp\/v2\/posts\/87270\/revisions"}],"predecessor-version":[{"id":87272,"href":"https:\/\/lepotentiel.bj\/index.php?rest_route=\/wp\/v2\/posts\/87270\/revisions\/87272"}],"wp:featuredmedia":[{"embeddable":true,"href":"https:\/\/lepotentiel.bj\/index.php?rest_route=\/wp\/v2\/media\/87271"}],"wp:attachment":[{"href":"https:\/\/lepotentiel.bj\/index.php?rest_route=%2Fwp%2Fv2%2Fmedia&parent=87270"}],"wp:term":[{"taxonomy":"category","embeddable":true,"href":"https:\/\/lepotentiel.bj\/index.php?rest_route=%2Fwp%2Fv2%2Fcategories&post=87270"},{"taxonomy":"post_tag","embeddable":true,"href":"https:\/\/lepotentiel.bj\/index.php?rest_route=%2Fwp%2Fv2%2Ftags&post=87270"}],"curies":[{"name":"wp","href":"https:\/\/api.w.org\/{rel}","templated":true}]}}