{"id":87281,"date":"2026-09-01T12:29:54","date_gmt":"2026-09-01T10:29:54","guid":{"rendered":"https:\/\/lepotentiel.bj\/?p=87281"},"modified":"2026-09-01T12:29:54","modified_gmt":"2026-09-01T10:29:54","slug":"niger-apres-la-mutinerie-du-29-aout-tiani-assure-le-retour-au-calme","status":"publish","type":"post","link":"https:\/\/lepotentiel.bj\/?p=87281","title":{"rendered":"Niger: Apr\u00e8s la mutinerie du 29 ao\u00fbt, Tiani assure le retour au calme"},"content":{"rendered":"<p style=\"text-align: justify;\">La situation semble revenue au calme \u00e0 Niamey, selon les autorit\u00e9s nig\u00e9riennes. Lors d\u2019un entretien t\u00e9l\u00e9phonique avec le pr\u00e9sident alg\u00e9rien Abdelmadjid Tebboune, le chef de l\u2019\u00c9tat nig\u00e9rien Abdourahamane Tiani a affirm\u00e9 que l\u2019ordre \u00e9tait r\u00e9tabli apr\u00e8s la mutinerie survenue dans la capitale.<\/p>\n<p style=\"text-align: justify;\">\n<p style=\"text-align: justify;\">L\u2019appel est intervenu trois jours apr\u00e8s les \u00e9v\u00e9nements de la nuit du 28 au 29 ao\u00fbt. Selon les informations communiqu\u00e9es, un groupe de soldats dissidents avait attaqu\u00e9 la base a\u00e9rienne 101 ainsi que plusieurs secteurs sensibles de Niamey, plus pr\u00e9cis\u00e9ment les environs de l\u2019a\u00e9roport international Diori Hamani et du palais pr\u00e9sidentiel. Des tirs et des explosions avaient \u00e9t\u00e9 entendus pendant plusieurs heures. Les forces rest\u00e9es loyales au pouvoir ont finalement repris le contr\u00f4le des sites concern\u00e9s. Plusieurs dizaines de militaires auraient ensuite \u00e9t\u00e9 arr\u00eat\u00e9s apr\u00e8s s\u2019\u00eatre retranch\u00e9s dans le secteur de l\u2019a\u00e9roport.<\/p>\n<p style=\"text-align: justify;\">\n<p style=\"text-align: justify;\"><strong>Le soutien d\u2019Alger \u00e0 Niamey<\/strong><\/p>\n<p style=\"text-align: justify;\">\n<p style=\"text-align: justify;\">Au cours de leur \u00e9change, Abdelmadjid Tebboune a f\u00e9licit\u00e9 Abdourahamane Tiani pour les efforts ayant permis, selon la pr\u00e9sidence alg\u00e9rienne, de d\u00e9jouer cette tentative de d\u00e9stabilisation. Le pr\u00e9sident alg\u00e9rien a \u00e9galement r\u00e9affirm\u00e9 la disponibilit\u00e9 de son pays \u00e0 soutenir le Niger et ses institutions.<\/p>\n<p style=\"text-align: justify;\">\n<p style=\"text-align: justify;\">De son c\u00f4t\u00e9, Tiani a remerci\u00e9 l\u2019Alg\u00e9rie pour son soutien. Les deux pr\u00e9sidents ont \u00e9galement \u00e9voqu\u00e9 plusieurs dossiers de coop\u00e9ration entre leurs pays, tels que la s\u00e9curit\u00e9 aux fronti\u00e8res et la lutte contre le terrorisme.<\/p>\n<p style=\"text-align: justify;\">\n<p style=\"text-align: justify;\"><strong>Des interrogations encore sans r\u00e9ponse<\/strong><\/p>\n<p style=\"text-align: justify;\">\n<p style=\"text-align: justify;\">Si Niamey assure d\u00e9sormais ma\u00eetriser la situation, plusieurs questions restent en suspens. Les autorit\u00e9s nig\u00e9riennes n\u2019ont pas encore communiqu\u00e9 l\u2019identit\u00e9 pr\u00e9cise des militaires impliqu\u00e9s ni leurs motivations. Aucun bilan d\u00e9taill\u00e9 de l\u2019op\u00e9ration men\u00e9e pour reprendre le contr\u00f4le des sites attaqu\u00e9s n\u2019a \u00e9galement \u00e9t\u00e9 rendu public. L\u2019Alliance des \u00c9tats du Sahel (AES), r\u00e9unissant le Niger, le Mali et le Burkina Faso, avait condamn\u00e9 d\u00e8s le samedi 29 ao\u00fbt ce qu\u2019elle a qualifi\u00e9 de \u00ab trahison par un groupe de soldats \u00bb. Elle avait salu\u00e9 la r\u00e9action des forces de d\u00e9fense nig\u00e9riennes et appel\u00e9 les populations \u00e0 rester vigilantes face aux risques de d\u00e9sinformation.<\/p>\n<p style=\"text-align: justify;\">\n<p style=\"text-align: justify;\"><strong>Laura LEKE<\/strong><\/p>\n","protected":false},"excerpt":{"rendered":"<p>La situation semble revenue au calme \u00e0 Niamey, selon les autorit\u00e9s nig\u00e9riennes. Lors d\u2019un entretien t\u00e9l\u00e9phonique avec le pr\u00e9sident alg\u00e9rien Abdelmadjid Tebboune, le chef de l\u2019\u00c9tat nig\u00e9rien Abdourahamane Tiani a affirm\u00e9 que l\u2019ordre \u00e9tait r\u00e9tabli apr\u00e8s la mutinerie survenue dans la capitale. L\u2019appel est intervenu trois jours apr\u00e8s les \u00e9v\u00e9nements de la nuit du 28 [&hellip;]<\/p>\n","protected":false},"author":18,"featured_media":87282,"comment_status":"open","ping_status":"open","sticky":false,"template":"","format":"standard","meta":{"footnotes":""},"categories":[34],"tags":[],"class_list":["post-87281","post","type-post","status-publish","format-standard","has-post-thumbnail","hentry","category-actualite"],"yoast_head":"<!-- This site is optimized with the Yoast SEO plugin v28.2 - https:\/\/yoast.com\/product\/yoast-seo-wordpress\/ -->\n<title>Niger: Apr\u00e8s la mutinerie du 29 ao\u00fbt, Tiani assure le retour au calme - Le Potentiel<\/title>\n<meta name=\"robots\" content=\"index, follow, max-snippet:-1, max-image-preview:large, max-video-preview:-1\" \/>\n<link rel=\"canonical\" href=\"https:\/\/lepotentiel.bj\/?p=87281\" \/>\n<meta property=\"og:locale\" content=\"fr_FR\" \/>\n<meta property=\"og:type\" content=\"article\" \/>\n<meta property=\"og:title\" content=\"Niger: Apr\u00e8s la mutinerie du 29 ao\u00fbt, Tiani assure le retour au calme - Le Potentiel\" \/>\n<meta property=\"og:description\" content=\"La situation semble revenue au calme \u00e0 Niamey, selon les autorit\u00e9s nig\u00e9riennes. Lors d\u2019un entretien t\u00e9l\u00e9phonique avec le pr\u00e9sident alg\u00e9rien Abdelmadjid Tebboune, le chef de l\u2019\u00c9tat nig\u00e9rien Abdourahamane Tiani a affirm\u00e9 que l\u2019ordre \u00e9tait r\u00e9tabli apr\u00e8s la mutinerie survenue dans la capitale. L\u2019appel est intervenu trois jours apr\u00e8s les \u00e9v\u00e9nements de la nuit du 28 [&hellip;]\" \/>\n<meta property=\"og:url\" content=\"https:\/\/lepotentiel.bj\/?p=87281\" \/>\n<meta property=\"og:site_name\" content=\"Le Potentiel\" \/>\n<meta property=\"article:published_time\" content=\"2026-09-01T10:29:54+00:00\" \/>\n<meta property=\"og:image\" content=\"https:\/\/lepotentiel.bj\/wp-content\/uploads\/2026\/09\/15aa6ee0-89ab-11f1-a7ab-8b30adf0800a.jpg.webp\" \/>\n\t<meta property=\"og:image:width\" content=\"800\" \/>\n\t<meta property=\"og:image:height\" content=\"517\" \/>\n\t<meta property=\"og:image:type\" content=\"image\/webp\" \/>\n<meta name=\"author\" content=\"Laura\" \/>\n<meta name=\"twitter:card\" content=\"summary_large_image\" \/>\n<meta name=\"twitter:label1\" content=\"\u00c9crit par\" \/>\n\t<meta name=\"twitter:data1\" content=\"Laura\" \/>\n\t<meta name=\"twitter:label2\" content=\"Dur\u00e9e de lecture estim\u00e9e\" \/>\n\t<meta name=\"twitter:data2\" content=\"2 minutes\" \/>\n<script type=\"application\/ld+json\" class=\"yoast-schema-graph\">{\"@context\":\"https:\\\/\\\/schema.org\",\"@graph\":[{\"@type\":\"Article\",\"@id\":\"https:\\\/\\\/lepotentiel.bj\\\/?p=87281#article\",\"isPartOf\":{\"@id\":\"https:\\\/\\\/lepotentiel.bj\\\/?p=87281\"},\"author\":{\"name\":\"Laura\",\"@id\":\"https:\\\/\\\/lepotentiel.bj\\\/#\\\/schema\\\/person\\\/001def78e1eafec4b5733ea184d49dd0\"},\"headline\":\"Niger: Apr\u00e8s la mutinerie du 29 ao\u00fbt, Tiani assure le retour au calme\",\"datePublished\":\"2026-09-01T10:29:54+00:00\",\"mainEntityOfPage\":{\"@id\":\"https:\\\/\\\/lepotentiel.bj\\\/?p=87281\"},\"wordCount\":405,\"commentCount\":0,\"publisher\":{\"@id\":\"https:\\\/\\\/lepotentiel.bj\\\/#organization\"},\"image\":{\"@id\":\"https:\\\/\\\/lepotentiel.bj\\\/?p=87281#primaryimage\"},\"thumbnailUrl\":\"https:\\\/\\\/lepotentiel.bj\\\/wp-content\\\/uploads\\\/2026\\\/09\\\/15aa6ee0-89ab-11f1-a7ab-8b30adf0800a.jpg.webp\",\"articleSection\":[\"Actualit\u00e9\"],\"inLanguage\":\"fr-FR\",\"potentialAction\":[{\"@type\":\"CommentAction\",\"name\":\"Comment\",\"target\":[\"https:\\\/\\\/lepotentiel.bj\\\/?p=87281#respond\"]}]},{\"@type\":\"WebPage\",\"@id\":\"https:\\\/\\\/lepotentiel.bj\\\/?p=87281\",\"url\":\"https:\\\/\\\/lepotentiel.bj\\\/?p=87281\",\"name\":\"Niger: Apr\u00e8s la mutinerie du 29 ao\u00fbt, Tiani assure le retour au calme - Le Potentiel\",\"isPartOf\":{\"@id\":\"https:\\\/\\\/lepotentiel.bj\\\/#website\"},\"primaryImageOfPage\":{\"@id\":\"https:\\\/\\\/lepotentiel.bj\\\/?p=87281#primaryimage\"},\"image\":{\"@id\":\"https:\\\/\\\/lepotentiel.bj\\\/?p=87281#primaryimage\"},\"thumbnailUrl\":\"https:\\\/\\\/lepotentiel.bj\\\/wp-content\\\/uploads\\\/2026\\\/09\\\/15aa6ee0-89ab-11f1-a7ab-8b30adf0800a.jpg.webp\",\"datePublished\":\"2026-09-01T10:29:54+00:00\",\"breadcrumb\":{\"@id\":\"https:\\\/\\\/lepotentiel.bj\\\/?p=87281#breadcrumb\"},\"inLanguage\":\"fr-FR\",\"potentialAction\":[{\"@type\":\"ReadAction\",\"target\":[\"https:\\\/\\\/lepotentiel.bj\\\/?p=87281\"]}]},{\"@type\":\"ImageObject\",\"inLanguage\":\"fr-FR\",\"@id\":\"https:\\\/\\\/lepotentiel.bj\\\/?p=87281#primaryimage\",\"url\":\"https:\\\/\\\/lepotentiel.bj\\\/wp-content\\\/uploads\\\/2026\\\/09\\\/15aa6ee0-89ab-11f1-a7ab-8b30adf0800a.jpg.webp\",\"contentUrl\":\"https:\\\/\\\/lepotentiel.bj\\\/wp-content\\\/uploads\\\/2026\\\/09\\\/15aa6ee0-89ab-11f1-a7ab-8b30adf0800a.jpg.webp\",\"width\":800,\"height\":517},{\"@type\":\"BreadcrumbList\",\"@id\":\"https:\\\/\\\/lepotentiel.bj\\\/?p=87281#breadcrumb\",\"itemListElement\":[{\"@type\":\"ListItem\",\"position\":1,\"name\":\"Accueil\",\"item\":\"https:\\\/\\\/lepotentiel.bj\\\/\"},{\"@type\":\"ListItem\",\"position\":2,\"name\":\"Niger: Apr\u00e8s la mutinerie du 29 ao\u00fbt, Tiani assure le retour au calme\"}]},{\"@type\":\"WebSite\",\"@id\":\"https:\\\/\\\/lepotentiel.bj\\\/#website\",\"url\":\"https:\\\/\\\/lepotentiel.bj\\\/\",\"name\":\"Le Potentiel\",\"description\":\"Le Potentiel, au service de l\u2019information, nous sommes les fantassins du droit de savoir\",\"publisher\":{\"@id\":\"https:\\\/\\\/lepotentiel.bj\\\/#organization\"},\"potentialAction\":[{\"@type\":\"SearchAction\",\"target\":{\"@type\":\"EntryPoint\",\"urlTemplate\":\"https:\\\/\\\/lepotentiel.bj\\\/?s={search_term_string}\"},\"query-input\":{\"@type\":\"PropertyValueSpecification\",\"valueRequired\":true,\"valueName\":\"search_term_string\"}}],\"inLanguage\":\"fr-FR\"},{\"@type\":\"Organization\",\"@id\":\"https:\\\/\\\/lepotentiel.bj\\\/#organization\",\"name\":\"Le Potentiel\",\"url\":\"https:\\\/\\\/lepotentiel.bj\\\/\",\"logo\":{\"@type\":\"ImageObject\",\"inLanguage\":\"fr-FR\",\"@id\":\"https:\\\/\\\/lepotentiel.bj\\\/#\\\/schema\\\/logo\\\/image\\\/\",\"url\":\"https:\\\/\\\/lepotentiel.bj\\\/wp-content\\\/uploads\\\/2023\\\/12\\\/logo-pot.jpg\",\"contentUrl\":\"https:\\\/\\\/lepotentiel.bj\\\/wp-content\\\/uploads\\\/2023\\\/12\\\/logo-pot.jpg\",\"width\":562,\"height\":84,\"caption\":\"Le Potentiel\"},\"image\":{\"@id\":\"https:\\\/\\\/lepotentiel.bj\\\/#\\\/schema\\\/logo\\\/image\\\/\"}},{\"@type\":\"Person\",\"@id\":\"https:\\\/\\\/lepotentiel.bj\\\/#\\\/schema\\\/person\\\/001def78e1eafec4b5733ea184d49dd0\",\"name\":\"Laura\",\"image\":{\"@type\":\"ImageObject\",\"inLanguage\":\"fr-FR\",\"@id\":\"https:\\\/\\\/secure.gravatar.com\\\/avatar\\\/46e54a01dd5785f370a6c40e9cfe54ebcfd939154e6505072fe15421c0d32893?s=96&d=mm&r=g\",\"url\":\"https:\\\/\\\/secure.gravatar.com\\\/avatar\\\/46e54a01dd5785f370a6c40e9cfe54ebcfd939154e6505072fe15421c0d32893?s=96&d=mm&r=g\",\"contentUrl\":\"https:\\\/\\\/secure.gravatar.com\\\/avatar\\\/46e54a01dd5785f370a6c40e9cfe54ebcfd939154e6505072fe15421c0d32893?s=96&d=mm&r=g\",\"caption\":\"Laura\"},\"url\":\"https:\\\/\\\/lepotentiel.bj\\\/?author=18\"}]}<\/script>\n<!-- \/ Yoast SEO plugin. -->","yoast_head_json":{"title":"Niger: Apr\u00e8s la mutinerie du 29 ao\u00fbt, Tiani assure le retour au calme - Le Potentiel","robots":{"index":"index","follow":"follow","max-snippet":"max-snippet:-1","max-image-preview":"max-image-preview:large","max-video-preview":"max-video-preview:-1"},"canonical":"https:\/\/lepotentiel.bj\/?p=87281","og_locale":"fr_FR","og_type":"article","og_title":"Niger: Apr\u00e8s la mutinerie du 29 ao\u00fbt, Tiani assure le retour au calme - Le Potentiel","og_description":"La situation semble revenue au calme \u00e0 Niamey, selon les autorit\u00e9s nig\u00e9riennes. Lors d\u2019un entretien t\u00e9l\u00e9phonique avec le pr\u00e9sident alg\u00e9rien Abdelmadjid Tebboune, le chef de l\u2019\u00c9tat nig\u00e9rien Abdourahamane Tiani a affirm\u00e9 que l\u2019ordre \u00e9tait r\u00e9tabli apr\u00e8s la mutinerie survenue dans la capitale. L\u2019appel est intervenu trois jours apr\u00e8s les \u00e9v\u00e9nements de la nuit du 28 [&hellip;]","og_url":"https:\/\/lepotentiel.bj\/?p=87281","og_site_name":"Le Potentiel","article_published_time":"2026-09-01T10:29:54+00:00","og_image":[{"width":800,"height":517,"url":"https:\/\/lepotentiel.bj\/wp-content\/uploads\/2026\/09\/15aa6ee0-89ab-11f1-a7ab-8b30adf0800a.jpg.webp","type":"image\/webp"}],"author":"Laura","twitter_card":"summary_large_image","twitter_misc":{"\u00c9crit par":"Laura","Dur\u00e9e de lecture estim\u00e9e":"2 minutes"},"schema":{"@context":"https:\/\/schema.org","@graph":[{"@type":"Article","@id":"https:\/\/lepotentiel.bj\/?p=87281#article","isPartOf":{"@id":"https:\/\/lepotentiel.bj\/?p=87281"},"author":{"name":"Laura","@id":"https:\/\/lepotentiel.bj\/#\/schema\/person\/001def78e1eafec4b5733ea184d49dd0"},"headline":"Niger: Apr\u00e8s la mutinerie du 29 ao\u00fbt, Tiani assure le retour au calme","datePublished":"2026-09-01T10:29:54+00:00","mainEntityOfPage":{"@id":"https:\/\/lepotentiel.bj\/?p=87281"},"wordCount":405,"commentCount":0,"publisher":{"@id":"https:\/\/lepotentiel.bj\/#organization"},"image":{"@id":"https:\/\/lepotentiel.bj\/?p=87281#primaryimage"},"thumbnailUrl":"https:\/\/lepotentiel.bj\/wp-content\/uploads\/2026\/09\/15aa6ee0-89ab-11f1-a7ab-8b30adf0800a.jpg.webp","articleSection":["Actualit\u00e9"],"inLanguage":"fr-FR","potentialAction":[{"@type":"CommentAction","name":"Comment","target":["https:\/\/lepotentiel.bj\/?p=87281#respond"]}]},{"@type":"WebPage","@id":"https:\/\/lepotentiel.bj\/?p=87281","url":"https:\/\/lepotentiel.bj\/?p=87281","name":"Niger: Apr\u00e8s la mutinerie du 29 ao\u00fbt, Tiani assure le retour au calme - Le Potentiel","isPartOf":{"@id":"https:\/\/lepotentiel.bj\/#website"},"primaryImageOfPage":{"@id":"https:\/\/lepotentiel.bj\/?p=87281#primaryimage"},"image":{"@id":"https:\/\/lepotentiel.bj\/?p=87281#primaryimage"},"thumbnailUrl":"https:\/\/lepotentiel.bj\/wp-content\/uploads\/2026\/09\/15aa6ee0-89ab-11f1-a7ab-8b30adf0800a.jpg.webp","datePublished":"2026-09-01T10:29:54+00:00","breadcrumb":{"@id":"https:\/\/lepotentiel.bj\/?p=87281#breadcrumb"},"inLanguage":"fr-FR","potentialAction":[{"@type":"ReadAction","target":["https:\/\/lepotentiel.bj\/?p=87281"]}]},{"@type":"ImageObject","inLanguage":"fr-FR","@id":"https:\/\/lepotentiel.bj\/?p=87281#primaryimage","url":"https:\/\/lepotentiel.bj\/wp-content\/uploads\/2026\/09\/15aa6ee0-89ab-11f1-a7ab-8b30adf0800a.jpg.webp","contentUrl":"https:\/\/lepotentiel.bj\/wp-content\/uploads\/2026\/09\/15aa6ee0-89ab-11f1-a7ab-8b30adf0800a.jpg.webp","width":800,"height":517},{"@type":"BreadcrumbList","@id":"https:\/\/lepotentiel.bj\/?p=87281#breadcrumb","itemListElement":[{"@type":"ListItem","position":1,"name":"Accueil","item":"https:\/\/lepotentiel.bj\/"},{"@type":"ListItem","position":2,"name":"Niger: Apr\u00e8s la mutinerie du 29 ao\u00fbt, Tiani assure le retour au calme"}]},{"@type":"WebSite","@id":"https:\/\/lepotentiel.bj\/#website","url":"https:\/\/lepotentiel.bj\/","name":"Le Potentiel","description":"Le Potentiel, au service de l\u2019information, nous sommes les fantassins du droit de savoir","publisher":{"@id":"https:\/\/lepotentiel.bj\/#organization"},"potentialAction":[{"@type":"SearchAction","target":{"@type":"EntryPoint","urlTemplate":"https:\/\/lepotentiel.bj\/?s={search_term_string}"},"query-input":{"@type":"PropertyValueSpecification","valueRequired":true,"valueName":"search_term_string"}}],"inLanguage":"fr-FR"},{"@type":"Organization","@id":"https:\/\/lepotentiel.bj\/#organization","name":"Le Potentiel","url":"https:\/\/lepotentiel.bj\/","logo":{"@type":"ImageObject","inLanguage":"fr-FR","@id":"https:\/\/lepotentiel.bj\/#\/schema\/logo\/image\/","url":"https:\/\/lepotentiel.bj\/wp-content\/uploads\/2023\/12\/logo-pot.jpg","contentUrl":"https:\/\/lepotentiel.bj\/wp-content\/uploads\/2023\/12\/logo-pot.jpg","width":562,"height":84,"caption":"Le Potentiel"},"image":{"@id":"https:\/\/lepotentiel.bj\/#\/schema\/logo\/image\/"}},{"@type":"Person","@id":"https:\/\/lepotentiel.bj\/#\/schema\/person\/001def78e1eafec4b5733ea184d49dd0","name":"Laura","image":{"@type":"ImageObject","inLanguage":"fr-FR","@id":"https:\/\/secure.gravatar.com\/avatar\/46e54a01dd5785f370a6c40e9cfe54ebcfd939154e6505072fe15421c0d32893?s=96&d=mm&r=g","url":"https:\/\/secure.gravatar.com\/avatar\/46e54a01dd5785f370a6c40e9cfe54ebcfd939154e6505072fe15421c0d32893?s=96&d=mm&r=g","contentUrl":"https:\/\/secure.gravatar.com\/avatar\/46e54a01dd5785f370a6c40e9cfe54ebcfd939154e6505072fe15421c0d32893?s=96&d=mm&r=g","caption":"Laura"},"url":"https:\/\/lepotentiel.bj\/?author=18"}]}},"_links":{"self":[{"href":"https:\/\/lepotentiel.bj\/index.php?rest_route=\/wp\/v2\/posts\/87281","targetHints":{"allow":["GET"]}}],"collection":[{"href":"https:\/\/lepotentiel.bj\/index.php?rest_route=\/wp\/v2\/posts"}],"about":[{"href":"https:\/\/lepotentiel.bj\/index.php?rest_route=\/wp\/v2\/types\/post"}],"author":[{"embeddable":true,"href":"https:\/\/lepotentiel.bj\/index.php?rest_route=\/wp\/v2\/users\/18"}],"replies":[{"embeddable":true,"href":"https:\/\/lepotentiel.bj\/index.php?rest_route=%2Fwp%2Fv2%2Fcomments&post=87281"}],"version-history":[{"count":1,"href":"https:\/\/lepotentiel.bj\/index.php?rest_route=\/wp\/v2\/posts\/87281\/revisions"}],"predecessor-version":[{"id":87283,"href":"https:\/\/lepotentiel.bj\/index.php?rest_route=\/wp\/v2\/posts\/87281\/revisions\/87283"}],"wp:featuredmedia":[{"embeddable":true,"href":"https:\/\/lepotentiel.bj\/index.php?rest_route=\/wp\/v2\/media\/87282"}],"wp:attachment":[{"href":"https:\/\/lepotentiel.bj\/index.php?rest_route=%2Fwp%2Fv2%2Fmedia&parent=87281"}],"wp:term":[{"taxonomy":"category","embeddable":true,"href":"https:\/\/lepotentiel.bj\/index.php?rest_route=%2Fwp%2Fv2%2Fcategories&post=87281"},{"taxonomy":"post_tag","embeddable":true,"href":"https:\/\/lepotentiel.bj\/index.php?rest_route=%2Fwp%2Fv2%2Ftags&post=87281"}],"curies":[{"name":"wp","href":"https:\/\/api.w.org\/{rel}","templated":true}]}}