{"id":87284,"date":"2026-09-01T14:31:03","date_gmt":"2026-09-01T12:31:03","guid":{"rendered":"https:\/\/lepotentiel.bj\/?p=87284"},"modified":"2026-09-01T14:31:03","modified_gmt":"2026-09-01T12:31:03","slug":"soupcons-de-corruption-autour-des-passeports-biometriques-en-rdc-14-inculpes-renvoyes-devant-le-tribunal-correctionnel","status":"publish","type":"post","link":"https:\/\/lepotentiel.bj\/?p=87284","title":{"rendered":"Soup\u00e7ons de corruption autour des passeports biom\u00e9triques en RDC: 14 inculp\u00e9s renvoy\u00e9s devant le tribunal correctionnel"},"content":{"rendered":"<p style=\"text-align: justify;\">\u00a0La justice belge a d\u00e9cid\u00e9, lundi 1er septembre 2026, de renvoyer 14 personnes devant un tribunal correctionnel dans le dossier controvers\u00e9 des passeports biom\u00e9triques congolais. L\u2019affaire, r\u00e9v\u00e9l\u00e9e par l\u2019enqu\u00eate \u00ab Congo Hold-Up \u00bb, porte sur des soup\u00e7ons de corruption et de d\u00e9tournement autour d\u2019un contrat conclu avec la soci\u00e9t\u00e9 belge Semlex.<\/p>\n<p style=\"text-align: justify;\">\n<p style=\"text-align: justify;\">\u00a0Quatorze inculp\u00e9s devront compara\u00eetre devant un tribunal correctionnel dans le cadre de l\u2019affaire des passeports biom\u00e9triques d\u00e9livr\u00e9s en R\u00e9publique d\u00e9mocratique du Congo (RDC). Parmi eux figurent Albert Karaziwan, directeur de Semlex, ainsi qu\u2019Emmanuel Adrupiako, ancien conseiller financier de l\u2019ex-pr\u00e9sident congolais Joseph Kabila. Les autres personnes concern\u00e9es sont notamment des cadres de l\u2019entreprise, des interm\u00e9diaires financiers et des proches de l\u2019ancien r\u00e9gime. Leurs identit\u00e9s n\u2019ont pas \u00e9t\u00e9 rendues publiques, en raison du secret de l\u2019instruction et de la pr\u00e9somption d\u2019innocence.<\/p>\n<p style=\"text-align: justify;\">\n<p style=\"text-align: justify;\">\n<p style=\"text-align: justify;\">L\u2019affaire remonte au lancement, en 2015, des passeports biom\u00e9triques congolais fabriqu\u00e9s par Semlex. Le document \u00e9tait alors vendu 185 dollars, un tarif consid\u00e9r\u00e9 comme particuli\u00e8rement \u00e9lev\u00e9 \u00e0 l\u2019\u00e9chelle internationale. Les r\u00e9v\u00e9lations de l\u2019enqu\u00eate \u00ab Congo Hold-Up \u00bb ont ensuite fait \u00e9tat de soup\u00e7ons det d\u00e9tournement de 60 dollars sur chaque passeport. Selon les \u00e9l\u00e9ments rapport\u00e9s dans le dossier, ces sommes auraient aliment\u00e9 un syst\u00e8me de commissions impliquant plusieurs acteurs. L\u2019enqu\u00eate judiciaire belge avait d\u00e9but\u00e9 en janvier 2017, apr\u00e8s l\u2019interpellation \u00e0 l\u2019a\u00e9roport de Bruxelles-Zaventem d\u2019un interm\u00e9diaire li\u00e9 au contrat. Celui-ci transportait alors 400 000 dollars en esp\u00e8ces. Cette d\u00e9couverte avait conduit les enqu\u00eateurs \u00e0 s\u2019int\u00e9resser aux conditions d\u2019attribution et \u00e0 l\u2019ex\u00e9cution du march\u00e9. Au total, quelque 60 millions de dollars auraient \u00e9t\u00e9 d\u00e9tourn\u00e9s dans le cadre de cette affaire, selon les \u00e9l\u00e9ments de l\u2019enqu\u00eate.<\/p>\n<p style=\"text-align: justify;\">\n<p style=\"text-align: justify;\">Une proc\u00e9dure pr\u00e9sent\u00e9e comme un signal<\/p>\n<p style=\"text-align: justify;\">\n<p style=\"text-align: justify;\">Des citoyens congolais et plusieurs associations figurent parmi les parties civiles, en particulier la F\u00e9d\u00e9ration internationale pour les droits humains (FIDH). Pour leur avocat, Alexis Deswaef, le renvoi devant le tribunal constitue une \u00e9tape importante dans la lutte contre la corruption transnationale. Il souligne \u00e9galement la port\u00e9e du dossier lorsqu\u2019une entreprise occidentale est appel\u00e9e \u00e0 r\u00e9pondre devant la justice de faits pr\u00e9sum\u00e9s commis dans un pays africain. Le proc\u00e8s devra d\u00e9sormais permettre d\u2019examiner les responsabilit\u00e9s individuelles des personnes renvoy\u00e9es devant la juridiction correctionnelle et de d\u00e9terminer la r\u00e9alit\u00e9 des faits reproch\u00e9s.<\/p>\n","protected":false},"excerpt":{"rendered":"<p>\u00a0La justice belge a d\u00e9cid\u00e9, lundi 1er septembre 2026, de renvoyer 14 personnes devant un tribunal correctionnel dans le dossier controvers\u00e9 des passeports biom\u00e9triques congolais. L\u2019affaire, r\u00e9v\u00e9l\u00e9e par l\u2019enqu\u00eate \u00ab Congo Hold-Up \u00bb, porte sur des soup\u00e7ons de corruption et de d\u00e9tournement autour d\u2019un contrat conclu avec la soci\u00e9t\u00e9 belge Semlex. \u00a0Quatorze inculp\u00e9s devront compara\u00eetre [&hellip;]<\/p>\n","protected":false},"author":18,"featured_media":87285,"comment_status":"open","ping_status":"open","sticky":false,"template":"","format":"standard","meta":{"footnotes":""},"categories":[34,22967],"tags":[],"class_list":["post-87284","post","type-post","status-publish","format-standard","has-post-thumbnail","hentry","category-actualite","category-afrique"],"yoast_head":"<!-- This site is optimized with the Yoast SEO plugin v28.2 - https:\/\/yoast.com\/product\/yoast-seo-wordpress\/ -->\n<title>Soup\u00e7ons de corruption autour des passeports biom\u00e9triques en RDC: 14 inculp\u00e9s renvoy\u00e9s devant le tribunal correctionnel - Le Potentiel<\/title>\n<meta name=\"robots\" content=\"index, follow, max-snippet:-1, max-image-preview:large, max-video-preview:-1\" \/>\n<link rel=\"canonical\" href=\"https:\/\/lepotentiel.bj\/?p=87284\" \/>\n<meta property=\"og:locale\" content=\"fr_FR\" \/>\n<meta property=\"og:type\" content=\"article\" \/>\n<meta property=\"og:title\" content=\"Soup\u00e7ons de corruption autour des passeports biom\u00e9triques en RDC: 14 inculp\u00e9s renvoy\u00e9s devant le tribunal correctionnel - Le Potentiel\" \/>\n<meta property=\"og:description\" content=\"\u00a0La justice belge a d\u00e9cid\u00e9, lundi 1er septembre 2026, de renvoyer 14 personnes devant un tribunal correctionnel dans le dossier controvers\u00e9 des passeports biom\u00e9triques congolais. L\u2019affaire, r\u00e9v\u00e9l\u00e9e par l\u2019enqu\u00eate \u00ab Congo Hold-Up \u00bb, porte sur des soup\u00e7ons de corruption et de d\u00e9tournement autour d\u2019un contrat conclu avec la soci\u00e9t\u00e9 belge Semlex. \u00a0Quatorze inculp\u00e9s devront compara\u00eetre [&hellip;]\" \/>\n<meta property=\"og:url\" content=\"https:\/\/lepotentiel.bj\/?p=87284\" \/>\n<meta property=\"og:site_name\" content=\"Le Potentiel\" \/>\n<meta property=\"article:published_time\" content=\"2026-09-01T12:31:03+00:00\" \/>\n<meta property=\"og:image\" content=\"https:\/\/lepotentiel.bj\/wp-content\/uploads\/2026\/09\/Passeport-biometrique-congolais-768x512-1.jpg\" \/>\n\t<meta property=\"og:image:width\" content=\"768\" \/>\n\t<meta property=\"og:image:height\" content=\"512\" \/>\n\t<meta property=\"og:image:type\" content=\"image\/jpeg\" \/>\n<meta name=\"author\" content=\"Laura\" \/>\n<meta name=\"twitter:card\" content=\"summary_large_image\" \/>\n<meta name=\"twitter:label1\" content=\"\u00c9crit par\" \/>\n\t<meta name=\"twitter:data1\" content=\"Laura\" \/>\n\t<meta name=\"twitter:label2\" content=\"Dur\u00e9e de lecture estim\u00e9e\" \/>\n\t<meta name=\"twitter:data2\" content=\"3 minutes\" \/>\n<script type=\"application\/ld+json\" class=\"yoast-schema-graph\">{\"@context\":\"https:\\\/\\\/schema.org\",\"@graph\":[{\"@type\":\"Article\",\"@id\":\"https:\\\/\\\/lepotentiel.bj\\\/?p=87284#article\",\"isPartOf\":{\"@id\":\"https:\\\/\\\/lepotentiel.bj\\\/?p=87284\"},\"author\":{\"name\":\"Laura\",\"@id\":\"https:\\\/\\\/lepotentiel.bj\\\/#\\\/schema\\\/person\\\/001def78e1eafec4b5733ea184d49dd0\"},\"headline\":\"Soup\u00e7ons de corruption autour des passeports biom\u00e9triques en RDC: 14 inculp\u00e9s renvoy\u00e9s devant le tribunal correctionnel\",\"datePublished\":\"2026-09-01T12:31:03+00:00\",\"mainEntityOfPage\":{\"@id\":\"https:\\\/\\\/lepotentiel.bj\\\/?p=87284\"},\"wordCount\":450,\"commentCount\":0,\"publisher\":{\"@id\":\"https:\\\/\\\/lepotentiel.bj\\\/#organization\"},\"image\":{\"@id\":\"https:\\\/\\\/lepotentiel.bj\\\/?p=87284#primaryimage\"},\"thumbnailUrl\":\"https:\\\/\\\/lepotentiel.bj\\\/wp-content\\\/uploads\\\/2026\\\/09\\\/Passeport-biometrique-congolais-768x512-1.jpg\",\"articleSection\":[\"Actualit\u00e9\",\"Afrique\"],\"inLanguage\":\"fr-FR\",\"potentialAction\":[{\"@type\":\"CommentAction\",\"name\":\"Comment\",\"target\":[\"https:\\\/\\\/lepotentiel.bj\\\/?p=87284#respond\"]}]},{\"@type\":\"WebPage\",\"@id\":\"https:\\\/\\\/lepotentiel.bj\\\/?p=87284\",\"url\":\"https:\\\/\\\/lepotentiel.bj\\\/?p=87284\",\"name\":\"Soup\u00e7ons de corruption autour des passeports biom\u00e9triques en RDC: 14 inculp\u00e9s renvoy\u00e9s devant le tribunal correctionnel - Le Potentiel\",\"isPartOf\":{\"@id\":\"https:\\\/\\\/lepotentiel.bj\\\/#website\"},\"primaryImageOfPage\":{\"@id\":\"https:\\\/\\\/lepotentiel.bj\\\/?p=87284#primaryimage\"},\"image\":{\"@id\":\"https:\\\/\\\/lepotentiel.bj\\\/?p=87284#primaryimage\"},\"thumbnailUrl\":\"https:\\\/\\\/lepotentiel.bj\\\/wp-content\\\/uploads\\\/2026\\\/09\\\/Passeport-biometrique-congolais-768x512-1.jpg\",\"datePublished\":\"2026-09-01T12:31:03+00:00\",\"breadcrumb\":{\"@id\":\"https:\\\/\\\/lepotentiel.bj\\\/?p=87284#breadcrumb\"},\"inLanguage\":\"fr-FR\",\"potentialAction\":[{\"@type\":\"ReadAction\",\"target\":[\"https:\\\/\\\/lepotentiel.bj\\\/?p=87284\"]}]},{\"@type\":\"ImageObject\",\"inLanguage\":\"fr-FR\",\"@id\":\"https:\\\/\\\/lepotentiel.bj\\\/?p=87284#primaryimage\",\"url\":\"https:\\\/\\\/lepotentiel.bj\\\/wp-content\\\/uploads\\\/2026\\\/09\\\/Passeport-biometrique-congolais-768x512-1.jpg\",\"contentUrl\":\"https:\\\/\\\/lepotentiel.bj\\\/wp-content\\\/uploads\\\/2026\\\/09\\\/Passeport-biometrique-congolais-768x512-1.jpg\",\"width\":768,\"height\":512},{\"@type\":\"BreadcrumbList\",\"@id\":\"https:\\\/\\\/lepotentiel.bj\\\/?p=87284#breadcrumb\",\"itemListElement\":[{\"@type\":\"ListItem\",\"position\":1,\"name\":\"Accueil\",\"item\":\"https:\\\/\\\/lepotentiel.bj\\\/\"},{\"@type\":\"ListItem\",\"position\":2,\"name\":\"Soup\u00e7ons de corruption autour des passeports biom\u00e9triques en RDC: 14 inculp\u00e9s renvoy\u00e9s devant le tribunal correctionnel\"}]},{\"@type\":\"WebSite\",\"@id\":\"https:\\\/\\\/lepotentiel.bj\\\/#website\",\"url\":\"https:\\\/\\\/lepotentiel.bj\\\/\",\"name\":\"Le Potentiel\",\"description\":\"Le Potentiel, au service de l\u2019information, nous sommes les fantassins du droit de savoir\",\"publisher\":{\"@id\":\"https:\\\/\\\/lepotentiel.bj\\\/#organization\"},\"potentialAction\":[{\"@type\":\"SearchAction\",\"target\":{\"@type\":\"EntryPoint\",\"urlTemplate\":\"https:\\\/\\\/lepotentiel.bj\\\/?s={search_term_string}\"},\"query-input\":{\"@type\":\"PropertyValueSpecification\",\"valueRequired\":true,\"valueName\":\"search_term_string\"}}],\"inLanguage\":\"fr-FR\"},{\"@type\":\"Organization\",\"@id\":\"https:\\\/\\\/lepotentiel.bj\\\/#organization\",\"name\":\"Le Potentiel\",\"url\":\"https:\\\/\\\/lepotentiel.bj\\\/\",\"logo\":{\"@type\":\"ImageObject\",\"inLanguage\":\"fr-FR\",\"@id\":\"https:\\\/\\\/lepotentiel.bj\\\/#\\\/schema\\\/logo\\\/image\\\/\",\"url\":\"https:\\\/\\\/lepotentiel.bj\\\/wp-content\\\/uploads\\\/2023\\\/12\\\/logo-pot.jpg\",\"contentUrl\":\"https:\\\/\\\/lepotentiel.bj\\\/wp-content\\\/uploads\\\/2023\\\/12\\\/logo-pot.jpg\",\"width\":562,\"height\":84,\"caption\":\"Le Potentiel\"},\"image\":{\"@id\":\"https:\\\/\\\/lepotentiel.bj\\\/#\\\/schema\\\/logo\\\/image\\\/\"}},{\"@type\":\"Person\",\"@id\":\"https:\\\/\\\/lepotentiel.bj\\\/#\\\/schema\\\/person\\\/001def78e1eafec4b5733ea184d49dd0\",\"name\":\"Laura\",\"image\":{\"@type\":\"ImageObject\",\"inLanguage\":\"fr-FR\",\"@id\":\"https:\\\/\\\/secure.gravatar.com\\\/avatar\\\/46e54a01dd5785f370a6c40e9cfe54ebcfd939154e6505072fe15421c0d32893?s=96&d=mm&r=g\",\"url\":\"https:\\\/\\\/secure.gravatar.com\\\/avatar\\\/46e54a01dd5785f370a6c40e9cfe54ebcfd939154e6505072fe15421c0d32893?s=96&d=mm&r=g\",\"contentUrl\":\"https:\\\/\\\/secure.gravatar.com\\\/avatar\\\/46e54a01dd5785f370a6c40e9cfe54ebcfd939154e6505072fe15421c0d32893?s=96&d=mm&r=g\",\"caption\":\"Laura\"},\"url\":\"https:\\\/\\\/lepotentiel.bj\\\/?author=18\"}]}<\/script>\n<!-- \/ Yoast SEO plugin. -->","yoast_head_json":{"title":"Soup\u00e7ons de corruption autour des passeports biom\u00e9triques en RDC: 14 inculp\u00e9s renvoy\u00e9s devant le tribunal correctionnel - Le Potentiel","robots":{"index":"index","follow":"follow","max-snippet":"max-snippet:-1","max-image-preview":"max-image-preview:large","max-video-preview":"max-video-preview:-1"},"canonical":"https:\/\/lepotentiel.bj\/?p=87284","og_locale":"fr_FR","og_type":"article","og_title":"Soup\u00e7ons de corruption autour des passeports biom\u00e9triques en RDC: 14 inculp\u00e9s renvoy\u00e9s devant le tribunal correctionnel - Le Potentiel","og_description":"\u00a0La justice belge a d\u00e9cid\u00e9, lundi 1er septembre 2026, de renvoyer 14 personnes devant un tribunal correctionnel dans le dossier controvers\u00e9 des passeports biom\u00e9triques congolais. L\u2019affaire, r\u00e9v\u00e9l\u00e9e par l\u2019enqu\u00eate \u00ab Congo Hold-Up \u00bb, porte sur des soup\u00e7ons de corruption et de d\u00e9tournement autour d\u2019un contrat conclu avec la soci\u00e9t\u00e9 belge Semlex. \u00a0Quatorze inculp\u00e9s devront compara\u00eetre [&hellip;]","og_url":"https:\/\/lepotentiel.bj\/?p=87284","og_site_name":"Le Potentiel","article_published_time":"2026-09-01T12:31:03+00:00","og_image":[{"width":768,"height":512,"url":"https:\/\/lepotentiel.bj\/wp-content\/uploads\/2026\/09\/Passeport-biometrique-congolais-768x512-1.jpg","type":"image\/jpeg"}],"author":"Laura","twitter_card":"summary_large_image","twitter_misc":{"\u00c9crit par":"Laura","Dur\u00e9e de lecture estim\u00e9e":"3 minutes"},"schema":{"@context":"https:\/\/schema.org","@graph":[{"@type":"Article","@id":"https:\/\/lepotentiel.bj\/?p=87284#article","isPartOf":{"@id":"https:\/\/lepotentiel.bj\/?p=87284"},"author":{"name":"Laura","@id":"https:\/\/lepotentiel.bj\/#\/schema\/person\/001def78e1eafec4b5733ea184d49dd0"},"headline":"Soup\u00e7ons de corruption autour des passeports biom\u00e9triques en RDC: 14 inculp\u00e9s renvoy\u00e9s devant le tribunal correctionnel","datePublished":"2026-09-01T12:31:03+00:00","mainEntityOfPage":{"@id":"https:\/\/lepotentiel.bj\/?p=87284"},"wordCount":450,"commentCount":0,"publisher":{"@id":"https:\/\/lepotentiel.bj\/#organization"},"image":{"@id":"https:\/\/lepotentiel.bj\/?p=87284#primaryimage"},"thumbnailUrl":"https:\/\/lepotentiel.bj\/wp-content\/uploads\/2026\/09\/Passeport-biometrique-congolais-768x512-1.jpg","articleSection":["Actualit\u00e9","Afrique"],"inLanguage":"fr-FR","potentialAction":[{"@type":"CommentAction","name":"Comment","target":["https:\/\/lepotentiel.bj\/?p=87284#respond"]}]},{"@type":"WebPage","@id":"https:\/\/lepotentiel.bj\/?p=87284","url":"https:\/\/lepotentiel.bj\/?p=87284","name":"Soup\u00e7ons de corruption autour des passeports biom\u00e9triques en RDC: 14 inculp\u00e9s renvoy\u00e9s devant le tribunal correctionnel - Le Potentiel","isPartOf":{"@id":"https:\/\/lepotentiel.bj\/#website"},"primaryImageOfPage":{"@id":"https:\/\/lepotentiel.bj\/?p=87284#primaryimage"},"image":{"@id":"https:\/\/lepotentiel.bj\/?p=87284#primaryimage"},"thumbnailUrl":"https:\/\/lepotentiel.bj\/wp-content\/uploads\/2026\/09\/Passeport-biometrique-congolais-768x512-1.jpg","datePublished":"2026-09-01T12:31:03+00:00","breadcrumb":{"@id":"https:\/\/lepotentiel.bj\/?p=87284#breadcrumb"},"inLanguage":"fr-FR","potentialAction":[{"@type":"ReadAction","target":["https:\/\/lepotentiel.bj\/?p=87284"]}]},{"@type":"ImageObject","inLanguage":"fr-FR","@id":"https:\/\/lepotentiel.bj\/?p=87284#primaryimage","url":"https:\/\/lepotentiel.bj\/wp-content\/uploads\/2026\/09\/Passeport-biometrique-congolais-768x512-1.jpg","contentUrl":"https:\/\/lepotentiel.bj\/wp-content\/uploads\/2026\/09\/Passeport-biometrique-congolais-768x512-1.jpg","width":768,"height":512},{"@type":"BreadcrumbList","@id":"https:\/\/lepotentiel.bj\/?p=87284#breadcrumb","itemListElement":[{"@type":"ListItem","position":1,"name":"Accueil","item":"https:\/\/lepotentiel.bj\/"},{"@type":"ListItem","position":2,"name":"Soup\u00e7ons de corruption autour des passeports biom\u00e9triques en RDC: 14 inculp\u00e9s renvoy\u00e9s devant le tribunal correctionnel"}]},{"@type":"WebSite","@id":"https:\/\/lepotentiel.bj\/#website","url":"https:\/\/lepotentiel.bj\/","name":"Le Potentiel","description":"Le Potentiel, au service de l\u2019information, nous sommes les fantassins du droit de savoir","publisher":{"@id":"https:\/\/lepotentiel.bj\/#organization"},"potentialAction":[{"@type":"SearchAction","target":{"@type":"EntryPoint","urlTemplate":"https:\/\/lepotentiel.bj\/?s={search_term_string}"},"query-input":{"@type":"PropertyValueSpecification","valueRequired":true,"valueName":"search_term_string"}}],"inLanguage":"fr-FR"},{"@type":"Organization","@id":"https:\/\/lepotentiel.bj\/#organization","name":"Le Potentiel","url":"https:\/\/lepotentiel.bj\/","logo":{"@type":"ImageObject","inLanguage":"fr-FR","@id":"https:\/\/lepotentiel.bj\/#\/schema\/logo\/image\/","url":"https:\/\/lepotentiel.bj\/wp-content\/uploads\/2023\/12\/logo-pot.jpg","contentUrl":"https:\/\/lepotentiel.bj\/wp-content\/uploads\/2023\/12\/logo-pot.jpg","width":562,"height":84,"caption":"Le Potentiel"},"image":{"@id":"https:\/\/lepotentiel.bj\/#\/schema\/logo\/image\/"}},{"@type":"Person","@id":"https:\/\/lepotentiel.bj\/#\/schema\/person\/001def78e1eafec4b5733ea184d49dd0","name":"Laura","image":{"@type":"ImageObject","inLanguage":"fr-FR","@id":"https:\/\/secure.gravatar.com\/avatar\/46e54a01dd5785f370a6c40e9cfe54ebcfd939154e6505072fe15421c0d32893?s=96&d=mm&r=g","url":"https:\/\/secure.gravatar.com\/avatar\/46e54a01dd5785f370a6c40e9cfe54ebcfd939154e6505072fe15421c0d32893?s=96&d=mm&r=g","contentUrl":"https:\/\/secure.gravatar.com\/avatar\/46e54a01dd5785f370a6c40e9cfe54ebcfd939154e6505072fe15421c0d32893?s=96&d=mm&r=g","caption":"Laura"},"url":"https:\/\/lepotentiel.bj\/?author=18"}]}},"_links":{"self":[{"href":"https:\/\/lepotentiel.bj\/index.php?rest_route=\/wp\/v2\/posts\/87284","targetHints":{"allow":["GET"]}}],"collection":[{"href":"https:\/\/lepotentiel.bj\/index.php?rest_route=\/wp\/v2\/posts"}],"about":[{"href":"https:\/\/lepotentiel.bj\/index.php?rest_route=\/wp\/v2\/types\/post"}],"author":[{"embeddable":true,"href":"https:\/\/lepotentiel.bj\/index.php?rest_route=\/wp\/v2\/users\/18"}],"replies":[{"embeddable":true,"href":"https:\/\/lepotentiel.bj\/index.php?rest_route=%2Fwp%2Fv2%2Fcomments&post=87284"}],"version-history":[{"count":1,"href":"https:\/\/lepotentiel.bj\/index.php?rest_route=\/wp\/v2\/posts\/87284\/revisions"}],"predecessor-version":[{"id":87286,"href":"https:\/\/lepotentiel.bj\/index.php?rest_route=\/wp\/v2\/posts\/87284\/revisions\/87286"}],"wp:featuredmedia":[{"embeddable":true,"href":"https:\/\/lepotentiel.bj\/index.php?rest_route=\/wp\/v2\/media\/87285"}],"wp:attachment":[{"href":"https:\/\/lepotentiel.bj\/index.php?rest_route=%2Fwp%2Fv2%2Fmedia&parent=87284"}],"wp:term":[{"taxonomy":"category","embeddable":true,"href":"https:\/\/lepotentiel.bj\/index.php?rest_route=%2Fwp%2Fv2%2Fcategories&post=87284"},{"taxonomy":"post_tag","embeddable":true,"href":"https:\/\/lepotentiel.bj\/index.php?rest_route=%2Fwp%2Fv2%2Ftags&post=87284"}],"curies":[{"name":"wp","href":"https:\/\/api.w.org\/{rel}","templated":true}]}}