{"id":87293,"date":"2026-09-01T15:40:31","date_gmt":"2026-09-01T13:40:31","guid":{"rendered":"https:\/\/lepotentiel.bj\/?p=87293"},"modified":"2026-09-01T15:40:31","modified_gmt":"2026-09-01T13:40:31","slug":"senegal-reprise-des-importations-doignons-apres-plus-de-sept-mois-de-suspension","status":"publish","type":"post","link":"https:\/\/lepotentiel.bj\/?p=87293","title":{"rendered":"S\u00e9n\u00e9gal: Reprise des importations d\u2019oignons apr\u00e8s plus de sept mois de suspension"},"content":{"rendered":"<p style=\"text-align: justify;\">Les oignons import\u00e9s peuvent de nouveau entrer sur le march\u00e9 s\u00e9n\u00e9galais. Le minist\u00e8re de l\u2019Industrie et du Commerce a annonc\u00e9, lundi 31 ao\u00fbt 2026, la lev\u00e9e de la mesure qui suspendait leur importation depuis le 16 janvier.<\/p>\n<p style=\"text-align: justify;\">\n<p style=\"text-align: justify;\">Les importateurs et les grossistes peuvent d\u00e9sormais renouer avec leurs activit\u00e9s d\u2019approvisionnement. Pendant plus de sept mois, ces acteurs ont d\u00fb composer avec les stocks d\u00e9j\u00e0 disponibles, sans possibilit\u00e9 de renouveler leurs marchandises depuis l\u2019\u00e9tranger. La r\u00e9ouverture du march\u00e9 est li\u00e9e, selon le minist\u00e8re, \u00e0 l\u2019\u00e9volution des disponibilit\u00e9s issues de la production nationale. Elle doit permettre de compl\u00e9ter l\u2019offre locale et d\u2019assurer la continuit\u00e9 de l\u2019approvisionnement jusqu\u2019\u00e0 la prochaine campagne.<\/p>\n<p style=\"text-align: justify;\">\n<p style=\"text-align: justify;\"><strong>Un m\u00e9canisme destin\u00e9 \u00e0 soutenir la production nationale<\/strong><\/p>\n<p style=\"text-align: justify;\">\n<p style=\"text-align: justify;\">La suspension des importations n\u2019est pas nouvelle au S\u00e9n\u00e9gal. Depuis 2006, le pays recourt p\u00e9riodiquement \u00e0 ce dispositif, principalement durant les p\u00e9riodes correspondant \u00e0 l\u2019arriv\u00e9e des r\u00e9coltes locales sur les march\u00e9s. L\u2019objectif est de donner la priorit\u00e9 aux producteurs s\u00e9n\u00e9galais en facilitant l\u2019\u00e9coulement de leur production. Cette politique participe \u00e9galement \u00e0 la strat\u00e9gie du pays visant \u00e0 renforcer progressivement son autonomie dans la fili\u00e8re oignon.<\/p>\n<p style=\"text-align: justify;\">\n<p style=\"text-align: justify;\">Pour les commer\u00e7ants concern\u00e9s, la d\u00e9cision de lever le gel \u00e9tait donc particuli\u00e8rement attendue. Priv\u00e9s de nouvelles importations depuis janvier, ils ne pouvaient vendre que les volumes d\u00e9j\u00e0 disponibles dans leurs stocks.<\/p>\n<p style=\"text-align: justify;\">\n<p style=\"text-align: justify;\"><strong>Une production importante, mais confront\u00e9e aux pertes<\/strong><\/p>\n<p style=\"text-align: justify;\">\n<p style=\"text-align: justify;\">La fili\u00e8re dispose pourtant d\u2019un potentiel cons\u00e9quent. La production nationale est estim\u00e9e \u00e0 environ 450 000 tonnes d\u2019oignons par an. Mais une partie de cette r\u00e9colte ne parvient pas jusqu\u2019aux consommateurs. Les producteurs \u00e9valuent \u00e0 pr\u00e8s de 100 000 tonnes les volumes qui seraient perdus chaque ann\u00e9e en raison de l\u2019insuffisance des infrastructures de stockage. Ce d\u00e9ficit constitue l\u2019un des principaux d\u00e9fis de la fili\u00e8re. Il r\u00e9duit la capacit\u00e9 \u00e0 conserver les r\u00e9coltes apr\u00e8s les p\u00e9riodes de forte production et peut accentuer la d\u00e9pendance aux importations lorsque les disponibilit\u00e9s locales diminuent. La prochaine campagne permettra de mesurer l\u2019impact de cette r\u00e9ouverture sur les prix et sur l\u2019\u00e9coulement des r\u00e9coltes locales.<\/p>\n<p style=\"text-align: justify;\">\n<p style=\"text-align: justify;\"><strong>Laura LEKE<\/strong><\/p>\n","protected":false},"excerpt":{"rendered":"<p>Les oignons import\u00e9s peuvent de nouveau entrer sur le march\u00e9 s\u00e9n\u00e9galais. Le minist\u00e8re de l\u2019Industrie et du Commerce a annonc\u00e9, lundi 31 ao\u00fbt 2026, la lev\u00e9e de la mesure qui suspendait leur importation depuis le 16 janvier. Les importateurs et les grossistes peuvent d\u00e9sormais renouer avec leurs activit\u00e9s d\u2019approvisionnement. Pendant plus de sept mois, ces [&hellip;]<\/p>\n","protected":false},"author":18,"featured_media":87294,"comment_status":"open","ping_status":"open","sticky":false,"template":"","format":"standard","meta":{"footnotes":""},"categories":[34,22967],"tags":[],"class_list":["post-87293","post","type-post","status-publish","format-standard","has-post-thumbnail","hentry","category-actualite","category-afrique"],"yoast_head":"<!-- This site is optimized with the Yoast SEO plugin v28.2 - https:\/\/yoast.com\/product\/yoast-seo-wordpress\/ -->\n<title>S\u00e9n\u00e9gal: Reprise des importations d\u2019oignons apr\u00e8s plus de sept mois de suspension - Le Potentiel<\/title>\n<meta name=\"robots\" content=\"index, follow, max-snippet:-1, max-image-preview:large, max-video-preview:-1\" \/>\n<link rel=\"canonical\" href=\"https:\/\/lepotentiel.bj\/?p=87293\" \/>\n<meta property=\"og:locale\" content=\"fr_FR\" \/>\n<meta property=\"og:type\" content=\"article\" \/>\n<meta property=\"og:title\" content=\"S\u00e9n\u00e9gal: Reprise des importations d\u2019oignons apr\u00e8s plus de sept mois de suspension - Le Potentiel\" \/>\n<meta property=\"og:description\" content=\"Les oignons import\u00e9s peuvent de nouveau entrer sur le march\u00e9 s\u00e9n\u00e9galais. Le minist\u00e8re de l\u2019Industrie et du Commerce a annonc\u00e9, lundi 31 ao\u00fbt 2026, la lev\u00e9e de la mesure qui suspendait leur importation depuis le 16 janvier. Les importateurs et les grossistes peuvent d\u00e9sormais renouer avec leurs activit\u00e9s d\u2019approvisionnement. Pendant plus de sept mois, ces [&hellip;]\" \/>\n<meta property=\"og:url\" content=\"https:\/\/lepotentiel.bj\/?p=87293\" \/>\n<meta property=\"og:site_name\" content=\"Le Potentiel\" \/>\n<meta property=\"article:published_time\" content=\"2026-09-01T13:40:31+00:00\" \/>\n<meta property=\"og:image\" content=\"https:\/\/lepotentiel.bj\/wp-content\/uploads\/2026\/09\/oignons-768x1365-1.jpg\" \/>\n\t<meta property=\"og:image:width\" content=\"768\" \/>\n\t<meta property=\"og:image:height\" content=\"1365\" \/>\n\t<meta property=\"og:image:type\" content=\"image\/jpeg\" \/>\n<meta name=\"author\" content=\"Laura\" \/>\n<meta name=\"twitter:card\" content=\"summary_large_image\" \/>\n<meta name=\"twitter:label1\" content=\"\u00c9crit par\" \/>\n\t<meta name=\"twitter:data1\" content=\"Laura\" \/>\n\t<meta name=\"twitter:label2\" content=\"Dur\u00e9e de lecture estim\u00e9e\" \/>\n\t<meta name=\"twitter:data2\" content=\"2 minutes\" \/>\n<script type=\"application\/ld+json\" class=\"yoast-schema-graph\">{\"@context\":\"https:\\\/\\\/schema.org\",\"@graph\":[{\"@type\":\"Article\",\"@id\":\"https:\\\/\\\/lepotentiel.bj\\\/?p=87293#article\",\"isPartOf\":{\"@id\":\"https:\\\/\\\/lepotentiel.bj\\\/?p=87293\"},\"author\":{\"name\":\"Laura\",\"@id\":\"https:\\\/\\\/lepotentiel.bj\\\/#\\\/schema\\\/person\\\/001def78e1eafec4b5733ea184d49dd0\"},\"headline\":\"S\u00e9n\u00e9gal: Reprise des importations d\u2019oignons apr\u00e8s plus de sept mois de suspension\",\"datePublished\":\"2026-09-01T13:40:31+00:00\",\"mainEntityOfPage\":{\"@id\":\"https:\\\/\\\/lepotentiel.bj\\\/?p=87293\"},\"wordCount\":398,\"commentCount\":0,\"publisher\":{\"@id\":\"https:\\\/\\\/lepotentiel.bj\\\/#organization\"},\"image\":{\"@id\":\"https:\\\/\\\/lepotentiel.bj\\\/?p=87293#primaryimage\"},\"thumbnailUrl\":\"https:\\\/\\\/lepotentiel.bj\\\/wp-content\\\/uploads\\\/2026\\\/09\\\/oignons-768x1365-1.jpg\",\"articleSection\":[\"Actualit\u00e9\",\"Afrique\"],\"inLanguage\":\"fr-FR\",\"potentialAction\":[{\"@type\":\"CommentAction\",\"name\":\"Comment\",\"target\":[\"https:\\\/\\\/lepotentiel.bj\\\/?p=87293#respond\"]}]},{\"@type\":\"WebPage\",\"@id\":\"https:\\\/\\\/lepotentiel.bj\\\/?p=87293\",\"url\":\"https:\\\/\\\/lepotentiel.bj\\\/?p=87293\",\"name\":\"S\u00e9n\u00e9gal: Reprise des importations d\u2019oignons apr\u00e8s plus de sept mois de suspension - Le Potentiel\",\"isPartOf\":{\"@id\":\"https:\\\/\\\/lepotentiel.bj\\\/#website\"},\"primaryImageOfPage\":{\"@id\":\"https:\\\/\\\/lepotentiel.bj\\\/?p=87293#primaryimage\"},\"image\":{\"@id\":\"https:\\\/\\\/lepotentiel.bj\\\/?p=87293#primaryimage\"},\"thumbnailUrl\":\"https:\\\/\\\/lepotentiel.bj\\\/wp-content\\\/uploads\\\/2026\\\/09\\\/oignons-768x1365-1.jpg\",\"datePublished\":\"2026-09-01T13:40:31+00:00\",\"breadcrumb\":{\"@id\":\"https:\\\/\\\/lepotentiel.bj\\\/?p=87293#breadcrumb\"},\"inLanguage\":\"fr-FR\",\"potentialAction\":[{\"@type\":\"ReadAction\",\"target\":[\"https:\\\/\\\/lepotentiel.bj\\\/?p=87293\"]}]},{\"@type\":\"ImageObject\",\"inLanguage\":\"fr-FR\",\"@id\":\"https:\\\/\\\/lepotentiel.bj\\\/?p=87293#primaryimage\",\"url\":\"https:\\\/\\\/lepotentiel.bj\\\/wp-content\\\/uploads\\\/2026\\\/09\\\/oignons-768x1365-1.jpg\",\"contentUrl\":\"https:\\\/\\\/lepotentiel.bj\\\/wp-content\\\/uploads\\\/2026\\\/09\\\/oignons-768x1365-1.jpg\",\"width\":768,\"height\":1365},{\"@type\":\"BreadcrumbList\",\"@id\":\"https:\\\/\\\/lepotentiel.bj\\\/?p=87293#breadcrumb\",\"itemListElement\":[{\"@type\":\"ListItem\",\"position\":1,\"name\":\"Accueil\",\"item\":\"https:\\\/\\\/lepotentiel.bj\\\/\"},{\"@type\":\"ListItem\",\"position\":2,\"name\":\"S\u00e9n\u00e9gal: Reprise des importations d\u2019oignons apr\u00e8s plus de sept mois de suspension\"}]},{\"@type\":\"WebSite\",\"@id\":\"https:\\\/\\\/lepotentiel.bj\\\/#website\",\"url\":\"https:\\\/\\\/lepotentiel.bj\\\/\",\"name\":\"Le Potentiel\",\"description\":\"Le Potentiel, au service de l\u2019information, nous sommes les fantassins du droit de savoir\",\"publisher\":{\"@id\":\"https:\\\/\\\/lepotentiel.bj\\\/#organization\"},\"potentialAction\":[{\"@type\":\"SearchAction\",\"target\":{\"@type\":\"EntryPoint\",\"urlTemplate\":\"https:\\\/\\\/lepotentiel.bj\\\/?s={search_term_string}\"},\"query-input\":{\"@type\":\"PropertyValueSpecification\",\"valueRequired\":true,\"valueName\":\"search_term_string\"}}],\"inLanguage\":\"fr-FR\"},{\"@type\":\"Organization\",\"@id\":\"https:\\\/\\\/lepotentiel.bj\\\/#organization\",\"name\":\"Le Potentiel\",\"url\":\"https:\\\/\\\/lepotentiel.bj\\\/\",\"logo\":{\"@type\":\"ImageObject\",\"inLanguage\":\"fr-FR\",\"@id\":\"https:\\\/\\\/lepotentiel.bj\\\/#\\\/schema\\\/logo\\\/image\\\/\",\"url\":\"https:\\\/\\\/lepotentiel.bj\\\/wp-content\\\/uploads\\\/2023\\\/12\\\/logo-pot.jpg\",\"contentUrl\":\"https:\\\/\\\/lepotentiel.bj\\\/wp-content\\\/uploads\\\/2023\\\/12\\\/logo-pot.jpg\",\"width\":562,\"height\":84,\"caption\":\"Le Potentiel\"},\"image\":{\"@id\":\"https:\\\/\\\/lepotentiel.bj\\\/#\\\/schema\\\/logo\\\/image\\\/\"}},{\"@type\":\"Person\",\"@id\":\"https:\\\/\\\/lepotentiel.bj\\\/#\\\/schema\\\/person\\\/001def78e1eafec4b5733ea184d49dd0\",\"name\":\"Laura\",\"image\":{\"@type\":\"ImageObject\",\"inLanguage\":\"fr-FR\",\"@id\":\"https:\\\/\\\/secure.gravatar.com\\\/avatar\\\/46e54a01dd5785f370a6c40e9cfe54ebcfd939154e6505072fe15421c0d32893?s=96&d=mm&r=g\",\"url\":\"https:\\\/\\\/secure.gravatar.com\\\/avatar\\\/46e54a01dd5785f370a6c40e9cfe54ebcfd939154e6505072fe15421c0d32893?s=96&d=mm&r=g\",\"contentUrl\":\"https:\\\/\\\/secure.gravatar.com\\\/avatar\\\/46e54a01dd5785f370a6c40e9cfe54ebcfd939154e6505072fe15421c0d32893?s=96&d=mm&r=g\",\"caption\":\"Laura\"},\"url\":\"https:\\\/\\\/lepotentiel.bj\\\/?author=18\"}]}<\/script>\n<!-- \/ Yoast SEO plugin. -->","yoast_head_json":{"title":"S\u00e9n\u00e9gal: Reprise des importations d\u2019oignons apr\u00e8s plus de sept mois de suspension - Le Potentiel","robots":{"index":"index","follow":"follow","max-snippet":"max-snippet:-1","max-image-preview":"max-image-preview:large","max-video-preview":"max-video-preview:-1"},"canonical":"https:\/\/lepotentiel.bj\/?p=87293","og_locale":"fr_FR","og_type":"article","og_title":"S\u00e9n\u00e9gal: Reprise des importations d\u2019oignons apr\u00e8s plus de sept mois de suspension - Le Potentiel","og_description":"Les oignons import\u00e9s peuvent de nouveau entrer sur le march\u00e9 s\u00e9n\u00e9galais. Le minist\u00e8re de l\u2019Industrie et du Commerce a annonc\u00e9, lundi 31 ao\u00fbt 2026, la lev\u00e9e de la mesure qui suspendait leur importation depuis le 16 janvier. Les importateurs et les grossistes peuvent d\u00e9sormais renouer avec leurs activit\u00e9s d\u2019approvisionnement. Pendant plus de sept mois, ces [&hellip;]","og_url":"https:\/\/lepotentiel.bj\/?p=87293","og_site_name":"Le Potentiel","article_published_time":"2026-09-01T13:40:31+00:00","og_image":[{"width":768,"height":1365,"url":"https:\/\/lepotentiel.bj\/wp-content\/uploads\/2026\/09\/oignons-768x1365-1.jpg","type":"image\/jpeg"}],"author":"Laura","twitter_card":"summary_large_image","twitter_misc":{"\u00c9crit par":"Laura","Dur\u00e9e de lecture estim\u00e9e":"2 minutes"},"schema":{"@context":"https:\/\/schema.org","@graph":[{"@type":"Article","@id":"https:\/\/lepotentiel.bj\/?p=87293#article","isPartOf":{"@id":"https:\/\/lepotentiel.bj\/?p=87293"},"author":{"name":"Laura","@id":"https:\/\/lepotentiel.bj\/#\/schema\/person\/001def78e1eafec4b5733ea184d49dd0"},"headline":"S\u00e9n\u00e9gal: Reprise des importations d\u2019oignons apr\u00e8s plus de sept mois de suspension","datePublished":"2026-09-01T13:40:31+00:00","mainEntityOfPage":{"@id":"https:\/\/lepotentiel.bj\/?p=87293"},"wordCount":398,"commentCount":0,"publisher":{"@id":"https:\/\/lepotentiel.bj\/#organization"},"image":{"@id":"https:\/\/lepotentiel.bj\/?p=87293#primaryimage"},"thumbnailUrl":"https:\/\/lepotentiel.bj\/wp-content\/uploads\/2026\/09\/oignons-768x1365-1.jpg","articleSection":["Actualit\u00e9","Afrique"],"inLanguage":"fr-FR","potentialAction":[{"@type":"CommentAction","name":"Comment","target":["https:\/\/lepotentiel.bj\/?p=87293#respond"]}]},{"@type":"WebPage","@id":"https:\/\/lepotentiel.bj\/?p=87293","url":"https:\/\/lepotentiel.bj\/?p=87293","name":"S\u00e9n\u00e9gal: Reprise des importations d\u2019oignons apr\u00e8s plus de sept mois de suspension - Le Potentiel","isPartOf":{"@id":"https:\/\/lepotentiel.bj\/#website"},"primaryImageOfPage":{"@id":"https:\/\/lepotentiel.bj\/?p=87293#primaryimage"},"image":{"@id":"https:\/\/lepotentiel.bj\/?p=87293#primaryimage"},"thumbnailUrl":"https:\/\/lepotentiel.bj\/wp-content\/uploads\/2026\/09\/oignons-768x1365-1.jpg","datePublished":"2026-09-01T13:40:31+00:00","breadcrumb":{"@id":"https:\/\/lepotentiel.bj\/?p=87293#breadcrumb"},"inLanguage":"fr-FR","potentialAction":[{"@type":"ReadAction","target":["https:\/\/lepotentiel.bj\/?p=87293"]}]},{"@type":"ImageObject","inLanguage":"fr-FR","@id":"https:\/\/lepotentiel.bj\/?p=87293#primaryimage","url":"https:\/\/lepotentiel.bj\/wp-content\/uploads\/2026\/09\/oignons-768x1365-1.jpg","contentUrl":"https:\/\/lepotentiel.bj\/wp-content\/uploads\/2026\/09\/oignons-768x1365-1.jpg","width":768,"height":1365},{"@type":"BreadcrumbList","@id":"https:\/\/lepotentiel.bj\/?p=87293#breadcrumb","itemListElement":[{"@type":"ListItem","position":1,"name":"Accueil","item":"https:\/\/lepotentiel.bj\/"},{"@type":"ListItem","position":2,"name":"S\u00e9n\u00e9gal: Reprise des importations d\u2019oignons apr\u00e8s plus de sept mois de suspension"}]},{"@type":"WebSite","@id":"https:\/\/lepotentiel.bj\/#website","url":"https:\/\/lepotentiel.bj\/","name":"Le Potentiel","description":"Le Potentiel, au service de l\u2019information, nous sommes les fantassins du droit de savoir","publisher":{"@id":"https:\/\/lepotentiel.bj\/#organization"},"potentialAction":[{"@type":"SearchAction","target":{"@type":"EntryPoint","urlTemplate":"https:\/\/lepotentiel.bj\/?s={search_term_string}"},"query-input":{"@type":"PropertyValueSpecification","valueRequired":true,"valueName":"search_term_string"}}],"inLanguage":"fr-FR"},{"@type":"Organization","@id":"https:\/\/lepotentiel.bj\/#organization","name":"Le Potentiel","url":"https:\/\/lepotentiel.bj\/","logo":{"@type":"ImageObject","inLanguage":"fr-FR","@id":"https:\/\/lepotentiel.bj\/#\/schema\/logo\/image\/","url":"https:\/\/lepotentiel.bj\/wp-content\/uploads\/2023\/12\/logo-pot.jpg","contentUrl":"https:\/\/lepotentiel.bj\/wp-content\/uploads\/2023\/12\/logo-pot.jpg","width":562,"height":84,"caption":"Le Potentiel"},"image":{"@id":"https:\/\/lepotentiel.bj\/#\/schema\/logo\/image\/"}},{"@type":"Person","@id":"https:\/\/lepotentiel.bj\/#\/schema\/person\/001def78e1eafec4b5733ea184d49dd0","name":"Laura","image":{"@type":"ImageObject","inLanguage":"fr-FR","@id":"https:\/\/secure.gravatar.com\/avatar\/46e54a01dd5785f370a6c40e9cfe54ebcfd939154e6505072fe15421c0d32893?s=96&d=mm&r=g","url":"https:\/\/secure.gravatar.com\/avatar\/46e54a01dd5785f370a6c40e9cfe54ebcfd939154e6505072fe15421c0d32893?s=96&d=mm&r=g","contentUrl":"https:\/\/secure.gravatar.com\/avatar\/46e54a01dd5785f370a6c40e9cfe54ebcfd939154e6505072fe15421c0d32893?s=96&d=mm&r=g","caption":"Laura"},"url":"https:\/\/lepotentiel.bj\/?author=18"}]}},"_links":{"self":[{"href":"https:\/\/lepotentiel.bj\/index.php?rest_route=\/wp\/v2\/posts\/87293","targetHints":{"allow":["GET"]}}],"collection":[{"href":"https:\/\/lepotentiel.bj\/index.php?rest_route=\/wp\/v2\/posts"}],"about":[{"href":"https:\/\/lepotentiel.bj\/index.php?rest_route=\/wp\/v2\/types\/post"}],"author":[{"embeddable":true,"href":"https:\/\/lepotentiel.bj\/index.php?rest_route=\/wp\/v2\/users\/18"}],"replies":[{"embeddable":true,"href":"https:\/\/lepotentiel.bj\/index.php?rest_route=%2Fwp%2Fv2%2Fcomments&post=87293"}],"version-history":[{"count":1,"href":"https:\/\/lepotentiel.bj\/index.php?rest_route=\/wp\/v2\/posts\/87293\/revisions"}],"predecessor-version":[{"id":87295,"href":"https:\/\/lepotentiel.bj\/index.php?rest_route=\/wp\/v2\/posts\/87293\/revisions\/87295"}],"wp:featuredmedia":[{"embeddable":true,"href":"https:\/\/lepotentiel.bj\/index.php?rest_route=\/wp\/v2\/media\/87294"}],"wp:attachment":[{"href":"https:\/\/lepotentiel.bj\/index.php?rest_route=%2Fwp%2Fv2%2Fmedia&parent=87293"}],"wp:term":[{"taxonomy":"category","embeddable":true,"href":"https:\/\/lepotentiel.bj\/index.php?rest_route=%2Fwp%2Fv2%2Fcategories&post=87293"},{"taxonomy":"post_tag","embeddable":true,"href":"https:\/\/lepotentiel.bj\/index.php?rest_route=%2Fwp%2Fv2%2Ftags&post=87293"}],"curies":[{"name":"wp","href":"https:\/\/api.w.org\/{rel}","templated":true}]}}