{"id":87301,"date":"2026-09-01T18:15:32","date_gmt":"2026-09-01T16:15:32","guid":{"rendered":"https:\/\/lepotentiel.bj\/?p=87301"},"modified":"2026-09-01T18:16:09","modified_gmt":"2026-09-01T16:16:09","slug":"87301","status":"publish","type":"post","link":"https:\/\/lepotentiel.bj\/?p=87301","title":{"rendered":"Fonction publique: 278 agents des enseignements maternel et primaire partiront \u00e0 la retraite en 2027( Liste)"},"content":{"rendered":"<p style=\"text-align: justify;\">Le minist\u00e8re du Travail et de la Fonction publique a programm\u00e9 le d\u00e9part \u00e0 la retraite de 278 fonctionnaires de l\u2019\u00c9tat relevant du minist\u00e8re des Enseignements maternel et primaire (Memp) au titre de l\u2019ann\u00e9e 2027. La p\u00e9riode de r\u00e9f\u00e9rence s\u2019\u00e9tend du 1er janvier au 31 d\u00e9cembre 2027, conform\u00e9ment \u00e0 la programmation \u00e9tablie par la Direction g\u00e9n\u00e9rale de la Fonction publique. L&rsquo;information a \u00e9t\u00e9 rendue publique \u00e0 travers un communiqu\u00e9 en date du 18 septembre 2025.<\/p>\n<p style=\"text-align: justify;\">Ci-joint le communiqu\u00e9 officiel:<\/p>\n<p><a href=\"https:\/\/lepotentiel.bj\/wp-content\/uploads\/2026\/09\/Programmation_retraite_2027_LE_POTENTIEL.pdf\">Programmation_retraite_2027_LE_POTENTIEL<\/a><\/p>\n","protected":false},"excerpt":{"rendered":"<p>Le minist\u00e8re du Travail et de la Fonction publique a programm\u00e9 le d\u00e9part \u00e0 la retraite de 278 fonctionnaires de l\u2019\u00c9tat relevant du minist\u00e8re des Enseignements maternel et primaire (Memp) au titre de l\u2019ann\u00e9e 2027. La p\u00e9riode de r\u00e9f\u00e9rence s\u2019\u00e9tend du 1er janvier au 31 d\u00e9cembre 2027, conform\u00e9ment \u00e0 la programmation \u00e9tablie par la Direction [&hellip;]<\/p>\n","protected":false},"author":18,"featured_media":87182,"comment_status":"open","ping_status":"open","sticky":false,"template":"","format":"standard","meta":{"footnotes":""},"categories":[34,137],"tags":[],"class_list":["post-87301","post","type-post","status-publish","format-standard","has-post-thumbnail","hentry","category-actualite","category-education"],"yoast_head":"<!-- This site is optimized with the Yoast SEO plugin v28.2 - https:\/\/yoast.com\/product\/yoast-seo-wordpress\/ -->\n<title>Fonction publique: 278 agents des enseignements maternel et primaire partiront \u00e0 la retraite en 2027( Liste) - Le Potentiel<\/title>\n<meta name=\"robots\" content=\"index, follow, max-snippet:-1, max-image-preview:large, max-video-preview:-1\" \/>\n<link rel=\"canonical\" href=\"https:\/\/lepotentiel.bj\/?p=87301\" \/>\n<meta property=\"og:locale\" content=\"fr_FR\" \/>\n<meta property=\"og:type\" content=\"article\" \/>\n<meta property=\"og:title\" content=\"Fonction publique: 278 agents des enseignements maternel et primaire partiront \u00e0 la retraite en 2027( Liste) - Le Potentiel\" \/>\n<meta property=\"og:description\" content=\"Le minist\u00e8re du Travail et de la Fonction publique a programm\u00e9 le d\u00e9part \u00e0 la retraite de 278 fonctionnaires de l\u2019\u00c9tat relevant du minist\u00e8re des Enseignements maternel et primaire (Memp) au titre de l\u2019ann\u00e9e 2027. La p\u00e9riode de r\u00e9f\u00e9rence s\u2019\u00e9tend du 1er janvier au 31 d\u00e9cembre 2027, conform\u00e9ment \u00e0 la programmation \u00e9tablie par la Direction [&hellip;]\" \/>\n<meta property=\"og:url\" content=\"https:\/\/lepotentiel.bj\/?p=87301\" \/>\n<meta property=\"og:site_name\" content=\"Le Potentiel\" \/>\n<meta property=\"article:published_time\" content=\"2026-09-01T16:15:32+00:00\" \/>\n<meta property=\"article:modified_time\" content=\"2026-09-01T16:16:09+00:00\" \/>\n<meta property=\"og:image\" content=\"https:\/\/lepotentiel.bj\/wp-content\/uploads\/2026\/08\/1dkQgfyOtOFp9CN9_WhatsApp_Image_2026-06-09_at_10.10.34.jpeg.webp\" \/>\n\t<meta property=\"og:image:width\" content=\"1024\" \/>\n\t<meta property=\"og:image:height\" content=\"573\" \/>\n\t<meta property=\"og:image:type\" content=\"image\/webp\" \/>\n<meta name=\"author\" content=\"Laura\" \/>\n<meta name=\"twitter:card\" content=\"summary_large_image\" \/>\n<meta name=\"twitter:label1\" content=\"\u00c9crit par\" \/>\n\t<meta name=\"twitter:data1\" content=\"Laura\" \/>\n\t<meta name=\"twitter:label2\" content=\"Dur\u00e9e de lecture estim\u00e9e\" \/>\n\t<meta name=\"twitter:data2\" content=\"1 minute\" \/>\n<script type=\"application\/ld+json\" class=\"yoast-schema-graph\">{\"@context\":\"https:\\\/\\\/schema.org\",\"@graph\":[{\"@type\":\"Article\",\"@id\":\"https:\\\/\\\/lepotentiel.bj\\\/?p=87301#article\",\"isPartOf\":{\"@id\":\"https:\\\/\\\/lepotentiel.bj\\\/?p=87301\"},\"author\":{\"name\":\"Laura\",\"@id\":\"https:\\\/\\\/lepotentiel.bj\\\/#\\\/schema\\\/person\\\/001def78e1eafec4b5733ea184d49dd0\"},\"headline\":\"Fonction publique: 278 agents des enseignements maternel et primaire partiront \u00e0 la retraite en 2027( Liste)\",\"datePublished\":\"2026-09-01T16:15:32+00:00\",\"dateModified\":\"2026-09-01T16:16:09+00:00\",\"mainEntityOfPage\":{\"@id\":\"https:\\\/\\\/lepotentiel.bj\\\/?p=87301\"},\"wordCount\":101,\"commentCount\":0,\"publisher\":{\"@id\":\"https:\\\/\\\/lepotentiel.bj\\\/#organization\"},\"image\":{\"@id\":\"https:\\\/\\\/lepotentiel.bj\\\/?p=87301#primaryimage\"},\"thumbnailUrl\":\"https:\\\/\\\/lepotentiel.bj\\\/wp-content\\\/uploads\\\/2026\\\/08\\\/1dkQgfyOtOFp9CN9_WhatsApp_Image_2026-06-09_at_10.10.34.jpeg.webp\",\"articleSection\":[\"Actualit\u00e9\",\"Education\"],\"inLanguage\":\"fr-FR\",\"potentialAction\":[{\"@type\":\"CommentAction\",\"name\":\"Comment\",\"target\":[\"https:\\\/\\\/lepotentiel.bj\\\/?p=87301#respond\"]}]},{\"@type\":\"WebPage\",\"@id\":\"https:\\\/\\\/lepotentiel.bj\\\/?p=87301\",\"url\":\"https:\\\/\\\/lepotentiel.bj\\\/?p=87301\",\"name\":\"Fonction publique: 278 agents des enseignements maternel et primaire partiront \u00e0 la retraite en 2027( Liste) - Le Potentiel\",\"isPartOf\":{\"@id\":\"https:\\\/\\\/lepotentiel.bj\\\/#website\"},\"primaryImageOfPage\":{\"@id\":\"https:\\\/\\\/lepotentiel.bj\\\/?p=87301#primaryimage\"},\"image\":{\"@id\":\"https:\\\/\\\/lepotentiel.bj\\\/?p=87301#primaryimage\"},\"thumbnailUrl\":\"https:\\\/\\\/lepotentiel.bj\\\/wp-content\\\/uploads\\\/2026\\\/08\\\/1dkQgfyOtOFp9CN9_WhatsApp_Image_2026-06-09_at_10.10.34.jpeg.webp\",\"datePublished\":\"2026-09-01T16:15:32+00:00\",\"dateModified\":\"2026-09-01T16:16:09+00:00\",\"breadcrumb\":{\"@id\":\"https:\\\/\\\/lepotentiel.bj\\\/?p=87301#breadcrumb\"},\"inLanguage\":\"fr-FR\",\"potentialAction\":[{\"@type\":\"ReadAction\",\"target\":[\"https:\\\/\\\/lepotentiel.bj\\\/?p=87301\"]}]},{\"@type\":\"ImageObject\",\"inLanguage\":\"fr-FR\",\"@id\":\"https:\\\/\\\/lepotentiel.bj\\\/?p=87301#primaryimage\",\"url\":\"https:\\\/\\\/lepotentiel.bj\\\/wp-content\\\/uploads\\\/2026\\\/08\\\/1dkQgfyOtOFp9CN9_WhatsApp_Image_2026-06-09_at_10.10.34.jpeg.webp\",\"contentUrl\":\"https:\\\/\\\/lepotentiel.bj\\\/wp-content\\\/uploads\\\/2026\\\/08\\\/1dkQgfyOtOFp9CN9_WhatsApp_Image_2026-06-09_at_10.10.34.jpeg.webp\",\"width\":1024,\"height\":573},{\"@type\":\"BreadcrumbList\",\"@id\":\"https:\\\/\\\/lepotentiel.bj\\\/?p=87301#breadcrumb\",\"itemListElement\":[{\"@type\":\"ListItem\",\"position\":1,\"name\":\"Accueil\",\"item\":\"https:\\\/\\\/lepotentiel.bj\\\/\"},{\"@type\":\"ListItem\",\"position\":2,\"name\":\"Fonction publique: 278 agents des enseignements maternel et primaire partiront \u00e0 la retraite en 2027( Liste)\"}]},{\"@type\":\"WebSite\",\"@id\":\"https:\\\/\\\/lepotentiel.bj\\\/#website\",\"url\":\"https:\\\/\\\/lepotentiel.bj\\\/\",\"name\":\"Le Potentiel\",\"description\":\"Le Potentiel, au service de l\u2019information, nous sommes les fantassins du droit de savoir\",\"publisher\":{\"@id\":\"https:\\\/\\\/lepotentiel.bj\\\/#organization\"},\"potentialAction\":[{\"@type\":\"SearchAction\",\"target\":{\"@type\":\"EntryPoint\",\"urlTemplate\":\"https:\\\/\\\/lepotentiel.bj\\\/?s={search_term_string}\"},\"query-input\":{\"@type\":\"PropertyValueSpecification\",\"valueRequired\":true,\"valueName\":\"search_term_string\"}}],\"inLanguage\":\"fr-FR\"},{\"@type\":\"Organization\",\"@id\":\"https:\\\/\\\/lepotentiel.bj\\\/#organization\",\"name\":\"Le Potentiel\",\"url\":\"https:\\\/\\\/lepotentiel.bj\\\/\",\"logo\":{\"@type\":\"ImageObject\",\"inLanguage\":\"fr-FR\",\"@id\":\"https:\\\/\\\/lepotentiel.bj\\\/#\\\/schema\\\/logo\\\/image\\\/\",\"url\":\"https:\\\/\\\/lepotentiel.bj\\\/wp-content\\\/uploads\\\/2023\\\/12\\\/logo-pot.jpg\",\"contentUrl\":\"https:\\\/\\\/lepotentiel.bj\\\/wp-content\\\/uploads\\\/2023\\\/12\\\/logo-pot.jpg\",\"width\":562,\"height\":84,\"caption\":\"Le Potentiel\"},\"image\":{\"@id\":\"https:\\\/\\\/lepotentiel.bj\\\/#\\\/schema\\\/logo\\\/image\\\/\"}},{\"@type\":\"Person\",\"@id\":\"https:\\\/\\\/lepotentiel.bj\\\/#\\\/schema\\\/person\\\/001def78e1eafec4b5733ea184d49dd0\",\"name\":\"Laura\",\"image\":{\"@type\":\"ImageObject\",\"inLanguage\":\"fr-FR\",\"@id\":\"https:\\\/\\\/secure.gravatar.com\\\/avatar\\\/46e54a01dd5785f370a6c40e9cfe54ebcfd939154e6505072fe15421c0d32893?s=96&d=mm&r=g\",\"url\":\"https:\\\/\\\/secure.gravatar.com\\\/avatar\\\/46e54a01dd5785f370a6c40e9cfe54ebcfd939154e6505072fe15421c0d32893?s=96&d=mm&r=g\",\"contentUrl\":\"https:\\\/\\\/secure.gravatar.com\\\/avatar\\\/46e54a01dd5785f370a6c40e9cfe54ebcfd939154e6505072fe15421c0d32893?s=96&d=mm&r=g\",\"caption\":\"Laura\"},\"url\":\"https:\\\/\\\/lepotentiel.bj\\\/?author=18\"}]}<\/script>\n<!-- \/ Yoast SEO plugin. -->","yoast_head_json":{"title":"Fonction publique: 278 agents des enseignements maternel et primaire partiront \u00e0 la retraite en 2027( Liste) - Le Potentiel","robots":{"index":"index","follow":"follow","max-snippet":"max-snippet:-1","max-image-preview":"max-image-preview:large","max-video-preview":"max-video-preview:-1"},"canonical":"https:\/\/lepotentiel.bj\/?p=87301","og_locale":"fr_FR","og_type":"article","og_title":"Fonction publique: 278 agents des enseignements maternel et primaire partiront \u00e0 la retraite en 2027( Liste) - Le Potentiel","og_description":"Le minist\u00e8re du Travail et de la Fonction publique a programm\u00e9 le d\u00e9part \u00e0 la retraite de 278 fonctionnaires de l\u2019\u00c9tat relevant du minist\u00e8re des Enseignements maternel et primaire (Memp) au titre de l\u2019ann\u00e9e 2027. La p\u00e9riode de r\u00e9f\u00e9rence s\u2019\u00e9tend du 1er janvier au 31 d\u00e9cembre 2027, conform\u00e9ment \u00e0 la programmation \u00e9tablie par la Direction [&hellip;]","og_url":"https:\/\/lepotentiel.bj\/?p=87301","og_site_name":"Le Potentiel","article_published_time":"2026-09-01T16:15:32+00:00","article_modified_time":"2026-09-01T16:16:09+00:00","og_image":[{"width":1024,"height":573,"url":"https:\/\/lepotentiel.bj\/wp-content\/uploads\/2026\/08\/1dkQgfyOtOFp9CN9_WhatsApp_Image_2026-06-09_at_10.10.34.jpeg.webp","type":"image\/webp"}],"author":"Laura","twitter_card":"summary_large_image","twitter_misc":{"\u00c9crit par":"Laura","Dur\u00e9e de lecture estim\u00e9e":"1 minute"},"schema":{"@context":"https:\/\/schema.org","@graph":[{"@type":"Article","@id":"https:\/\/lepotentiel.bj\/?p=87301#article","isPartOf":{"@id":"https:\/\/lepotentiel.bj\/?p=87301"},"author":{"name":"Laura","@id":"https:\/\/lepotentiel.bj\/#\/schema\/person\/001def78e1eafec4b5733ea184d49dd0"},"headline":"Fonction publique: 278 agents des enseignements maternel et primaire partiront \u00e0 la retraite en 2027( Liste)","datePublished":"2026-09-01T16:15:32+00:00","dateModified":"2026-09-01T16:16:09+00:00","mainEntityOfPage":{"@id":"https:\/\/lepotentiel.bj\/?p=87301"},"wordCount":101,"commentCount":0,"publisher":{"@id":"https:\/\/lepotentiel.bj\/#organization"},"image":{"@id":"https:\/\/lepotentiel.bj\/?p=87301#primaryimage"},"thumbnailUrl":"https:\/\/lepotentiel.bj\/wp-content\/uploads\/2026\/08\/1dkQgfyOtOFp9CN9_WhatsApp_Image_2026-06-09_at_10.10.34.jpeg.webp","articleSection":["Actualit\u00e9","Education"],"inLanguage":"fr-FR","potentialAction":[{"@type":"CommentAction","name":"Comment","target":["https:\/\/lepotentiel.bj\/?p=87301#respond"]}]},{"@type":"WebPage","@id":"https:\/\/lepotentiel.bj\/?p=87301","url":"https:\/\/lepotentiel.bj\/?p=87301","name":"Fonction publique: 278 agents des enseignements maternel et primaire partiront \u00e0 la retraite en 2027( Liste) - Le Potentiel","isPartOf":{"@id":"https:\/\/lepotentiel.bj\/#website"},"primaryImageOfPage":{"@id":"https:\/\/lepotentiel.bj\/?p=87301#primaryimage"},"image":{"@id":"https:\/\/lepotentiel.bj\/?p=87301#primaryimage"},"thumbnailUrl":"https:\/\/lepotentiel.bj\/wp-content\/uploads\/2026\/08\/1dkQgfyOtOFp9CN9_WhatsApp_Image_2026-06-09_at_10.10.34.jpeg.webp","datePublished":"2026-09-01T16:15:32+00:00","dateModified":"2026-09-01T16:16:09+00:00","breadcrumb":{"@id":"https:\/\/lepotentiel.bj\/?p=87301#breadcrumb"},"inLanguage":"fr-FR","potentialAction":[{"@type":"ReadAction","target":["https:\/\/lepotentiel.bj\/?p=87301"]}]},{"@type":"ImageObject","inLanguage":"fr-FR","@id":"https:\/\/lepotentiel.bj\/?p=87301#primaryimage","url":"https:\/\/lepotentiel.bj\/wp-content\/uploads\/2026\/08\/1dkQgfyOtOFp9CN9_WhatsApp_Image_2026-06-09_at_10.10.34.jpeg.webp","contentUrl":"https:\/\/lepotentiel.bj\/wp-content\/uploads\/2026\/08\/1dkQgfyOtOFp9CN9_WhatsApp_Image_2026-06-09_at_10.10.34.jpeg.webp","width":1024,"height":573},{"@type":"BreadcrumbList","@id":"https:\/\/lepotentiel.bj\/?p=87301#breadcrumb","itemListElement":[{"@type":"ListItem","position":1,"name":"Accueil","item":"https:\/\/lepotentiel.bj\/"},{"@type":"ListItem","position":2,"name":"Fonction publique: 278 agents des enseignements maternel et primaire partiront \u00e0 la retraite en 2027( Liste)"}]},{"@type":"WebSite","@id":"https:\/\/lepotentiel.bj\/#website","url":"https:\/\/lepotentiel.bj\/","name":"Le Potentiel","description":"Le Potentiel, au service de l\u2019information, nous sommes les fantassins du droit de savoir","publisher":{"@id":"https:\/\/lepotentiel.bj\/#organization"},"potentialAction":[{"@type":"SearchAction","target":{"@type":"EntryPoint","urlTemplate":"https:\/\/lepotentiel.bj\/?s={search_term_string}"},"query-input":{"@type":"PropertyValueSpecification","valueRequired":true,"valueName":"search_term_string"}}],"inLanguage":"fr-FR"},{"@type":"Organization","@id":"https:\/\/lepotentiel.bj\/#organization","name":"Le Potentiel","url":"https:\/\/lepotentiel.bj\/","logo":{"@type":"ImageObject","inLanguage":"fr-FR","@id":"https:\/\/lepotentiel.bj\/#\/schema\/logo\/image\/","url":"https:\/\/lepotentiel.bj\/wp-content\/uploads\/2023\/12\/logo-pot.jpg","contentUrl":"https:\/\/lepotentiel.bj\/wp-content\/uploads\/2023\/12\/logo-pot.jpg","width":562,"height":84,"caption":"Le Potentiel"},"image":{"@id":"https:\/\/lepotentiel.bj\/#\/schema\/logo\/image\/"}},{"@type":"Person","@id":"https:\/\/lepotentiel.bj\/#\/schema\/person\/001def78e1eafec4b5733ea184d49dd0","name":"Laura","image":{"@type":"ImageObject","inLanguage":"fr-FR","@id":"https:\/\/secure.gravatar.com\/avatar\/46e54a01dd5785f370a6c40e9cfe54ebcfd939154e6505072fe15421c0d32893?s=96&d=mm&r=g","url":"https:\/\/secure.gravatar.com\/avatar\/46e54a01dd5785f370a6c40e9cfe54ebcfd939154e6505072fe15421c0d32893?s=96&d=mm&r=g","contentUrl":"https:\/\/secure.gravatar.com\/avatar\/46e54a01dd5785f370a6c40e9cfe54ebcfd939154e6505072fe15421c0d32893?s=96&d=mm&r=g","caption":"Laura"},"url":"https:\/\/lepotentiel.bj\/?author=18"}]}},"_links":{"self":[{"href":"https:\/\/lepotentiel.bj\/index.php?rest_route=\/wp\/v2\/posts\/87301","targetHints":{"allow":["GET"]}}],"collection":[{"href":"https:\/\/lepotentiel.bj\/index.php?rest_route=\/wp\/v2\/posts"}],"about":[{"href":"https:\/\/lepotentiel.bj\/index.php?rest_route=\/wp\/v2\/types\/post"}],"author":[{"embeddable":true,"href":"https:\/\/lepotentiel.bj\/index.php?rest_route=\/wp\/v2\/users\/18"}],"replies":[{"embeddable":true,"href":"https:\/\/lepotentiel.bj\/index.php?rest_route=%2Fwp%2Fv2%2Fcomments&post=87301"}],"version-history":[{"count":2,"href":"https:\/\/lepotentiel.bj\/index.php?rest_route=\/wp\/v2\/posts\/87301\/revisions"}],"predecessor-version":[{"id":87304,"href":"https:\/\/lepotentiel.bj\/index.php?rest_route=\/wp\/v2\/posts\/87301\/revisions\/87304"}],"wp:featuredmedia":[{"embeddable":true,"href":"https:\/\/lepotentiel.bj\/index.php?rest_route=\/wp\/v2\/media\/87182"}],"wp:attachment":[{"href":"https:\/\/lepotentiel.bj\/index.php?rest_route=%2Fwp%2Fv2%2Fmedia&parent=87301"}],"wp:term":[{"taxonomy":"category","embeddable":true,"href":"https:\/\/lepotentiel.bj\/index.php?rest_route=%2Fwp%2Fv2%2Fcategories&post=87301"},{"taxonomy":"post_tag","embeddable":true,"href":"https:\/\/lepotentiel.bj\/index.php?rest_route=%2Fwp%2Fv2%2Ftags&post=87301"}],"curies":[{"name":"wp","href":"https:\/\/api.w.org\/{rel}","templated":true}]}}