{"id":87305,"date":"2026-09-01T21:03:53","date_gmt":"2026-09-01T19:03:53","guid":{"rendered":"https:\/\/lepotentiel.bj\/?p=87305"},"modified":"2026-09-01T21:10:01","modified_gmt":"2026-09-01T19:10:01","slug":"mondial-u20-feminin-pologne-2026-les-amazones-posent-leurs-valises-a-katowice-et-sont-pretes-a-ecrire-lhistoire","status":"publish","type":"post","link":"https:\/\/lepotentiel.bj\/?p=87305","title":{"rendered":"Mondial U20 f\u00e9minin Pologne 2026 : les Amazones posent leurs valises \u00e0 Katowice et sont pr\u00eates \u00e0 \u00e9crire l\u2019histoire"},"content":{"rendered":"<p style=\"text-align: justify;\">Apr\u00e8s plusieurs semaines de stage de pr\u00e9paration en France, les Amazones U20 du B\u00e9nin ont pris la direction de la Pologne ce mardi 1er septembre 2026. A leur descente d\u2019avion \u00e0 Varsovie (capitale de la Pologne), les B\u00e9ninoises habill\u00e9es telles de dignes amazones des temps modernes, ont re\u00e7u un accueil chaleureux du Comit\u00e9 local d\u2019organisation, avant de poursuivre leur route vers Katowice (deuxi\u00e8me plus grande ville du pays), qui abritera leurs rencontres de poule de cette Coupe du monde f\u00e9minine U20.<br \/>\nEt pour leur premi\u00e8re participation \u00e0 cette comp\u00e9tition d\u2019envergure, les joueuses b\u00e9ninoises affichent leurs ambitions, mais aussi une identit\u00e9 nationale assum\u00e9e. Pour leur voyage en Pologne, Romaine Gandonou et ses co\u00e9quipi\u00e8res ont arbor\u00e9 des tenues inspir\u00e9es des Agooji\u00e9s, les c\u00e9l\u00e8bres femmes guerri\u00e8res du royaume du Danxom\u00e8. Tissus indigo, bijoux dor\u00e9s et motifs traditionnels ont ainsi accompagn\u00e9 leur entr\u00e9e sur la sc\u00e8ne mondiale, comme un hommage \u00e0 l\u2019histoire et au patrimoine b\u00e9ninois.<br \/>\nLog\u00e9es dans le groupe A, les B\u00e9ninoises entrent dans le tournoi d\u00e8s samedi prochain avec un premier gros test face au Mexique. Elles croiseront par la suite, l\u2019Argentine (8 septembre) et la Pologne (pays organisateur) le 11 septembre.<\/p>\n<p style=\"text-align: justify;\">L.T.<\/p>\n","protected":false},"excerpt":{"rendered":"<p>Apr\u00e8s plusieurs semaines de stage de pr\u00e9paration en France, les Amazones U20 du B\u00e9nin ont pris la direction de la Pologne ce mardi 1er septembre 2026. A leur descente d\u2019avion \u00e0 Varsovie (capitale de la Pologne), les B\u00e9ninoises habill\u00e9es telles de dignes amazones des temps modernes, ont re\u00e7u un accueil chaleureux du Comit\u00e9 local d\u2019organisation, [&hellip;]<\/p>\n","protected":false},"author":7,"featured_media":87306,"comment_status":"open","ping_status":"open","sticky":false,"template":"","format":"standard","meta":{"footnotes":""},"categories":[34,11],"tags":[19946,22574,23034,23036,23035],"class_list":["post-87305","post","type-post","status-publish","format-standard","has-post-thumbnail","hentry","category-actualite","category-bs-sports","tag-amazones","tag-coupe-du-monde-u20","tag-feminine","tag-identite-culturelle","tag-pologne-2026"],"yoast_head":"<!-- This site is optimized with the Yoast SEO plugin v28.2 - https:\/\/yoast.com\/product\/yoast-seo-wordpress\/ -->\n<title>Mondial U20 f\u00e9minin Pologne 2026 : les Amazones posent leurs valises \u00e0 Katowice et sont pr\u00eates \u00e0 \u00e9crire l\u2019histoire - Le Potentiel<\/title>\n<meta name=\"robots\" content=\"index, follow, max-snippet:-1, max-image-preview:large, max-video-preview:-1\" \/>\n<link rel=\"canonical\" href=\"https:\/\/lepotentiel.bj\/?p=87305\" \/>\n<meta property=\"og:locale\" content=\"fr_FR\" \/>\n<meta property=\"og:type\" content=\"article\" \/>\n<meta property=\"og:title\" content=\"Mondial U20 f\u00e9minin Pologne 2026 : les Amazones posent leurs valises \u00e0 Katowice et sont pr\u00eates \u00e0 \u00e9crire l\u2019histoire - Le Potentiel\" \/>\n<meta property=\"og:description\" content=\"Apr\u00e8s plusieurs semaines de stage de pr\u00e9paration en France, les Amazones U20 du B\u00e9nin ont pris la direction de la Pologne ce mardi 1er septembre 2026. A leur descente d\u2019avion \u00e0 Varsovie (capitale de la Pologne), les B\u00e9ninoises habill\u00e9es telles de dignes amazones des temps modernes, ont re\u00e7u un accueil chaleureux du Comit\u00e9 local d\u2019organisation, [&hellip;]\" \/>\n<meta property=\"og:url\" content=\"https:\/\/lepotentiel.bj\/?p=87305\" \/>\n<meta property=\"og:site_name\" content=\"Le Potentiel\" \/>\n<meta property=\"article:published_time\" content=\"2026-09-01T19:03:53+00:00\" \/>\n<meta property=\"article:modified_time\" content=\"2026-09-01T19:10:01+00:00\" \/>\n<meta property=\"og:image\" content=\"https:\/\/lepotentiel.bj\/wp-content\/uploads\/2026\/09\/FB_IMG_1788289236397.jpg\" \/>\n\t<meta property=\"og:image:width\" content=\"2048\" \/>\n\t<meta property=\"og:image:height\" content=\"1280\" \/>\n\t<meta property=\"og:image:type\" content=\"image\/jpeg\" \/>\n<meta name=\"author\" content=\"Louis\" \/>\n<meta name=\"twitter:card\" content=\"summary_large_image\" \/>\n<meta name=\"twitter:label1\" content=\"\u00c9crit par\" \/>\n\t<meta name=\"twitter:data1\" content=\"Louis\" \/>\n\t<meta name=\"twitter:label2\" content=\"Dur\u00e9e de lecture estim\u00e9e\" \/>\n\t<meta name=\"twitter:data2\" content=\"2 minutes\" \/>\n<script type=\"application\/ld+json\" class=\"yoast-schema-graph\">{\"@context\":\"https:\\\/\\\/schema.org\",\"@graph\":[{\"@type\":\"Article\",\"@id\":\"https:\\\/\\\/lepotentiel.bj\\\/?p=87305#article\",\"isPartOf\":{\"@id\":\"https:\\\/\\\/lepotentiel.bj\\\/?p=87305\"},\"author\":{\"name\":\"Louis\",\"@id\":\"https:\\\/\\\/lepotentiel.bj\\\/#\\\/schema\\\/person\\\/fdda957c384e805f0fc0d27336e2043e\"},\"headline\":\"Mondial U20 f\u00e9minin Pologne 2026 : les Amazones posent leurs valises \u00e0 Katowice et sont pr\u00eates \u00e0 \u00e9crire l\u2019histoire\",\"datePublished\":\"2026-09-01T19:03:53+00:00\",\"dateModified\":\"2026-09-01T19:10:01+00:00\",\"mainEntityOfPage\":{\"@id\":\"https:\\\/\\\/lepotentiel.bj\\\/?p=87305\"},\"wordCount\":235,\"commentCount\":0,\"publisher\":{\"@id\":\"https:\\\/\\\/lepotentiel.bj\\\/#organization\"},\"image\":{\"@id\":\"https:\\\/\\\/lepotentiel.bj\\\/?p=87305#primaryimage\"},\"thumbnailUrl\":\"https:\\\/\\\/lepotentiel.bj\\\/wp-content\\\/uploads\\\/2026\\\/09\\\/FB_IMG_1788289236397.jpg\",\"keywords\":[\"Amazones\",\"Coupe du monde U20\",\"f\u00e9minine\",\"Identit\u00e9 culturelle\",\"Pologne 2026\"],\"articleSection\":[\"Actualit\u00e9\",\"Sports\"],\"inLanguage\":\"fr-FR\",\"potentialAction\":[{\"@type\":\"CommentAction\",\"name\":\"Comment\",\"target\":[\"https:\\\/\\\/lepotentiel.bj\\\/?p=87305#respond\"]}]},{\"@type\":\"WebPage\",\"@id\":\"https:\\\/\\\/lepotentiel.bj\\\/?p=87305\",\"url\":\"https:\\\/\\\/lepotentiel.bj\\\/?p=87305\",\"name\":\"Mondial U20 f\u00e9minin Pologne 2026 : les Amazones posent leurs valises \u00e0 Katowice et sont pr\u00eates \u00e0 \u00e9crire l\u2019histoire - Le Potentiel\",\"isPartOf\":{\"@id\":\"https:\\\/\\\/lepotentiel.bj\\\/#website\"},\"primaryImageOfPage\":{\"@id\":\"https:\\\/\\\/lepotentiel.bj\\\/?p=87305#primaryimage\"},\"image\":{\"@id\":\"https:\\\/\\\/lepotentiel.bj\\\/?p=87305#primaryimage\"},\"thumbnailUrl\":\"https:\\\/\\\/lepotentiel.bj\\\/wp-content\\\/uploads\\\/2026\\\/09\\\/FB_IMG_1788289236397.jpg\",\"datePublished\":\"2026-09-01T19:03:53+00:00\",\"dateModified\":\"2026-09-01T19:10:01+00:00\",\"breadcrumb\":{\"@id\":\"https:\\\/\\\/lepotentiel.bj\\\/?p=87305#breadcrumb\"},\"inLanguage\":\"fr-FR\",\"potentialAction\":[{\"@type\":\"ReadAction\",\"target\":[\"https:\\\/\\\/lepotentiel.bj\\\/?p=87305\"]}]},{\"@type\":\"ImageObject\",\"inLanguage\":\"fr-FR\",\"@id\":\"https:\\\/\\\/lepotentiel.bj\\\/?p=87305#primaryimage\",\"url\":\"https:\\\/\\\/lepotentiel.bj\\\/wp-content\\\/uploads\\\/2026\\\/09\\\/FB_IMG_1788289236397.jpg\",\"contentUrl\":\"https:\\\/\\\/lepotentiel.bj\\\/wp-content\\\/uploads\\\/2026\\\/09\\\/FB_IMG_1788289236397.jpg\",\"width\":2048,\"height\":1280},{\"@type\":\"BreadcrumbList\",\"@id\":\"https:\\\/\\\/lepotentiel.bj\\\/?p=87305#breadcrumb\",\"itemListElement\":[{\"@type\":\"ListItem\",\"position\":1,\"name\":\"Accueil\",\"item\":\"https:\\\/\\\/lepotentiel.bj\\\/\"},{\"@type\":\"ListItem\",\"position\":2,\"name\":\"Mondial U20 f\u00e9minin Pologne 2026 : les Amazones posent leurs valises \u00e0 Katowice et sont pr\u00eates \u00e0 \u00e9crire l\u2019histoire\"}]},{\"@type\":\"WebSite\",\"@id\":\"https:\\\/\\\/lepotentiel.bj\\\/#website\",\"url\":\"https:\\\/\\\/lepotentiel.bj\\\/\",\"name\":\"Le Potentiel\",\"description\":\"Le Potentiel, au service de l\u2019information, nous sommes les fantassins du droit de savoir\",\"publisher\":{\"@id\":\"https:\\\/\\\/lepotentiel.bj\\\/#organization\"},\"potentialAction\":[{\"@type\":\"SearchAction\",\"target\":{\"@type\":\"EntryPoint\",\"urlTemplate\":\"https:\\\/\\\/lepotentiel.bj\\\/?s={search_term_string}\"},\"query-input\":{\"@type\":\"PropertyValueSpecification\",\"valueRequired\":true,\"valueName\":\"search_term_string\"}}],\"inLanguage\":\"fr-FR\"},{\"@type\":\"Organization\",\"@id\":\"https:\\\/\\\/lepotentiel.bj\\\/#organization\",\"name\":\"Le Potentiel\",\"url\":\"https:\\\/\\\/lepotentiel.bj\\\/\",\"logo\":{\"@type\":\"ImageObject\",\"inLanguage\":\"fr-FR\",\"@id\":\"https:\\\/\\\/lepotentiel.bj\\\/#\\\/schema\\\/logo\\\/image\\\/\",\"url\":\"https:\\\/\\\/lepotentiel.bj\\\/wp-content\\\/uploads\\\/2023\\\/12\\\/logo-pot.jpg\",\"contentUrl\":\"https:\\\/\\\/lepotentiel.bj\\\/wp-content\\\/uploads\\\/2023\\\/12\\\/logo-pot.jpg\",\"width\":562,\"height\":84,\"caption\":\"Le Potentiel\"},\"image\":{\"@id\":\"https:\\\/\\\/lepotentiel.bj\\\/#\\\/schema\\\/logo\\\/image\\\/\"}},{\"@type\":\"Person\",\"@id\":\"https:\\\/\\\/lepotentiel.bj\\\/#\\\/schema\\\/person\\\/fdda957c384e805f0fc0d27336e2043e\",\"name\":\"Louis\",\"image\":{\"@type\":\"ImageObject\",\"inLanguage\":\"fr-FR\",\"@id\":\"https:\\\/\\\/secure.gravatar.com\\\/avatar\\\/6f5f11044e7478a024ffb0cdd245934f14edbbbee764f548bc3f02a02df46d9a?s=96&d=mm&r=g\",\"url\":\"https:\\\/\\\/secure.gravatar.com\\\/avatar\\\/6f5f11044e7478a024ffb0cdd245934f14edbbbee764f548bc3f02a02df46d9a?s=96&d=mm&r=g\",\"contentUrl\":\"https:\\\/\\\/secure.gravatar.com\\\/avatar\\\/6f5f11044e7478a024ffb0cdd245934f14edbbbee764f548bc3f02a02df46d9a?s=96&d=mm&r=g\",\"caption\":\"Louis\"},\"url\":\"https:\\\/\\\/lepotentiel.bj\\\/?author=7\"}]}<\/script>\n<!-- \/ Yoast SEO plugin. -->","yoast_head_json":{"title":"Mondial U20 f\u00e9minin Pologne 2026 : les Amazones posent leurs valises \u00e0 Katowice et sont pr\u00eates \u00e0 \u00e9crire l\u2019histoire - Le Potentiel","robots":{"index":"index","follow":"follow","max-snippet":"max-snippet:-1","max-image-preview":"max-image-preview:large","max-video-preview":"max-video-preview:-1"},"canonical":"https:\/\/lepotentiel.bj\/?p=87305","og_locale":"fr_FR","og_type":"article","og_title":"Mondial U20 f\u00e9minin Pologne 2026 : les Amazones posent leurs valises \u00e0 Katowice et sont pr\u00eates \u00e0 \u00e9crire l\u2019histoire - Le Potentiel","og_description":"Apr\u00e8s plusieurs semaines de stage de pr\u00e9paration en France, les Amazones U20 du B\u00e9nin ont pris la direction de la Pologne ce mardi 1er septembre 2026. A leur descente d\u2019avion \u00e0 Varsovie (capitale de la Pologne), les B\u00e9ninoises habill\u00e9es telles de dignes amazones des temps modernes, ont re\u00e7u un accueil chaleureux du Comit\u00e9 local d\u2019organisation, [&hellip;]","og_url":"https:\/\/lepotentiel.bj\/?p=87305","og_site_name":"Le Potentiel","article_published_time":"2026-09-01T19:03:53+00:00","article_modified_time":"2026-09-01T19:10:01+00:00","og_image":[{"width":2048,"height":1280,"url":"https:\/\/lepotentiel.bj\/wp-content\/uploads\/2026\/09\/FB_IMG_1788289236397.jpg","type":"image\/jpeg"}],"author":"Louis","twitter_card":"summary_large_image","twitter_misc":{"\u00c9crit par":"Louis","Dur\u00e9e de lecture estim\u00e9e":"2 minutes"},"schema":{"@context":"https:\/\/schema.org","@graph":[{"@type":"Article","@id":"https:\/\/lepotentiel.bj\/?p=87305#article","isPartOf":{"@id":"https:\/\/lepotentiel.bj\/?p=87305"},"author":{"name":"Louis","@id":"https:\/\/lepotentiel.bj\/#\/schema\/person\/fdda957c384e805f0fc0d27336e2043e"},"headline":"Mondial U20 f\u00e9minin Pologne 2026 : les Amazones posent leurs valises \u00e0 Katowice et sont pr\u00eates \u00e0 \u00e9crire l\u2019histoire","datePublished":"2026-09-01T19:03:53+00:00","dateModified":"2026-09-01T19:10:01+00:00","mainEntityOfPage":{"@id":"https:\/\/lepotentiel.bj\/?p=87305"},"wordCount":235,"commentCount":0,"publisher":{"@id":"https:\/\/lepotentiel.bj\/#organization"},"image":{"@id":"https:\/\/lepotentiel.bj\/?p=87305#primaryimage"},"thumbnailUrl":"https:\/\/lepotentiel.bj\/wp-content\/uploads\/2026\/09\/FB_IMG_1788289236397.jpg","keywords":["Amazones","Coupe du monde U20","f\u00e9minine","Identit\u00e9 culturelle","Pologne 2026"],"articleSection":["Actualit\u00e9","Sports"],"inLanguage":"fr-FR","potentialAction":[{"@type":"CommentAction","name":"Comment","target":["https:\/\/lepotentiel.bj\/?p=87305#respond"]}]},{"@type":"WebPage","@id":"https:\/\/lepotentiel.bj\/?p=87305","url":"https:\/\/lepotentiel.bj\/?p=87305","name":"Mondial U20 f\u00e9minin Pologne 2026 : les Amazones posent leurs valises \u00e0 Katowice et sont pr\u00eates \u00e0 \u00e9crire l\u2019histoire - Le Potentiel","isPartOf":{"@id":"https:\/\/lepotentiel.bj\/#website"},"primaryImageOfPage":{"@id":"https:\/\/lepotentiel.bj\/?p=87305#primaryimage"},"image":{"@id":"https:\/\/lepotentiel.bj\/?p=87305#primaryimage"},"thumbnailUrl":"https:\/\/lepotentiel.bj\/wp-content\/uploads\/2026\/09\/FB_IMG_1788289236397.jpg","datePublished":"2026-09-01T19:03:53+00:00","dateModified":"2026-09-01T19:10:01+00:00","breadcrumb":{"@id":"https:\/\/lepotentiel.bj\/?p=87305#breadcrumb"},"inLanguage":"fr-FR","potentialAction":[{"@type":"ReadAction","target":["https:\/\/lepotentiel.bj\/?p=87305"]}]},{"@type":"ImageObject","inLanguage":"fr-FR","@id":"https:\/\/lepotentiel.bj\/?p=87305#primaryimage","url":"https:\/\/lepotentiel.bj\/wp-content\/uploads\/2026\/09\/FB_IMG_1788289236397.jpg","contentUrl":"https:\/\/lepotentiel.bj\/wp-content\/uploads\/2026\/09\/FB_IMG_1788289236397.jpg","width":2048,"height":1280},{"@type":"BreadcrumbList","@id":"https:\/\/lepotentiel.bj\/?p=87305#breadcrumb","itemListElement":[{"@type":"ListItem","position":1,"name":"Accueil","item":"https:\/\/lepotentiel.bj\/"},{"@type":"ListItem","position":2,"name":"Mondial U20 f\u00e9minin Pologne 2026 : les Amazones posent leurs valises \u00e0 Katowice et sont pr\u00eates \u00e0 \u00e9crire l\u2019histoire"}]},{"@type":"WebSite","@id":"https:\/\/lepotentiel.bj\/#website","url":"https:\/\/lepotentiel.bj\/","name":"Le Potentiel","description":"Le Potentiel, au service de l\u2019information, nous sommes les fantassins du droit de savoir","publisher":{"@id":"https:\/\/lepotentiel.bj\/#organization"},"potentialAction":[{"@type":"SearchAction","target":{"@type":"EntryPoint","urlTemplate":"https:\/\/lepotentiel.bj\/?s={search_term_string}"},"query-input":{"@type":"PropertyValueSpecification","valueRequired":true,"valueName":"search_term_string"}}],"inLanguage":"fr-FR"},{"@type":"Organization","@id":"https:\/\/lepotentiel.bj\/#organization","name":"Le Potentiel","url":"https:\/\/lepotentiel.bj\/","logo":{"@type":"ImageObject","inLanguage":"fr-FR","@id":"https:\/\/lepotentiel.bj\/#\/schema\/logo\/image\/","url":"https:\/\/lepotentiel.bj\/wp-content\/uploads\/2023\/12\/logo-pot.jpg","contentUrl":"https:\/\/lepotentiel.bj\/wp-content\/uploads\/2023\/12\/logo-pot.jpg","width":562,"height":84,"caption":"Le Potentiel"},"image":{"@id":"https:\/\/lepotentiel.bj\/#\/schema\/logo\/image\/"}},{"@type":"Person","@id":"https:\/\/lepotentiel.bj\/#\/schema\/person\/fdda957c384e805f0fc0d27336e2043e","name":"Louis","image":{"@type":"ImageObject","inLanguage":"fr-FR","@id":"https:\/\/secure.gravatar.com\/avatar\/6f5f11044e7478a024ffb0cdd245934f14edbbbee764f548bc3f02a02df46d9a?s=96&d=mm&r=g","url":"https:\/\/secure.gravatar.com\/avatar\/6f5f11044e7478a024ffb0cdd245934f14edbbbee764f548bc3f02a02df46d9a?s=96&d=mm&r=g","contentUrl":"https:\/\/secure.gravatar.com\/avatar\/6f5f11044e7478a024ffb0cdd245934f14edbbbee764f548bc3f02a02df46d9a?s=96&d=mm&r=g","caption":"Louis"},"url":"https:\/\/lepotentiel.bj\/?author=7"}]}},"_links":{"self":[{"href":"https:\/\/lepotentiel.bj\/index.php?rest_route=\/wp\/v2\/posts\/87305","targetHints":{"allow":["GET"]}}],"collection":[{"href":"https:\/\/lepotentiel.bj\/index.php?rest_route=\/wp\/v2\/posts"}],"about":[{"href":"https:\/\/lepotentiel.bj\/index.php?rest_route=\/wp\/v2\/types\/post"}],"author":[{"embeddable":true,"href":"https:\/\/lepotentiel.bj\/index.php?rest_route=\/wp\/v2\/users\/7"}],"replies":[{"embeddable":true,"href":"https:\/\/lepotentiel.bj\/index.php?rest_route=%2Fwp%2Fv2%2Fcomments&post=87305"}],"version-history":[{"count":3,"href":"https:\/\/lepotentiel.bj\/index.php?rest_route=\/wp\/v2\/posts\/87305\/revisions"}],"predecessor-version":[{"id":87310,"href":"https:\/\/lepotentiel.bj\/index.php?rest_route=\/wp\/v2\/posts\/87305\/revisions\/87310"}],"wp:featuredmedia":[{"embeddable":true,"href":"https:\/\/lepotentiel.bj\/index.php?rest_route=\/wp\/v2\/media\/87306"}],"wp:attachment":[{"href":"https:\/\/lepotentiel.bj\/index.php?rest_route=%2Fwp%2Fv2%2Fmedia&parent=87305"}],"wp:term":[{"taxonomy":"category","embeddable":true,"href":"https:\/\/lepotentiel.bj\/index.php?rest_route=%2Fwp%2Fv2%2Fcategories&post=87305"},{"taxonomy":"post_tag","embeddable":true,"href":"https:\/\/lepotentiel.bj\/index.php?rest_route=%2Fwp%2Fv2%2Ftags&post=87305"}],"curies":[{"name":"wp","href":"https:\/\/api.w.org\/{rel}","templated":true}]}}