{"id":87319,"date":"2026-09-02T11:58:47","date_gmt":"2026-09-02T09:58:47","guid":{"rendered":"https:\/\/lepotentiel.bj\/?p=87319"},"modified":"2026-09-02T11:58:47","modified_gmt":"2026-09-02T09:58:47","slug":"cabinet-du-president-de-la-republique-saara-houansou-gagnante-de-the-voice-afrique-2026-recue-par-romuald-wadagni","status":"publish","type":"post","link":"https:\/\/lepotentiel.bj\/?p=87319","title":{"rendered":"Cabinet du pr\u00e9sident de la R\u00e9publique : Saara Houansou gagnante de \u2018\u2019The Voice Afrique\u2019\u2019 2026 re\u00e7ue par  Romuald Wadagni"},"content":{"rendered":"<p>La chanteuse b\u00e9ninoise Saara Houansou, r\u00e9cemment sacr\u00e9e gagnante de \u2018\u2019The Voice Afrique\u2019\u2019 2026 pour la zone francophone a \u00e9t\u00e9 re\u00e7ue en audience, mardi 1er septembre \u00e0 Cotonou, par Romuald Wadagni. Une rencontre qui intervient quelques semaines apr\u00e8s son sacre \u00e0 The Voice Afrique francophone, o\u00f9 elle est devenue la premi\u00e8re candidate b\u00e9ninoise \u00e0 remporter le prestigieux troph\u00e9e.<br \/>\nCette audience intervient apr\u00e8s un premier contact entre la chanteuse et le pr\u00e9sident. Quelques heures apr\u00e8s sa victoire, dans la nuit du 14 au 15 ao\u00fbt \u00e0 Abidjan, le chef de l\u2019\u00c9tat l\u2019avait appel\u00e9e personnellement pour la f\u00e9liciter. Surprise par cet appel, l\u2019artiste avait alors racont\u00e9 son \u00e9motion en d\u00e9couvrant son interlocuteur au bout du fil.<br \/>\nRappelons qu\u2019apr\u00e8s son sacre, Saara Houansou avait \u00e9t\u00e9 accueillie en grande pompe \u00e0 Cotonou le 16 ao\u00fbt. Des centaines de personnes s\u2019\u00e9taient mobilis\u00e9es \u00e0 l\u2019a\u00e9roport puis \u00e0 la Place de l\u2019Amazone pour c\u00e9l\u00e9brer sa victoire. La B\u00e9ninoise s\u2019\u00e9tait impos\u00e9e face \u00e0 trois autres finalistes venus du Congo, du Burundi et de Madagascar, avec l\u2019artiste ivoirienne Josey comme coach.<br \/>\nSon sacre historique lui ouvre d\u00e9sormais de nouvelles perspectives. Elle doit notamment b\u00e9n\u00e9ficier de l\u2019enregistrement d\u2019un EP avec Universal Music Group ainsi que de la r\u00e9alisation d\u2019un single accompagn\u00e9 d\u2019un clip.<\/p>\n","protected":false},"excerpt":{"rendered":"<p>La chanteuse b\u00e9ninoise Saara Houansou, r\u00e9cemment sacr\u00e9e gagnante de \u2018\u2019The Voice Afrique\u2019\u2019 2026 pour la zone francophone a \u00e9t\u00e9 re\u00e7ue en audience, mardi 1er septembre \u00e0 Cotonou, par Romuald Wadagni. Une rencontre qui intervient quelques semaines apr\u00e8s son sacre \u00e0 The Voice Afrique francophone, o\u00f9 elle est devenue la premi\u00e8re candidate b\u00e9ninoise \u00e0 remporter le [&hellip;]<\/p>\n","protected":false},"author":5,"featured_media":87320,"comment_status":"open","ping_status":"open","sticky":false,"template":"","format":"standard","meta":{"footnotes":""},"categories":[34,3],"tags":[2927,63,23037,23038],"class_list":["post-87319","post","type-post","status-publish","format-standard","has-post-thumbnail","hentry","category-actualite","category-bs-culture","tag-audience","tag-romuald-wadagni","tag-saara-houansou","tag-the-voice-afrique"],"yoast_head":"<!-- This site is optimized with the Yoast SEO plugin v28.2 - https:\/\/yoast.com\/product\/yoast-seo-wordpress\/ -->\n<title>Cabinet du pr\u00e9sident de la R\u00e9publique : Saara Houansou gagnante de \u2018\u2019The Voice Afrique\u2019\u2019 2026 re\u00e7ue par Romuald Wadagni - Le Potentiel<\/title>\n<meta name=\"robots\" content=\"index, follow, max-snippet:-1, max-image-preview:large, max-video-preview:-1\" \/>\n<link rel=\"canonical\" href=\"https:\/\/lepotentiel.bj\/?p=87319\" \/>\n<meta property=\"og:locale\" content=\"fr_FR\" \/>\n<meta property=\"og:type\" content=\"article\" \/>\n<meta property=\"og:title\" content=\"Cabinet du pr\u00e9sident de la R\u00e9publique : Saara Houansou gagnante de \u2018\u2019The Voice Afrique\u2019\u2019 2026 re\u00e7ue par Romuald Wadagni - Le Potentiel\" \/>\n<meta property=\"og:description\" content=\"La chanteuse b\u00e9ninoise Saara Houansou, r\u00e9cemment sacr\u00e9e gagnante de \u2018\u2019The Voice Afrique\u2019\u2019 2026 pour la zone francophone a \u00e9t\u00e9 re\u00e7ue en audience, mardi 1er septembre \u00e0 Cotonou, par Romuald Wadagni. Une rencontre qui intervient quelques semaines apr\u00e8s son sacre \u00e0 The Voice Afrique francophone, o\u00f9 elle est devenue la premi\u00e8re candidate b\u00e9ninoise \u00e0 remporter le [&hellip;]\" \/>\n<meta property=\"og:url\" content=\"https:\/\/lepotentiel.bj\/?p=87319\" \/>\n<meta property=\"og:site_name\" content=\"Le Potentiel\" \/>\n<meta property=\"article:published_time\" content=\"2026-09-02T09:58:47+00:00\" \/>\n<meta property=\"og:image\" content=\"https:\/\/lepotentiel.bj\/wp-content\/uploads\/2026\/09\/8YhPHzgs9azXuFGq_786994546_1735797207633519_1752432937090448784_n.jpeg.webp\" \/>\n\t<meta property=\"og:image:width\" content=\"1080\" \/>\n\t<meta property=\"og:image:height\" content=\"758\" \/>\n\t<meta property=\"og:image:type\" content=\"image\/webp\" \/>\n<meta name=\"author\" content=\"Le Potentiel\" \/>\n<meta name=\"twitter:card\" content=\"summary_large_image\" \/>\n<meta name=\"twitter:label1\" content=\"\u00c9crit par\" \/>\n\t<meta name=\"twitter:data1\" content=\"Le Potentiel\" \/>\n\t<meta name=\"twitter:label2\" content=\"Dur\u00e9e de lecture estim\u00e9e\" \/>\n\t<meta name=\"twitter:data2\" content=\"2 minutes\" \/>\n<script type=\"application\/ld+json\" class=\"yoast-schema-graph\">{\"@context\":\"https:\\\/\\\/schema.org\",\"@graph\":[{\"@type\":\"Article\",\"@id\":\"https:\\\/\\\/lepotentiel.bj\\\/?p=87319#article\",\"isPartOf\":{\"@id\":\"https:\\\/\\\/lepotentiel.bj\\\/?p=87319\"},\"author\":{\"name\":\"Le Potentiel\",\"@id\":\"https:\\\/\\\/lepotentiel.bj\\\/#\\\/schema\\\/person\\\/cb15d8bafe79d5fa11fb582bc3b19933\"},\"headline\":\"Cabinet du pr\u00e9sident de la R\u00e9publique : Saara Houansou gagnante de \u2018\u2019The Voice Afrique\u2019\u2019 2026 re\u00e7ue par Romuald Wadagni\",\"datePublished\":\"2026-09-02T09:58:47+00:00\",\"mainEntityOfPage\":{\"@id\":\"https:\\\/\\\/lepotentiel.bj\\\/?p=87319\"},\"wordCount\":250,\"commentCount\":0,\"publisher\":{\"@id\":\"https:\\\/\\\/lepotentiel.bj\\\/#organization\"},\"image\":{\"@id\":\"https:\\\/\\\/lepotentiel.bj\\\/?p=87319#primaryimage\"},\"thumbnailUrl\":\"https:\\\/\\\/lepotentiel.bj\\\/wp-content\\\/uploads\\\/2026\\\/09\\\/8YhPHzgs9azXuFGq_786994546_1735797207633519_1752432937090448784_n.jpeg.webp\",\"keywords\":[\"audience\",\"Romuald Wadagni\",\"Saara Houansou\",\"The Voice Afrique\"],\"articleSection\":[\"Actualit\u00e9\",\"Culture\"],\"inLanguage\":\"fr-FR\",\"potentialAction\":[{\"@type\":\"CommentAction\",\"name\":\"Comment\",\"target\":[\"https:\\\/\\\/lepotentiel.bj\\\/?p=87319#respond\"]}]},{\"@type\":\"WebPage\",\"@id\":\"https:\\\/\\\/lepotentiel.bj\\\/?p=87319\",\"url\":\"https:\\\/\\\/lepotentiel.bj\\\/?p=87319\",\"name\":\"Cabinet du pr\u00e9sident de la R\u00e9publique : Saara Houansou gagnante de \u2018\u2019The Voice Afrique\u2019\u2019 2026 re\u00e7ue par Romuald Wadagni - Le Potentiel\",\"isPartOf\":{\"@id\":\"https:\\\/\\\/lepotentiel.bj\\\/#website\"},\"primaryImageOfPage\":{\"@id\":\"https:\\\/\\\/lepotentiel.bj\\\/?p=87319#primaryimage\"},\"image\":{\"@id\":\"https:\\\/\\\/lepotentiel.bj\\\/?p=87319#primaryimage\"},\"thumbnailUrl\":\"https:\\\/\\\/lepotentiel.bj\\\/wp-content\\\/uploads\\\/2026\\\/09\\\/8YhPHzgs9azXuFGq_786994546_1735797207633519_1752432937090448784_n.jpeg.webp\",\"datePublished\":\"2026-09-02T09:58:47+00:00\",\"breadcrumb\":{\"@id\":\"https:\\\/\\\/lepotentiel.bj\\\/?p=87319#breadcrumb\"},\"inLanguage\":\"fr-FR\",\"potentialAction\":[{\"@type\":\"ReadAction\",\"target\":[\"https:\\\/\\\/lepotentiel.bj\\\/?p=87319\"]}]},{\"@type\":\"ImageObject\",\"inLanguage\":\"fr-FR\",\"@id\":\"https:\\\/\\\/lepotentiel.bj\\\/?p=87319#primaryimage\",\"url\":\"https:\\\/\\\/lepotentiel.bj\\\/wp-content\\\/uploads\\\/2026\\\/09\\\/8YhPHzgs9azXuFGq_786994546_1735797207633519_1752432937090448784_n.jpeg.webp\",\"contentUrl\":\"https:\\\/\\\/lepotentiel.bj\\\/wp-content\\\/uploads\\\/2026\\\/09\\\/8YhPHzgs9azXuFGq_786994546_1735797207633519_1752432937090448784_n.jpeg.webp\",\"width\":1080,\"height\":758},{\"@type\":\"BreadcrumbList\",\"@id\":\"https:\\\/\\\/lepotentiel.bj\\\/?p=87319#breadcrumb\",\"itemListElement\":[{\"@type\":\"ListItem\",\"position\":1,\"name\":\"Accueil\",\"item\":\"https:\\\/\\\/lepotentiel.bj\\\/\"},{\"@type\":\"ListItem\",\"position\":2,\"name\":\"Cabinet du pr\u00e9sident de la R\u00e9publique : Saara Houansou gagnante de \u2018\u2019The Voice Afrique\u2019\u2019 2026 re\u00e7ue par Romuald Wadagni\"}]},{\"@type\":\"WebSite\",\"@id\":\"https:\\\/\\\/lepotentiel.bj\\\/#website\",\"url\":\"https:\\\/\\\/lepotentiel.bj\\\/\",\"name\":\"Le Potentiel\",\"description\":\"Le Potentiel, au service de l\u2019information, nous sommes les fantassins du droit de savoir\",\"publisher\":{\"@id\":\"https:\\\/\\\/lepotentiel.bj\\\/#organization\"},\"potentialAction\":[{\"@type\":\"SearchAction\",\"target\":{\"@type\":\"EntryPoint\",\"urlTemplate\":\"https:\\\/\\\/lepotentiel.bj\\\/?s={search_term_string}\"},\"query-input\":{\"@type\":\"PropertyValueSpecification\",\"valueRequired\":true,\"valueName\":\"search_term_string\"}}],\"inLanguage\":\"fr-FR\"},{\"@type\":\"Organization\",\"@id\":\"https:\\\/\\\/lepotentiel.bj\\\/#organization\",\"name\":\"Le Potentiel\",\"url\":\"https:\\\/\\\/lepotentiel.bj\\\/\",\"logo\":{\"@type\":\"ImageObject\",\"inLanguage\":\"fr-FR\",\"@id\":\"https:\\\/\\\/lepotentiel.bj\\\/#\\\/schema\\\/logo\\\/image\\\/\",\"url\":\"https:\\\/\\\/lepotentiel.bj\\\/wp-content\\\/uploads\\\/2023\\\/12\\\/logo-pot.jpg\",\"contentUrl\":\"https:\\\/\\\/lepotentiel.bj\\\/wp-content\\\/uploads\\\/2023\\\/12\\\/logo-pot.jpg\",\"width\":562,\"height\":84,\"caption\":\"Le Potentiel\"},\"image\":{\"@id\":\"https:\\\/\\\/lepotentiel.bj\\\/#\\\/schema\\\/logo\\\/image\\\/\"}},{\"@type\":\"Person\",\"@id\":\"https:\\\/\\\/lepotentiel.bj\\\/#\\\/schema\\\/person\\\/cb15d8bafe79d5fa11fb582bc3b19933\",\"name\":\"Le Potentiel\",\"image\":{\"@type\":\"ImageObject\",\"inLanguage\":\"fr-FR\",\"@id\":\"https:\\\/\\\/secure.gravatar.com\\\/avatar\\\/e995068ee8869823619e38dfe44b1eea0056624289dbcce435f70fef3411808d?s=96&d=mm&r=g\",\"url\":\"https:\\\/\\\/secure.gravatar.com\\\/avatar\\\/e995068ee8869823619e38dfe44b1eea0056624289dbcce435f70fef3411808d?s=96&d=mm&r=g\",\"contentUrl\":\"https:\\\/\\\/secure.gravatar.com\\\/avatar\\\/e995068ee8869823619e38dfe44b1eea0056624289dbcce435f70fef3411808d?s=96&d=mm&r=g\",\"caption\":\"Le Potentiel\"},\"url\":\"https:\\\/\\\/lepotentiel.bj\\\/?author=5\"}]}<\/script>\n<!-- \/ Yoast SEO plugin. -->","yoast_head_json":{"title":"Cabinet du pr\u00e9sident de la R\u00e9publique : Saara Houansou gagnante de \u2018\u2019The Voice Afrique\u2019\u2019 2026 re\u00e7ue par Romuald Wadagni - Le Potentiel","robots":{"index":"index","follow":"follow","max-snippet":"max-snippet:-1","max-image-preview":"max-image-preview:large","max-video-preview":"max-video-preview:-1"},"canonical":"https:\/\/lepotentiel.bj\/?p=87319","og_locale":"fr_FR","og_type":"article","og_title":"Cabinet du pr\u00e9sident de la R\u00e9publique : Saara Houansou gagnante de \u2018\u2019The Voice Afrique\u2019\u2019 2026 re\u00e7ue par Romuald Wadagni - Le Potentiel","og_description":"La chanteuse b\u00e9ninoise Saara Houansou, r\u00e9cemment sacr\u00e9e gagnante de \u2018\u2019The Voice Afrique\u2019\u2019 2026 pour la zone francophone a \u00e9t\u00e9 re\u00e7ue en audience, mardi 1er septembre \u00e0 Cotonou, par Romuald Wadagni. Une rencontre qui intervient quelques semaines apr\u00e8s son sacre \u00e0 The Voice Afrique francophone, o\u00f9 elle est devenue la premi\u00e8re candidate b\u00e9ninoise \u00e0 remporter le [&hellip;]","og_url":"https:\/\/lepotentiel.bj\/?p=87319","og_site_name":"Le Potentiel","article_published_time":"2026-09-02T09:58:47+00:00","og_image":[{"width":1080,"height":758,"url":"https:\/\/lepotentiel.bj\/wp-content\/uploads\/2026\/09\/8YhPHzgs9azXuFGq_786994546_1735797207633519_1752432937090448784_n.jpeg.webp","type":"image\/webp"}],"author":"Le Potentiel","twitter_card":"summary_large_image","twitter_misc":{"\u00c9crit par":"Le Potentiel","Dur\u00e9e de lecture estim\u00e9e":"2 minutes"},"schema":{"@context":"https:\/\/schema.org","@graph":[{"@type":"Article","@id":"https:\/\/lepotentiel.bj\/?p=87319#article","isPartOf":{"@id":"https:\/\/lepotentiel.bj\/?p=87319"},"author":{"name":"Le Potentiel","@id":"https:\/\/lepotentiel.bj\/#\/schema\/person\/cb15d8bafe79d5fa11fb582bc3b19933"},"headline":"Cabinet du pr\u00e9sident de la R\u00e9publique : Saara Houansou gagnante de \u2018\u2019The Voice Afrique\u2019\u2019 2026 re\u00e7ue par Romuald Wadagni","datePublished":"2026-09-02T09:58:47+00:00","mainEntityOfPage":{"@id":"https:\/\/lepotentiel.bj\/?p=87319"},"wordCount":250,"commentCount":0,"publisher":{"@id":"https:\/\/lepotentiel.bj\/#organization"},"image":{"@id":"https:\/\/lepotentiel.bj\/?p=87319#primaryimage"},"thumbnailUrl":"https:\/\/lepotentiel.bj\/wp-content\/uploads\/2026\/09\/8YhPHzgs9azXuFGq_786994546_1735797207633519_1752432937090448784_n.jpeg.webp","keywords":["audience","Romuald Wadagni","Saara Houansou","The Voice Afrique"],"articleSection":["Actualit\u00e9","Culture"],"inLanguage":"fr-FR","potentialAction":[{"@type":"CommentAction","name":"Comment","target":["https:\/\/lepotentiel.bj\/?p=87319#respond"]}]},{"@type":"WebPage","@id":"https:\/\/lepotentiel.bj\/?p=87319","url":"https:\/\/lepotentiel.bj\/?p=87319","name":"Cabinet du pr\u00e9sident de la R\u00e9publique : Saara Houansou gagnante de \u2018\u2019The Voice Afrique\u2019\u2019 2026 re\u00e7ue par Romuald Wadagni - Le Potentiel","isPartOf":{"@id":"https:\/\/lepotentiel.bj\/#website"},"primaryImageOfPage":{"@id":"https:\/\/lepotentiel.bj\/?p=87319#primaryimage"},"image":{"@id":"https:\/\/lepotentiel.bj\/?p=87319#primaryimage"},"thumbnailUrl":"https:\/\/lepotentiel.bj\/wp-content\/uploads\/2026\/09\/8YhPHzgs9azXuFGq_786994546_1735797207633519_1752432937090448784_n.jpeg.webp","datePublished":"2026-09-02T09:58:47+00:00","breadcrumb":{"@id":"https:\/\/lepotentiel.bj\/?p=87319#breadcrumb"},"inLanguage":"fr-FR","potentialAction":[{"@type":"ReadAction","target":["https:\/\/lepotentiel.bj\/?p=87319"]}]},{"@type":"ImageObject","inLanguage":"fr-FR","@id":"https:\/\/lepotentiel.bj\/?p=87319#primaryimage","url":"https:\/\/lepotentiel.bj\/wp-content\/uploads\/2026\/09\/8YhPHzgs9azXuFGq_786994546_1735797207633519_1752432937090448784_n.jpeg.webp","contentUrl":"https:\/\/lepotentiel.bj\/wp-content\/uploads\/2026\/09\/8YhPHzgs9azXuFGq_786994546_1735797207633519_1752432937090448784_n.jpeg.webp","width":1080,"height":758},{"@type":"BreadcrumbList","@id":"https:\/\/lepotentiel.bj\/?p=87319#breadcrumb","itemListElement":[{"@type":"ListItem","position":1,"name":"Accueil","item":"https:\/\/lepotentiel.bj\/"},{"@type":"ListItem","position":2,"name":"Cabinet du pr\u00e9sident de la R\u00e9publique : Saara Houansou gagnante de \u2018\u2019The Voice Afrique\u2019\u2019 2026 re\u00e7ue par Romuald Wadagni"}]},{"@type":"WebSite","@id":"https:\/\/lepotentiel.bj\/#website","url":"https:\/\/lepotentiel.bj\/","name":"Le Potentiel","description":"Le Potentiel, au service de l\u2019information, nous sommes les fantassins du droit de savoir","publisher":{"@id":"https:\/\/lepotentiel.bj\/#organization"},"potentialAction":[{"@type":"SearchAction","target":{"@type":"EntryPoint","urlTemplate":"https:\/\/lepotentiel.bj\/?s={search_term_string}"},"query-input":{"@type":"PropertyValueSpecification","valueRequired":true,"valueName":"search_term_string"}}],"inLanguage":"fr-FR"},{"@type":"Organization","@id":"https:\/\/lepotentiel.bj\/#organization","name":"Le Potentiel","url":"https:\/\/lepotentiel.bj\/","logo":{"@type":"ImageObject","inLanguage":"fr-FR","@id":"https:\/\/lepotentiel.bj\/#\/schema\/logo\/image\/","url":"https:\/\/lepotentiel.bj\/wp-content\/uploads\/2023\/12\/logo-pot.jpg","contentUrl":"https:\/\/lepotentiel.bj\/wp-content\/uploads\/2023\/12\/logo-pot.jpg","width":562,"height":84,"caption":"Le Potentiel"},"image":{"@id":"https:\/\/lepotentiel.bj\/#\/schema\/logo\/image\/"}},{"@type":"Person","@id":"https:\/\/lepotentiel.bj\/#\/schema\/person\/cb15d8bafe79d5fa11fb582bc3b19933","name":"Le Potentiel","image":{"@type":"ImageObject","inLanguage":"fr-FR","@id":"https:\/\/secure.gravatar.com\/avatar\/e995068ee8869823619e38dfe44b1eea0056624289dbcce435f70fef3411808d?s=96&d=mm&r=g","url":"https:\/\/secure.gravatar.com\/avatar\/e995068ee8869823619e38dfe44b1eea0056624289dbcce435f70fef3411808d?s=96&d=mm&r=g","contentUrl":"https:\/\/secure.gravatar.com\/avatar\/e995068ee8869823619e38dfe44b1eea0056624289dbcce435f70fef3411808d?s=96&d=mm&r=g","caption":"Le Potentiel"},"url":"https:\/\/lepotentiel.bj\/?author=5"}]}},"_links":{"self":[{"href":"https:\/\/lepotentiel.bj\/index.php?rest_route=\/wp\/v2\/posts\/87319","targetHints":{"allow":["GET"]}}],"collection":[{"href":"https:\/\/lepotentiel.bj\/index.php?rest_route=\/wp\/v2\/posts"}],"about":[{"href":"https:\/\/lepotentiel.bj\/index.php?rest_route=\/wp\/v2\/types\/post"}],"author":[{"embeddable":true,"href":"https:\/\/lepotentiel.bj\/index.php?rest_route=\/wp\/v2\/users\/5"}],"replies":[{"embeddable":true,"href":"https:\/\/lepotentiel.bj\/index.php?rest_route=%2Fwp%2Fv2%2Fcomments&post=87319"}],"version-history":[{"count":1,"href":"https:\/\/lepotentiel.bj\/index.php?rest_route=\/wp\/v2\/posts\/87319\/revisions"}],"predecessor-version":[{"id":87321,"href":"https:\/\/lepotentiel.bj\/index.php?rest_route=\/wp\/v2\/posts\/87319\/revisions\/87321"}],"wp:featuredmedia":[{"embeddable":true,"href":"https:\/\/lepotentiel.bj\/index.php?rest_route=\/wp\/v2\/media\/87320"}],"wp:attachment":[{"href":"https:\/\/lepotentiel.bj\/index.php?rest_route=%2Fwp%2Fv2%2Fmedia&parent=87319"}],"wp:term":[{"taxonomy":"category","embeddable":true,"href":"https:\/\/lepotentiel.bj\/index.php?rest_route=%2Fwp%2Fv2%2Fcategories&post=87319"},{"taxonomy":"post_tag","embeddable":true,"href":"https:\/\/lepotentiel.bj\/index.php?rest_route=%2Fwp%2Fv2%2Ftags&post=87319"}],"curies":[{"name":"wp","href":"https:\/\/api.w.org\/{rel}","templated":true}]}}