{"id":87330,"date":"2026-09-02T12:44:55","date_gmt":"2026-09-02T10:44:55","guid":{"rendered":"https:\/\/lepotentiel.bj\/?p=87330"},"modified":"2026-09-02T12:44:55","modified_gmt":"2026-09-02T10:44:55","slug":"ukraine-zelensky-met-en-garde-les-compagnies-aeriennes-sur-le-ciel-russe","status":"publish","type":"post","link":"https:\/\/lepotentiel.bj\/?p=87330","title":{"rendered":"Ukraine: Zelensky met en garde les compagnies a\u00e9riennes sur le ciel russe"},"content":{"rendered":"<p style=\"text-align: justify;\">Le conflit russo-ukrainien continue de produire des effets jusque dans les airs. En Russie, les attaques de drones ukrainiens entra\u00eenent r\u00e9guli\u00e8rement des restrictions dans les a\u00e9roports et compliquent la circulation des avions. Une situation sur laquelle Volodymyr Zelensky a choisi de mettre l\u2019accent mardi 1er septembre.<\/p>\n<p style=\"text-align: justify;\">\n<p style=\"text-align: justify;\">Le pr\u00e9sident ukrainien a averti les compagnies a\u00e9riennes civiles ainsi que les pays qui soutiennent Kiev. Selon lui, tant que la guerre se poursuit, les conditions de s\u00e9curit\u00e9 dans l\u2019espace a\u00e9rien russe resteront difficiles. Il assure cependant que les avions de ligne ne sont pas directement vis\u00e9s par les op\u00e9rations ukrainiennes.<\/p>\n<p style=\"text-align: justify;\">\n<p style=\"text-align: justify;\">Depuis plusieurs mois, Kiev m\u00e8ne des attaques plus fr\u00e9quentes contre des installations situ\u00e9es en Russie et dans les territoires occup\u00e9s par Moscou. Les drones ciblent notamment des infrastructures li\u00e9es au p\u00e9trole, \u00e0 la logistique et aux activit\u00e9s portuaires. Ces op\u00e9rations ont d\u00e9j\u00e0 conduit \u00e0 plusieurs fermetures temporaires d\u2019a\u00e9roports et \u00e0 des perturbations de vols.<\/p>\n<p style=\"text-align: justify;\">\n<p style=\"text-align: justify;\">Le Kremlin n\u2019a pas tard\u00e9 \u00e0 r\u00e9agir aux d\u00e9clarations du pr\u00e9sident ukrainien. Vladimir Poutine accuse Kiev de s\u2019attaquer \u00e0 des infrastructures civiles et juge particuli\u00e8rement graves les propos de son homologue. Le pr\u00e9sident russe parle de \u00ab terrorisme d\u2019\u00c9tat \u00bb et pr\u00e9vient que Moscou saura r\u00e9pondre \u00e0 de nouvelles attaques. Il annonce \u00e9galement un renforcement de la protection des infrastructures consid\u00e9r\u00e9es comme strat\u00e9giques, alors que les incursions de drones se multiplient sur le territoire russe.<\/p>\n<p style=\"text-align: justify;\">\n<p style=\"text-align: justify;\">La tension reste \u00e9galement forte sur le terrain. Dans la nuit de lundi \u00e0 mardi, des frappes russes ont fait au moins douze morts \u00e0 Kiev et dans sa r\u00e9gion, selon les autorit\u00e9s ukrainiennes cit\u00e9es par l\u2019AFP. Parmi les victimes figurent sept employ\u00e9s des chemins de fer. Zelensky laisse une porte ouverte<\/p>\n<p style=\"text-align: justify;\">Malgr\u00e9 cette escalade, Kiev ne ferme pas totalement la voie aux discussions. Volodymyr Zelensky affirme que l\u2019Ukraine pourrait accepter de suspendre ses attaques a\u00e9riennes pendant certaines p\u00e9riodes et sur certains itin\u00e9raires si ses partenaires le lui demandaient. Cette possibilit\u00e9 serait li\u00e9e aux efforts diplomatiques visant \u00e0 relancer les n\u00e9gociations. Ceux-ci restent toutefois \u00e0 l\u2019arr\u00eat depuis plusieurs semaines, dans un contexte international lui-m\u00eame marqu\u00e9 par de nouvelles tensions.<\/p>\n<p style=\"text-align: justify;\">Vladimir Poutine assure pour sa part que les \u00e9missaires am\u00e9ricains Jared Kushner et Steve Witkoff restent les bienvenus en Russie. Il dit consid\u00e9rer leurs d\u00e9marches comme sinc\u00e8res.<\/p>\n<p style=\"text-align: justify;\">\n<p style=\"text-align: justify;\">Pour Kiev, la situation pourrait \u00e9voluer si un v\u00e9ritable processus de paix se dessine. Volodymyr Zelensky estime que la s\u00e9curit\u00e9 du trafic a\u00e9rien russe d\u00e9pendra, \u00e0 terme, d\u2019une avanc\u00e9e concr\u00e8te vers la fin des hostilit\u00e9s.<\/p>\n<p style=\"text-align: justify;\">\n<p style=\"text-align: justify;\">Laura LEKE<\/p>\n","protected":false},"excerpt":{"rendered":"<p>Le conflit russo-ukrainien continue de produire des effets jusque dans les airs. En Russie, les attaques de drones ukrainiens entra\u00eenent r\u00e9guli\u00e8rement des restrictions dans les a\u00e9roports et compliquent la circulation des avions. Une situation sur laquelle Volodymyr Zelensky a choisi de mettre l\u2019accent mardi 1er septembre. Le pr\u00e9sident ukrainien a averti les compagnies a\u00e9riennes civiles [&hellip;]<\/p>\n","protected":false},"author":18,"featured_media":87331,"comment_status":"open","ping_status":"open","sticky":false,"template":"","format":"standard","meta":{"footnotes":""},"categories":[34,44],"tags":[],"class_list":["post-87330","post","type-post","status-publish","format-standard","has-post-thumbnail","hentry","category-actualite","category-international"],"yoast_head":"<!-- This site is optimized with the Yoast SEO plugin v28.2 - https:\/\/yoast.com\/product\/yoast-seo-wordpress\/ -->\n<title>Ukraine: Zelensky met en garde les compagnies a\u00e9riennes sur le ciel russe - Le Potentiel<\/title>\n<meta name=\"robots\" content=\"index, follow, max-snippet:-1, max-image-preview:large, max-video-preview:-1\" \/>\n<link rel=\"canonical\" href=\"https:\/\/lepotentiel.bj\/?p=87330\" \/>\n<meta property=\"og:locale\" content=\"fr_FR\" \/>\n<meta property=\"og:type\" content=\"article\" \/>\n<meta property=\"og:title\" content=\"Ukraine: Zelensky met en garde les compagnies a\u00e9riennes sur le ciel russe - Le Potentiel\" \/>\n<meta property=\"og:description\" content=\"Le conflit russo-ukrainien continue de produire des effets jusque dans les airs. En Russie, les attaques de drones ukrainiens entra\u00eenent r\u00e9guli\u00e8rement des restrictions dans les a\u00e9roports et compliquent la circulation des avions. Une situation sur laquelle Volodymyr Zelensky a choisi de mettre l\u2019accent mardi 1er septembre. Le pr\u00e9sident ukrainien a averti les compagnies a\u00e9riennes civiles [&hellip;]\" \/>\n<meta property=\"og:url\" content=\"https:\/\/lepotentiel.bj\/?p=87330\" \/>\n<meta property=\"og:site_name\" content=\"Le Potentiel\" \/>\n<meta property=\"article:published_time\" content=\"2026-09-02T10:44:55+00:00\" \/>\n<meta property=\"og:image\" content=\"https:\/\/lepotentiel.bj\/wp-content\/uploads\/2026\/09\/afp20260808c48x6twv1highresserbiaukrainepoliticsdiplomacy.jpg\" \/>\n\t<meta property=\"og:image:width\" content=\"1920\" \/>\n\t<meta property=\"og:image:height\" content=\"1279\" \/>\n\t<meta property=\"og:image:type\" content=\"image\/jpeg\" \/>\n<meta name=\"author\" content=\"Laura\" \/>\n<meta name=\"twitter:card\" content=\"summary_large_image\" \/>\n<meta name=\"twitter:label1\" content=\"\u00c9crit par\" \/>\n\t<meta name=\"twitter:data1\" content=\"Laura\" \/>\n\t<meta name=\"twitter:label2\" content=\"Dur\u00e9e de lecture estim\u00e9e\" \/>\n\t<meta name=\"twitter:data2\" content=\"3 minutes\" \/>\n<script type=\"application\/ld+json\" class=\"yoast-schema-graph\">{\"@context\":\"https:\\\/\\\/schema.org\",\"@graph\":[{\"@type\":\"Article\",\"@id\":\"https:\\\/\\\/lepotentiel.bj\\\/?p=87330#article\",\"isPartOf\":{\"@id\":\"https:\\\/\\\/lepotentiel.bj\\\/?p=87330\"},\"author\":{\"name\":\"Laura\",\"@id\":\"https:\\\/\\\/lepotentiel.bj\\\/#\\\/schema\\\/person\\\/001def78e1eafec4b5733ea184d49dd0\"},\"headline\":\"Ukraine: Zelensky met en garde les compagnies a\u00e9riennes sur le ciel russe\",\"datePublished\":\"2026-09-02T10:44:55+00:00\",\"mainEntityOfPage\":{\"@id\":\"https:\\\/\\\/lepotentiel.bj\\\/?p=87330\"},\"wordCount\":471,\"commentCount\":0,\"publisher\":{\"@id\":\"https:\\\/\\\/lepotentiel.bj\\\/#organization\"},\"image\":{\"@id\":\"https:\\\/\\\/lepotentiel.bj\\\/?p=87330#primaryimage\"},\"thumbnailUrl\":\"https:\\\/\\\/lepotentiel.bj\\\/wp-content\\\/uploads\\\/2026\\\/09\\\/afp20260808c48x6twv1highresserbiaukrainepoliticsdiplomacy.jpg\",\"articleSection\":[\"Actualit\u00e9\",\"International\"],\"inLanguage\":\"fr-FR\",\"potentialAction\":[{\"@type\":\"CommentAction\",\"name\":\"Comment\",\"target\":[\"https:\\\/\\\/lepotentiel.bj\\\/?p=87330#respond\"]}]},{\"@type\":\"WebPage\",\"@id\":\"https:\\\/\\\/lepotentiel.bj\\\/?p=87330\",\"url\":\"https:\\\/\\\/lepotentiel.bj\\\/?p=87330\",\"name\":\"Ukraine: Zelensky met en garde les compagnies a\u00e9riennes sur le ciel russe - Le Potentiel\",\"isPartOf\":{\"@id\":\"https:\\\/\\\/lepotentiel.bj\\\/#website\"},\"primaryImageOfPage\":{\"@id\":\"https:\\\/\\\/lepotentiel.bj\\\/?p=87330#primaryimage\"},\"image\":{\"@id\":\"https:\\\/\\\/lepotentiel.bj\\\/?p=87330#primaryimage\"},\"thumbnailUrl\":\"https:\\\/\\\/lepotentiel.bj\\\/wp-content\\\/uploads\\\/2026\\\/09\\\/afp20260808c48x6twv1highresserbiaukrainepoliticsdiplomacy.jpg\",\"datePublished\":\"2026-09-02T10:44:55+00:00\",\"breadcrumb\":{\"@id\":\"https:\\\/\\\/lepotentiel.bj\\\/?p=87330#breadcrumb\"},\"inLanguage\":\"fr-FR\",\"potentialAction\":[{\"@type\":\"ReadAction\",\"target\":[\"https:\\\/\\\/lepotentiel.bj\\\/?p=87330\"]}]},{\"@type\":\"ImageObject\",\"inLanguage\":\"fr-FR\",\"@id\":\"https:\\\/\\\/lepotentiel.bj\\\/?p=87330#primaryimage\",\"url\":\"https:\\\/\\\/lepotentiel.bj\\\/wp-content\\\/uploads\\\/2026\\\/09\\\/afp20260808c48x6twv1highresserbiaukrainepoliticsdiplomacy.jpg\",\"contentUrl\":\"https:\\\/\\\/lepotentiel.bj\\\/wp-content\\\/uploads\\\/2026\\\/09\\\/afp20260808c48x6twv1highresserbiaukrainepoliticsdiplomacy.jpg\",\"width\":1920,\"height\":1279},{\"@type\":\"BreadcrumbList\",\"@id\":\"https:\\\/\\\/lepotentiel.bj\\\/?p=87330#breadcrumb\",\"itemListElement\":[{\"@type\":\"ListItem\",\"position\":1,\"name\":\"Accueil\",\"item\":\"https:\\\/\\\/lepotentiel.bj\\\/\"},{\"@type\":\"ListItem\",\"position\":2,\"name\":\"Ukraine: Zelensky met en garde les compagnies a\u00e9riennes sur le ciel russe\"}]},{\"@type\":\"WebSite\",\"@id\":\"https:\\\/\\\/lepotentiel.bj\\\/#website\",\"url\":\"https:\\\/\\\/lepotentiel.bj\\\/\",\"name\":\"Le Potentiel\",\"description\":\"Le Potentiel, au service de l\u2019information, nous sommes les fantassins du droit de savoir\",\"publisher\":{\"@id\":\"https:\\\/\\\/lepotentiel.bj\\\/#organization\"},\"potentialAction\":[{\"@type\":\"SearchAction\",\"target\":{\"@type\":\"EntryPoint\",\"urlTemplate\":\"https:\\\/\\\/lepotentiel.bj\\\/?s={search_term_string}\"},\"query-input\":{\"@type\":\"PropertyValueSpecification\",\"valueRequired\":true,\"valueName\":\"search_term_string\"}}],\"inLanguage\":\"fr-FR\"},{\"@type\":\"Organization\",\"@id\":\"https:\\\/\\\/lepotentiel.bj\\\/#organization\",\"name\":\"Le Potentiel\",\"url\":\"https:\\\/\\\/lepotentiel.bj\\\/\",\"logo\":{\"@type\":\"ImageObject\",\"inLanguage\":\"fr-FR\",\"@id\":\"https:\\\/\\\/lepotentiel.bj\\\/#\\\/schema\\\/logo\\\/image\\\/\",\"url\":\"https:\\\/\\\/lepotentiel.bj\\\/wp-content\\\/uploads\\\/2023\\\/12\\\/logo-pot.jpg\",\"contentUrl\":\"https:\\\/\\\/lepotentiel.bj\\\/wp-content\\\/uploads\\\/2023\\\/12\\\/logo-pot.jpg\",\"width\":562,\"height\":84,\"caption\":\"Le Potentiel\"},\"image\":{\"@id\":\"https:\\\/\\\/lepotentiel.bj\\\/#\\\/schema\\\/logo\\\/image\\\/\"}},{\"@type\":\"Person\",\"@id\":\"https:\\\/\\\/lepotentiel.bj\\\/#\\\/schema\\\/person\\\/001def78e1eafec4b5733ea184d49dd0\",\"name\":\"Laura\",\"image\":{\"@type\":\"ImageObject\",\"inLanguage\":\"fr-FR\",\"@id\":\"https:\\\/\\\/secure.gravatar.com\\\/avatar\\\/46e54a01dd5785f370a6c40e9cfe54ebcfd939154e6505072fe15421c0d32893?s=96&d=mm&r=g\",\"url\":\"https:\\\/\\\/secure.gravatar.com\\\/avatar\\\/46e54a01dd5785f370a6c40e9cfe54ebcfd939154e6505072fe15421c0d32893?s=96&d=mm&r=g\",\"contentUrl\":\"https:\\\/\\\/secure.gravatar.com\\\/avatar\\\/46e54a01dd5785f370a6c40e9cfe54ebcfd939154e6505072fe15421c0d32893?s=96&d=mm&r=g\",\"caption\":\"Laura\"},\"url\":\"https:\\\/\\\/lepotentiel.bj\\\/?author=18\"}]}<\/script>\n<!-- \/ Yoast SEO plugin. -->","yoast_head_json":{"title":"Ukraine: Zelensky met en garde les compagnies a\u00e9riennes sur le ciel russe - Le Potentiel","robots":{"index":"index","follow":"follow","max-snippet":"max-snippet:-1","max-image-preview":"max-image-preview:large","max-video-preview":"max-video-preview:-1"},"canonical":"https:\/\/lepotentiel.bj\/?p=87330","og_locale":"fr_FR","og_type":"article","og_title":"Ukraine: Zelensky met en garde les compagnies a\u00e9riennes sur le ciel russe - Le Potentiel","og_description":"Le conflit russo-ukrainien continue de produire des effets jusque dans les airs. En Russie, les attaques de drones ukrainiens entra\u00eenent r\u00e9guli\u00e8rement des restrictions dans les a\u00e9roports et compliquent la circulation des avions. Une situation sur laquelle Volodymyr Zelensky a choisi de mettre l\u2019accent mardi 1er septembre. Le pr\u00e9sident ukrainien a averti les compagnies a\u00e9riennes civiles [&hellip;]","og_url":"https:\/\/lepotentiel.bj\/?p=87330","og_site_name":"Le Potentiel","article_published_time":"2026-09-02T10:44:55+00:00","og_image":[{"width":1920,"height":1279,"url":"https:\/\/lepotentiel.bj\/wp-content\/uploads\/2026\/09\/afp20260808c48x6twv1highresserbiaukrainepoliticsdiplomacy.jpg","type":"image\/jpeg"}],"author":"Laura","twitter_card":"summary_large_image","twitter_misc":{"\u00c9crit par":"Laura","Dur\u00e9e de lecture estim\u00e9e":"3 minutes"},"schema":{"@context":"https:\/\/schema.org","@graph":[{"@type":"Article","@id":"https:\/\/lepotentiel.bj\/?p=87330#article","isPartOf":{"@id":"https:\/\/lepotentiel.bj\/?p=87330"},"author":{"name":"Laura","@id":"https:\/\/lepotentiel.bj\/#\/schema\/person\/001def78e1eafec4b5733ea184d49dd0"},"headline":"Ukraine: Zelensky met en garde les compagnies a\u00e9riennes sur le ciel russe","datePublished":"2026-09-02T10:44:55+00:00","mainEntityOfPage":{"@id":"https:\/\/lepotentiel.bj\/?p=87330"},"wordCount":471,"commentCount":0,"publisher":{"@id":"https:\/\/lepotentiel.bj\/#organization"},"image":{"@id":"https:\/\/lepotentiel.bj\/?p=87330#primaryimage"},"thumbnailUrl":"https:\/\/lepotentiel.bj\/wp-content\/uploads\/2026\/09\/afp20260808c48x6twv1highresserbiaukrainepoliticsdiplomacy.jpg","articleSection":["Actualit\u00e9","International"],"inLanguage":"fr-FR","potentialAction":[{"@type":"CommentAction","name":"Comment","target":["https:\/\/lepotentiel.bj\/?p=87330#respond"]}]},{"@type":"WebPage","@id":"https:\/\/lepotentiel.bj\/?p=87330","url":"https:\/\/lepotentiel.bj\/?p=87330","name":"Ukraine: Zelensky met en garde les compagnies a\u00e9riennes sur le ciel russe - Le Potentiel","isPartOf":{"@id":"https:\/\/lepotentiel.bj\/#website"},"primaryImageOfPage":{"@id":"https:\/\/lepotentiel.bj\/?p=87330#primaryimage"},"image":{"@id":"https:\/\/lepotentiel.bj\/?p=87330#primaryimage"},"thumbnailUrl":"https:\/\/lepotentiel.bj\/wp-content\/uploads\/2026\/09\/afp20260808c48x6twv1highresserbiaukrainepoliticsdiplomacy.jpg","datePublished":"2026-09-02T10:44:55+00:00","breadcrumb":{"@id":"https:\/\/lepotentiel.bj\/?p=87330#breadcrumb"},"inLanguage":"fr-FR","potentialAction":[{"@type":"ReadAction","target":["https:\/\/lepotentiel.bj\/?p=87330"]}]},{"@type":"ImageObject","inLanguage":"fr-FR","@id":"https:\/\/lepotentiel.bj\/?p=87330#primaryimage","url":"https:\/\/lepotentiel.bj\/wp-content\/uploads\/2026\/09\/afp20260808c48x6twv1highresserbiaukrainepoliticsdiplomacy.jpg","contentUrl":"https:\/\/lepotentiel.bj\/wp-content\/uploads\/2026\/09\/afp20260808c48x6twv1highresserbiaukrainepoliticsdiplomacy.jpg","width":1920,"height":1279},{"@type":"BreadcrumbList","@id":"https:\/\/lepotentiel.bj\/?p=87330#breadcrumb","itemListElement":[{"@type":"ListItem","position":1,"name":"Accueil","item":"https:\/\/lepotentiel.bj\/"},{"@type":"ListItem","position":2,"name":"Ukraine: Zelensky met en garde les compagnies a\u00e9riennes sur le ciel russe"}]},{"@type":"WebSite","@id":"https:\/\/lepotentiel.bj\/#website","url":"https:\/\/lepotentiel.bj\/","name":"Le Potentiel","description":"Le Potentiel, au service de l\u2019information, nous sommes les fantassins du droit de savoir","publisher":{"@id":"https:\/\/lepotentiel.bj\/#organization"},"potentialAction":[{"@type":"SearchAction","target":{"@type":"EntryPoint","urlTemplate":"https:\/\/lepotentiel.bj\/?s={search_term_string}"},"query-input":{"@type":"PropertyValueSpecification","valueRequired":true,"valueName":"search_term_string"}}],"inLanguage":"fr-FR"},{"@type":"Organization","@id":"https:\/\/lepotentiel.bj\/#organization","name":"Le Potentiel","url":"https:\/\/lepotentiel.bj\/","logo":{"@type":"ImageObject","inLanguage":"fr-FR","@id":"https:\/\/lepotentiel.bj\/#\/schema\/logo\/image\/","url":"https:\/\/lepotentiel.bj\/wp-content\/uploads\/2023\/12\/logo-pot.jpg","contentUrl":"https:\/\/lepotentiel.bj\/wp-content\/uploads\/2023\/12\/logo-pot.jpg","width":562,"height":84,"caption":"Le Potentiel"},"image":{"@id":"https:\/\/lepotentiel.bj\/#\/schema\/logo\/image\/"}},{"@type":"Person","@id":"https:\/\/lepotentiel.bj\/#\/schema\/person\/001def78e1eafec4b5733ea184d49dd0","name":"Laura","image":{"@type":"ImageObject","inLanguage":"fr-FR","@id":"https:\/\/secure.gravatar.com\/avatar\/46e54a01dd5785f370a6c40e9cfe54ebcfd939154e6505072fe15421c0d32893?s=96&d=mm&r=g","url":"https:\/\/secure.gravatar.com\/avatar\/46e54a01dd5785f370a6c40e9cfe54ebcfd939154e6505072fe15421c0d32893?s=96&d=mm&r=g","contentUrl":"https:\/\/secure.gravatar.com\/avatar\/46e54a01dd5785f370a6c40e9cfe54ebcfd939154e6505072fe15421c0d32893?s=96&d=mm&r=g","caption":"Laura"},"url":"https:\/\/lepotentiel.bj\/?author=18"}]}},"_links":{"self":[{"href":"https:\/\/lepotentiel.bj\/index.php?rest_route=\/wp\/v2\/posts\/87330","targetHints":{"allow":["GET"]}}],"collection":[{"href":"https:\/\/lepotentiel.bj\/index.php?rest_route=\/wp\/v2\/posts"}],"about":[{"href":"https:\/\/lepotentiel.bj\/index.php?rest_route=\/wp\/v2\/types\/post"}],"author":[{"embeddable":true,"href":"https:\/\/lepotentiel.bj\/index.php?rest_route=\/wp\/v2\/users\/18"}],"replies":[{"embeddable":true,"href":"https:\/\/lepotentiel.bj\/index.php?rest_route=%2Fwp%2Fv2%2Fcomments&post=87330"}],"version-history":[{"count":1,"href":"https:\/\/lepotentiel.bj\/index.php?rest_route=\/wp\/v2\/posts\/87330\/revisions"}],"predecessor-version":[{"id":87332,"href":"https:\/\/lepotentiel.bj\/index.php?rest_route=\/wp\/v2\/posts\/87330\/revisions\/87332"}],"wp:featuredmedia":[{"embeddable":true,"href":"https:\/\/lepotentiel.bj\/index.php?rest_route=\/wp\/v2\/media\/87331"}],"wp:attachment":[{"href":"https:\/\/lepotentiel.bj\/index.php?rest_route=%2Fwp%2Fv2%2Fmedia&parent=87330"}],"wp:term":[{"taxonomy":"category","embeddable":true,"href":"https:\/\/lepotentiel.bj\/index.php?rest_route=%2Fwp%2Fv2%2Fcategories&post=87330"},{"taxonomy":"post_tag","embeddable":true,"href":"https:\/\/lepotentiel.bj\/index.php?rest_route=%2Fwp%2Fv2%2Ftags&post=87330"}],"curies":[{"name":"wp","href":"https:\/\/api.w.org\/{rel}","templated":true}]}}