{"id":87334,"date":"2026-09-02T13:48:28","date_gmt":"2026-09-02T11:48:28","guid":{"rendered":"https:\/\/lepotentiel.bj\/?p=87334"},"modified":"2026-09-02T13:48:28","modified_gmt":"2026-09-02T11:48:28","slug":"union-africaine-le-benin-prend-les-commandes-du-conseil-de-paix-et-de-securite-pour-septembre","status":"publish","type":"post","link":"https:\/\/lepotentiel.bj\/?p=87334","title":{"rendered":"Union africaine: Le B\u00e9nin prend les commandes du Conseil de paix et de s\u00e9curit\u00e9 pour septembre"},"content":{"rendered":"<p style=\"text-align: justify;\">Le B\u00e9nin prend, pour un mois, les r\u00eanes du Conseil de paix et de s\u00e9curit\u00e9 (CPS) de l\u2019Union africaine. Depuis le 1er septembre 2026, le pays assure la pr\u00e9sidence de cet organe charg\u00e9 de pr\u00e9venir et de g\u00e9rer les conflits sur le continent. Il succ\u00e8de ainsi \u00e0 l\u2019Alg\u00e9rie, qui en avait assur\u00e9 la direction durant le mois d\u2019ao\u00fbt.<\/p>\n<p style=\"text-align: justify;\">\n\u00c9lu pour un mandat de trois ans au CPS, le B\u00e9nin y si\u00e8ge depuis avril 2026 et en assure d\u00e9sormais la pr\u00e9sidence pour le mois de septembre. Son \u00e9lection avait \u00e9t\u00e9 act\u00e9e le 11 f\u00e9vrier dernier \u00e0 Addis-Abeba, aux c\u00f4t\u00e9s du Lesotho, du Gabon, du Maroc, de la Somalie et de l\u2019Afrique du Sud. Pour Cotonou, cette pr\u00e9sidence marque \u00e9galement un retour au sein de l\u2019organe, apr\u00e8s sa participation au mandat 2020-2022.<\/p>\n<p style=\"text-align: justify;\"><strong>Cinq principales sessions au programme<\/strong><\/p>\n<p style=\"text-align: justify;\">Le calendrier provisoire \u00e9tabli pour septembre pr\u00e9voit plusieurs r\u00e9unions consacr\u00e9es aux enjeux de paix et de s\u00e9curit\u00e9. Une premi\u00e8re session, consacr\u00e9e \u00e0 la situation en R\u00e9publique centrafricaine, s\u2019est tenue d\u00e8s le 1er septembre. Les autres rendez-vous porteront sur des probl\u00e9matiques plus larges. La protection des enfants touch\u00e9s par les conflits est notamment inscrite \u00e0 l\u2019agenda du 2 septembre. Le lien entre changement climatique et s\u00e9curit\u00e9 sera examin\u00e9 le 18 septembre. Un autre temps fort est pr\u00e9vu le 23 septembre \u00e0 New York, en marge de la 81e Assembl\u00e9e g\u00e9n\u00e9rale des Nations unies. Cette r\u00e9union au niveau des chefs d\u2019\u00c9tat doit \u00eatre consacr\u00e9e au bon voisinage et \u00e0 la lutte contre le terrorisme. Le calendrier pr\u00e9voit \u00e9galement plusieurs rencontres consacr\u00e9es aux femmes, \u00e0 la paix et \u00e0 la s\u00e9curit\u00e9. Un s\u00e9minaire minist\u00e9riel est ainsi annonc\u00e9 les 9 et 10 septembre \u00e0 Cotonou. D\u2019autres activit\u00e9s marqueront le Mois de l\u2019amnistie africaine, les 14 et 15 septembre \u00e0 Alger, ainsi que la Journ\u00e9e internationale de la paix, le 21 septembre.<\/p>\n<p style=\"text-align: justify;\">*Des dossiers r\u00e9gionaux sensibles*<\/p>\n<p style=\"text-align: justify;\">La r\u00e9union de haut niveau pr\u00e9vue \u00e0 New York devrait permettre d\u2019aborder plusieurs foyers de tension sur le continent. Les relations entre la R\u00e9publique d\u00e9mocratique du Congo et le Rwanda figurent notamment parmi les situations susceptibles d\u2019\u00eatre \u00e9voqu\u00e9es. Les \u00e9changes devraient \u00e9galement porter sur les facteurs qui alimentent l\u2019instabilit\u00e9 dans plusieurs r\u00e9gions africaines, notamment les difficult\u00e9s de gouvernance et les activit\u00e9s \u00e9conomiques illicites li\u00e9es au trafic d\u2019armes. Le Comit\u00e9 des experts du CPS, charg\u00e9 d\u2019appuyer les travaux de l\u2019organe, doit pour sa part tenir deux r\u00e9unions au cours du mois afin de pr\u00e9parer les diff\u00e9rentes \u00e9ch\u00e9ances.<\/p>\n<p style=\"text-align: justify;\">*Une pr\u00e9sidence d\u2019un mois*<\/p>\n<p style=\"text-align: justify;\">Cr\u00e9\u00e9 en 2002 en remplacement de l\u2019ancien Organe central de l\u2019OUA, le CPS compte quinze membres. Cinq sont \u00e9lus pour trois ans et dix pour deux ans, selon un syst\u00e8me destin\u00e9 \u00e0 assurer une rotation r\u00e9guli\u00e8re tout en maintenant une continuit\u00e9 dans les travaux. La pr\u00e9sidence du B\u00e9nin ne s\u2019\u00e9tendra que sur le mois de septembre. Elle intervient n\u00e9anmoins \u00e0 un moment o\u00f9 plusieurs crises continuent de mobiliser l\u2019Union africaine, notamment au Soudan et dans la Corne de l\u2019Afrique.<\/p>\n<p style=\"text-align: justify;\">Pendant cette courte p\u00e9riode, Cotonou devra donc conduire les travaux du Conseil, organiser les \u00e9changes entre ses membres et contribuer \u00e0 faire avancer les dossiers inscrits \u00e0 l\u2019agenda continental en mati\u00e8re de paix et de s\u00e9curit\u00e9.<\/p>\n<p style=\"text-align: justify;\">\n<strong>Laura LEKE<\/strong><\/p>\n","protected":false},"excerpt":{"rendered":"<p>Le B\u00e9nin prend, pour un mois, les r\u00eanes du Conseil de paix et de s\u00e9curit\u00e9 (CPS) de l\u2019Union africaine. Depuis le 1er septembre 2026, le pays assure la pr\u00e9sidence de cet organe charg\u00e9 de pr\u00e9venir et de g\u00e9rer les conflits sur le continent. Il succ\u00e8de ainsi \u00e0 l\u2019Alg\u00e9rie, qui en avait assur\u00e9 la direction durant [&hellip;]<\/p>\n","protected":false},"author":18,"featured_media":87335,"comment_status":"open","ping_status":"open","sticky":false,"template":"","format":"standard","meta":{"footnotes":""},"categories":[34],"tags":[],"class_list":["post-87334","post","type-post","status-publish","format-standard","has-post-thumbnail","hentry","category-actualite"],"yoast_head":"<!-- This site is optimized with the Yoast SEO plugin v28.2 - https:\/\/yoast.com\/product\/yoast-seo-wordpress\/ -->\n<title>Union africaine: Le B\u00e9nin prend les commandes du Conseil de paix et de s\u00e9curit\u00e9 pour septembre - Le Potentiel<\/title>\n<meta name=\"robots\" content=\"index, follow, max-snippet:-1, max-image-preview:large, max-video-preview:-1\" \/>\n<link rel=\"canonical\" href=\"https:\/\/lepotentiel.bj\/?p=87334\" \/>\n<meta property=\"og:locale\" content=\"fr_FR\" \/>\n<meta property=\"og:type\" content=\"article\" \/>\n<meta property=\"og:title\" content=\"Union africaine: Le B\u00e9nin prend les commandes du Conseil de paix et de s\u00e9curit\u00e9 pour septembre - Le Potentiel\" \/>\n<meta property=\"og:description\" content=\"Le B\u00e9nin prend, pour un mois, les r\u00eanes du Conseil de paix et de s\u00e9curit\u00e9 (CPS) de l\u2019Union africaine. Depuis le 1er septembre 2026, le pays assure la pr\u00e9sidence de cet organe charg\u00e9 de pr\u00e9venir et de g\u00e9rer les conflits sur le continent. Il succ\u00e8de ainsi \u00e0 l\u2019Alg\u00e9rie, qui en avait assur\u00e9 la direction durant [&hellip;]\" \/>\n<meta property=\"og:url\" content=\"https:\/\/lepotentiel.bj\/?p=87334\" \/>\n<meta property=\"og:site_name\" content=\"Le Potentiel\" \/>\n<meta property=\"article:published_time\" content=\"2026-09-02T11:48:28+00:00\" \/>\n<meta property=\"og:image\" content=\"https:\/\/lepotentiel.bj\/wp-content\/uploads\/2026\/09\/langfr-960px-Flag_of_the_African_Union.svg.png\" \/>\n\t<meta property=\"og:image:width\" content=\"960\" \/>\n\t<meta property=\"og:image:height\" content=\"640\" \/>\n\t<meta property=\"og:image:type\" content=\"image\/png\" \/>\n<meta name=\"author\" content=\"Laura\" \/>\n<meta name=\"twitter:card\" content=\"summary_large_image\" \/>\n<meta name=\"twitter:label1\" content=\"\u00c9crit par\" \/>\n\t<meta name=\"twitter:data1\" content=\"Laura\" \/>\n\t<meta name=\"twitter:label2\" content=\"Dur\u00e9e de lecture estim\u00e9e\" \/>\n\t<meta name=\"twitter:data2\" content=\"3 minutes\" \/>\n<script type=\"application\/ld+json\" class=\"yoast-schema-graph\">{\"@context\":\"https:\\\/\\\/schema.org\",\"@graph\":[{\"@type\":\"Article\",\"@id\":\"https:\\\/\\\/lepotentiel.bj\\\/?p=87334#article\",\"isPartOf\":{\"@id\":\"https:\\\/\\\/lepotentiel.bj\\\/?p=87334\"},\"author\":{\"name\":\"Laura\",\"@id\":\"https:\\\/\\\/lepotentiel.bj\\\/#\\\/schema\\\/person\\\/001def78e1eafec4b5733ea184d49dd0\"},\"headline\":\"Union africaine: Le B\u00e9nin prend les commandes du Conseil de paix et de s\u00e9curit\u00e9 pour septembre\",\"datePublished\":\"2026-09-02T11:48:28+00:00\",\"mainEntityOfPage\":{\"@id\":\"https:\\\/\\\/lepotentiel.bj\\\/?p=87334\"},\"wordCount\":604,\"commentCount\":0,\"publisher\":{\"@id\":\"https:\\\/\\\/lepotentiel.bj\\\/#organization\"},\"image\":{\"@id\":\"https:\\\/\\\/lepotentiel.bj\\\/?p=87334#primaryimage\"},\"thumbnailUrl\":\"https:\\\/\\\/lepotentiel.bj\\\/wp-content\\\/uploads\\\/2026\\\/09\\\/langfr-960px-Flag_of_the_African_Union.svg.png\",\"articleSection\":[\"Actualit\u00e9\"],\"inLanguage\":\"fr-FR\",\"potentialAction\":[{\"@type\":\"CommentAction\",\"name\":\"Comment\",\"target\":[\"https:\\\/\\\/lepotentiel.bj\\\/?p=87334#respond\"]}]},{\"@type\":\"WebPage\",\"@id\":\"https:\\\/\\\/lepotentiel.bj\\\/?p=87334\",\"url\":\"https:\\\/\\\/lepotentiel.bj\\\/?p=87334\",\"name\":\"Union africaine: Le B\u00e9nin prend les commandes du Conseil de paix et de s\u00e9curit\u00e9 pour septembre - Le Potentiel\",\"isPartOf\":{\"@id\":\"https:\\\/\\\/lepotentiel.bj\\\/#website\"},\"primaryImageOfPage\":{\"@id\":\"https:\\\/\\\/lepotentiel.bj\\\/?p=87334#primaryimage\"},\"image\":{\"@id\":\"https:\\\/\\\/lepotentiel.bj\\\/?p=87334#primaryimage\"},\"thumbnailUrl\":\"https:\\\/\\\/lepotentiel.bj\\\/wp-content\\\/uploads\\\/2026\\\/09\\\/langfr-960px-Flag_of_the_African_Union.svg.png\",\"datePublished\":\"2026-09-02T11:48:28+00:00\",\"breadcrumb\":{\"@id\":\"https:\\\/\\\/lepotentiel.bj\\\/?p=87334#breadcrumb\"},\"inLanguage\":\"fr-FR\",\"potentialAction\":[{\"@type\":\"ReadAction\",\"target\":[\"https:\\\/\\\/lepotentiel.bj\\\/?p=87334\"]}]},{\"@type\":\"ImageObject\",\"inLanguage\":\"fr-FR\",\"@id\":\"https:\\\/\\\/lepotentiel.bj\\\/?p=87334#primaryimage\",\"url\":\"https:\\\/\\\/lepotentiel.bj\\\/wp-content\\\/uploads\\\/2026\\\/09\\\/langfr-960px-Flag_of_the_African_Union.svg.png\",\"contentUrl\":\"https:\\\/\\\/lepotentiel.bj\\\/wp-content\\\/uploads\\\/2026\\\/09\\\/langfr-960px-Flag_of_the_African_Union.svg.png\",\"width\":960,\"height\":640},{\"@type\":\"BreadcrumbList\",\"@id\":\"https:\\\/\\\/lepotentiel.bj\\\/?p=87334#breadcrumb\",\"itemListElement\":[{\"@type\":\"ListItem\",\"position\":1,\"name\":\"Accueil\",\"item\":\"https:\\\/\\\/lepotentiel.bj\\\/\"},{\"@type\":\"ListItem\",\"position\":2,\"name\":\"Union africaine: Le B\u00e9nin prend les commandes du Conseil de paix et de s\u00e9curit\u00e9 pour septembre\"}]},{\"@type\":\"WebSite\",\"@id\":\"https:\\\/\\\/lepotentiel.bj\\\/#website\",\"url\":\"https:\\\/\\\/lepotentiel.bj\\\/\",\"name\":\"Le Potentiel\",\"description\":\"Le Potentiel, au service de l\u2019information, nous sommes les fantassins du droit de savoir\",\"publisher\":{\"@id\":\"https:\\\/\\\/lepotentiel.bj\\\/#organization\"},\"potentialAction\":[{\"@type\":\"SearchAction\",\"target\":{\"@type\":\"EntryPoint\",\"urlTemplate\":\"https:\\\/\\\/lepotentiel.bj\\\/?s={search_term_string}\"},\"query-input\":{\"@type\":\"PropertyValueSpecification\",\"valueRequired\":true,\"valueName\":\"search_term_string\"}}],\"inLanguage\":\"fr-FR\"},{\"@type\":\"Organization\",\"@id\":\"https:\\\/\\\/lepotentiel.bj\\\/#organization\",\"name\":\"Le Potentiel\",\"url\":\"https:\\\/\\\/lepotentiel.bj\\\/\",\"logo\":{\"@type\":\"ImageObject\",\"inLanguage\":\"fr-FR\",\"@id\":\"https:\\\/\\\/lepotentiel.bj\\\/#\\\/schema\\\/logo\\\/image\\\/\",\"url\":\"https:\\\/\\\/lepotentiel.bj\\\/wp-content\\\/uploads\\\/2023\\\/12\\\/logo-pot.jpg\",\"contentUrl\":\"https:\\\/\\\/lepotentiel.bj\\\/wp-content\\\/uploads\\\/2023\\\/12\\\/logo-pot.jpg\",\"width\":562,\"height\":84,\"caption\":\"Le Potentiel\"},\"image\":{\"@id\":\"https:\\\/\\\/lepotentiel.bj\\\/#\\\/schema\\\/logo\\\/image\\\/\"}},{\"@type\":\"Person\",\"@id\":\"https:\\\/\\\/lepotentiel.bj\\\/#\\\/schema\\\/person\\\/001def78e1eafec4b5733ea184d49dd0\",\"name\":\"Laura\",\"image\":{\"@type\":\"ImageObject\",\"inLanguage\":\"fr-FR\",\"@id\":\"https:\\\/\\\/secure.gravatar.com\\\/avatar\\\/46e54a01dd5785f370a6c40e9cfe54ebcfd939154e6505072fe15421c0d32893?s=96&d=mm&r=g\",\"url\":\"https:\\\/\\\/secure.gravatar.com\\\/avatar\\\/46e54a01dd5785f370a6c40e9cfe54ebcfd939154e6505072fe15421c0d32893?s=96&d=mm&r=g\",\"contentUrl\":\"https:\\\/\\\/secure.gravatar.com\\\/avatar\\\/46e54a01dd5785f370a6c40e9cfe54ebcfd939154e6505072fe15421c0d32893?s=96&d=mm&r=g\",\"caption\":\"Laura\"},\"url\":\"https:\\\/\\\/lepotentiel.bj\\\/?author=18\"}]}<\/script>\n<!-- \/ Yoast SEO plugin. -->","yoast_head_json":{"title":"Union africaine: Le B\u00e9nin prend les commandes du Conseil de paix et de s\u00e9curit\u00e9 pour septembre - Le Potentiel","robots":{"index":"index","follow":"follow","max-snippet":"max-snippet:-1","max-image-preview":"max-image-preview:large","max-video-preview":"max-video-preview:-1"},"canonical":"https:\/\/lepotentiel.bj\/?p=87334","og_locale":"fr_FR","og_type":"article","og_title":"Union africaine: Le B\u00e9nin prend les commandes du Conseil de paix et de s\u00e9curit\u00e9 pour septembre - Le Potentiel","og_description":"Le B\u00e9nin prend, pour un mois, les r\u00eanes du Conseil de paix et de s\u00e9curit\u00e9 (CPS) de l\u2019Union africaine. Depuis le 1er septembre 2026, le pays assure la pr\u00e9sidence de cet organe charg\u00e9 de pr\u00e9venir et de g\u00e9rer les conflits sur le continent. Il succ\u00e8de ainsi \u00e0 l\u2019Alg\u00e9rie, qui en avait assur\u00e9 la direction durant [&hellip;]","og_url":"https:\/\/lepotentiel.bj\/?p=87334","og_site_name":"Le Potentiel","article_published_time":"2026-09-02T11:48:28+00:00","og_image":[{"width":960,"height":640,"url":"https:\/\/lepotentiel.bj\/wp-content\/uploads\/2026\/09\/langfr-960px-Flag_of_the_African_Union.svg.png","type":"image\/png"}],"author":"Laura","twitter_card":"summary_large_image","twitter_misc":{"\u00c9crit par":"Laura","Dur\u00e9e de lecture estim\u00e9e":"3 minutes"},"schema":{"@context":"https:\/\/schema.org","@graph":[{"@type":"Article","@id":"https:\/\/lepotentiel.bj\/?p=87334#article","isPartOf":{"@id":"https:\/\/lepotentiel.bj\/?p=87334"},"author":{"name":"Laura","@id":"https:\/\/lepotentiel.bj\/#\/schema\/person\/001def78e1eafec4b5733ea184d49dd0"},"headline":"Union africaine: Le B\u00e9nin prend les commandes du Conseil de paix et de s\u00e9curit\u00e9 pour septembre","datePublished":"2026-09-02T11:48:28+00:00","mainEntityOfPage":{"@id":"https:\/\/lepotentiel.bj\/?p=87334"},"wordCount":604,"commentCount":0,"publisher":{"@id":"https:\/\/lepotentiel.bj\/#organization"},"image":{"@id":"https:\/\/lepotentiel.bj\/?p=87334#primaryimage"},"thumbnailUrl":"https:\/\/lepotentiel.bj\/wp-content\/uploads\/2026\/09\/langfr-960px-Flag_of_the_African_Union.svg.png","articleSection":["Actualit\u00e9"],"inLanguage":"fr-FR","potentialAction":[{"@type":"CommentAction","name":"Comment","target":["https:\/\/lepotentiel.bj\/?p=87334#respond"]}]},{"@type":"WebPage","@id":"https:\/\/lepotentiel.bj\/?p=87334","url":"https:\/\/lepotentiel.bj\/?p=87334","name":"Union africaine: Le B\u00e9nin prend les commandes du Conseil de paix et de s\u00e9curit\u00e9 pour septembre - Le Potentiel","isPartOf":{"@id":"https:\/\/lepotentiel.bj\/#website"},"primaryImageOfPage":{"@id":"https:\/\/lepotentiel.bj\/?p=87334#primaryimage"},"image":{"@id":"https:\/\/lepotentiel.bj\/?p=87334#primaryimage"},"thumbnailUrl":"https:\/\/lepotentiel.bj\/wp-content\/uploads\/2026\/09\/langfr-960px-Flag_of_the_African_Union.svg.png","datePublished":"2026-09-02T11:48:28+00:00","breadcrumb":{"@id":"https:\/\/lepotentiel.bj\/?p=87334#breadcrumb"},"inLanguage":"fr-FR","potentialAction":[{"@type":"ReadAction","target":["https:\/\/lepotentiel.bj\/?p=87334"]}]},{"@type":"ImageObject","inLanguage":"fr-FR","@id":"https:\/\/lepotentiel.bj\/?p=87334#primaryimage","url":"https:\/\/lepotentiel.bj\/wp-content\/uploads\/2026\/09\/langfr-960px-Flag_of_the_African_Union.svg.png","contentUrl":"https:\/\/lepotentiel.bj\/wp-content\/uploads\/2026\/09\/langfr-960px-Flag_of_the_African_Union.svg.png","width":960,"height":640},{"@type":"BreadcrumbList","@id":"https:\/\/lepotentiel.bj\/?p=87334#breadcrumb","itemListElement":[{"@type":"ListItem","position":1,"name":"Accueil","item":"https:\/\/lepotentiel.bj\/"},{"@type":"ListItem","position":2,"name":"Union africaine: Le B\u00e9nin prend les commandes du Conseil de paix et de s\u00e9curit\u00e9 pour septembre"}]},{"@type":"WebSite","@id":"https:\/\/lepotentiel.bj\/#website","url":"https:\/\/lepotentiel.bj\/","name":"Le Potentiel","description":"Le Potentiel, au service de l\u2019information, nous sommes les fantassins du droit de savoir","publisher":{"@id":"https:\/\/lepotentiel.bj\/#organization"},"potentialAction":[{"@type":"SearchAction","target":{"@type":"EntryPoint","urlTemplate":"https:\/\/lepotentiel.bj\/?s={search_term_string}"},"query-input":{"@type":"PropertyValueSpecification","valueRequired":true,"valueName":"search_term_string"}}],"inLanguage":"fr-FR"},{"@type":"Organization","@id":"https:\/\/lepotentiel.bj\/#organization","name":"Le Potentiel","url":"https:\/\/lepotentiel.bj\/","logo":{"@type":"ImageObject","inLanguage":"fr-FR","@id":"https:\/\/lepotentiel.bj\/#\/schema\/logo\/image\/","url":"https:\/\/lepotentiel.bj\/wp-content\/uploads\/2023\/12\/logo-pot.jpg","contentUrl":"https:\/\/lepotentiel.bj\/wp-content\/uploads\/2023\/12\/logo-pot.jpg","width":562,"height":84,"caption":"Le Potentiel"},"image":{"@id":"https:\/\/lepotentiel.bj\/#\/schema\/logo\/image\/"}},{"@type":"Person","@id":"https:\/\/lepotentiel.bj\/#\/schema\/person\/001def78e1eafec4b5733ea184d49dd0","name":"Laura","image":{"@type":"ImageObject","inLanguage":"fr-FR","@id":"https:\/\/secure.gravatar.com\/avatar\/46e54a01dd5785f370a6c40e9cfe54ebcfd939154e6505072fe15421c0d32893?s=96&d=mm&r=g","url":"https:\/\/secure.gravatar.com\/avatar\/46e54a01dd5785f370a6c40e9cfe54ebcfd939154e6505072fe15421c0d32893?s=96&d=mm&r=g","contentUrl":"https:\/\/secure.gravatar.com\/avatar\/46e54a01dd5785f370a6c40e9cfe54ebcfd939154e6505072fe15421c0d32893?s=96&d=mm&r=g","caption":"Laura"},"url":"https:\/\/lepotentiel.bj\/?author=18"}]}},"_links":{"self":[{"href":"https:\/\/lepotentiel.bj\/index.php?rest_route=\/wp\/v2\/posts\/87334","targetHints":{"allow":["GET"]}}],"collection":[{"href":"https:\/\/lepotentiel.bj\/index.php?rest_route=\/wp\/v2\/posts"}],"about":[{"href":"https:\/\/lepotentiel.bj\/index.php?rest_route=\/wp\/v2\/types\/post"}],"author":[{"embeddable":true,"href":"https:\/\/lepotentiel.bj\/index.php?rest_route=\/wp\/v2\/users\/18"}],"replies":[{"embeddable":true,"href":"https:\/\/lepotentiel.bj\/index.php?rest_route=%2Fwp%2Fv2%2Fcomments&post=87334"}],"version-history":[{"count":1,"href":"https:\/\/lepotentiel.bj\/index.php?rest_route=\/wp\/v2\/posts\/87334\/revisions"}],"predecessor-version":[{"id":87336,"href":"https:\/\/lepotentiel.bj\/index.php?rest_route=\/wp\/v2\/posts\/87334\/revisions\/87336"}],"wp:featuredmedia":[{"embeddable":true,"href":"https:\/\/lepotentiel.bj\/index.php?rest_route=\/wp\/v2\/media\/87335"}],"wp:attachment":[{"href":"https:\/\/lepotentiel.bj\/index.php?rest_route=%2Fwp%2Fv2%2Fmedia&parent=87334"}],"wp:term":[{"taxonomy":"category","embeddable":true,"href":"https:\/\/lepotentiel.bj\/index.php?rest_route=%2Fwp%2Fv2%2Fcategories&post=87334"},{"taxonomy":"post_tag","embeddable":true,"href":"https:\/\/lepotentiel.bj\/index.php?rest_route=%2Fwp%2Fv2%2Ftags&post=87334"}],"curies":[{"name":"wp","href":"https:\/\/api.w.org\/{rel}","templated":true}]}}