{"id":87340,"date":"2026-09-02T15:08:09","date_gmt":"2026-09-02T13:08:09","guid":{"rendered":"https:\/\/lepotentiel.bj\/?p=87340"},"modified":"2026-09-02T15:28:47","modified_gmt":"2026-09-02T13:28:47","slug":"guinee-bissau-les-electeurs-approuvent-le-texte-qui-redefinit-les-pouvoirs-presidentiels","status":"publish","type":"post","link":"https:\/\/lepotentiel.bj\/?p=87340","title":{"rendered":"Guin\u00e9e-Bissau : Les \u00e9lecteurs approuvent le texte qui red\u00e9finit les pouvoirs pr\u00e9sidentiels"},"content":{"rendered":"<p style=\"text-align: justify;\">Les \u00e9lecteurs bissau-guin\u00e9ens ont approuv\u00e9 la nouvelle Constitution lors du r\u00e9f\u00e9rendum organis\u00e9 dimanche. D\u2019apr\u00e8s les r\u00e9sultats annonc\u00e9s mardi 1er septembre par la Commission \u00e9lectorale nationale, le \u00ab oui \u00bb a recueilli 70 % des suffrages, ouvrant la voie \u00e0 une nouvelle organisation des pouvoirs au sommet de l\u2019\u00c9tat.<\/p>\n<p style=\"text-align: justify;\">Organis\u00e9 dimanche, le scrutin a lieu moins d\u2019un an apr\u00e8s la prise de pouvoir de l\u2019arm\u00e9e et \u00e0 quelques mois de l\u2019\u00e9lection pr\u00e9sidentielle annonc\u00e9e pour le 6 d\u00e9cembre. Les autorit\u00e9s de transition pr\u00e9sentent cette r\u00e9forme comme un moyen de r\u00e9organiser les institutions et de consolider leur fonctionnement avant le retour \u00e0 un r\u00e9gime civil.<\/p>\n<p style=\"text-align: justify;\">*Un nouvel \u00e9quilibre au sommet de l\u2019\u00c9tat*<\/p>\n<p style=\"text-align: justify;\">La r\u00e9forme modifie en profondeur les rapports entre les principales institutions du pays. Sous l\u2019ancien dispositif constitutionnel, le Premier ministre \u00e9tait issu de la majorit\u00e9 parlementaire, une configuration qui avait r\u00e9guli\u00e8rement provoqu\u00e9 des tensions entre le gouvernement et l\u2019Assembl\u00e9e nationale. Le nouveau texte conf\u00e8re davantage de pr\u00e9rogatives au chef de l\u2019\u00c9tat. Celui-ci pourra d\u00e9sormais nommer et d\u00e9mettre le Premier ministre ainsi que les membres du gouvernement. Il disposera \u00e9galement du pouvoir de dissoudre l\u2019Assembl\u00e9e nationale. Cette nouvelle r\u00e9partition des comp\u00e9tences renforce ainsi le poids de la pr\u00e9sidence dans le fonctionnement de l\u2019ex\u00e9cutif. Elle fait toutefois craindre \u00e0 certains acteurs politiques et de la soci\u00e9t\u00e9 civile une concentration excessive du pouvoir.<\/p>\n<p style=\"text-align: justify;\">Avant le vote, le r\u00e9f\u00e9rendum avait d\u00e9j\u00e0 suscit\u00e9 des contestations. Les formations de l\u2019opposition avaient appel\u00e9 leurs militants et sympathisants \u00e0 ne pas participer au scrutin, d\u00e9non\u00e7ant pr\u00e9cis\u00e9ment des restrictions impos\u00e9es aux libert\u00e9s publiques. La r\u00e9forme est port\u00e9e par les autorit\u00e9s issues du coup d\u2019\u00c9tat de novembre 2025. \u00c0 la t\u00eate de la transition, le g\u00e9n\u00e9ral Horta N\u2019Tam s\u2019\u00e9tait engag\u00e9 publiquement en faveur d\u2019une forte mobilisation des \u00e9lecteurs. Il avait surtout appel\u00e9 les jeunes \u00e0 se rendre massivement aux urnes avant de voter lui-m\u00eame. La charte de transition lui interdit cependant de se pr\u00e9senter \u00e0 la prochaine pr\u00e9sidentielle, pr\u00e9vue le 6 d\u00e9cembre.<\/p>\n<p style=\"text-align: justify;\">*La Commission \u00e9lectorale d\u00e9fend la r\u00e9gularit\u00e9 du scrutin*<\/p>\n<p style=\"text-align: justify;\">Face aux critiques, la pr\u00e9sidente de la Commission \u00e9lectorale nationale, Carmen Izaura Lobo, a d\u00e9fendu le d\u00e9roulement du r\u00e9f\u00e9rendum. Elle a mis en avant l\u2019organisation du scrutin, le travail des \u00e9quipes \u00e9lectorales ainsi que la transparence du processus. Avec l\u2019approbation du nouveau texte, la Guin\u00e9e-Bissau s\u2019engage d\u00e9sormais dans une nouvelle phase institutionnelle. La mise en \u0153uvre de la Constitution et les conditions dans lesquelles se d\u00e9roulera la prochaine pr\u00e9sidentielle seront particuli\u00e8rement suivies.<\/p>\n<p style=\"text-align: justify;\"><strong>Laura LEKE<\/strong><\/p>\n","protected":false},"excerpt":{"rendered":"<p>Les \u00e9lecteurs bissau-guin\u00e9ens ont approuv\u00e9 la nouvelle Constitution lors du r\u00e9f\u00e9rendum organis\u00e9 dimanche. D\u2019apr\u00e8s les r\u00e9sultats annonc\u00e9s mardi 1er septembre par la Commission \u00e9lectorale nationale, le \u00ab oui \u00bb a recueilli 70 % des suffrages, ouvrant la voie \u00e0 une nouvelle organisation des pouvoirs au sommet de l\u2019\u00c9tat. Organis\u00e9 dimanche, le scrutin a lieu moins [&hellip;]<\/p>\n","protected":false},"author":18,"featured_media":87343,"comment_status":"open","ping_status":"open","sticky":false,"template":"","format":"standard","meta":{"footnotes":""},"categories":[22960,34],"tags":[],"class_list":["post-87340","post","type-post","status-publish","format-standard","has-post-thumbnail","hentry","category-a-la-une","category-actualite"],"yoast_head":"<!-- This site is optimized with the Yoast SEO plugin v28.2 - https:\/\/yoast.com\/product\/yoast-seo-wordpress\/ -->\n<title>Guin\u00e9e-Bissau : Les \u00e9lecteurs approuvent le texte qui red\u00e9finit les pouvoirs pr\u00e9sidentiels - Le Potentiel<\/title>\n<meta name=\"robots\" content=\"index, follow, max-snippet:-1, max-image-preview:large, max-video-preview:-1\" \/>\n<link rel=\"canonical\" href=\"https:\/\/lepotentiel.bj\/?p=87340\" \/>\n<meta property=\"og:locale\" content=\"fr_FR\" \/>\n<meta property=\"og:type\" content=\"article\" \/>\n<meta property=\"og:title\" content=\"Guin\u00e9e-Bissau : Les \u00e9lecteurs approuvent le texte qui red\u00e9finit les pouvoirs pr\u00e9sidentiels - Le Potentiel\" \/>\n<meta property=\"og:description\" content=\"Les \u00e9lecteurs bissau-guin\u00e9ens ont approuv\u00e9 la nouvelle Constitution lors du r\u00e9f\u00e9rendum organis\u00e9 dimanche. D\u2019apr\u00e8s les r\u00e9sultats annonc\u00e9s mardi 1er septembre par la Commission \u00e9lectorale nationale, le \u00ab oui \u00bb a recueilli 70 % des suffrages, ouvrant la voie \u00e0 une nouvelle organisation des pouvoirs au sommet de l\u2019\u00c9tat. Organis\u00e9 dimanche, le scrutin a lieu moins [&hellip;]\" \/>\n<meta property=\"og:url\" content=\"https:\/\/lepotentiel.bj\/?p=87340\" \/>\n<meta property=\"og:site_name\" content=\"Le Potentiel\" \/>\n<meta property=\"article:published_time\" content=\"2026-09-02T13:08:09+00:00\" \/>\n<meta property=\"article:modified_time\" content=\"2026-09-02T13:28:47+00:00\" \/>\n<meta property=\"og:image\" content=\"https:\/\/lepotentiel.bj\/wp-content\/uploads\/2026\/09\/CGI_Guinea-Bissau_Flag0-1-768x432.png\" \/>\n\t<meta property=\"og:image:width\" content=\"768\" \/>\n\t<meta property=\"og:image:height\" content=\"432\" \/>\n\t<meta property=\"og:image:type\" content=\"image\/png\" \/>\n<meta name=\"author\" content=\"Laura\" \/>\n<meta name=\"twitter:card\" content=\"summary_large_image\" \/>\n<meta name=\"twitter:label1\" content=\"\u00c9crit par\" \/>\n\t<meta name=\"twitter:data1\" content=\"Laura\" \/>\n\t<meta name=\"twitter:label2\" content=\"Dur\u00e9e de lecture estim\u00e9e\" \/>\n\t<meta name=\"twitter:data2\" content=\"3 minutes\" \/>\n<script type=\"application\/ld+json\" class=\"yoast-schema-graph\">{\"@context\":\"https:\\\/\\\/schema.org\",\"@graph\":[{\"@type\":\"Article\",\"@id\":\"https:\\\/\\\/lepotentiel.bj\\\/?p=87340#article\",\"isPartOf\":{\"@id\":\"https:\\\/\\\/lepotentiel.bj\\\/?p=87340\"},\"author\":{\"name\":\"Laura\",\"@id\":\"https:\\\/\\\/lepotentiel.bj\\\/#\\\/schema\\\/person\\\/001def78e1eafec4b5733ea184d49dd0\"},\"headline\":\"Guin\u00e9e-Bissau : Les \u00e9lecteurs approuvent le texte qui red\u00e9finit les pouvoirs pr\u00e9sidentiels\",\"datePublished\":\"2026-09-02T13:08:09+00:00\",\"dateModified\":\"2026-09-02T13:28:47+00:00\",\"mainEntityOfPage\":{\"@id\":\"https:\\\/\\\/lepotentiel.bj\\\/?p=87340\"},\"wordCount\":483,\"commentCount\":0,\"publisher\":{\"@id\":\"https:\\\/\\\/lepotentiel.bj\\\/#organization\"},\"image\":{\"@id\":\"https:\\\/\\\/lepotentiel.bj\\\/?p=87340#primaryimage\"},\"thumbnailUrl\":\"https:\\\/\\\/lepotentiel.bj\\\/wp-content\\\/uploads\\\/2026\\\/09\\\/CGI_Guinea-Bissau_Flag0-1-scaled.png\",\"articleSection\":[\"A La Une\",\"Actualit\u00e9\"],\"inLanguage\":\"fr-FR\",\"potentialAction\":[{\"@type\":\"CommentAction\",\"name\":\"Comment\",\"target\":[\"https:\\\/\\\/lepotentiel.bj\\\/?p=87340#respond\"]}]},{\"@type\":\"WebPage\",\"@id\":\"https:\\\/\\\/lepotentiel.bj\\\/?p=87340\",\"url\":\"https:\\\/\\\/lepotentiel.bj\\\/?p=87340\",\"name\":\"Guin\u00e9e-Bissau : Les \u00e9lecteurs approuvent le texte qui red\u00e9finit les pouvoirs pr\u00e9sidentiels - Le Potentiel\",\"isPartOf\":{\"@id\":\"https:\\\/\\\/lepotentiel.bj\\\/#website\"},\"primaryImageOfPage\":{\"@id\":\"https:\\\/\\\/lepotentiel.bj\\\/?p=87340#primaryimage\"},\"image\":{\"@id\":\"https:\\\/\\\/lepotentiel.bj\\\/?p=87340#primaryimage\"},\"thumbnailUrl\":\"https:\\\/\\\/lepotentiel.bj\\\/wp-content\\\/uploads\\\/2026\\\/09\\\/CGI_Guinea-Bissau_Flag0-1-scaled.png\",\"datePublished\":\"2026-09-02T13:08:09+00:00\",\"dateModified\":\"2026-09-02T13:28:47+00:00\",\"breadcrumb\":{\"@id\":\"https:\\\/\\\/lepotentiel.bj\\\/?p=87340#breadcrumb\"},\"inLanguage\":\"fr-FR\",\"potentialAction\":[{\"@type\":\"ReadAction\",\"target\":[\"https:\\\/\\\/lepotentiel.bj\\\/?p=87340\"]}]},{\"@type\":\"ImageObject\",\"inLanguage\":\"fr-FR\",\"@id\":\"https:\\\/\\\/lepotentiel.bj\\\/?p=87340#primaryimage\",\"url\":\"https:\\\/\\\/lepotentiel.bj\\\/wp-content\\\/uploads\\\/2026\\\/09\\\/CGI_Guinea-Bissau_Flag0-1-scaled.png\",\"contentUrl\":\"https:\\\/\\\/lepotentiel.bj\\\/wp-content\\\/uploads\\\/2026\\\/09\\\/CGI_Guinea-Bissau_Flag0-1-scaled.png\",\"width\":2560,\"height\":1440},{\"@type\":\"BreadcrumbList\",\"@id\":\"https:\\\/\\\/lepotentiel.bj\\\/?p=87340#breadcrumb\",\"itemListElement\":[{\"@type\":\"ListItem\",\"position\":1,\"name\":\"Accueil\",\"item\":\"https:\\\/\\\/lepotentiel.bj\\\/\"},{\"@type\":\"ListItem\",\"position\":2,\"name\":\"Guin\u00e9e-Bissau : Les \u00e9lecteurs approuvent le texte qui red\u00e9finit les pouvoirs pr\u00e9sidentiels\"}]},{\"@type\":\"WebSite\",\"@id\":\"https:\\\/\\\/lepotentiel.bj\\\/#website\",\"url\":\"https:\\\/\\\/lepotentiel.bj\\\/\",\"name\":\"Le Potentiel\",\"description\":\"Le Potentiel, au service de l\u2019information, nous sommes les fantassins du droit de savoir\",\"publisher\":{\"@id\":\"https:\\\/\\\/lepotentiel.bj\\\/#organization\"},\"potentialAction\":[{\"@type\":\"SearchAction\",\"target\":{\"@type\":\"EntryPoint\",\"urlTemplate\":\"https:\\\/\\\/lepotentiel.bj\\\/?s={search_term_string}\"},\"query-input\":{\"@type\":\"PropertyValueSpecification\",\"valueRequired\":true,\"valueName\":\"search_term_string\"}}],\"inLanguage\":\"fr-FR\"},{\"@type\":\"Organization\",\"@id\":\"https:\\\/\\\/lepotentiel.bj\\\/#organization\",\"name\":\"Le Potentiel\",\"url\":\"https:\\\/\\\/lepotentiel.bj\\\/\",\"logo\":{\"@type\":\"ImageObject\",\"inLanguage\":\"fr-FR\",\"@id\":\"https:\\\/\\\/lepotentiel.bj\\\/#\\\/schema\\\/logo\\\/image\\\/\",\"url\":\"https:\\\/\\\/lepotentiel.bj\\\/wp-content\\\/uploads\\\/2023\\\/12\\\/logo-pot.jpg\",\"contentUrl\":\"https:\\\/\\\/lepotentiel.bj\\\/wp-content\\\/uploads\\\/2023\\\/12\\\/logo-pot.jpg\",\"width\":562,\"height\":84,\"caption\":\"Le Potentiel\"},\"image\":{\"@id\":\"https:\\\/\\\/lepotentiel.bj\\\/#\\\/schema\\\/logo\\\/image\\\/\"}},{\"@type\":\"Person\",\"@id\":\"https:\\\/\\\/lepotentiel.bj\\\/#\\\/schema\\\/person\\\/001def78e1eafec4b5733ea184d49dd0\",\"name\":\"Laura\",\"image\":{\"@type\":\"ImageObject\",\"inLanguage\":\"fr-FR\",\"@id\":\"https:\\\/\\\/secure.gravatar.com\\\/avatar\\\/46e54a01dd5785f370a6c40e9cfe54ebcfd939154e6505072fe15421c0d32893?s=96&d=mm&r=g\",\"url\":\"https:\\\/\\\/secure.gravatar.com\\\/avatar\\\/46e54a01dd5785f370a6c40e9cfe54ebcfd939154e6505072fe15421c0d32893?s=96&d=mm&r=g\",\"contentUrl\":\"https:\\\/\\\/secure.gravatar.com\\\/avatar\\\/46e54a01dd5785f370a6c40e9cfe54ebcfd939154e6505072fe15421c0d32893?s=96&d=mm&r=g\",\"caption\":\"Laura\"},\"url\":\"https:\\\/\\\/lepotentiel.bj\\\/?author=18\"}]}<\/script>\n<!-- \/ Yoast SEO plugin. -->","yoast_head_json":{"title":"Guin\u00e9e-Bissau : Les \u00e9lecteurs approuvent le texte qui red\u00e9finit les pouvoirs pr\u00e9sidentiels - Le Potentiel","robots":{"index":"index","follow":"follow","max-snippet":"max-snippet:-1","max-image-preview":"max-image-preview:large","max-video-preview":"max-video-preview:-1"},"canonical":"https:\/\/lepotentiel.bj\/?p=87340","og_locale":"fr_FR","og_type":"article","og_title":"Guin\u00e9e-Bissau : Les \u00e9lecteurs approuvent le texte qui red\u00e9finit les pouvoirs pr\u00e9sidentiels - Le Potentiel","og_description":"Les \u00e9lecteurs bissau-guin\u00e9ens ont approuv\u00e9 la nouvelle Constitution lors du r\u00e9f\u00e9rendum organis\u00e9 dimanche. D\u2019apr\u00e8s les r\u00e9sultats annonc\u00e9s mardi 1er septembre par la Commission \u00e9lectorale nationale, le \u00ab oui \u00bb a recueilli 70 % des suffrages, ouvrant la voie \u00e0 une nouvelle organisation des pouvoirs au sommet de l\u2019\u00c9tat. Organis\u00e9 dimanche, le scrutin a lieu moins [&hellip;]","og_url":"https:\/\/lepotentiel.bj\/?p=87340","og_site_name":"Le Potentiel","article_published_time":"2026-09-02T13:08:09+00:00","article_modified_time":"2026-09-02T13:28:47+00:00","og_image":[{"width":768,"height":432,"url":"https:\/\/lepotentiel.bj\/wp-content\/uploads\/2026\/09\/CGI_Guinea-Bissau_Flag0-1-768x432.png","type":"image\/png"}],"author":"Laura","twitter_card":"summary_large_image","twitter_misc":{"\u00c9crit par":"Laura","Dur\u00e9e de lecture estim\u00e9e":"3 minutes"},"schema":{"@context":"https:\/\/schema.org","@graph":[{"@type":"Article","@id":"https:\/\/lepotentiel.bj\/?p=87340#article","isPartOf":{"@id":"https:\/\/lepotentiel.bj\/?p=87340"},"author":{"name":"Laura","@id":"https:\/\/lepotentiel.bj\/#\/schema\/person\/001def78e1eafec4b5733ea184d49dd0"},"headline":"Guin\u00e9e-Bissau : Les \u00e9lecteurs approuvent le texte qui red\u00e9finit les pouvoirs pr\u00e9sidentiels","datePublished":"2026-09-02T13:08:09+00:00","dateModified":"2026-09-02T13:28:47+00:00","mainEntityOfPage":{"@id":"https:\/\/lepotentiel.bj\/?p=87340"},"wordCount":483,"commentCount":0,"publisher":{"@id":"https:\/\/lepotentiel.bj\/#organization"},"image":{"@id":"https:\/\/lepotentiel.bj\/?p=87340#primaryimage"},"thumbnailUrl":"https:\/\/lepotentiel.bj\/wp-content\/uploads\/2026\/09\/CGI_Guinea-Bissau_Flag0-1-scaled.png","articleSection":["A La Une","Actualit\u00e9"],"inLanguage":"fr-FR","potentialAction":[{"@type":"CommentAction","name":"Comment","target":["https:\/\/lepotentiel.bj\/?p=87340#respond"]}]},{"@type":"WebPage","@id":"https:\/\/lepotentiel.bj\/?p=87340","url":"https:\/\/lepotentiel.bj\/?p=87340","name":"Guin\u00e9e-Bissau : Les \u00e9lecteurs approuvent le texte qui red\u00e9finit les pouvoirs pr\u00e9sidentiels - Le Potentiel","isPartOf":{"@id":"https:\/\/lepotentiel.bj\/#website"},"primaryImageOfPage":{"@id":"https:\/\/lepotentiel.bj\/?p=87340#primaryimage"},"image":{"@id":"https:\/\/lepotentiel.bj\/?p=87340#primaryimage"},"thumbnailUrl":"https:\/\/lepotentiel.bj\/wp-content\/uploads\/2026\/09\/CGI_Guinea-Bissau_Flag0-1-scaled.png","datePublished":"2026-09-02T13:08:09+00:00","dateModified":"2026-09-02T13:28:47+00:00","breadcrumb":{"@id":"https:\/\/lepotentiel.bj\/?p=87340#breadcrumb"},"inLanguage":"fr-FR","potentialAction":[{"@type":"ReadAction","target":["https:\/\/lepotentiel.bj\/?p=87340"]}]},{"@type":"ImageObject","inLanguage":"fr-FR","@id":"https:\/\/lepotentiel.bj\/?p=87340#primaryimage","url":"https:\/\/lepotentiel.bj\/wp-content\/uploads\/2026\/09\/CGI_Guinea-Bissau_Flag0-1-scaled.png","contentUrl":"https:\/\/lepotentiel.bj\/wp-content\/uploads\/2026\/09\/CGI_Guinea-Bissau_Flag0-1-scaled.png","width":2560,"height":1440},{"@type":"BreadcrumbList","@id":"https:\/\/lepotentiel.bj\/?p=87340#breadcrumb","itemListElement":[{"@type":"ListItem","position":1,"name":"Accueil","item":"https:\/\/lepotentiel.bj\/"},{"@type":"ListItem","position":2,"name":"Guin\u00e9e-Bissau : Les \u00e9lecteurs approuvent le texte qui red\u00e9finit les pouvoirs pr\u00e9sidentiels"}]},{"@type":"WebSite","@id":"https:\/\/lepotentiel.bj\/#website","url":"https:\/\/lepotentiel.bj\/","name":"Le Potentiel","description":"Le Potentiel, au service de l\u2019information, nous sommes les fantassins du droit de savoir","publisher":{"@id":"https:\/\/lepotentiel.bj\/#organization"},"potentialAction":[{"@type":"SearchAction","target":{"@type":"EntryPoint","urlTemplate":"https:\/\/lepotentiel.bj\/?s={search_term_string}"},"query-input":{"@type":"PropertyValueSpecification","valueRequired":true,"valueName":"search_term_string"}}],"inLanguage":"fr-FR"},{"@type":"Organization","@id":"https:\/\/lepotentiel.bj\/#organization","name":"Le Potentiel","url":"https:\/\/lepotentiel.bj\/","logo":{"@type":"ImageObject","inLanguage":"fr-FR","@id":"https:\/\/lepotentiel.bj\/#\/schema\/logo\/image\/","url":"https:\/\/lepotentiel.bj\/wp-content\/uploads\/2023\/12\/logo-pot.jpg","contentUrl":"https:\/\/lepotentiel.bj\/wp-content\/uploads\/2023\/12\/logo-pot.jpg","width":562,"height":84,"caption":"Le Potentiel"},"image":{"@id":"https:\/\/lepotentiel.bj\/#\/schema\/logo\/image\/"}},{"@type":"Person","@id":"https:\/\/lepotentiel.bj\/#\/schema\/person\/001def78e1eafec4b5733ea184d49dd0","name":"Laura","image":{"@type":"ImageObject","inLanguage":"fr-FR","@id":"https:\/\/secure.gravatar.com\/avatar\/46e54a01dd5785f370a6c40e9cfe54ebcfd939154e6505072fe15421c0d32893?s=96&d=mm&r=g","url":"https:\/\/secure.gravatar.com\/avatar\/46e54a01dd5785f370a6c40e9cfe54ebcfd939154e6505072fe15421c0d32893?s=96&d=mm&r=g","contentUrl":"https:\/\/secure.gravatar.com\/avatar\/46e54a01dd5785f370a6c40e9cfe54ebcfd939154e6505072fe15421c0d32893?s=96&d=mm&r=g","caption":"Laura"},"url":"https:\/\/lepotentiel.bj\/?author=18"}]}},"_links":{"self":[{"href":"https:\/\/lepotentiel.bj\/index.php?rest_route=\/wp\/v2\/posts\/87340","targetHints":{"allow":["GET"]}}],"collection":[{"href":"https:\/\/lepotentiel.bj\/index.php?rest_route=\/wp\/v2\/posts"}],"about":[{"href":"https:\/\/lepotentiel.bj\/index.php?rest_route=\/wp\/v2\/types\/post"}],"author":[{"embeddable":true,"href":"https:\/\/lepotentiel.bj\/index.php?rest_route=\/wp\/v2\/users\/18"}],"replies":[{"embeddable":true,"href":"https:\/\/lepotentiel.bj\/index.php?rest_route=%2Fwp%2Fv2%2Fcomments&post=87340"}],"version-history":[{"count":2,"href":"https:\/\/lepotentiel.bj\/index.php?rest_route=\/wp\/v2\/posts\/87340\/revisions"}],"predecessor-version":[{"id":87344,"href":"https:\/\/lepotentiel.bj\/index.php?rest_route=\/wp\/v2\/posts\/87340\/revisions\/87344"}],"wp:featuredmedia":[{"embeddable":true,"href":"https:\/\/lepotentiel.bj\/index.php?rest_route=\/wp\/v2\/media\/87343"}],"wp:attachment":[{"href":"https:\/\/lepotentiel.bj\/index.php?rest_route=%2Fwp%2Fv2%2Fmedia&parent=87340"}],"wp:term":[{"taxonomy":"category","embeddable":true,"href":"https:\/\/lepotentiel.bj\/index.php?rest_route=%2Fwp%2Fv2%2Fcategories&post=87340"},{"taxonomy":"post_tag","embeddable":true,"href":"https:\/\/lepotentiel.bj\/index.php?rest_route=%2Fwp%2Fv2%2Ftags&post=87340"}],"curies":[{"name":"wp","href":"https:\/\/api.w.org\/{rel}","templated":true}]}}