{"id":87350,"date":"2026-09-02T18:29:08","date_gmt":"2026-09-02T16:29:08","guid":{"rendered":"https:\/\/lepotentiel.bj\/?p=87350"},"modified":"2026-09-02T18:32:30","modified_gmt":"2026-09-02T16:32:30","slug":"conseil-des-ministres-voici-les-grandes-decisions-prises-ce-mercredi-02-septembre-2026","status":"publish","type":"post","link":"https:\/\/lepotentiel.bj\/?p=87350","title":{"rendered":"Conseil des ministres : Voici les grandes d\u00e9cisions prises ce mercredi 02 Septembre 2026"},"content":{"rendered":"<p style=\"text-align: justify;\"><strong>Conseil des ministres : Voici les grandes d\u00e9cisions prises ce mercredi 02 Septembre 2026<\/strong><\/p>\n<p style=\"text-align: justify;\"><strong>Le Conseil des ministres s&rsquo;est r\u00e9uni ce mercredi mercredi 02 Septembre 2026 sous la pr\u00e9sidence de Monsieur Romuald Wadagni, Pr\u00e9sident de la R\u00e9publique, Chef de l&rsquo;\u00c9tat, Chef du Gouvernement.. Lors de cette s\u00e9ance, plusieurs d\u00e9cisions ont \u00e9t\u00e9 prises.<\/strong><\/p>\n<p style=\"text-align: justify;\"><strong>Voici l&rsquo;int\u00e9gralit\u00e9 des d\u00e9cisions prises<\/strong><\/p>\n<p>&nbsp;<\/p>\n<p style=\"text-align: justify;\">\ud835\uddda\ud835\udde5\ud835\uddd4\ud835\udde1\ud835\uddd7\ud835\uddd8\ud835\udde6 \ud835\uddd7\ud835\uddd8\ud835\uddd6\ud835\udddc\ud835\udde6\ud835\udddc\ud835\udde2\ud835\udde1\ud835\udde6 \ud835\uddd7\ud835\udde8 \ud835\uddd6\ud835\udde2\ud835\udde1\ud835\udde6\ud835\uddd8\ud835\udddc\ud835\udddf \ud835\uddd7\ud835\uddd8\ud835\udde6 \ud835\udde0\ud835\udddc\ud835\udde1\ud835\udddc\ud835\udde6\ud835\udde7\ud835\udde5\ud835\uddd8\ud835\udde6 \ud835\uddd7\ud835\udde8 \ud835\udfee \ud835\udde6\ud835\uddd8\ud835\udde3\ud835\udde7\ud835\uddd8\ud835\udde0\ud835\uddd5\ud835\udde5\ud835\uddd8 \ud835\udfee\ud835\udfec\ud835\udfee\ud835\udff2<\/p>\n<p style=\"text-align: justify;\">\ud835\udde0\ud835\uddd8\ud835\udde6\ud835\udde8\ud835\udde5\ud835\uddd8\ud835\udde6 \ud835\udde1\ud835\udde2\ud835\udde5\ud835\udde0\ud835\uddd4\ud835\udde7\ud835\udddc\ud835\udde9\ud835\uddd8\ud835\udde6<\/p>\n<p style=\"text-align: justify;\">&#8211; Transmission \u00e0 l\u2019Assembl\u00e9e nationale, pour autorisation de ratification de l\u2019adh\u00e9sion de la R\u00e9publique du B\u00e9nin au Fonds pour le D\u00e9veloppement des Exportations en Afrique ;<\/p>\n<p style=\"text-align: justify;\">&#8211; Transmission \u00e0 l\u2019Assembl\u00e9e Nationale, pour autorisation de ratification de l\u2019accord \u00e9tablissant la Banque de D\u00e9veloppement Shelter Afrique ;<\/p>\n<p style=\"text-align: justify;\">&#8211; Modification du d\u00e9cret n\u00b0 2023-119 du 29 mars 2023 portant cr\u00e9ation, attributions, organisation et fonctionnement du Comit\u00e9 d\u2019agr\u00e9ment des zones \u00e9conomiques sp\u00e9ciales ;<\/p>\n<p style=\"text-align: justify;\">&#8211; Modification du d\u00e9cret n\u00b0 2021-068 du 17 f\u00e9vrier 2021 portant attributions, composition, organisation et fonctionnement du Comit\u00e9 interminist\u00e9riel de promotion des investissements ;<\/p>\n<p style=\"text-align: justify;\">&#8211; Modification du d\u00e9cret n\u00b0 2018-165 du 02 mai 2018 portant attributions, composition et modalit\u00e9s de fonctionnement de la Cellule d\u2019Appui au Partenariat Public-Priv\u00e9 en R\u00e9publique du B\u00e9nin ;<\/p>\n<p style=\"text-align: justify;\">&#8211; Nomination de commissaires aux comptes pr\u00e8s de certaines entreprises publiques<\/p>\n<p>&nbsp;<\/p>\n<p style=\"text-align: justify;\">\ud835\uddd6\ud835\udde2\ud835\udde0\ud835\udde0\ud835\udde8\ud835\udde1\ud835\udddc\ud835\uddd6\ud835\uddd4\ud835\udde7\ud835\udddc\ud835\udde2\ud835\udde1\ud835\udde6<\/p>\n<p style=\"text-align: justify;\">&#8211; Mesures sp\u00e9ciales pour l\u2019inclusion des personnes handicap\u00e9es;<\/p>\n<p style=\"text-align: justify;\">&#8211; Mesures sociales au profit des trois ordres d\u2019enseignement \u00e0 la rentr\u00e9e scolaire et universitaire 2026-2027 ;<\/p>\n<p style=\"text-align: justify;\">&#8211; Mise en \u0153uvre de la phase pilote du Programme de productivit\u00e9 agricole et de protection sociale des agriculteurs du B\u00e9nin ;<\/p>\n<p style=\"text-align: justify;\">&#8211; Travaux de construction de 35 Centres int\u00e9gr\u00e9s \u00e9conomiques sociaux et num\u00e9riques dans 26 communes ;<\/p>\n<p style=\"text-align: justify;\">&#8211; Signature des conventions de concession pour l\u2019\u00e9lectrification hors-r\u00e9seau de douze (12) localit\u00e9s rurales.<\/p>\n<p>&nbsp;<\/p>\n<p style=\"text-align: justify;\">\ud835\udde0\ud835\uddd8\ud835\udde6\ud835\udde8\ud835\udde5\ud835\uddd8\ud835\udde6 \ud835\udddc\ud835\udde1\ud835\uddd7\ud835\udddc\ud835\udde9\ud835\udddc\ud835\uddd7\ud835\udde8\ud835\uddd8\ud835\udddf\ud835\udddf\ud835\uddd8\ud835\udde6<\/p>\n<p style=\"text-align: justify;\">Nominations :<\/p>\n<p style=\"text-align: justify;\">\u25cfau minist\u00e8re de la Justice et de la L\u00e9gislation<\/p>\n<p style=\"text-align: justify;\">\u25cfau minist\u00e8re de l\u2019Economie et des Finances<\/p>\n<p style=\"text-align: justify;\">\u25cfau minist\u00e8re de l\u2019Agriculture, de l\u2019Elevage et de la P\u00eache<\/p>\n<p style=\"text-align: justify;\">\u25cfau minist\u00e8re de l\u2019Enseignement sup\u00e9rieur et de la Recherche scientifique<\/p>\n<p style=\"text-align: justify;\">\u25cfau minist\u00e8re de la Famille et des Affaires sociales<\/p>\n<p style=\"text-align: justify;\">\u25cfau minist\u00e8re de la D\u00e9centralisation et de la Gouvernance locale<\/p>\n<p style=\"text-align: justify;\">\u25cfau minist\u00e8re de la Transformation digitale et de l\u2019Innovation, en charge de la Strat\u00e9gie nationale d\u2019Intelligence artificielle<\/p>\n<p style=\"text-align: justify;\">\u25cfau minist\u00e8re de l\u2019Energie, de l\u2019Eau et des Mines<\/p>\n<p style=\"text-align: justify;\">\u25cfau minist\u00e8re du Cadre de Vie et des Transports, en charge du D\u00e9veloppement durable<\/p>\n<p style=\"text-align: justify;\">\u25cfau minist\u00e8re des Petites et Moyennes Entreprises et de la Promotion de l\u2019Emploi, en charge de la Formation professionnelle<\/p>\n<p style=\"text-align: justify;\">\u25cfau minist\u00e8re de la Communication, en charge des M\u00e9dias<\/p>\n<p style=\"text-align: justify;\">\u25cfau minist\u00e8re en charge des Finances et de la Microfinance<\/p>\n<p style=\"text-align: justify;\">\u25cfau minist\u00e8re en charge du Budget et de la Fonction publique<\/p>\n<p style=\"text-align: justify;\">\u25cfau minist\u00e8re en charge de la Mobilisation des Ressources ext\u00e9rieures et de la Gestion de la Dette<\/p>\n","protected":false},"excerpt":{"rendered":"<p>Conseil des ministres : Voici les grandes d\u00e9cisions prises ce mercredi 02 Septembre 2026 Le Conseil des ministres s&rsquo;est r\u00e9uni ce mercredi mercredi 02 Septembre 2026 sous la pr\u00e9sidence de Monsieur Romuald Wadagni, Pr\u00e9sident de la R\u00e9publique, Chef de l&rsquo;\u00c9tat, Chef du Gouvernement.. Lors de cette s\u00e9ance, plusieurs d\u00e9cisions ont \u00e9t\u00e9 prises. Voici l&rsquo;int\u00e9gralit\u00e9 des [&hellip;]<\/p>\n","protected":false},"author":4,"featured_media":87351,"comment_status":"open","ping_status":"open","sticky":false,"template":"","format":"standard","meta":{"footnotes":""},"categories":[22960,34],"tags":[],"class_list":["post-87350","post","type-post","status-publish","format-standard","has-post-thumbnail","hentry","category-a-la-une","category-actualite"],"yoast_head":"<!-- This site is optimized with the Yoast SEO plugin v28.2 - https:\/\/yoast.com\/product\/yoast-seo-wordpress\/ -->\n<title>Conseil des ministres : Voici les grandes d\u00e9cisions prises ce mercredi 02 Septembre 2026 - Le Potentiel<\/title>\n<meta name=\"robots\" content=\"index, follow, max-snippet:-1, max-image-preview:large, max-video-preview:-1\" \/>\n<link rel=\"canonical\" href=\"https:\/\/lepotentiel.bj\/?p=87350\" \/>\n<meta property=\"og:locale\" content=\"fr_FR\" \/>\n<meta property=\"og:type\" content=\"article\" \/>\n<meta property=\"og:title\" content=\"Conseil des ministres : Voici les grandes d\u00e9cisions prises ce mercredi 02 Septembre 2026 - Le Potentiel\" \/>\n<meta property=\"og:description\" content=\"Conseil des ministres : Voici les grandes d\u00e9cisions prises ce mercredi 02 Septembre 2026 Le Conseil des ministres s&rsquo;est r\u00e9uni ce mercredi mercredi 02 Septembre 2026 sous la pr\u00e9sidence de Monsieur Romuald Wadagni, Pr\u00e9sident de la R\u00e9publique, Chef de l&rsquo;\u00c9tat, Chef du Gouvernement.. Lors de cette s\u00e9ance, plusieurs d\u00e9cisions ont \u00e9t\u00e9 prises. Voici l&rsquo;int\u00e9gralit\u00e9 des [&hellip;]\" \/>\n<meta property=\"og:url\" content=\"https:\/\/lepotentiel.bj\/?p=87350\" \/>\n<meta property=\"og:site_name\" content=\"Le Potentiel\" \/>\n<meta property=\"article:published_time\" content=\"2026-09-02T16:29:08+00:00\" \/>\n<meta property=\"article:modified_time\" content=\"2026-09-02T16:32:30+00:00\" \/>\n<meta property=\"og:image\" content=\"https:\/\/lepotentiel.bj\/wp-content\/uploads\/2026\/09\/images-24.jpeg\" \/>\n\t<meta property=\"og:image:width\" content=\"739\" \/>\n\t<meta property=\"og:image:height\" content=\"415\" \/>\n\t<meta property=\"og:image:type\" content=\"image\/jpeg\" \/>\n<meta name=\"author\" content=\"Le Potentiel\" \/>\n<meta name=\"twitter:card\" content=\"summary_large_image\" \/>\n<meta name=\"twitter:label1\" content=\"\u00c9crit par\" \/>\n\t<meta name=\"twitter:data1\" content=\"Le Potentiel\" \/>\n\t<meta name=\"twitter:label2\" content=\"Dur\u00e9e de lecture estim\u00e9e\" \/>\n\t<meta name=\"twitter:data2\" content=\"3 minutes\" \/>\n<script type=\"application\/ld+json\" class=\"yoast-schema-graph\">{\"@context\":\"https:\\\/\\\/schema.org\",\"@graph\":[{\"@type\":\"Article\",\"@id\":\"https:\\\/\\\/lepotentiel.bj\\\/?p=87350#article\",\"isPartOf\":{\"@id\":\"https:\\\/\\\/lepotentiel.bj\\\/?p=87350\"},\"author\":{\"name\":\"Le Potentiel\",\"@id\":\"https:\\\/\\\/lepotentiel.bj\\\/#\\\/schema\\\/person\\\/453725c41f4363806763503087c06c70\"},\"headline\":\"Conseil des ministres : Voici les grandes d\u00e9cisions prises ce mercredi 02 Septembre 2026\",\"datePublished\":\"2026-09-02T16:29:08+00:00\",\"dateModified\":\"2026-09-02T16:32:30+00:00\",\"mainEntityOfPage\":{\"@id\":\"https:\\\/\\\/lepotentiel.bj\\\/?p=87350\"},\"wordCount\":497,\"commentCount\":0,\"publisher\":{\"@id\":\"https:\\\/\\\/lepotentiel.bj\\\/#organization\"},\"image\":{\"@id\":\"https:\\\/\\\/lepotentiel.bj\\\/?p=87350#primaryimage\"},\"thumbnailUrl\":\"https:\\\/\\\/lepotentiel.bj\\\/wp-content\\\/uploads\\\/2026\\\/09\\\/images-24.jpeg\",\"articleSection\":[\"A La Une\",\"Actualit\u00e9\"],\"inLanguage\":\"fr-FR\",\"potentialAction\":[{\"@type\":\"CommentAction\",\"name\":\"Comment\",\"target\":[\"https:\\\/\\\/lepotentiel.bj\\\/?p=87350#respond\"]}]},{\"@type\":\"WebPage\",\"@id\":\"https:\\\/\\\/lepotentiel.bj\\\/?p=87350\",\"url\":\"https:\\\/\\\/lepotentiel.bj\\\/?p=87350\",\"name\":\"Conseil des ministres : Voici les grandes d\u00e9cisions prises ce mercredi 02 Septembre 2026 - Le Potentiel\",\"isPartOf\":{\"@id\":\"https:\\\/\\\/lepotentiel.bj\\\/#website\"},\"primaryImageOfPage\":{\"@id\":\"https:\\\/\\\/lepotentiel.bj\\\/?p=87350#primaryimage\"},\"image\":{\"@id\":\"https:\\\/\\\/lepotentiel.bj\\\/?p=87350#primaryimage\"},\"thumbnailUrl\":\"https:\\\/\\\/lepotentiel.bj\\\/wp-content\\\/uploads\\\/2026\\\/09\\\/images-24.jpeg\",\"datePublished\":\"2026-09-02T16:29:08+00:00\",\"dateModified\":\"2026-09-02T16:32:30+00:00\",\"breadcrumb\":{\"@id\":\"https:\\\/\\\/lepotentiel.bj\\\/?p=87350#breadcrumb\"},\"inLanguage\":\"fr-FR\",\"potentialAction\":[{\"@type\":\"ReadAction\",\"target\":[\"https:\\\/\\\/lepotentiel.bj\\\/?p=87350\"]}]},{\"@type\":\"ImageObject\",\"inLanguage\":\"fr-FR\",\"@id\":\"https:\\\/\\\/lepotentiel.bj\\\/?p=87350#primaryimage\",\"url\":\"https:\\\/\\\/lepotentiel.bj\\\/wp-content\\\/uploads\\\/2026\\\/09\\\/images-24.jpeg\",\"contentUrl\":\"https:\\\/\\\/lepotentiel.bj\\\/wp-content\\\/uploads\\\/2026\\\/09\\\/images-24.jpeg\",\"width\":739,\"height\":415},{\"@type\":\"BreadcrumbList\",\"@id\":\"https:\\\/\\\/lepotentiel.bj\\\/?p=87350#breadcrumb\",\"itemListElement\":[{\"@type\":\"ListItem\",\"position\":1,\"name\":\"Accueil\",\"item\":\"https:\\\/\\\/lepotentiel.bj\\\/\"},{\"@type\":\"ListItem\",\"position\":2,\"name\":\"Conseil des ministres : Voici les grandes d\u00e9cisions prises ce mercredi 02 Septembre 2026\"}]},{\"@type\":\"WebSite\",\"@id\":\"https:\\\/\\\/lepotentiel.bj\\\/#website\",\"url\":\"https:\\\/\\\/lepotentiel.bj\\\/\",\"name\":\"Le Potentiel\",\"description\":\"Le Potentiel, au service de l\u2019information, nous sommes les fantassins du droit de savoir\",\"publisher\":{\"@id\":\"https:\\\/\\\/lepotentiel.bj\\\/#organization\"},\"potentialAction\":[{\"@type\":\"SearchAction\",\"target\":{\"@type\":\"EntryPoint\",\"urlTemplate\":\"https:\\\/\\\/lepotentiel.bj\\\/?s={search_term_string}\"},\"query-input\":{\"@type\":\"PropertyValueSpecification\",\"valueRequired\":true,\"valueName\":\"search_term_string\"}}],\"inLanguage\":\"fr-FR\"},{\"@type\":\"Organization\",\"@id\":\"https:\\\/\\\/lepotentiel.bj\\\/#organization\",\"name\":\"Le Potentiel\",\"url\":\"https:\\\/\\\/lepotentiel.bj\\\/\",\"logo\":{\"@type\":\"ImageObject\",\"inLanguage\":\"fr-FR\",\"@id\":\"https:\\\/\\\/lepotentiel.bj\\\/#\\\/schema\\\/logo\\\/image\\\/\",\"url\":\"https:\\\/\\\/lepotentiel.bj\\\/wp-content\\\/uploads\\\/2023\\\/12\\\/logo-pot.jpg\",\"contentUrl\":\"https:\\\/\\\/lepotentiel.bj\\\/wp-content\\\/uploads\\\/2023\\\/12\\\/logo-pot.jpg\",\"width\":562,\"height\":84,\"caption\":\"Le Potentiel\"},\"image\":{\"@id\":\"https:\\\/\\\/lepotentiel.bj\\\/#\\\/schema\\\/logo\\\/image\\\/\"}},{\"@type\":\"Person\",\"@id\":\"https:\\\/\\\/lepotentiel.bj\\\/#\\\/schema\\\/person\\\/453725c41f4363806763503087c06c70\",\"name\":\"Le Potentiel\",\"image\":{\"@type\":\"ImageObject\",\"inLanguage\":\"fr-FR\",\"@id\":\"https:\\\/\\\/secure.gravatar.com\\\/avatar\\\/4085301697e4181824463b6ab1ea0ef6abfe68ad30a95258574a4b2d1c76522e?s=96&d=mm&r=g\",\"url\":\"https:\\\/\\\/secure.gravatar.com\\\/avatar\\\/4085301697e4181824463b6ab1ea0ef6abfe68ad30a95258574a4b2d1c76522e?s=96&d=mm&r=g\",\"contentUrl\":\"https:\\\/\\\/secure.gravatar.com\\\/avatar\\\/4085301697e4181824463b6ab1ea0ef6abfe68ad30a95258574a4b2d1c76522e?s=96&d=mm&r=g\",\"caption\":\"Le Potentiel\"},\"url\":\"https:\\\/\\\/lepotentiel.bj\\\/?author=4\"}]}<\/script>\n<!-- \/ Yoast SEO plugin. -->","yoast_head_json":{"title":"Conseil des ministres : Voici les grandes d\u00e9cisions prises ce mercredi 02 Septembre 2026 - Le Potentiel","robots":{"index":"index","follow":"follow","max-snippet":"max-snippet:-1","max-image-preview":"max-image-preview:large","max-video-preview":"max-video-preview:-1"},"canonical":"https:\/\/lepotentiel.bj\/?p=87350","og_locale":"fr_FR","og_type":"article","og_title":"Conseil des ministres : Voici les grandes d\u00e9cisions prises ce mercredi 02 Septembre 2026 - Le Potentiel","og_description":"Conseil des ministres : Voici les grandes d\u00e9cisions prises ce mercredi 02 Septembre 2026 Le Conseil des ministres s&rsquo;est r\u00e9uni ce mercredi mercredi 02 Septembre 2026 sous la pr\u00e9sidence de Monsieur Romuald Wadagni, Pr\u00e9sident de la R\u00e9publique, Chef de l&rsquo;\u00c9tat, Chef du Gouvernement.. Lors de cette s\u00e9ance, plusieurs d\u00e9cisions ont \u00e9t\u00e9 prises. Voici l&rsquo;int\u00e9gralit\u00e9 des [&hellip;]","og_url":"https:\/\/lepotentiel.bj\/?p=87350","og_site_name":"Le Potentiel","article_published_time":"2026-09-02T16:29:08+00:00","article_modified_time":"2026-09-02T16:32:30+00:00","og_image":[{"width":739,"height":415,"url":"https:\/\/lepotentiel.bj\/wp-content\/uploads\/2026\/09\/images-24.jpeg","type":"image\/jpeg"}],"author":"Le Potentiel","twitter_card":"summary_large_image","twitter_misc":{"\u00c9crit par":"Le Potentiel","Dur\u00e9e de lecture estim\u00e9e":"3 minutes"},"schema":{"@context":"https:\/\/schema.org","@graph":[{"@type":"Article","@id":"https:\/\/lepotentiel.bj\/?p=87350#article","isPartOf":{"@id":"https:\/\/lepotentiel.bj\/?p=87350"},"author":{"name":"Le Potentiel","@id":"https:\/\/lepotentiel.bj\/#\/schema\/person\/453725c41f4363806763503087c06c70"},"headline":"Conseil des ministres : Voici les grandes d\u00e9cisions prises ce mercredi 02 Septembre 2026","datePublished":"2026-09-02T16:29:08+00:00","dateModified":"2026-09-02T16:32:30+00:00","mainEntityOfPage":{"@id":"https:\/\/lepotentiel.bj\/?p=87350"},"wordCount":497,"commentCount":0,"publisher":{"@id":"https:\/\/lepotentiel.bj\/#organization"},"image":{"@id":"https:\/\/lepotentiel.bj\/?p=87350#primaryimage"},"thumbnailUrl":"https:\/\/lepotentiel.bj\/wp-content\/uploads\/2026\/09\/images-24.jpeg","articleSection":["A La Une","Actualit\u00e9"],"inLanguage":"fr-FR","potentialAction":[{"@type":"CommentAction","name":"Comment","target":["https:\/\/lepotentiel.bj\/?p=87350#respond"]}]},{"@type":"WebPage","@id":"https:\/\/lepotentiel.bj\/?p=87350","url":"https:\/\/lepotentiel.bj\/?p=87350","name":"Conseil des ministres : Voici les grandes d\u00e9cisions prises ce mercredi 02 Septembre 2026 - Le Potentiel","isPartOf":{"@id":"https:\/\/lepotentiel.bj\/#website"},"primaryImageOfPage":{"@id":"https:\/\/lepotentiel.bj\/?p=87350#primaryimage"},"image":{"@id":"https:\/\/lepotentiel.bj\/?p=87350#primaryimage"},"thumbnailUrl":"https:\/\/lepotentiel.bj\/wp-content\/uploads\/2026\/09\/images-24.jpeg","datePublished":"2026-09-02T16:29:08+00:00","dateModified":"2026-09-02T16:32:30+00:00","breadcrumb":{"@id":"https:\/\/lepotentiel.bj\/?p=87350#breadcrumb"},"inLanguage":"fr-FR","potentialAction":[{"@type":"ReadAction","target":["https:\/\/lepotentiel.bj\/?p=87350"]}]},{"@type":"ImageObject","inLanguage":"fr-FR","@id":"https:\/\/lepotentiel.bj\/?p=87350#primaryimage","url":"https:\/\/lepotentiel.bj\/wp-content\/uploads\/2026\/09\/images-24.jpeg","contentUrl":"https:\/\/lepotentiel.bj\/wp-content\/uploads\/2026\/09\/images-24.jpeg","width":739,"height":415},{"@type":"BreadcrumbList","@id":"https:\/\/lepotentiel.bj\/?p=87350#breadcrumb","itemListElement":[{"@type":"ListItem","position":1,"name":"Accueil","item":"https:\/\/lepotentiel.bj\/"},{"@type":"ListItem","position":2,"name":"Conseil des ministres : Voici les grandes d\u00e9cisions prises ce mercredi 02 Septembre 2026"}]},{"@type":"WebSite","@id":"https:\/\/lepotentiel.bj\/#website","url":"https:\/\/lepotentiel.bj\/","name":"Le Potentiel","description":"Le Potentiel, au service de l\u2019information, nous sommes les fantassins du droit de savoir","publisher":{"@id":"https:\/\/lepotentiel.bj\/#organization"},"potentialAction":[{"@type":"SearchAction","target":{"@type":"EntryPoint","urlTemplate":"https:\/\/lepotentiel.bj\/?s={search_term_string}"},"query-input":{"@type":"PropertyValueSpecification","valueRequired":true,"valueName":"search_term_string"}}],"inLanguage":"fr-FR"},{"@type":"Organization","@id":"https:\/\/lepotentiel.bj\/#organization","name":"Le Potentiel","url":"https:\/\/lepotentiel.bj\/","logo":{"@type":"ImageObject","inLanguage":"fr-FR","@id":"https:\/\/lepotentiel.bj\/#\/schema\/logo\/image\/","url":"https:\/\/lepotentiel.bj\/wp-content\/uploads\/2023\/12\/logo-pot.jpg","contentUrl":"https:\/\/lepotentiel.bj\/wp-content\/uploads\/2023\/12\/logo-pot.jpg","width":562,"height":84,"caption":"Le Potentiel"},"image":{"@id":"https:\/\/lepotentiel.bj\/#\/schema\/logo\/image\/"}},{"@type":"Person","@id":"https:\/\/lepotentiel.bj\/#\/schema\/person\/453725c41f4363806763503087c06c70","name":"Le Potentiel","image":{"@type":"ImageObject","inLanguage":"fr-FR","@id":"https:\/\/secure.gravatar.com\/avatar\/4085301697e4181824463b6ab1ea0ef6abfe68ad30a95258574a4b2d1c76522e?s=96&d=mm&r=g","url":"https:\/\/secure.gravatar.com\/avatar\/4085301697e4181824463b6ab1ea0ef6abfe68ad30a95258574a4b2d1c76522e?s=96&d=mm&r=g","contentUrl":"https:\/\/secure.gravatar.com\/avatar\/4085301697e4181824463b6ab1ea0ef6abfe68ad30a95258574a4b2d1c76522e?s=96&d=mm&r=g","caption":"Le Potentiel"},"url":"https:\/\/lepotentiel.bj\/?author=4"}]}},"_links":{"self":[{"href":"https:\/\/lepotentiel.bj\/index.php?rest_route=\/wp\/v2\/posts\/87350","targetHints":{"allow":["GET"]}}],"collection":[{"href":"https:\/\/lepotentiel.bj\/index.php?rest_route=\/wp\/v2\/posts"}],"about":[{"href":"https:\/\/lepotentiel.bj\/index.php?rest_route=\/wp\/v2\/types\/post"}],"author":[{"embeddable":true,"href":"https:\/\/lepotentiel.bj\/index.php?rest_route=\/wp\/v2\/users\/4"}],"replies":[{"embeddable":true,"href":"https:\/\/lepotentiel.bj\/index.php?rest_route=%2Fwp%2Fv2%2Fcomments&post=87350"}],"version-history":[{"count":2,"href":"https:\/\/lepotentiel.bj\/index.php?rest_route=\/wp\/v2\/posts\/87350\/revisions"}],"predecessor-version":[{"id":87353,"href":"https:\/\/lepotentiel.bj\/index.php?rest_route=\/wp\/v2\/posts\/87350\/revisions\/87353"}],"wp:featuredmedia":[{"embeddable":true,"href":"https:\/\/lepotentiel.bj\/index.php?rest_route=\/wp\/v2\/media\/87351"}],"wp:attachment":[{"href":"https:\/\/lepotentiel.bj\/index.php?rest_route=%2Fwp%2Fv2%2Fmedia&parent=87350"}],"wp:term":[{"taxonomy":"category","embeddable":true,"href":"https:\/\/lepotentiel.bj\/index.php?rest_route=%2Fwp%2Fv2%2Fcategories&post=87350"},{"taxonomy":"post_tag","embeddable":true,"href":"https:\/\/lepotentiel.bj\/index.php?rest_route=%2Fwp%2Fv2%2Ftags&post=87350"}],"curies":[{"name":"wp","href":"https:\/\/api.w.org\/{rel}","templated":true}]}}