{"id":87365,"date":"2026-09-02T20:37:32","date_gmt":"2026-09-02T18:37:32","guid":{"rendered":"https:\/\/lepotentiel.bj\/?p=87365"},"modified":"2026-09-02T20:38:29","modified_gmt":"2026-09-02T18:38:29","slug":"87365","status":"publish","type":"post","link":"https:\/\/lepotentiel.bj\/?p=87365","title":{"rendered":"Conseil des ministres : les nominations prononc\u00e9es  au minist\u00e8re de l\u2019agriculture, de l\u2019\u00e9levage et de la p\u00eache"},"content":{"rendered":"<p style=\"text-align: justify;\"><strong>Conseil des ministres : les nominations prononc\u00e9es au minist\u00e8re de l\u2019Agriculture, de l\u2019\u00e9levage et de la p\u00eache<\/strong><\/p>\n<p style=\"text-align: justify;\"><strong>La s\u00e9ance hebdomadaire du conseil des ministres s&rsquo;est r\u00e9unie sous la Pr\u00e9sidence du Chef de l&rsquo;\u00c9tat Romuald Wadagni ce mercredi 02 Septembre 2026. Lors de cette s\u00e9ance, plusieurs nominations ont \u00e9t\u00e9 prononc\u00e9es au minist\u00e8re de l\u2019Agriculture, de l\u2019\u00e9levage et de la p\u00eache.\u00a0<\/strong><\/p>\n<p style=\"text-align: justify;\">Directrice de Cabinet<\/p>\n<p style=\"text-align: justify;\">*Madame Eurydice Deedi Olga SOGBOHOSSOU<\/p>\n<p style=\"text-align: justify;\">Conseiller technique \u00e0 la Promotion de l\u2019Elevage et de la P\u00eache<\/p>\n<p style=\"text-align: justify;\">*Monsieur Ernest Ayivi TINDO<\/p>\n<p style=\"text-align: justify;\">Conseiller technique aux Affaires fonci\u00e8res<\/p>\n<p style=\"text-align: justify;\">*Monsieur Innocent Antoine HOUEDJI<\/p>\n<p style=\"text-align: justify;\">Directeur g\u00e9n\u00e9ral de la Soci\u00e9t\u00e9 de D\u00e9veloppement des Semences et Plants<\/p>\n<p style=\"text-align: justify;\">*Monsieur Sess\u00e9d\u00e9 Comlan A. X. MATRO<\/p>\n<p style=\"text-align: justify;\">Directeur de la Planification, de l\u2019Administration et des Finances<\/p>\n<p style=\"text-align: justify;\">*Monsieur Edmond DANHOEGBE<\/p>\n<p style=\"text-align: justify;\">Directrice adjointe de la Planification, de l\u2019Administration et des Finances<\/p>\n<p style=\"text-align: justify;\">*Madame O. Huguette TCHABI<\/p>\n<p style=\"text-align: justify;\">Directeur de la Production v\u00e9g\u00e9tale<\/p>\n<p style=\"text-align: justify;\">*Monsieur Janvier LAKOU<\/p>\n<p style=\"text-align: justify;\">Directeur du G\u00e9nie rural<\/p>\n<p style=\"text-align: justify;\">*Monsieur Ad\u00e9mola Jules ADEGNANDJOU<\/p>\n<p style=\"text-align: justify;\">Directeur g\u00e9n\u00e9ral de l\u2019Agence territoriale de D\u00e9veloppement agricole de la Vall\u00e9e du Niger<\/p>\n<p style=\"text-align: justify;\">*Monsieur Haffizou GANDA<\/p>\n<p style=\"text-align: justify;\">Directeur g\u00e9n\u00e9ral de l\u2019Agence territoriale de D\u00e9veloppement agricole de l\u2019Alibori Sud-Borgou Nord-2KP<\/p>\n<p style=\"text-align: justify;\">*Monsieur Issifou DADA DOKO<\/p>\n<p style=\"text-align: justify;\">Directeur g\u00e9n\u00e9ral de l\u2019Agence territoriale de D\u00e9veloppement agricole de l\u2019Atacora Ouest<\/p>\n<p style=\"text-align: justify;\">*Monsieur Orou Daouda BELLO<\/p>\n<p style=\"text-align: justify;\">Directrice g\u00e9n\u00e9rale de l\u2019Agence territoriale de D\u00e9veloppement agricole du Borgou Sud-Donga-Collines<\/p>\n<p style=\"text-align: justify;\">*Madame Nadia Ingrid S\u00e8nan GNONLONFOUN<\/p>\n<p style=\"text-align: justify;\">Directrice g\u00e9n\u00e9rale de l\u2019Agence territoriale de D\u00e9veloppement agricole du Zou-Couffo<\/p>\n<p style=\"text-align: justify;\">*Madame Richicatou SALE<\/p>\n<p style=\"text-align: justify;\">Directeur g\u00e9n\u00e9ral de l\u2019Agence territoriale de D\u00e9veloppement agricole du Plateau<\/p>\n<p style=\"text-align: justify;\">*Monsieur Fanou Alain AHOUHOUENDO<\/p>\n<p style=\"text-align: justify;\">Directrice g\u00e9n\u00e9rale de l\u2019Agence territoriale de D\u00e9veloppement agricole de l\u2019Ou\u00e9m\u00e9-Atlantique-Littoral-Mono<\/p>\n<p style=\"text-align: justify;\">*Madame Ola\u00eftan Diane B. BIAOU<\/p>\n","protected":false},"excerpt":{"rendered":"<p>Conseil des ministres : les nominations prononc\u00e9es au minist\u00e8re de l\u2019Agriculture, de l\u2019\u00e9levage et de la p\u00eache La s\u00e9ance hebdomadaire du conseil des ministres s&rsquo;est r\u00e9unie sous la Pr\u00e9sidence du Chef de l&rsquo;\u00c9tat Romuald Wadagni ce mercredi 02 Septembre 2026. Lors de cette s\u00e9ance, plusieurs nominations ont \u00e9t\u00e9 prononc\u00e9es au minist\u00e8re de l\u2019Agriculture, de l\u2019\u00e9levage [&hellip;]<\/p>\n","protected":false},"author":4,"featured_media":87363,"comment_status":"open","ping_status":"open","sticky":false,"template":"","format":"standard","meta":{"footnotes":""},"categories":[22960],"tags":[],"class_list":["post-87365","post","type-post","status-publish","format-standard","has-post-thumbnail","hentry","category-a-la-une"],"yoast_head":"<!-- This site is optimized with the Yoast SEO plugin v28.2 - https:\/\/yoast.com\/product\/yoast-seo-wordpress\/ -->\n<title>Conseil des ministres : les nominations prononc\u00e9es au minist\u00e8re de l\u2019agriculture, de l\u2019\u00e9levage et de la p\u00eache - Le Potentiel<\/title>\n<meta name=\"robots\" content=\"index, follow, max-snippet:-1, max-image-preview:large, max-video-preview:-1\" \/>\n<link rel=\"canonical\" href=\"https:\/\/lepotentiel.bj\/?p=87365\" \/>\n<meta property=\"og:locale\" content=\"fr_FR\" \/>\n<meta property=\"og:type\" content=\"article\" \/>\n<meta property=\"og:title\" content=\"Conseil des ministres : les nominations prononc\u00e9es au minist\u00e8re de l\u2019agriculture, de l\u2019\u00e9levage et de la p\u00eache - Le Potentiel\" \/>\n<meta property=\"og:description\" content=\"Conseil des ministres : les nominations prononc\u00e9es au minist\u00e8re de l\u2019Agriculture, de l\u2019\u00e9levage et de la p\u00eache La s\u00e9ance hebdomadaire du conseil des ministres s&rsquo;est r\u00e9unie sous la Pr\u00e9sidence du Chef de l&rsquo;\u00c9tat Romuald Wadagni ce mercredi 02 Septembre 2026. Lors de cette s\u00e9ance, plusieurs nominations ont \u00e9t\u00e9 prononc\u00e9es au minist\u00e8re de l\u2019Agriculture, de l\u2019\u00e9levage [&hellip;]\" \/>\n<meta property=\"og:url\" content=\"https:\/\/lepotentiel.bj\/?p=87365\" \/>\n<meta property=\"og:site_name\" content=\"Le Potentiel\" \/>\n<meta property=\"article:published_time\" content=\"2026-09-02T18:37:32+00:00\" \/>\n<meta property=\"article:modified_time\" content=\"2026-09-02T18:38:29+00:00\" \/>\n<meta property=\"og:image\" content=\"https:\/\/lepotentiel.bj\/wp-content\/uploads\/2026\/09\/IMG-20240117-WA0001-4.jpg\" \/>\n\t<meta property=\"og:image:width\" content=\"750\" \/>\n\t<meta property=\"og:image:height\" content=\"375\" \/>\n\t<meta property=\"og:image:type\" content=\"image\/jpeg\" \/>\n<meta name=\"author\" content=\"Le Potentiel\" \/>\n<meta name=\"twitter:card\" content=\"summary_large_image\" \/>\n<meta name=\"twitter:label1\" content=\"\u00c9crit par\" \/>\n\t<meta name=\"twitter:data1\" content=\"Le Potentiel\" \/>\n\t<meta name=\"twitter:label2\" content=\"Dur\u00e9e de lecture estim\u00e9e\" \/>\n\t<meta name=\"twitter:data2\" content=\"2 minutes\" \/>\n<script type=\"application\/ld+json\" class=\"yoast-schema-graph\">{\"@context\":\"https:\\\/\\\/schema.org\",\"@graph\":[{\"@type\":\"Article\",\"@id\":\"https:\\\/\\\/lepotentiel.bj\\\/?p=87365#article\",\"isPartOf\":{\"@id\":\"https:\\\/\\\/lepotentiel.bj\\\/?p=87365\"},\"author\":{\"name\":\"Le Potentiel\",\"@id\":\"https:\\\/\\\/lepotentiel.bj\\\/#\\\/schema\\\/person\\\/453725c41f4363806763503087c06c70\"},\"headline\":\"Conseil des ministres : les nominations prononc\u00e9es au minist\u00e8re de l\u2019agriculture, de l\u2019\u00e9levage et de la p\u00eache\",\"datePublished\":\"2026-09-02T18:37:32+00:00\",\"dateModified\":\"2026-09-02T18:38:29+00:00\",\"mainEntityOfPage\":{\"@id\":\"https:\\\/\\\/lepotentiel.bj\\\/?p=87365\"},\"wordCount\":338,\"commentCount\":0,\"publisher\":{\"@id\":\"https:\\\/\\\/lepotentiel.bj\\\/#organization\"},\"image\":{\"@id\":\"https:\\\/\\\/lepotentiel.bj\\\/?p=87365#primaryimage\"},\"thumbnailUrl\":\"https:\\\/\\\/lepotentiel.bj\\\/wp-content\\\/uploads\\\/2026\\\/09\\\/IMG-20240117-WA0001-4.jpg\",\"articleSection\":[\"A La Une\"],\"inLanguage\":\"fr-FR\",\"potentialAction\":[{\"@type\":\"CommentAction\",\"name\":\"Comment\",\"target\":[\"https:\\\/\\\/lepotentiel.bj\\\/?p=87365#respond\"]}]},{\"@type\":\"WebPage\",\"@id\":\"https:\\\/\\\/lepotentiel.bj\\\/?p=87365\",\"url\":\"https:\\\/\\\/lepotentiel.bj\\\/?p=87365\",\"name\":\"Conseil des ministres : les nominations prononc\u00e9es au minist\u00e8re de l\u2019agriculture, de l\u2019\u00e9levage et de la p\u00eache - Le Potentiel\",\"isPartOf\":{\"@id\":\"https:\\\/\\\/lepotentiel.bj\\\/#website\"},\"primaryImageOfPage\":{\"@id\":\"https:\\\/\\\/lepotentiel.bj\\\/?p=87365#primaryimage\"},\"image\":{\"@id\":\"https:\\\/\\\/lepotentiel.bj\\\/?p=87365#primaryimage\"},\"thumbnailUrl\":\"https:\\\/\\\/lepotentiel.bj\\\/wp-content\\\/uploads\\\/2026\\\/09\\\/IMG-20240117-WA0001-4.jpg\",\"datePublished\":\"2026-09-02T18:37:32+00:00\",\"dateModified\":\"2026-09-02T18:38:29+00:00\",\"breadcrumb\":{\"@id\":\"https:\\\/\\\/lepotentiel.bj\\\/?p=87365#breadcrumb\"},\"inLanguage\":\"fr-FR\",\"potentialAction\":[{\"@type\":\"ReadAction\",\"target\":[\"https:\\\/\\\/lepotentiel.bj\\\/?p=87365\"]}]},{\"@type\":\"ImageObject\",\"inLanguage\":\"fr-FR\",\"@id\":\"https:\\\/\\\/lepotentiel.bj\\\/?p=87365#primaryimage\",\"url\":\"https:\\\/\\\/lepotentiel.bj\\\/wp-content\\\/uploads\\\/2026\\\/09\\\/IMG-20240117-WA0001-4.jpg\",\"contentUrl\":\"https:\\\/\\\/lepotentiel.bj\\\/wp-content\\\/uploads\\\/2026\\\/09\\\/IMG-20240117-WA0001-4.jpg\",\"width\":750,\"height\":375},{\"@type\":\"BreadcrumbList\",\"@id\":\"https:\\\/\\\/lepotentiel.bj\\\/?p=87365#breadcrumb\",\"itemListElement\":[{\"@type\":\"ListItem\",\"position\":1,\"name\":\"Accueil\",\"item\":\"https:\\\/\\\/lepotentiel.bj\\\/\"},{\"@type\":\"ListItem\",\"position\":2,\"name\":\"Conseil des ministres : les nominations prononc\u00e9es au minist\u00e8re de l\u2019agriculture, de l\u2019\u00e9levage et de la p\u00eache\"}]},{\"@type\":\"WebSite\",\"@id\":\"https:\\\/\\\/lepotentiel.bj\\\/#website\",\"url\":\"https:\\\/\\\/lepotentiel.bj\\\/\",\"name\":\"Le Potentiel\",\"description\":\"Le Potentiel, au service de l\u2019information, nous sommes les fantassins du droit de savoir\",\"publisher\":{\"@id\":\"https:\\\/\\\/lepotentiel.bj\\\/#organization\"},\"potentialAction\":[{\"@type\":\"SearchAction\",\"target\":{\"@type\":\"EntryPoint\",\"urlTemplate\":\"https:\\\/\\\/lepotentiel.bj\\\/?s={search_term_string}\"},\"query-input\":{\"@type\":\"PropertyValueSpecification\",\"valueRequired\":true,\"valueName\":\"search_term_string\"}}],\"inLanguage\":\"fr-FR\"},{\"@type\":\"Organization\",\"@id\":\"https:\\\/\\\/lepotentiel.bj\\\/#organization\",\"name\":\"Le Potentiel\",\"url\":\"https:\\\/\\\/lepotentiel.bj\\\/\",\"logo\":{\"@type\":\"ImageObject\",\"inLanguage\":\"fr-FR\",\"@id\":\"https:\\\/\\\/lepotentiel.bj\\\/#\\\/schema\\\/logo\\\/image\\\/\",\"url\":\"https:\\\/\\\/lepotentiel.bj\\\/wp-content\\\/uploads\\\/2023\\\/12\\\/logo-pot.jpg\",\"contentUrl\":\"https:\\\/\\\/lepotentiel.bj\\\/wp-content\\\/uploads\\\/2023\\\/12\\\/logo-pot.jpg\",\"width\":562,\"height\":84,\"caption\":\"Le Potentiel\"},\"image\":{\"@id\":\"https:\\\/\\\/lepotentiel.bj\\\/#\\\/schema\\\/logo\\\/image\\\/\"}},{\"@type\":\"Person\",\"@id\":\"https:\\\/\\\/lepotentiel.bj\\\/#\\\/schema\\\/person\\\/453725c41f4363806763503087c06c70\",\"name\":\"Le Potentiel\",\"image\":{\"@type\":\"ImageObject\",\"inLanguage\":\"fr-FR\",\"@id\":\"https:\\\/\\\/secure.gravatar.com\\\/avatar\\\/4085301697e4181824463b6ab1ea0ef6abfe68ad30a95258574a4b2d1c76522e?s=96&d=mm&r=g\",\"url\":\"https:\\\/\\\/secure.gravatar.com\\\/avatar\\\/4085301697e4181824463b6ab1ea0ef6abfe68ad30a95258574a4b2d1c76522e?s=96&d=mm&r=g\",\"contentUrl\":\"https:\\\/\\\/secure.gravatar.com\\\/avatar\\\/4085301697e4181824463b6ab1ea0ef6abfe68ad30a95258574a4b2d1c76522e?s=96&d=mm&r=g\",\"caption\":\"Le Potentiel\"},\"url\":\"https:\\\/\\\/lepotentiel.bj\\\/?author=4\"}]}<\/script>\n<!-- \/ Yoast SEO plugin. -->","yoast_head_json":{"title":"Conseil des ministres : les nominations prononc\u00e9es au minist\u00e8re de l\u2019agriculture, de l\u2019\u00e9levage et de la p\u00eache - Le Potentiel","robots":{"index":"index","follow":"follow","max-snippet":"max-snippet:-1","max-image-preview":"max-image-preview:large","max-video-preview":"max-video-preview:-1"},"canonical":"https:\/\/lepotentiel.bj\/?p=87365","og_locale":"fr_FR","og_type":"article","og_title":"Conseil des ministres : les nominations prononc\u00e9es au minist\u00e8re de l\u2019agriculture, de l\u2019\u00e9levage et de la p\u00eache - Le Potentiel","og_description":"Conseil des ministres : les nominations prononc\u00e9es au minist\u00e8re de l\u2019Agriculture, de l\u2019\u00e9levage et de la p\u00eache La s\u00e9ance hebdomadaire du conseil des ministres s&rsquo;est r\u00e9unie sous la Pr\u00e9sidence du Chef de l&rsquo;\u00c9tat Romuald Wadagni ce mercredi 02 Septembre 2026. Lors de cette s\u00e9ance, plusieurs nominations ont \u00e9t\u00e9 prononc\u00e9es au minist\u00e8re de l\u2019Agriculture, de l\u2019\u00e9levage [&hellip;]","og_url":"https:\/\/lepotentiel.bj\/?p=87365","og_site_name":"Le Potentiel","article_published_time":"2026-09-02T18:37:32+00:00","article_modified_time":"2026-09-02T18:38:29+00:00","og_image":[{"width":750,"height":375,"url":"https:\/\/lepotentiel.bj\/wp-content\/uploads\/2026\/09\/IMG-20240117-WA0001-4.jpg","type":"image\/jpeg"}],"author":"Le Potentiel","twitter_card":"summary_large_image","twitter_misc":{"\u00c9crit par":"Le Potentiel","Dur\u00e9e de lecture estim\u00e9e":"2 minutes"},"schema":{"@context":"https:\/\/schema.org","@graph":[{"@type":"Article","@id":"https:\/\/lepotentiel.bj\/?p=87365#article","isPartOf":{"@id":"https:\/\/lepotentiel.bj\/?p=87365"},"author":{"name":"Le Potentiel","@id":"https:\/\/lepotentiel.bj\/#\/schema\/person\/453725c41f4363806763503087c06c70"},"headline":"Conseil des ministres : les nominations prononc\u00e9es au minist\u00e8re de l\u2019agriculture, de l\u2019\u00e9levage et de la p\u00eache","datePublished":"2026-09-02T18:37:32+00:00","dateModified":"2026-09-02T18:38:29+00:00","mainEntityOfPage":{"@id":"https:\/\/lepotentiel.bj\/?p=87365"},"wordCount":338,"commentCount":0,"publisher":{"@id":"https:\/\/lepotentiel.bj\/#organization"},"image":{"@id":"https:\/\/lepotentiel.bj\/?p=87365#primaryimage"},"thumbnailUrl":"https:\/\/lepotentiel.bj\/wp-content\/uploads\/2026\/09\/IMG-20240117-WA0001-4.jpg","articleSection":["A La Une"],"inLanguage":"fr-FR","potentialAction":[{"@type":"CommentAction","name":"Comment","target":["https:\/\/lepotentiel.bj\/?p=87365#respond"]}]},{"@type":"WebPage","@id":"https:\/\/lepotentiel.bj\/?p=87365","url":"https:\/\/lepotentiel.bj\/?p=87365","name":"Conseil des ministres : les nominations prononc\u00e9es au minist\u00e8re de l\u2019agriculture, de l\u2019\u00e9levage et de la p\u00eache - Le Potentiel","isPartOf":{"@id":"https:\/\/lepotentiel.bj\/#website"},"primaryImageOfPage":{"@id":"https:\/\/lepotentiel.bj\/?p=87365#primaryimage"},"image":{"@id":"https:\/\/lepotentiel.bj\/?p=87365#primaryimage"},"thumbnailUrl":"https:\/\/lepotentiel.bj\/wp-content\/uploads\/2026\/09\/IMG-20240117-WA0001-4.jpg","datePublished":"2026-09-02T18:37:32+00:00","dateModified":"2026-09-02T18:38:29+00:00","breadcrumb":{"@id":"https:\/\/lepotentiel.bj\/?p=87365#breadcrumb"},"inLanguage":"fr-FR","potentialAction":[{"@type":"ReadAction","target":["https:\/\/lepotentiel.bj\/?p=87365"]}]},{"@type":"ImageObject","inLanguage":"fr-FR","@id":"https:\/\/lepotentiel.bj\/?p=87365#primaryimage","url":"https:\/\/lepotentiel.bj\/wp-content\/uploads\/2026\/09\/IMG-20240117-WA0001-4.jpg","contentUrl":"https:\/\/lepotentiel.bj\/wp-content\/uploads\/2026\/09\/IMG-20240117-WA0001-4.jpg","width":750,"height":375},{"@type":"BreadcrumbList","@id":"https:\/\/lepotentiel.bj\/?p=87365#breadcrumb","itemListElement":[{"@type":"ListItem","position":1,"name":"Accueil","item":"https:\/\/lepotentiel.bj\/"},{"@type":"ListItem","position":2,"name":"Conseil des ministres : les nominations prononc\u00e9es au minist\u00e8re de l\u2019agriculture, de l\u2019\u00e9levage et de la p\u00eache"}]},{"@type":"WebSite","@id":"https:\/\/lepotentiel.bj\/#website","url":"https:\/\/lepotentiel.bj\/","name":"Le Potentiel","description":"Le Potentiel, au service de l\u2019information, nous sommes les fantassins du droit de savoir","publisher":{"@id":"https:\/\/lepotentiel.bj\/#organization"},"potentialAction":[{"@type":"SearchAction","target":{"@type":"EntryPoint","urlTemplate":"https:\/\/lepotentiel.bj\/?s={search_term_string}"},"query-input":{"@type":"PropertyValueSpecification","valueRequired":true,"valueName":"search_term_string"}}],"inLanguage":"fr-FR"},{"@type":"Organization","@id":"https:\/\/lepotentiel.bj\/#organization","name":"Le Potentiel","url":"https:\/\/lepotentiel.bj\/","logo":{"@type":"ImageObject","inLanguage":"fr-FR","@id":"https:\/\/lepotentiel.bj\/#\/schema\/logo\/image\/","url":"https:\/\/lepotentiel.bj\/wp-content\/uploads\/2023\/12\/logo-pot.jpg","contentUrl":"https:\/\/lepotentiel.bj\/wp-content\/uploads\/2023\/12\/logo-pot.jpg","width":562,"height":84,"caption":"Le Potentiel"},"image":{"@id":"https:\/\/lepotentiel.bj\/#\/schema\/logo\/image\/"}},{"@type":"Person","@id":"https:\/\/lepotentiel.bj\/#\/schema\/person\/453725c41f4363806763503087c06c70","name":"Le Potentiel","image":{"@type":"ImageObject","inLanguage":"fr-FR","@id":"https:\/\/secure.gravatar.com\/avatar\/4085301697e4181824463b6ab1ea0ef6abfe68ad30a95258574a4b2d1c76522e?s=96&d=mm&r=g","url":"https:\/\/secure.gravatar.com\/avatar\/4085301697e4181824463b6ab1ea0ef6abfe68ad30a95258574a4b2d1c76522e?s=96&d=mm&r=g","contentUrl":"https:\/\/secure.gravatar.com\/avatar\/4085301697e4181824463b6ab1ea0ef6abfe68ad30a95258574a4b2d1c76522e?s=96&d=mm&r=g","caption":"Le Potentiel"},"url":"https:\/\/lepotentiel.bj\/?author=4"}]}},"_links":{"self":[{"href":"https:\/\/lepotentiel.bj\/index.php?rest_route=\/wp\/v2\/posts\/87365","targetHints":{"allow":["GET"]}}],"collection":[{"href":"https:\/\/lepotentiel.bj\/index.php?rest_route=\/wp\/v2\/posts"}],"about":[{"href":"https:\/\/lepotentiel.bj\/index.php?rest_route=\/wp\/v2\/types\/post"}],"author":[{"embeddable":true,"href":"https:\/\/lepotentiel.bj\/index.php?rest_route=\/wp\/v2\/users\/4"}],"replies":[{"embeddable":true,"href":"https:\/\/lepotentiel.bj\/index.php?rest_route=%2Fwp%2Fv2%2Fcomments&post=87365"}],"version-history":[{"count":3,"href":"https:\/\/lepotentiel.bj\/index.php?rest_route=\/wp\/v2\/posts\/87365\/revisions"}],"predecessor-version":[{"id":87368,"href":"https:\/\/lepotentiel.bj\/index.php?rest_route=\/wp\/v2\/posts\/87365\/revisions\/87368"}],"wp:featuredmedia":[{"embeddable":true,"href":"https:\/\/lepotentiel.bj\/index.php?rest_route=\/wp\/v2\/media\/87363"}],"wp:attachment":[{"href":"https:\/\/lepotentiel.bj\/index.php?rest_route=%2Fwp%2Fv2%2Fmedia&parent=87365"}],"wp:term":[{"taxonomy":"category","embeddable":true,"href":"https:\/\/lepotentiel.bj\/index.php?rest_route=%2Fwp%2Fv2%2Fcategories&post=87365"},{"taxonomy":"post_tag","embeddable":true,"href":"https:\/\/lepotentiel.bj\/index.php?rest_route=%2Fwp%2Fv2%2Ftags&post=87365"}],"curies":[{"name":"wp","href":"https:\/\/api.w.org\/{rel}","templated":true}]}}